{"id":177717,"date":"2024-10-17T10:57:24","date_gmt":"2024-10-17T14:57:24","guid":{"rendered":"https:\/\/news.canadamotorjobs.com\/?p=177717"},"modified":"2024-10-17T10:59:13","modified_gmt":"2024-10-17T14:59:13","slug":"un-rappel-de-720-000-honda","status":"publish","type":"post","link":"https:\/\/news.canadamotorjobs.com\/fr\/un-rappel-de-720-000-honda\/","title":{"rendered":"Un rappel de 720\u00a0000 Honda"},"content":{"rendered":"<\/p>\n<p>Il y a une semaine, le constructeur automobile annon\u00e7ait un rappel massif de 1,7 million de v\u00e9hicules en raison de probl\u00e8mes de direction. Comme si cela ne suffisait pas, Honda a annonc\u00e9 cette semaine un autre rappel, touchant 720 000 v\u00e9hicules suppl\u00e9mentaires, cette fois pour des probl\u00e8mes de pompe \u00e0 essence. Et attention, ce n\u2019est pas juste une question de moteur qui cale ou qui refuse de d\u00e9marrer. Non, cette d\u00e9fectuosit\u00e9 peut causer une combustion hors du moteur. \u00c7a, c\u2019est une autre paire de manches!<\/p>\n<h3>Un rappel inqui\u00e9tant, mais n\u00e9cessaire<\/h3>\n<p>\nHonda a annonc\u00e9 mardi que ce d\u00e9faut se trouvait dans la pompe \u00e0 essence des v\u00e9hicules des ann\u00e9es-mod\u00e8les 2023 \u00e0 2025. Le NHTSA (National Highway Traffic Safety Administration) n\u2019a pas encore publi\u00e9 de rapport d\u00e9taill\u00e9 sur ce rappel, mais Honda affirme que le probl\u00e8me vient du &#8220;noyau&#8221; des pompes \u00e0 haute pression de ces v\u00e9hicules. Ces pompes pourraient avoir des fissures internes (probablement dues \u00e0 des erreurs de fabrication), et ces fissures risquent de s&#8217;agrandir pendant l&#8217;utilisation, provoquant \u00e9ventuellement des fuites. Comme toute fuite d&#8217;essence externe, cela pose un risque d&#8217;incendie. Cependant, Honda pr\u00e9cise qu&#8217;aucun accident ou blessure n&#8217;a \u00e9t\u00e9 signal\u00e9 jusqu&#8217;\u00e0 pr\u00e9sent.<\/p>\n<h3>Quels v\u00e9hicules sont touch\u00e9s?<\/h3>\n<p>\nLes mod\u00e8les concern\u00e9s incluent notamment les CR-V Hybrides 2023, les Accord et Accord Hybride 2023 et 2024, ainsi que les Civic 2025, y compris sa version hybride. Honda indique qu&#8217;un signe r\u00e9v\u00e9lateur de ce probl\u00e8me pourrait \u00eatre l\u2019odeur d\u2019essence lorsqu\u2019on est au ralenti ou en pleine conduite. \u00c0 partir de d\u00e9cembre, les propri\u00e9taires concern\u00e9s recevront des instructions par courrier pour visiter un concessionnaire Honda. L\u00e0-bas, ils b\u00e9n\u00e9ficieront d&#8217;une inspection gratuite et d&#8217;un remplacement de la pi\u00e8ce d\u00e9fectueuse, si n\u00e9cessaire. Vous pouvez aussi v\u00e9rifier en ligne \u00e0 Recalls.Honda.com si votre v\u00e9hicule est vis\u00e9.<\/p>\n<h3>Un rappel apr\u00e8s l&#8217;autre<\/h3>\n<p>\nFait int\u00e9ressant, certains de ces m\u00eames v\u00e9hicules avaient d\u00e9j\u00e0 \u00e9t\u00e9 touch\u00e9s par le rappel de la semaine derni\u00e8re, notamment les Civic et les CR-V. Toutefois, les services de rappel pour ces deux d\u00e9fauts pourraient \u00eatre l\u00e9g\u00e8rement d\u00e9cal\u00e9s, avec des avis pour le probl\u00e8me de direction pr\u00e9vus \u00e0 partir de novembre. Bref, si vous conduisez une Honda, restez \u00e0 l\u2019aff\u00fbt!<\/p>\n<p>Avec des renseignements de The Drive<\/p>\n<p>Le texte <a rel=\"nofollow\" href=\"https:\/\/annuelauto.ca\/un-rappel-de-720-000-honda\/\">Un rappel de 720\u00a0000 Honda<\/a> provient de <a rel=\"nofollow\" href=\"https:\/\/annuelauto.ca\">L&#8217;annuel de l&#8217;automobile &#8211; Actualit\u00e9 automobile<\/a><\/p>\n<p><\/p>\n","protected":false},"excerpt":{"rendered":"<p>Il y a une semaine, le constructeur automobile annon\u00e7ait un rappel massif de 1,7 million de v\u00e9hicules en raison de probl\u00e8mes de direction. Comme si cela ne suffisait pas, Honda a annonc\u00e9 cette semaine un autre rappel, touchant 720 000 v\u00e9hicules suppl\u00e9mentaires, cette fois pour des probl\u00e8mes de pompe \u00e0 essence. Et attention, ce n\u2019est [&hellip;]<\/p>\n","protected":false},"author":8,"featured_media":177719,"comment_status":"close","ping_status":"closed","sticky":false,"template":"","format":"standard","meta":{"_monsterinsights_skip_tracking":false,"_monsterinsights_sitenote_active":false,"_monsterinsights_sitenote_note":"","_monsterinsights_sitenote_category":0,"footnotes":""},"categories":[101],"tags":[],"yoast_head":"<!-- This site is optimized with the Yoast SEO plugin v23.2 - https:\/\/yoast.com\/wordpress\/plugins\/seo\/ -->\n<title>Un rappel de 720\u00a0000 Honda - CanadaMotorJobs.com<\/title>\n<meta name=\"description\" content=\"Un rappel de 720\u00a0000 Honda - Benoit Charette - Annuel automobile - CanadaMotorJobs.com.\" \/>\n<meta name=\"robots\" content=\"index, follow, max-snippet:-1, max-image-preview:large, max-video-preview:-1\" \/>\n<meta property=\"og:locale\" content=\"fr_CA\" \/>\n<meta property=\"og:type\" content=\"article\" \/>\n<meta property=\"og:title\" content=\"Un rappel de 720\u00a0000 Honda - CanadaMotorJobs.com\" \/>\n<meta property=\"og:description\" content=\"Un rappel de 720\u00a0000 Honda - Benoit Charette - Annuel automobile - CanadaMotorJobs.com.\" \/>\n<meta property=\"og:url\" content=\"https:\/\/news.canadamotorjobs.com\/fr\/un-rappel-de-720-000-honda\/\" \/>\n<meta property=\"og:site_name\" content=\"CanadaMotorJobs.com\" \/>\n<meta property=\"article:publisher\" content=\"https:\/\/www.facebook.com\/canadamotorjobs\/\" \/>\n<meta property=\"article:published_time\" content=\"2024-10-17T14:57:24+00:00\" \/>\n<meta property=\"article:modified_time\" content=\"2024-10-17T14:59:13+00:00\" \/>\n<meta property=\"og:image\" content=\"https:\/\/news.canadamotorjobs.com\/wp-content\/uploads\/2024\/10\/898164.jpg\" \/>\n\t<meta property=\"og:image:width\" content=\"1600\" \/>\n\t<meta property=\"og:image:height\" content=\"1066\" \/>\n\t<meta property=\"og:image:type\" content=\"image\/jpeg\" \/>\n<meta name=\"author\" content=\"Benoit Charette\" \/>\n<meta name=\"twitter:card\" content=\"summary_large_image\" \/>\n<meta name=\"twitter:creator\" content=\"@canadamotorjobs\" \/>\n<meta name=\"twitter:site\" content=\"@canadamotorjobs\" \/>\n<meta name=\"twitter:label1\" content=\"\u00c9crit par\" \/>\n\t<meta name=\"twitter:data1\" content=\"Benoit Charette\" \/>\n\t<meta name=\"twitter:label2\" content=\"Estimation du temps de lecture\" \/>\n\t<meta name=\"twitter:data2\" content=\"2 minutes\" \/>\n<!-- \/ Yoast SEO plugin. -->","yoast_head_json":{"title":"Un rappel de 720\u00a0000 Honda - CanadaMotorJobs.com","description":"Un rappel de 720\u00a0000 Honda - Benoit Charette - Annuel automobile - CanadaMotorJobs.com.","robots":{"index":"index","follow":"follow","max-snippet":"max-snippet:-1","max-image-preview":"max-image-preview:large","max-video-preview":"max-video-preview:-1"},"og_locale":"fr_CA","og_type":"article","og_title":"Un rappel de 720\u00a0000 Honda - CanadaMotorJobs.com","og_description":"Un rappel de 720\u00a0000 Honda - Benoit Charette - Annuel automobile - CanadaMotorJobs.com.","og_url":"https:\/\/news.canadamotorjobs.com\/fr\/un-rappel-de-720-000-honda\/","og_site_name":"CanadaMotorJobs.com","article_publisher":"https:\/\/www.facebook.com\/canadamotorjobs\/","article_published_time":"2024-10-17T14:57:24+00:00","article_modified_time":"2024-10-17T14:59:13+00:00","og_image":[{"width":1600,"height":1066,"url":"https:\/\/news.canadamotorjobs.com\/wp-content\/uploads\/2024\/10\/898164.jpg","type":"image\/jpeg"}],"author":"Benoit Charette","twitter_card":"summary_large_image","twitter_creator":"@canadamotorjobs","twitter_site":"@canadamotorjobs","twitter_misc":{"\u00c9crit par":"Benoit Charette","Estimation du temps de lecture":"2 minutes"},"schema":{"@context":"https:\/\/schema.org","@graph":[{"@type":"Article","@id":"https:\/\/news.canadamotorjobs.com\/fr\/un-rappel-de-720-000-honda\/#article","isPartOf":{"@id":"https:\/\/news.canadamotorjobs.com\/fr\/un-rappel-de-720-000-honda\/"},"author":{"name":"Benoit Charette","@id":"https:\/\/news.canadamotorjobs.com\/#\/schema\/person\/51793d1f87d44011d7bcc2ed99269a90"},"headline":"Un rappel de 720\u00a0000 Honda","datePublished":"2024-10-17T14:57:24+00:00","dateModified":"2024-10-17T14:59:13+00:00","mainEntityOfPage":{"@id":"https:\/\/news.canadamotorjobs.com\/fr\/un-rappel-de-720-000-honda\/"},"wordCount":430,"publisher":{"@id":"https:\/\/news.canadamotorjobs.com\/#organization"},"image":{"@id":"https:\/\/news.canadamotorjobs.com\/fr\/un-rappel-de-720-000-honda\/#primaryimage"},"thumbnailUrl":"https:\/\/news.canadamotorjobs.com\/wp-content\/uploads\/2024\/10\/898164.jpg","articleSection":["Annuel automobile"],"inLanguage":"fr-CA"},{"@type":"WebPage","@id":"https:\/\/news.canadamotorjobs.com\/fr\/un-rappel-de-720-000-honda\/","url":"https:\/\/news.canadamotorjobs.com\/fr\/un-rappel-de-720-000-honda\/","name":"Un rappel de 720\u00a0000 Honda - CanadaMotorJobs.com","isPartOf":{"@id":"https:\/\/news.canadamotorjobs.com\/#website"},"primaryImageOfPage":{"@id":"https:\/\/news.canadamotorjobs.com\/fr\/un-rappel-de-720-000-honda\/#primaryimage"},"image":{"@id":"https:\/\/news.canadamotorjobs.com\/fr\/un-rappel-de-720-000-honda\/#primaryimage"},"thumbnailUrl":"https:\/\/news.canadamotorjobs.com\/wp-content\/uploads\/2024\/10\/898164.jpg","datePublished":"2024-10-17T14:57:24+00:00","dateModified":"2024-10-17T14:59:13+00:00","description":"Un rappel de 720\u00a0000 Honda - Benoit Charette - Annuel automobile - CanadaMotorJobs.com.","breadcrumb":{"@id":"https:\/\/news.canadamotorjobs.com\/fr\/un-rappel-de-720-000-honda\/#breadcrumb"},"inLanguage":"fr-CA","potentialAction":[{"@type":"ReadAction","target":["https:\/\/news.canadamotorjobs.com\/fr\/un-rappel-de-720-000-honda\/"]}]},{"@type":"ImageObject","inLanguage":"fr-CA","@id":"https:\/\/news.canadamotorjobs.com\/fr\/un-rappel-de-720-000-honda\/#primaryimage","url":"https:\/\/news.canadamotorjobs.com\/wp-content\/uploads\/2024\/10\/898164.jpg","contentUrl":"https:\/\/news.canadamotorjobs.com\/wp-content\/uploads\/2024\/10\/898164.jpg","width":1600,"height":1066},{"@type":"BreadcrumbList","@id":"https:\/\/news.canadamotorjobs.com\/fr\/un-rappel-de-720-000-honda\/#breadcrumb","itemListElement":[{"@type":"ListItem","position":1,"name":"Home","item":"https:\/\/news.canadamotorjobs.com\/fr\/blog\/"},{"@type":"ListItem","position":2,"name":"Un rappel de 720\u00a0000 Honda"}]},{"@type":"WebSite","@id":"https:\/\/news.canadamotorjobs.com\/#website","url":"https:\/\/news.canadamotorjobs.com\/","name":"CanadaMotorJobs.com","description":"Automotive Jobs","publisher":{"@id":"https:\/\/news.canadamotorjobs.com\/#organization"},"potentialAction":[{"@type":"SearchAction","target":{"@type":"EntryPoint","urlTemplate":"https:\/\/news.canadamotorjobs.com\/?s={search_term_string}"},"query-input":"required name=search_term_string"}],"inLanguage":"fr-CA"},{"@type":"Organization","@id":"https:\/\/news.canadamotorjobs.com\/#organization","name":"Canada Motor Jobs","url":"https:\/\/news.canadamotorjobs.com\/","logo":{"@type":"ImageObject","inLanguage":"fr-CA","@id":"https:\/\/news.canadamotorjobs.com\/#\/schema\/logo\/image\/","url":"https:\/\/news.canadamotorjobs.com\/wp-content\/uploads\/2022\/10\/logo-canada-motor-jobs-1.png","contentUrl":"https:\/\/news.canadamotorjobs.com\/wp-content\/uploads\/2022\/10\/logo-canada-motor-jobs-1.png","width":800,"height":400,"caption":"Canada Motor Jobs"},"image":{"@id":"https:\/\/news.canadamotorjobs.com\/#\/schema\/logo\/image\/"},"sameAs":["https:\/\/www.facebook.com\/canadamotorjobs\/","https:\/\/x.com\/canadamotorjobs","https:\/\/www.instagram.com\/canadamotorjobs\/","https:\/\/www.linkedin.com\/company\/canadamotorjobs"]},{"@type":"Person","@id":"https:\/\/news.canadamotorjobs.com\/#\/schema\/person\/51793d1f87d44011d7bcc2ed99269a90","name":"Benoit Charette","image":{"@type":"ImageObject","inLanguage":"fr-CA","@id":"https:\/\/news.canadamotorjobs.com\/#\/schema\/person\/image\/","url":"https:\/\/secure.gravatar.com\/avatar\/45f3d2eebcccd909668d7ce7ea7267b6?s=96&d=mm&r=g","contentUrl":"https:\/\/secure.gravatar.com\/avatar\/45f3d2eebcccd909668d7ce7ea7267b6?s=96&d=mm&r=g","caption":"Benoit Charette"},"description":"Benoit Charette \/ Propri\u00e9taire et r\u00e9dacteur en chef Benoit Charette pratique le journalisme automobile depuis bient\u00f4t 30 ans. Il a fait ses classes au c\u00f4t\u00e9 de Daniel H\u00e9raud et au Carnet de route de 1992 \u00e0 2001. Il est fondateur, copropri\u00e9taire et r\u00e9dacteur en chef de L\u2019Annuel de l\u2019automobile, qu\u2019il publie depuis 2001. Il a anim\u00e9 les \u00e9missions RPM et RPM+ sur V et les L\u00e9gendes de la route sur Historia. \u00c0 la radio depuis 1986, il reprend l\u2019antenne cette ann\u00e9e sur les ondes de Cogeco et participe pour la deuxi\u00e8me ann\u00e9e \u00e0 l\u2019\u00e9mission Passion Auto sur RDS en plus de mettre en ligne le site Web officiel de L\u2019Annuel de l\u2019automobile sur annuelauto.ca.","sameAs":["https:\/\/annuelauto.ca\/"],"url":"https:\/\/news.canadamotorjobs.com\/fr\/author\/benoit-charette\/"}]}},"_links":{"self":[{"href":"https:\/\/news.canadamotorjobs.com\/fr\/wp-json\/wp\/v2\/posts\/177717"}],"collection":[{"href":"https:\/\/news.canadamotorjobs.com\/fr\/wp-json\/wp\/v2\/posts"}],"about":[{"href":"https:\/\/news.canadamotorjobs.com\/fr\/wp-json\/wp\/v2\/types\/post"}],"author":[{"embeddable":true,"href":"https:\/\/news.canadamotorjobs.com\/fr\/wp-json\/wp\/v2\/users\/8"}],"replies":[{"embeddable":true,"href":"https:\/\/news.canadamotorjobs.com\/fr\/wp-json\/wp\/v2\/comments?post=177717"}],"version-history":[{"count":2,"href":"https:\/\/news.canadamotorjobs.com\/fr\/wp-json\/wp\/v2\/posts\/177717\/revisions"}],"predecessor-version":[{"id":177721,"href":"https:\/\/news.canadamotorjobs.com\/fr\/wp-json\/wp\/v2\/posts\/177717\/revisions\/177721"}],"wp:featuredmedia":[{"embeddable":true,"href":"https:\/\/news.canadamotorjobs.com\/fr\/wp-json\/wp\/v2\/media\/177719"}],"wp:attachment":[{"href":"https:\/\/news.canadamotorjobs.com\/fr\/wp-json\/wp\/v2\/media?parent=177717"}],"wp:term":[{"taxonomy":"category","embeddable":true,"href":"https:\/\/news.canadamotorjobs.com\/fr\/wp-json\/wp\/v2\/categories?post=177717"},{"taxonomy":"post_tag","embeddable":true,"href":"https:\/\/news.canadamotorjobs.com\/fr\/wp-json\/wp\/v2\/tags?post=177717"}],"curies":[{"name":"wp","href":"https:\/\/api.w.org\/{rel}","templated":true}]}}