{"id":177684,"date":"2024-10-17T08:05:09","date_gmt":"2024-10-17T12:05:09","guid":{"rendered":"https:\/\/news.canadamotorjobs.com\/?p=177684"},"modified":"2024-10-17T08:14:15","modified_gmt":"2024-10-17T12:14:15","slug":"une-usine-de-production-audi-toute-neuve-menace-de-fermer","status":"publish","type":"post","link":"https:\/\/news.canadamotorjobs.com\/fr\/une-usine-de-production-audi-toute-neuve-menace-de-fermer\/","title":{"rendered":"Une usine de production Audi toute neuve menace de fermer"},"content":{"rendered":"<\/p>\n<p>En septembre dernier, la filiale de Volkswagen, Audi, a annonc\u00e9 son intention de stopper la production du Q8 E-Tron, un VUS \u00e9lectrique de luxe plus de 100\u00a0000 $. L\u2019usine bruxelloise, r\u00e9put\u00e9e pour sa technologie de pointe, est d\u00e9sormais \u00e0 vendre. Malgr\u00e9 des tentatives pour trouver des investisseurs ou des alternatives, Volkswagen a annonc\u00e9 qu&#8217;aucune des 26 propositions re\u00e7ues n\u2019\u00e9tait viable, selon un rapport d\u2019Automotive News Europe.<\/p>\n<p>L\u2019avenir de l\u2019usine semble sombre, les recherches internes pour une reconversion ou une nouvelle production ayant \u00e9galement \u00e9chou\u00e9. \u00ab Il est important pour moi que nous apportions rapidement de la clart\u00e9 dans le processus d\u2019information et de consultation, et que nous nous concentrions d\u00e9sormais sur les discussions autour du plan social \u00bb, a d\u00e9clar\u00e9 Gerd Walker, directeur des op\u00e9rations chez Audi.<\/p>\n<h3><strong>Des ventes d\u00e9cevantes pour l&#8217;Audi Q8 E-Tron<\/strong><\/h3>\n<p>\nDerri\u00e8re cette d\u00e9cision se cache un probl\u00e8me de ventes catastrophiques. L\u2019usine, capable de produire 120 000 v\u00e9hicules par an, a atteint son pic en 2022 avec 47 900 voitures, un chiffre qui a chut\u00e9 \u00e0 37 400 l\u2019ann\u00e9e suivante. En 2024, Audi n\u2019a livr\u00e9 que 23 900 unit\u00e9s.<\/p>\n<p>Mais d\u2019autres d\u00e9fis p\u00e8sent sur l\u2019avenir de l\u2019usine belge. Situ\u00e9e le long d\u2019une ligne de chemin de fer, l\u2019usine ne peut \u00eatre agrandie. De plus, il n\u2019y a pas d\u2019atelier de carrosserie sur place, obligeant \u00e0 importer ces pi\u00e8ces d\u2019autres usines. La production du successeur du Q8 sera d\u00e9plac\u00e9e au Mexique, et aucun nouveau mod\u00e8le n&#8217;est pr\u00e9vu pour Bruxelles.<\/p>\n<h3><strong>Les travailleurs face \u00e0 une vague de licenciements<\/strong><\/h3>\n<p>\nLes 3 000 employ\u00e9s de l\u2019usine risquent de perdre leur emploi, d\u00e9clenchant la col\u00e8re des syndicats. Le mois dernier, de grandes manifestations ont paralys\u00e9 la capitale belge, alors que les syndicats mettaient en garde contre de nouvelles gr\u00e8ves. L\u2019usine est devenue un symbole de la crise que traverse l\u2019industrie automobile europ\u00e9enne.<\/p>\n<h3><strong>Le vrai probl\u00e8me : des VUS inaccessibles<\/strong><\/h3>\n<p>\nSelon les manifestants, ce n\u2019est pas que les gens ne veulent pas de v\u00e9hicules \u00e9lectriques (VE), mais plut\u00f4t que les constructeurs misent sur des mod\u00e8les de luxe inabordables. \u00ab Les fabricants voulaient des profits imm\u00e9diats avec les VE et n&#8217;ont pas accept\u00e9 que la transition g\u00e9n\u00e8re moins de dividendes et de profits \u00bb, explique Hillal Sor, syndicaliste chez M\u00e9tallos FGTB, \u00e0 Euronews.<\/p>\n<p>Les chiffres de vente confirment cette tendance : au cours des huit premiers mois de l\u2019ann\u00e9e, seulement 902 000 v\u00e9hicules \u00e9lectriques ont \u00e9t\u00e9 achet\u00e9s dans l&#8217;Union europ\u00e9enne, repr\u00e9sentant 12,6 % du total. Face \u00e0 cette situation, les syndicats r\u00e9clament plus de fonds publics pour soutenir la transition vers l\u2019\u00e9lectrique. En r\u00e9ponse, le Parlement europ\u00e9en a accept\u00e9 d\u2019envisager des tarifs sur les VE chinois, et d\u2019autres mesures protectionnistes sont \u00e0 l\u2019\u00e9tude.<\/p>\n<h3><strong>Un avenir incertain pour les sites de production allemands<\/strong><\/h3>\n<p>\nEn parall\u00e8le, Volkswagen fait face \u00e0 une surcapacit\u00e9 de production dans ses usines allemandes, et envisage, pour la premi\u00e8re fois, de fermer une usine sur son propre territoire.<\/p>\n<h3><strong>Conclusion : Une industrie en mutation<\/strong><\/h3>\n<p>\nAlors que Volkswagen, symbole de la transition \u00e9lectrique, vacille, la question se pose : comment l\u2019industrie automobile europ\u00e9enne va-t-elle s\u2019adapter \u00e0 cette p\u00e9riode de bouleversements ? Les d\u00e9cisions prises dans les mois \u00e0 venir pourraient red\u00e9finir l&#8217;avenir du secteur pour les d\u00e9cennies \u00e0 venir.<\/p>\n<p>Avec des renseignements d\u2019Automotive News<\/p>\n<p>Le texte <a rel=\"nofollow\" href=\"https:\/\/annuelauto.ca\/une-decision-difficile-pour-vw\/\">Une usine de production Audi toute neuve menace de fermer<\/a> provient de <a rel=\"nofollow\" href=\"https:\/\/annuelauto.ca\">L&#8217;annuel de l&#8217;automobile &#8211; Actualit\u00e9 automobile<\/a><\/p>\n<p><\/p>\n","protected":false},"excerpt":{"rendered":"<p>En septembre dernier, la filiale de Volkswagen, Audi, a annonc\u00e9 son intention de stopper la production du Q8 E-Tron, un VUS \u00e9lectrique de luxe plus de 100\u00a0000 $. L\u2019usine bruxelloise, r\u00e9put\u00e9e pour sa technologie de pointe, est d\u00e9sormais \u00e0 vendre. Malgr\u00e9 des tentatives pour trouver des investisseurs ou des alternatives, Volkswagen a annonc\u00e9 qu&#8217;aucune des [&hellip;]<\/p>\n","protected":false},"author":8,"featured_media":177686,"comment_status":"close","ping_status":"closed","sticky":false,"template":"","format":"standard","meta":{"_monsterinsights_skip_tracking":false,"_monsterinsights_sitenote_active":false,"_monsterinsights_sitenote_note":"","_monsterinsights_sitenote_category":0,"footnotes":""},"categories":[101],"tags":[],"yoast_head":"<!-- This site is optimized with the Yoast SEO plugin v23.2 - https:\/\/yoast.com\/wordpress\/plugins\/seo\/ -->\n<title>Une usine de production Audi toute neuve menace de fermer - CanadaMotorJobs.com<\/title>\n<meta name=\"description\" content=\"Une usine de production Audi toute neuve menace de fermer - Benoit Charette - Annuel automobile - CanadaMotorJobs.com.\" \/>\n<meta name=\"robots\" content=\"index, follow, max-snippet:-1, max-image-preview:large, max-video-preview:-1\" \/>\n<meta property=\"og:locale\" content=\"fr_CA\" \/>\n<meta property=\"og:type\" content=\"article\" \/>\n<meta property=\"og:title\" content=\"Une usine de production Audi toute neuve menace de fermer - CanadaMotorJobs.com\" \/>\n<meta property=\"og:description\" content=\"Une usine de production Audi toute neuve menace de fermer - Benoit Charette - Annuel automobile - CanadaMotorJobs.com.\" \/>\n<meta property=\"og:url\" content=\"https:\/\/news.canadamotorjobs.com\/fr\/une-usine-de-production-audi-toute-neuve-menace-de-fermer\/\" \/>\n<meta property=\"og:site_name\" content=\"CanadaMotorJobs.com\" \/>\n<meta property=\"article:publisher\" content=\"https:\/\/www.facebook.com\/canadamotorjobs\/\" \/>\n<meta property=\"article:published_time\" content=\"2024-10-17T12:05:09+00:00\" \/>\n<meta property=\"article:modified_time\" content=\"2024-10-17T12:14:15+00:00\" \/>\n<meta property=\"og:image\" content=\"https:\/\/news.canadamotorjobs.com\/wp-content\/uploads\/2024\/10\/A220633_web_2880.jpg\" \/>\n\t<meta property=\"og:image:width\" content=\"2400\" \/>\n\t<meta property=\"og:image:height\" content=\"1600\" \/>\n\t<meta property=\"og:image:type\" content=\"image\/jpeg\" \/>\n<meta name=\"author\" content=\"Benoit Charette\" \/>\n<meta name=\"twitter:card\" content=\"summary_large_image\" \/>\n<meta name=\"twitter:creator\" content=\"@canadamotorjobs\" \/>\n<meta name=\"twitter:site\" content=\"@canadamotorjobs\" \/>\n<meta name=\"twitter:label1\" content=\"\u00c9crit par\" \/>\n\t<meta name=\"twitter:data1\" content=\"Benoit Charette\" \/>\n\t<meta name=\"twitter:label2\" content=\"Estimation du temps de lecture\" \/>\n\t<meta name=\"twitter:data2\" content=\"3 minutes\" \/>\n<!-- \/ Yoast SEO plugin. -->","yoast_head_json":{"title":"Une usine de production Audi toute neuve menace de fermer - CanadaMotorJobs.com","description":"Une usine de production Audi toute neuve menace de fermer - Benoit Charette - Annuel automobile - CanadaMotorJobs.com.","robots":{"index":"index","follow":"follow","max-snippet":"max-snippet:-1","max-image-preview":"max-image-preview:large","max-video-preview":"max-video-preview:-1"},"og_locale":"fr_CA","og_type":"article","og_title":"Une usine de production Audi toute neuve menace de fermer - CanadaMotorJobs.com","og_description":"Une usine de production Audi toute neuve menace de fermer - Benoit Charette - Annuel automobile - CanadaMotorJobs.com.","og_url":"https:\/\/news.canadamotorjobs.com\/fr\/une-usine-de-production-audi-toute-neuve-menace-de-fermer\/","og_site_name":"CanadaMotorJobs.com","article_publisher":"https:\/\/www.facebook.com\/canadamotorjobs\/","article_published_time":"2024-10-17T12:05:09+00:00","article_modified_time":"2024-10-17T12:14:15+00:00","og_image":[{"width":2400,"height":1600,"url":"https:\/\/news.canadamotorjobs.com\/wp-content\/uploads\/2024\/10\/A220633_web_2880.jpg","type":"image\/jpeg"}],"author":"Benoit Charette","twitter_card":"summary_large_image","twitter_creator":"@canadamotorjobs","twitter_site":"@canadamotorjobs","twitter_misc":{"\u00c9crit par":"Benoit Charette","Estimation du temps de lecture":"3 minutes"},"schema":{"@context":"https:\/\/schema.org","@graph":[{"@type":"Article","@id":"https:\/\/news.canadamotorjobs.com\/fr\/une-usine-de-production-audi-toute-neuve-menace-de-fermer\/#article","isPartOf":{"@id":"https:\/\/news.canadamotorjobs.com\/fr\/une-usine-de-production-audi-toute-neuve-menace-de-fermer\/"},"author":{"name":"Benoit Charette","@id":"https:\/\/news.canadamotorjobs.com\/#\/schema\/person\/51793d1f87d44011d7bcc2ed99269a90"},"headline":"Une usine de production Audi toute neuve menace de fermer","datePublished":"2024-10-17T12:05:09+00:00","dateModified":"2024-10-17T12:14:15+00:00","mainEntityOfPage":{"@id":"https:\/\/news.canadamotorjobs.com\/fr\/une-usine-de-production-audi-toute-neuve-menace-de-fermer\/"},"wordCount":608,"publisher":{"@id":"https:\/\/news.canadamotorjobs.com\/#organization"},"image":{"@id":"https:\/\/news.canadamotorjobs.com\/fr\/une-usine-de-production-audi-toute-neuve-menace-de-fermer\/#primaryimage"},"thumbnailUrl":"https:\/\/news.canadamotorjobs.com\/wp-content\/uploads\/2024\/10\/A220633_web_2880.jpg","articleSection":["Annuel automobile"],"inLanguage":"fr-CA"},{"@type":"WebPage","@id":"https:\/\/news.canadamotorjobs.com\/fr\/une-usine-de-production-audi-toute-neuve-menace-de-fermer\/","url":"https:\/\/news.canadamotorjobs.com\/fr\/une-usine-de-production-audi-toute-neuve-menace-de-fermer\/","name":"Une usine de production Audi toute neuve menace de fermer - CanadaMotorJobs.com","isPartOf":{"@id":"https:\/\/news.canadamotorjobs.com\/#website"},"primaryImageOfPage":{"@id":"https:\/\/news.canadamotorjobs.com\/fr\/une-usine-de-production-audi-toute-neuve-menace-de-fermer\/#primaryimage"},"image":{"@id":"https:\/\/news.canadamotorjobs.com\/fr\/une-usine-de-production-audi-toute-neuve-menace-de-fermer\/#primaryimage"},"thumbnailUrl":"https:\/\/news.canadamotorjobs.com\/wp-content\/uploads\/2024\/10\/A220633_web_2880.jpg","datePublished":"2024-10-17T12:05:09+00:00","dateModified":"2024-10-17T12:14:15+00:00","description":"Une usine de production Audi toute neuve menace de fermer - Benoit Charette - Annuel automobile - CanadaMotorJobs.com.","breadcrumb":{"@id":"https:\/\/news.canadamotorjobs.com\/fr\/une-usine-de-production-audi-toute-neuve-menace-de-fermer\/#breadcrumb"},"inLanguage":"fr-CA","potentialAction":[{"@type":"ReadAction","target":["https:\/\/news.canadamotorjobs.com\/fr\/une-usine-de-production-audi-toute-neuve-menace-de-fermer\/"]}]},{"@type":"ImageObject","inLanguage":"fr-CA","@id":"https:\/\/news.canadamotorjobs.com\/fr\/une-usine-de-production-audi-toute-neuve-menace-de-fermer\/#primaryimage","url":"https:\/\/news.canadamotorjobs.com\/wp-content\/uploads\/2024\/10\/A220633_web_2880.jpg","contentUrl":"https:\/\/news.canadamotorjobs.com\/wp-content\/uploads\/2024\/10\/A220633_web_2880.jpg","width":2400,"height":1600},{"@type":"BreadcrumbList","@id":"https:\/\/news.canadamotorjobs.com\/fr\/une-usine-de-production-audi-toute-neuve-menace-de-fermer\/#breadcrumb","itemListElement":[{"@type":"ListItem","position":1,"name":"Home","item":"https:\/\/news.canadamotorjobs.com\/fr\/blog\/"},{"@type":"ListItem","position":2,"name":"Une usine de production Audi toute neuve menace de fermer"}]},{"@type":"WebSite","@id":"https:\/\/news.canadamotorjobs.com\/#website","url":"https:\/\/news.canadamotorjobs.com\/","name":"CanadaMotorJobs.com","description":"Automotive Jobs","publisher":{"@id":"https:\/\/news.canadamotorjobs.com\/#organization"},"potentialAction":[{"@type":"SearchAction","target":{"@type":"EntryPoint","urlTemplate":"https:\/\/news.canadamotorjobs.com\/?s={search_term_string}"},"query-input":"required name=search_term_string"}],"inLanguage":"fr-CA"},{"@type":"Organization","@id":"https:\/\/news.canadamotorjobs.com\/#organization","name":"Canada Motor Jobs","url":"https:\/\/news.canadamotorjobs.com\/","logo":{"@type":"ImageObject","inLanguage":"fr-CA","@id":"https:\/\/news.canadamotorjobs.com\/#\/schema\/logo\/image\/","url":"https:\/\/news.canadamotorjobs.com\/wp-content\/uploads\/2022\/10\/logo-canada-motor-jobs-1.png","contentUrl":"https:\/\/news.canadamotorjobs.com\/wp-content\/uploads\/2022\/10\/logo-canada-motor-jobs-1.png","width":800,"height":400,"caption":"Canada Motor Jobs"},"image":{"@id":"https:\/\/news.canadamotorjobs.com\/#\/schema\/logo\/image\/"},"sameAs":["https:\/\/www.facebook.com\/canadamotorjobs\/","https:\/\/x.com\/canadamotorjobs","https:\/\/www.instagram.com\/canadamotorjobs\/","https:\/\/www.linkedin.com\/company\/canadamotorjobs"]},{"@type":"Person","@id":"https:\/\/news.canadamotorjobs.com\/#\/schema\/person\/51793d1f87d44011d7bcc2ed99269a90","name":"Benoit Charette","image":{"@type":"ImageObject","inLanguage":"fr-CA","@id":"https:\/\/news.canadamotorjobs.com\/#\/schema\/person\/image\/","url":"https:\/\/secure.gravatar.com\/avatar\/45f3d2eebcccd909668d7ce7ea7267b6?s=96&d=mm&r=g","contentUrl":"https:\/\/secure.gravatar.com\/avatar\/45f3d2eebcccd909668d7ce7ea7267b6?s=96&d=mm&r=g","caption":"Benoit Charette"},"description":"Benoit Charette \/ Propri\u00e9taire et r\u00e9dacteur en chef Benoit Charette pratique le journalisme automobile depuis bient\u00f4t 30 ans. Il a fait ses classes au c\u00f4t\u00e9 de Daniel H\u00e9raud et au Carnet de route de 1992 \u00e0 2001. Il est fondateur, copropri\u00e9taire et r\u00e9dacteur en chef de L\u2019Annuel de l\u2019automobile, qu\u2019il publie depuis 2001. Il a anim\u00e9 les \u00e9missions RPM et RPM+ sur V et les L\u00e9gendes de la route sur Historia. \u00c0 la radio depuis 1986, il reprend l\u2019antenne cette ann\u00e9e sur les ondes de Cogeco et participe pour la deuxi\u00e8me ann\u00e9e \u00e0 l\u2019\u00e9mission Passion Auto sur RDS en plus de mettre en ligne le site Web officiel de L\u2019Annuel de l\u2019automobile sur annuelauto.ca.","sameAs":["https:\/\/annuelauto.ca\/"],"url":"https:\/\/news.canadamotorjobs.com\/fr\/author\/benoit-charette\/"}]}},"_links":{"self":[{"href":"https:\/\/news.canadamotorjobs.com\/fr\/wp-json\/wp\/v2\/posts\/177684"}],"collection":[{"href":"https:\/\/news.canadamotorjobs.com\/fr\/wp-json\/wp\/v2\/posts"}],"about":[{"href":"https:\/\/news.canadamotorjobs.com\/fr\/wp-json\/wp\/v2\/types\/post"}],"author":[{"embeddable":true,"href":"https:\/\/news.canadamotorjobs.com\/fr\/wp-json\/wp\/v2\/users\/8"}],"replies":[{"embeddable":true,"href":"https:\/\/news.canadamotorjobs.com\/fr\/wp-json\/wp\/v2\/comments?post=177684"}],"version-history":[{"count":2,"href":"https:\/\/news.canadamotorjobs.com\/fr\/wp-json\/wp\/v2\/posts\/177684\/revisions"}],"predecessor-version":[{"id":177688,"href":"https:\/\/news.canadamotorjobs.com\/fr\/wp-json\/wp\/v2\/posts\/177684\/revisions\/177688"}],"wp:featuredmedia":[{"embeddable":true,"href":"https:\/\/news.canadamotorjobs.com\/fr\/wp-json\/wp\/v2\/media\/177686"}],"wp:attachment":[{"href":"https:\/\/news.canadamotorjobs.com\/fr\/wp-json\/wp\/v2\/media?parent=177684"}],"wp:term":[{"taxonomy":"category","embeddable":true,"href":"https:\/\/news.canadamotorjobs.com\/fr\/wp-json\/wp\/v2\/categories?post=177684"},{"taxonomy":"post_tag","embeddable":true,"href":"https:\/\/news.canadamotorjobs.com\/fr\/wp-json\/wp\/v2\/tags?post=177684"}],"curies":[{"name":"wp","href":"https:\/\/api.w.org\/{rel}","templated":true}]}}