{"id":177596,"date":"2024-10-17T03:24:25","date_gmt":"2024-10-17T07:24:25","guid":{"rendered":"https:\/\/news.canadamotorjobs.com\/?p=177596"},"modified":"2024-10-17T03:30:32","modified_gmt":"2024-10-17T07:30:32","slug":"les-ventes-mondiales-de-vehicules-electriques-bondissent-de-305-en-septembre","status":"publish","type":"post","link":"https:\/\/news.canadamotorjobs.com\/fr\/les-ventes-mondiales-de-vehicules-electriques-bondissent-de-305-en-septembre\/","title":{"rendered":"Les ventes mondiales de v\u00e9hicules \u00e9lectriques bondissent de 30,5 % en septembre"},"content":{"rendered":"<\/p>\n<p>En septembre, les ventes mondiales de v\u00e9hicules 100 % \u00e9lectriques et hybrides rechargeables ont augment\u00e9 de 30,5 % par rapport \u00e0 la m\u00eame p\u00e9riode l\u2019ann\u00e9e pr\u00e9c\u00e9dente. Ce gain est notamment port\u00e9 par la Chine, qui a d\u00e9pass\u00e9 ses records d\u2019ao\u00fbt, tandis que l\u2019Europe a repris son essor, selon les donn\u00e9es publi\u00e9es mardi par le cabinet de recherche Rho Motion.<\/p>\n<p><strong>La Chine en t\u00eate de peloton, l&#8217;Europe rebondit<\/strong><\/p>\n<p>En t\u00eate du march\u00e9 mondial, la Chine a vu ses ventes de v\u00e9hicules \u00e9lectriques grimper de 47,9 %, atteignant un impressionnant total de 1,12 million d\u2019unit\u00e9s en un seul mois. Cette performance renforce la domination chinoise sur le march\u00e9 mondial, malgr\u00e9 un ralentissement g\u00e9n\u00e9ral de la demande pour les v\u00e9hicules \u00e9lectriques.<\/p>\n<p>L\u2019Europe, quant \u00e0 elle, montre des signes de reprise apr\u00e8s plusieurs mois de stagnation. Alors que le march\u00e9 europ\u00e9en s\u2019efforce de rattraper la Chine, des \u00e9v\u00e9nements comme le Salon de l\u2019automobile de Paris mettent en lumi\u00e8re la concurrence f\u00e9roce entre les constructeurs chinois et europ\u00e9ens. Les fabricants chinois, malgr\u00e9 des droits de douane allant jusqu\u2019\u00e0 45 % sur leurs importations, cherchent \u00e0 percer en Europe.<\/p>\n<p><\/p>\n<figure><img decoding=\"async\" src=\"https:\/\/news.canadamotorjobs.com\/wp-content\/uploads\/2024\/10\/kia_ev6_198-5.jpeg\" alt=\"Le Kia EV6 2025 (Cor\u00e9e du Sud)\" \/><figcaption>Le Kia EV6 2025 (Cor\u00e9e du Sud) | Auto123.com<\/figcaption><\/figure>\n<p><strong>Une croissance plus mod\u00e9r\u00e9e en Am\u00e9rique du Nord<\/strong><\/p>\n<p>Les \u00c9tats-Unis et le Canada suivent une trajectoire plus modeste, avec une hausse de 4,3 % des ventes de v\u00e9hicules \u00e9lectriques en septembre, atteignant 150 000 unit\u00e9s. Ce march\u00e9 reste marqu\u00e9 par une incertitude politique alors que les \u00e9lections am\u00e9ricaines du 5 novembre approchent, rendant difficile toute pr\u00e9vision \u00e0 long terme, selon Charles Lester, responsable des donn\u00e9es chez Rho Motion.<\/p>\n<p>L&#8217;essor des ventes de v\u00e9hicules \u00e9lectriques \u00e0 l\u2019\u00e9chelle mondiale t\u00e9moigne des efforts croissants pour r\u00e9pondre \u00e0 la demande pour une mobilit\u00e9 plus verte. N\u00e9anmoins, des d\u00e9fis persistent, notamment la concurrence accrue entre les constructeurs chinois et europ\u00e9ens, les incertitudes politiques aux \u00c9tats-Unis et une demande mondiale qui commence \u00e0 ralentir.<\/p>\n<p><strong>Chiffres cl\u00e9s : le march\u00e9 en septembre<\/strong><\/p>\n<ul><\/p>\n<li>&#8211; 1,69 million : C\u2019est le nombre total de v\u00e9hicules \u00e9lectriques vendus dans le monde en septembre.<\/li>\n<p><\/p>\n<li>&#8211; 47,9 % : Hausse des ventes de v\u00e9hicules \u00e9lectriques en Chine, avec 1,12 million d\u2019unit\u00e9s.<\/li>\n<p><\/p>\n<li>&#8211; 4,3 % : Croissance mod\u00e9r\u00e9e des ventes en Am\u00e9rique du Nord, avec 150 000 v\u00e9hicules vendus.<\/li>\n<p>\n<\/ul>\n<p><\/p>\n<figure><img decoding=\"async\" src=\"https:\/\/news.canadamotorjobs.com\/wp-content\/uploads\/2024\/10\/2024-Chevrolet-Equinox-EV-003-1.jpg\" alt=\"Le Chevrolet Equinox EV 2024\" \/><figcaption>Le Chevrolet Equinox EV 2024 | Auto123.com<\/figcaption><\/figure>\n<p style=\"padding-top: 15px\">Contenu original de <a href=\"https:\/\/www.auto123.com\/fr\/actualites\/ventes-vehicules-electriques-mondiales-croissance\/71943\/\">auto123<\/a>.<\/p>\n<p>Le texte <a rel=\"nofollow\" href=\"https:\/\/annuelauto.ca\/les-ventes-mondiales-de-vehicules-electriques-bondissent-de-305-en-septembre\/\">Les ventes mondiales de v\u00e9hicules \u00e9lectriques bondissent de 30,5 % en septembre<\/a> provient de <a rel=\"nofollow\" href=\"https:\/\/annuelauto.ca\">L&#8217;annuel de l&#8217;automobile &#8211; Actualit\u00e9 automobile<\/a><\/p>\n<p><\/p>\n","protected":false},"excerpt":{"rendered":"<p>En septembre, les ventes mondiales de v\u00e9hicules 100 % \u00e9lectriques et hybrides rechargeables ont augment\u00e9 de 30,5 % par rapport \u00e0 la m\u00eame p\u00e9riode l\u2019ann\u00e9e pr\u00e9c\u00e9dente. Ce gain est notamment port\u00e9 par la Chine, qui a d\u00e9pass\u00e9 ses records d\u2019ao\u00fbt, tandis que l\u2019Europe a repris son essor, selon les donn\u00e9es publi\u00e9es mardi par le cabinet [&hellip;]<\/p>\n","protected":false},"author":8,"featured_media":177598,"comment_status":"close","ping_status":"closed","sticky":false,"template":"","format":"standard","meta":{"_monsterinsights_skip_tracking":false,"_monsterinsights_sitenote_active":false,"_monsterinsights_sitenote_note":"","_monsterinsights_sitenote_category":0,"footnotes":""},"categories":[101],"tags":[],"yoast_head":"<!-- This site is optimized with the Yoast SEO plugin v23.2 - https:\/\/yoast.com\/wordpress\/plugins\/seo\/ -->\n<title>Les ventes mondiales de v\u00e9hicules \u00e9lectriques bondissent de 30,5 % en septembre - CanadaMotorJobs.com<\/title>\n<meta name=\"description\" content=\"Les ventes mondiales de v\u00e9hicules \u00e9lectriques bondissent de 30,5 % en septembre - Benoit Charette - Annuel automobile - CanadaMotorJobs.com.\" \/>\n<meta name=\"robots\" content=\"index, follow, max-snippet:-1, max-image-preview:large, max-video-preview:-1\" \/>\n<meta property=\"og:locale\" content=\"fr_CA\" \/>\n<meta property=\"og:type\" content=\"article\" \/>\n<meta property=\"og:title\" content=\"Les ventes mondiales de v\u00e9hicules \u00e9lectriques bondissent de 30,5 % en septembre - CanadaMotorJobs.com\" \/>\n<meta property=\"og:description\" content=\"Les ventes mondiales de v\u00e9hicules \u00e9lectriques bondissent de 30,5 % en septembre - Benoit Charette - Annuel automobile - CanadaMotorJobs.com.\" \/>\n<meta property=\"og:url\" content=\"https:\/\/news.canadamotorjobs.com\/fr\/les-ventes-mondiales-de-vehicules-electriques-bondissent-de-305-en-septembre\/\" \/>\n<meta property=\"og:site_name\" content=\"CanadaMotorJobs.com\" \/>\n<meta property=\"article:publisher\" content=\"https:\/\/www.facebook.com\/canadamotorjobs\/\" \/>\n<meta property=\"article:published_time\" content=\"2024-10-17T07:24:25+00:00\" \/>\n<meta property=\"article:modified_time\" content=\"2024-10-17T07:30:32+00:00\" \/>\n<meta property=\"og:image\" content=\"https:\/\/news.canadamotorjobs.com\/wp-content\/uploads\/2024\/10\/kia_ev6_198.jpeg\" \/>\n\t<meta property=\"og:image:width\" content=\"1200\" \/>\n\t<meta property=\"og:image:height\" content=\"798\" \/>\n\t<meta property=\"og:image:type\" content=\"image\/jpeg\" \/>\n<meta name=\"author\" content=\"Benoit Charette\" \/>\n<meta name=\"twitter:card\" content=\"summary_large_image\" \/>\n<meta name=\"twitter:creator\" content=\"@canadamotorjobs\" \/>\n<meta name=\"twitter:site\" content=\"@canadamotorjobs\" \/>\n<meta name=\"twitter:label1\" content=\"\u00c9crit par\" \/>\n\t<meta name=\"twitter:data1\" content=\"Benoit Charette\" \/>\n\t<meta name=\"twitter:label2\" content=\"Estimation du temps de lecture\" \/>\n\t<meta name=\"twitter:data2\" content=\"2 minutes\" \/>\n<!-- \/ Yoast SEO plugin. -->","yoast_head_json":{"title":"Les ventes mondiales de v\u00e9hicules \u00e9lectriques bondissent de 30,5 % en septembre - CanadaMotorJobs.com","description":"Les ventes mondiales de v\u00e9hicules \u00e9lectriques bondissent de 30,5 % en septembre - Benoit Charette - Annuel automobile - CanadaMotorJobs.com.","robots":{"index":"index","follow":"follow","max-snippet":"max-snippet:-1","max-image-preview":"max-image-preview:large","max-video-preview":"max-video-preview:-1"},"og_locale":"fr_CA","og_type":"article","og_title":"Les ventes mondiales de v\u00e9hicules \u00e9lectriques bondissent de 30,5 % en septembre - CanadaMotorJobs.com","og_description":"Les ventes mondiales de v\u00e9hicules \u00e9lectriques bondissent de 30,5 % en septembre - Benoit Charette - Annuel automobile - CanadaMotorJobs.com.","og_url":"https:\/\/news.canadamotorjobs.com\/fr\/les-ventes-mondiales-de-vehicules-electriques-bondissent-de-305-en-septembre\/","og_site_name":"CanadaMotorJobs.com","article_publisher":"https:\/\/www.facebook.com\/canadamotorjobs\/","article_published_time":"2024-10-17T07:24:25+00:00","article_modified_time":"2024-10-17T07:30:32+00:00","og_image":[{"width":1200,"height":798,"url":"https:\/\/news.canadamotorjobs.com\/wp-content\/uploads\/2024\/10\/kia_ev6_198.jpeg","type":"image\/jpeg"}],"author":"Benoit Charette","twitter_card":"summary_large_image","twitter_creator":"@canadamotorjobs","twitter_site":"@canadamotorjobs","twitter_misc":{"\u00c9crit par":"Benoit Charette","Estimation du temps de lecture":"2 minutes"},"schema":{"@context":"https:\/\/schema.org","@graph":[{"@type":"Article","@id":"https:\/\/news.canadamotorjobs.com\/fr\/les-ventes-mondiales-de-vehicules-electriques-bondissent-de-305-en-septembre\/#article","isPartOf":{"@id":"https:\/\/news.canadamotorjobs.com\/fr\/les-ventes-mondiales-de-vehicules-electriques-bondissent-de-305-en-septembre\/"},"author":{"name":"Benoit Charette","@id":"https:\/\/news.canadamotorjobs.com\/#\/schema\/person\/51793d1f87d44011d7bcc2ed99269a90"},"headline":"Les ventes mondiales de v\u00e9hicules \u00e9lectriques bondissent de 30,5 % en septembre","datePublished":"2024-10-17T07:24:25+00:00","dateModified":"2024-10-17T07:30:32+00:00","mainEntityOfPage":{"@id":"https:\/\/news.canadamotorjobs.com\/fr\/les-ventes-mondiales-de-vehicules-electriques-bondissent-de-305-en-septembre\/"},"wordCount":435,"publisher":{"@id":"https:\/\/news.canadamotorjobs.com\/#organization"},"image":{"@id":"https:\/\/news.canadamotorjobs.com\/fr\/les-ventes-mondiales-de-vehicules-electriques-bondissent-de-305-en-septembre\/#primaryimage"},"thumbnailUrl":"https:\/\/news.canadamotorjobs.com\/wp-content\/uploads\/2024\/10\/kia_ev6_198.jpeg","articleSection":["Annuel automobile"],"inLanguage":"fr-CA"},{"@type":"WebPage","@id":"https:\/\/news.canadamotorjobs.com\/fr\/les-ventes-mondiales-de-vehicules-electriques-bondissent-de-305-en-septembre\/","url":"https:\/\/news.canadamotorjobs.com\/fr\/les-ventes-mondiales-de-vehicules-electriques-bondissent-de-305-en-septembre\/","name":"Les ventes mondiales de v\u00e9hicules \u00e9lectriques bondissent de 30,5 % en septembre - CanadaMotorJobs.com","isPartOf":{"@id":"https:\/\/news.canadamotorjobs.com\/#website"},"primaryImageOfPage":{"@id":"https:\/\/news.canadamotorjobs.com\/fr\/les-ventes-mondiales-de-vehicules-electriques-bondissent-de-305-en-septembre\/#primaryimage"},"image":{"@id":"https:\/\/news.canadamotorjobs.com\/fr\/les-ventes-mondiales-de-vehicules-electriques-bondissent-de-305-en-septembre\/#primaryimage"},"thumbnailUrl":"https:\/\/news.canadamotorjobs.com\/wp-content\/uploads\/2024\/10\/kia_ev6_198.jpeg","datePublished":"2024-10-17T07:24:25+00:00","dateModified":"2024-10-17T07:30:32+00:00","description":"Les ventes mondiales de v\u00e9hicules \u00e9lectriques bondissent de 30,5 % en septembre - Benoit Charette - Annuel automobile - CanadaMotorJobs.com.","breadcrumb":{"@id":"https:\/\/news.canadamotorjobs.com\/fr\/les-ventes-mondiales-de-vehicules-electriques-bondissent-de-305-en-septembre\/#breadcrumb"},"inLanguage":"fr-CA","potentialAction":[{"@type":"ReadAction","target":["https:\/\/news.canadamotorjobs.com\/fr\/les-ventes-mondiales-de-vehicules-electriques-bondissent-de-305-en-septembre\/"]}]},{"@type":"ImageObject","inLanguage":"fr-CA","@id":"https:\/\/news.canadamotorjobs.com\/fr\/les-ventes-mondiales-de-vehicules-electriques-bondissent-de-305-en-septembre\/#primaryimage","url":"https:\/\/news.canadamotorjobs.com\/wp-content\/uploads\/2024\/10\/kia_ev6_198.jpeg","contentUrl":"https:\/\/news.canadamotorjobs.com\/wp-content\/uploads\/2024\/10\/kia_ev6_198.jpeg","width":1200,"height":798},{"@type":"BreadcrumbList","@id":"https:\/\/news.canadamotorjobs.com\/fr\/les-ventes-mondiales-de-vehicules-electriques-bondissent-de-305-en-septembre\/#breadcrumb","itemListElement":[{"@type":"ListItem","position":1,"name":"Home","item":"https:\/\/news.canadamotorjobs.com\/fr\/blog\/"},{"@type":"ListItem","position":2,"name":"Les ventes mondiales de v\u00e9hicules \u00e9lectriques bondissent de 30,5 % en septembre"}]},{"@type":"WebSite","@id":"https:\/\/news.canadamotorjobs.com\/#website","url":"https:\/\/news.canadamotorjobs.com\/","name":"CanadaMotorJobs.com","description":"Automotive Jobs","publisher":{"@id":"https:\/\/news.canadamotorjobs.com\/#organization"},"potentialAction":[{"@type":"SearchAction","target":{"@type":"EntryPoint","urlTemplate":"https:\/\/news.canadamotorjobs.com\/?s={search_term_string}"},"query-input":"required name=search_term_string"}],"inLanguage":"fr-CA"},{"@type":"Organization","@id":"https:\/\/news.canadamotorjobs.com\/#organization","name":"Canada Motor Jobs","url":"https:\/\/news.canadamotorjobs.com\/","logo":{"@type":"ImageObject","inLanguage":"fr-CA","@id":"https:\/\/news.canadamotorjobs.com\/#\/schema\/logo\/image\/","url":"https:\/\/news.canadamotorjobs.com\/wp-content\/uploads\/2022\/10\/logo-canada-motor-jobs-1.png","contentUrl":"https:\/\/news.canadamotorjobs.com\/wp-content\/uploads\/2022\/10\/logo-canada-motor-jobs-1.png","width":800,"height":400,"caption":"Canada Motor Jobs"},"image":{"@id":"https:\/\/news.canadamotorjobs.com\/#\/schema\/logo\/image\/"},"sameAs":["https:\/\/www.facebook.com\/canadamotorjobs\/","https:\/\/x.com\/canadamotorjobs","https:\/\/www.instagram.com\/canadamotorjobs\/","https:\/\/www.linkedin.com\/company\/canadamotorjobs"]},{"@type":"Person","@id":"https:\/\/news.canadamotorjobs.com\/#\/schema\/person\/51793d1f87d44011d7bcc2ed99269a90","name":"Benoit Charette","image":{"@type":"ImageObject","inLanguage":"fr-CA","@id":"https:\/\/news.canadamotorjobs.com\/#\/schema\/person\/image\/","url":"https:\/\/secure.gravatar.com\/avatar\/45f3d2eebcccd909668d7ce7ea7267b6?s=96&d=mm&r=g","contentUrl":"https:\/\/secure.gravatar.com\/avatar\/45f3d2eebcccd909668d7ce7ea7267b6?s=96&d=mm&r=g","caption":"Benoit Charette"},"description":"Benoit Charette \/ Propri\u00e9taire et r\u00e9dacteur en chef Benoit Charette pratique le journalisme automobile depuis bient\u00f4t 30 ans. Il a fait ses classes au c\u00f4t\u00e9 de Daniel H\u00e9raud et au Carnet de route de 1992 \u00e0 2001. Il est fondateur, copropri\u00e9taire et r\u00e9dacteur en chef de L\u2019Annuel de l\u2019automobile, qu\u2019il publie depuis 2001. Il a anim\u00e9 les \u00e9missions RPM et RPM+ sur V et les L\u00e9gendes de la route sur Historia. \u00c0 la radio depuis 1986, il reprend l\u2019antenne cette ann\u00e9e sur les ondes de Cogeco et participe pour la deuxi\u00e8me ann\u00e9e \u00e0 l\u2019\u00e9mission Passion Auto sur RDS en plus de mettre en ligne le site Web officiel de L\u2019Annuel de l\u2019automobile sur annuelauto.ca.","sameAs":["https:\/\/annuelauto.ca\/"],"url":"https:\/\/news.canadamotorjobs.com\/fr\/author\/benoit-charette\/"}]}},"_links":{"self":[{"href":"https:\/\/news.canadamotorjobs.com\/fr\/wp-json\/wp\/v2\/posts\/177596"}],"collection":[{"href":"https:\/\/news.canadamotorjobs.com\/fr\/wp-json\/wp\/v2\/posts"}],"about":[{"href":"https:\/\/news.canadamotorjobs.com\/fr\/wp-json\/wp\/v2\/types\/post"}],"author":[{"embeddable":true,"href":"https:\/\/news.canadamotorjobs.com\/fr\/wp-json\/wp\/v2\/users\/8"}],"replies":[{"embeddable":true,"href":"https:\/\/news.canadamotorjobs.com\/fr\/wp-json\/wp\/v2\/comments?post=177596"}],"version-history":[{"count":3,"href":"https:\/\/news.canadamotorjobs.com\/fr\/wp-json\/wp\/v2\/posts\/177596\/revisions"}],"predecessor-version":[{"id":177627,"href":"https:\/\/news.canadamotorjobs.com\/fr\/wp-json\/wp\/v2\/posts\/177596\/revisions\/177627"}],"wp:featuredmedia":[{"embeddable":true,"href":"https:\/\/news.canadamotorjobs.com\/fr\/wp-json\/wp\/v2\/media\/177598"}],"wp:attachment":[{"href":"https:\/\/news.canadamotorjobs.com\/fr\/wp-json\/wp\/v2\/media?parent=177596"}],"wp:term":[{"taxonomy":"category","embeddable":true,"href":"https:\/\/news.canadamotorjobs.com\/fr\/wp-json\/wp\/v2\/categories?post=177596"},{"taxonomy":"post_tag","embeddable":true,"href":"https:\/\/news.canadamotorjobs.com\/fr\/wp-json\/wp\/v2\/tags?post=177596"}],"curies":[{"name":"wp","href":"https:\/\/api.w.org\/{rel}","templated":true}]}}