{"id":177564,"date":"2024-10-17T03:24:26","date_gmt":"2024-10-17T07:24:26","guid":{"rendered":"https:\/\/news.canadamotorjobs.com\/?p=177564"},"modified":"2024-10-17T03:30:19","modified_gmt":"2024-10-17T07:30:19","slug":"les-marques-de-stellantis-seront-evaluees-dici-deux-a-trois-ans","status":"publish","type":"post","link":"https:\/\/news.canadamotorjobs.com\/fr\/les-marques-de-stellantis-seront-evaluees-dici-deux-a-trois-ans\/","title":{"rendered":"Les marques de Stellantis seront \u00e9valu\u00e9es d\u2019ici deux \u00e0 trois ans"},"content":{"rendered":"<\/p>\n<p>Lorsque Stellantis a \u00e9t\u00e9 cr\u00e9\u00e9e en 2021, Carlos Tavares, le chef de la direction de ce \u00ab nouveau \u00bb constructeur qui regroupait les marques des groupes PSA (Peugeot Soci\u00e9t\u00e9 Anonyme) et FCA (Fiat Chrysler Automobiles), avait mentionn\u00e9 que chacune des banni\u00e8res du groupe aurait un sursis de dix ans pour faire ses preuves, montrer son savoir-faire.<\/p>\n<p>Autrement dit, aucune ne serait sacrifi\u00e9e avant 2030. Le groupe de marques Stellantis comprend Abarth, Alfa Romeo, Chrysler, Citro\u00ebn, Dodge, DS, Fiat, Jeep, Lancia, Maserati, Opel, Peugeot, Ram et Vauxhall.<\/p>\n<p><strong>Les circonstances changent<\/strong><\/p>\n<p>Or, depuis pr\u00e8s d\u2019une ann\u00e9e, les mauvaises nouvelles se succ\u00e8dent chez plusieurs marques de Stellantis. Quand ce n\u2019est pas un probl\u00e8me reli\u00e9 \u00e0 la qualit\u00e9 de certains produits, ce sont des ventes \u00e0 la baisse qui retiennent l\u2019attention, ou encore des pertes financi\u00e8res qui rendent les investisseurs inquiets.<\/p>\n<p>Plusieurs rumeurs ont couru concernant la fin d\u2019une marque ou d\u2019une autre, des rumeurs d\u00e9menties par la haute direction.<\/p>\n<p>Mais voil\u00e0 qu\u2019au cours des derni\u00e8res semaines, on apprenait que Carlos Tavares allait prendre sa retraite \u00e0 la fin de son mandat, au d\u00e9but de l\u2019ann\u00e9e 2026.<\/p>\n<p><\/p>\n<figure><img decoding=\"async\" src=\"https:\/\/news.canadamotorjobs.com\/wp-content\/uploads\/2024\/10\/Dodge-Hornet-2023-30-5.jpg\" alt=\"Le Dodge Hornet\" \/><figcaption>Le Dodge Hornet | Auto123.com<\/figcaption><\/figure>\n<p>\u00c7a change la donne et dans cette foul\u00e9e, l\u2019on apprend cette semaine que chaque division de Stellantis va faire l\u2019objet d\u2019un examen pr\u00e9cis pour d\u00e9terminer la taille de son portfolio et son avenir \u00e0 compter de 2026. C\u2019est Carlos Tavares lui-m\u00eame qui a fait cette annonce.<\/p>\n<blockquote><p><\/p>\n<p>\u00ab Nous examinerons les performances de chaque marque \u00e0 environ deux tiers du plan Dare Forward 2030, ce qui signifie que des d\u00e9cisions seront prises d\u2019ici deux \u00e0 trois ans. \u00bb<\/p>\n<p>&#8211; Carlos Tavares, PDG de Stellantis, le 14 octobre<\/p>\n<p>\n<\/p><\/blockquote>\n<p>Consid\u00e9rant la retraite pr\u00e9vue de Carlos Tavares, la d\u00e9cision ultime sur l\u2019avenir des 14 marques du constructeur automobile reviendra tr\u00e8s probablement \u00e0 son successeur<\/p>\n<p>Chose certaine, si les choses ne se replacent pas rapidement pour certaines, les choses devront bouger, car c\u2019est l\u2019ensemble de l\u2019empire qui se trouvera menac\u00e9.<\/p>\n<p><\/p>\n<figure><img decoding=\"async\" src=\"https:\/\/news.canadamotorjobs.com\/wp-content\/uploads\/2024\/10\/fiat-500e-red-2024_8-1.jpg\" alt=\"La Fiat 500e\" \/><figcaption>La Fiat 500e | Auto123.com<\/figcaption><\/figure>\n<p style=\"padding-top: 15px\">Contenu original de <a href=\"https:\/\/www.auto123.com\/fr\/actualites\/marques-stellantis-evaluation-marques-2-3-ans\/71944\/\">auto123<\/a>.<\/p>\n<p>Le texte <a rel=\"nofollow\" href=\"https:\/\/annuelauto.ca\/les-marques-de-stellantis-seront-evaluees-dici-deux-a-trois-ans\/\">Les marques de Stellantis seront \u00e9valu\u00e9es d\u2019ici deux \u00e0 trois ans<\/a> provient de <a rel=\"nofollow\" href=\"https:\/\/annuelauto.ca\">L&#8217;annuel de l&#8217;automobile &#8211; Actualit\u00e9 automobile<\/a><\/p>\n<p><\/p>\n","protected":false},"excerpt":{"rendered":"<p>Lorsque Stellantis a \u00e9t\u00e9 cr\u00e9\u00e9e en 2021, Carlos Tavares, le chef de la direction de ce \u00ab nouveau \u00bb constructeur qui regroupait les marques des groupes PSA (Peugeot Soci\u00e9t\u00e9 Anonyme) et FCA (Fiat Chrysler Automobiles), avait mentionn\u00e9 que chacune des banni\u00e8res du groupe aurait un sursis de dix ans pour faire ses preuves, montrer son [&hellip;]<\/p>\n","protected":false},"author":8,"featured_media":177566,"comment_status":"close","ping_status":"closed","sticky":false,"template":"","format":"standard","meta":{"_monsterinsights_skip_tracking":false,"_monsterinsights_sitenote_active":false,"_monsterinsights_sitenote_note":"","_monsterinsights_sitenote_category":0,"footnotes":""},"categories":[101],"tags":[],"yoast_head":"<!-- This site is optimized with the Yoast SEO plugin v23.2 - https:\/\/yoast.com\/wordpress\/plugins\/seo\/ -->\n<title>Les marques de Stellantis seront \u00e9valu\u00e9es d\u2019ici deux \u00e0 trois ans - CanadaMotorJobs.com<\/title>\n<meta name=\"description\" content=\"Les marques de Stellantis seront \u00e9valu\u00e9es d\u2019ici deux \u00e0 trois ans - Benoit Charette - Annuel automobile - CanadaMotorJobs.com.\" \/>\n<meta name=\"robots\" content=\"index, follow, max-snippet:-1, max-image-preview:large, max-video-preview:-1\" \/>\n<meta property=\"og:locale\" content=\"fr_CA\" \/>\n<meta property=\"og:type\" content=\"article\" \/>\n<meta property=\"og:title\" content=\"Les marques de Stellantis seront \u00e9valu\u00e9es d\u2019ici deux \u00e0 trois ans - CanadaMotorJobs.com\" \/>\n<meta property=\"og:description\" content=\"Les marques de Stellantis seront \u00e9valu\u00e9es d\u2019ici deux \u00e0 trois ans - Benoit Charette - Annuel automobile - CanadaMotorJobs.com.\" \/>\n<meta property=\"og:url\" content=\"https:\/\/news.canadamotorjobs.com\/fr\/les-marques-de-stellantis-seront-evaluees-dici-deux-a-trois-ans\/\" \/>\n<meta property=\"og:site_name\" content=\"CanadaMotorJobs.com\" \/>\n<meta property=\"article:publisher\" content=\"https:\/\/www.facebook.com\/canadamotorjobs\/\" \/>\n<meta property=\"article:published_time\" content=\"2024-10-17T07:24:26+00:00\" \/>\n<meta property=\"article:modified_time\" content=\"2024-10-17T07:30:19+00:00\" \/>\n<meta property=\"og:image\" content=\"https:\/\/news.canadamotorjobs.com\/wp-content\/uploads\/2024\/10\/Dodge-Hornet-2023-30.jpg\" \/>\n\t<meta property=\"og:image:width\" content=\"1200\" \/>\n\t<meta property=\"og:image:height\" content=\"800\" \/>\n\t<meta property=\"og:image:type\" content=\"image\/jpeg\" \/>\n<meta name=\"author\" content=\"Benoit Charette\" \/>\n<meta name=\"twitter:card\" content=\"summary_large_image\" \/>\n<meta name=\"twitter:creator\" content=\"@canadamotorjobs\" \/>\n<meta name=\"twitter:site\" content=\"@canadamotorjobs\" \/>\n<meta name=\"twitter:label1\" content=\"\u00c9crit par\" \/>\n\t<meta name=\"twitter:data1\" content=\"Benoit Charette\" \/>\n\t<meta name=\"twitter:label2\" content=\"Estimation du temps de lecture\" \/>\n\t<meta name=\"twitter:data2\" content=\"2 minutes\" \/>\n<!-- \/ Yoast SEO plugin. -->","yoast_head_json":{"title":"Les marques de Stellantis seront \u00e9valu\u00e9es d\u2019ici deux \u00e0 trois ans - CanadaMotorJobs.com","description":"Les marques de Stellantis seront \u00e9valu\u00e9es d\u2019ici deux \u00e0 trois ans - Benoit Charette - Annuel automobile - CanadaMotorJobs.com.","robots":{"index":"index","follow":"follow","max-snippet":"max-snippet:-1","max-image-preview":"max-image-preview:large","max-video-preview":"max-video-preview:-1"},"og_locale":"fr_CA","og_type":"article","og_title":"Les marques de Stellantis seront \u00e9valu\u00e9es d\u2019ici deux \u00e0 trois ans - CanadaMotorJobs.com","og_description":"Les marques de Stellantis seront \u00e9valu\u00e9es d\u2019ici deux \u00e0 trois ans - Benoit Charette - Annuel automobile - CanadaMotorJobs.com.","og_url":"https:\/\/news.canadamotorjobs.com\/fr\/les-marques-de-stellantis-seront-evaluees-dici-deux-a-trois-ans\/","og_site_name":"CanadaMotorJobs.com","article_publisher":"https:\/\/www.facebook.com\/canadamotorjobs\/","article_published_time":"2024-10-17T07:24:26+00:00","article_modified_time":"2024-10-17T07:30:19+00:00","og_image":[{"width":1200,"height":800,"url":"https:\/\/news.canadamotorjobs.com\/wp-content\/uploads\/2024\/10\/Dodge-Hornet-2023-30.jpg","type":"image\/jpeg"}],"author":"Benoit Charette","twitter_card":"summary_large_image","twitter_creator":"@canadamotorjobs","twitter_site":"@canadamotorjobs","twitter_misc":{"\u00c9crit par":"Benoit Charette","Estimation du temps de lecture":"2 minutes"},"schema":{"@context":"https:\/\/schema.org","@graph":[{"@type":"Article","@id":"https:\/\/news.canadamotorjobs.com\/fr\/les-marques-de-stellantis-seront-evaluees-dici-deux-a-trois-ans\/#article","isPartOf":{"@id":"https:\/\/news.canadamotorjobs.com\/fr\/les-marques-de-stellantis-seront-evaluees-dici-deux-a-trois-ans\/"},"author":{"name":"Benoit Charette","@id":"https:\/\/news.canadamotorjobs.com\/#\/schema\/person\/51793d1f87d44011d7bcc2ed99269a90"},"headline":"Les marques de Stellantis seront \u00e9valu\u00e9es d\u2019ici deux \u00e0 trois ans","datePublished":"2024-10-17T07:24:26+00:00","dateModified":"2024-10-17T07:30:19+00:00","mainEntityOfPage":{"@id":"https:\/\/news.canadamotorjobs.com\/fr\/les-marques-de-stellantis-seront-evaluees-dici-deux-a-trois-ans\/"},"wordCount":389,"publisher":{"@id":"https:\/\/news.canadamotorjobs.com\/#organization"},"image":{"@id":"https:\/\/news.canadamotorjobs.com\/fr\/les-marques-de-stellantis-seront-evaluees-dici-deux-a-trois-ans\/#primaryimage"},"thumbnailUrl":"https:\/\/news.canadamotorjobs.com\/wp-content\/uploads\/2024\/10\/Dodge-Hornet-2023-30.jpg","articleSection":["Annuel automobile"],"inLanguage":"fr-CA"},{"@type":"WebPage","@id":"https:\/\/news.canadamotorjobs.com\/fr\/les-marques-de-stellantis-seront-evaluees-dici-deux-a-trois-ans\/","url":"https:\/\/news.canadamotorjobs.com\/fr\/les-marques-de-stellantis-seront-evaluees-dici-deux-a-trois-ans\/","name":"Les marques de Stellantis seront \u00e9valu\u00e9es d\u2019ici deux \u00e0 trois ans - CanadaMotorJobs.com","isPartOf":{"@id":"https:\/\/news.canadamotorjobs.com\/#website"},"primaryImageOfPage":{"@id":"https:\/\/news.canadamotorjobs.com\/fr\/les-marques-de-stellantis-seront-evaluees-dici-deux-a-trois-ans\/#primaryimage"},"image":{"@id":"https:\/\/news.canadamotorjobs.com\/fr\/les-marques-de-stellantis-seront-evaluees-dici-deux-a-trois-ans\/#primaryimage"},"thumbnailUrl":"https:\/\/news.canadamotorjobs.com\/wp-content\/uploads\/2024\/10\/Dodge-Hornet-2023-30.jpg","datePublished":"2024-10-17T07:24:26+00:00","dateModified":"2024-10-17T07:30:19+00:00","description":"Les marques de Stellantis seront \u00e9valu\u00e9es d\u2019ici deux \u00e0 trois ans - Benoit Charette - Annuel automobile - CanadaMotorJobs.com.","breadcrumb":{"@id":"https:\/\/news.canadamotorjobs.com\/fr\/les-marques-de-stellantis-seront-evaluees-dici-deux-a-trois-ans\/#breadcrumb"},"inLanguage":"fr-CA","potentialAction":[{"@type":"ReadAction","target":["https:\/\/news.canadamotorjobs.com\/fr\/les-marques-de-stellantis-seront-evaluees-dici-deux-a-trois-ans\/"]}]},{"@type":"ImageObject","inLanguage":"fr-CA","@id":"https:\/\/news.canadamotorjobs.com\/fr\/les-marques-de-stellantis-seront-evaluees-dici-deux-a-trois-ans\/#primaryimage","url":"https:\/\/news.canadamotorjobs.com\/wp-content\/uploads\/2024\/10\/Dodge-Hornet-2023-30.jpg","contentUrl":"https:\/\/news.canadamotorjobs.com\/wp-content\/uploads\/2024\/10\/Dodge-Hornet-2023-30.jpg","width":1200,"height":800},{"@type":"BreadcrumbList","@id":"https:\/\/news.canadamotorjobs.com\/fr\/les-marques-de-stellantis-seront-evaluees-dici-deux-a-trois-ans\/#breadcrumb","itemListElement":[{"@type":"ListItem","position":1,"name":"Home","item":"https:\/\/news.canadamotorjobs.com\/fr\/blog\/"},{"@type":"ListItem","position":2,"name":"Les marques de Stellantis seront \u00e9valu\u00e9es d\u2019ici deux \u00e0 trois ans"}]},{"@type":"WebSite","@id":"https:\/\/news.canadamotorjobs.com\/#website","url":"https:\/\/news.canadamotorjobs.com\/","name":"CanadaMotorJobs.com","description":"Automotive Jobs","publisher":{"@id":"https:\/\/news.canadamotorjobs.com\/#organization"},"potentialAction":[{"@type":"SearchAction","target":{"@type":"EntryPoint","urlTemplate":"https:\/\/news.canadamotorjobs.com\/?s={search_term_string}"},"query-input":"required name=search_term_string"}],"inLanguage":"fr-CA"},{"@type":"Organization","@id":"https:\/\/news.canadamotorjobs.com\/#organization","name":"Canada Motor Jobs","url":"https:\/\/news.canadamotorjobs.com\/","logo":{"@type":"ImageObject","inLanguage":"fr-CA","@id":"https:\/\/news.canadamotorjobs.com\/#\/schema\/logo\/image\/","url":"https:\/\/news.canadamotorjobs.com\/wp-content\/uploads\/2022\/10\/logo-canada-motor-jobs-1.png","contentUrl":"https:\/\/news.canadamotorjobs.com\/wp-content\/uploads\/2022\/10\/logo-canada-motor-jobs-1.png","width":800,"height":400,"caption":"Canada Motor Jobs"},"image":{"@id":"https:\/\/news.canadamotorjobs.com\/#\/schema\/logo\/image\/"},"sameAs":["https:\/\/www.facebook.com\/canadamotorjobs\/","https:\/\/x.com\/canadamotorjobs","https:\/\/www.instagram.com\/canadamotorjobs\/","https:\/\/www.linkedin.com\/company\/canadamotorjobs"]},{"@type":"Person","@id":"https:\/\/news.canadamotorjobs.com\/#\/schema\/person\/51793d1f87d44011d7bcc2ed99269a90","name":"Benoit Charette","image":{"@type":"ImageObject","inLanguage":"fr-CA","@id":"https:\/\/news.canadamotorjobs.com\/#\/schema\/person\/image\/","url":"https:\/\/secure.gravatar.com\/avatar\/45f3d2eebcccd909668d7ce7ea7267b6?s=96&d=mm&r=g","contentUrl":"https:\/\/secure.gravatar.com\/avatar\/45f3d2eebcccd909668d7ce7ea7267b6?s=96&d=mm&r=g","caption":"Benoit Charette"},"description":"Benoit Charette \/ Propri\u00e9taire et r\u00e9dacteur en chef Benoit Charette pratique le journalisme automobile depuis bient\u00f4t 30 ans. Il a fait ses classes au c\u00f4t\u00e9 de Daniel H\u00e9raud et au Carnet de route de 1992 \u00e0 2001. Il est fondateur, copropri\u00e9taire et r\u00e9dacteur en chef de L\u2019Annuel de l\u2019automobile, qu\u2019il publie depuis 2001. Il a anim\u00e9 les \u00e9missions RPM et RPM+ sur V et les L\u00e9gendes de la route sur Historia. \u00c0 la radio depuis 1986, il reprend l\u2019antenne cette ann\u00e9e sur les ondes de Cogeco et participe pour la deuxi\u00e8me ann\u00e9e \u00e0 l\u2019\u00e9mission Passion Auto sur RDS en plus de mettre en ligne le site Web officiel de L\u2019Annuel de l\u2019automobile sur annuelauto.ca.","sameAs":["https:\/\/annuelauto.ca\/"],"url":"https:\/\/news.canadamotorjobs.com\/fr\/author\/benoit-charette\/"}]}},"_links":{"self":[{"href":"https:\/\/news.canadamotorjobs.com\/fr\/wp-json\/wp\/v2\/posts\/177564"}],"collection":[{"href":"https:\/\/news.canadamotorjobs.com\/fr\/wp-json\/wp\/v2\/posts"}],"about":[{"href":"https:\/\/news.canadamotorjobs.com\/fr\/wp-json\/wp\/v2\/types\/post"}],"author":[{"embeddable":true,"href":"https:\/\/news.canadamotorjobs.com\/fr\/wp-json\/wp\/v2\/users\/8"}],"replies":[{"embeddable":true,"href":"https:\/\/news.canadamotorjobs.com\/fr\/wp-json\/wp\/v2\/comments?post=177564"}],"version-history":[{"count":3,"href":"https:\/\/news.canadamotorjobs.com\/fr\/wp-json\/wp\/v2\/posts\/177564\/revisions"}],"predecessor-version":[{"id":177595,"href":"https:\/\/news.canadamotorjobs.com\/fr\/wp-json\/wp\/v2\/posts\/177564\/revisions\/177595"}],"wp:featuredmedia":[{"embeddable":true,"href":"https:\/\/news.canadamotorjobs.com\/fr\/wp-json\/wp\/v2\/media\/177566"}],"wp:attachment":[{"href":"https:\/\/news.canadamotorjobs.com\/fr\/wp-json\/wp\/v2\/media?parent=177564"}],"wp:term":[{"taxonomy":"category","embeddable":true,"href":"https:\/\/news.canadamotorjobs.com\/fr\/wp-json\/wp\/v2\/categories?post=177564"},{"taxonomy":"post_tag","embeddable":true,"href":"https:\/\/news.canadamotorjobs.com\/fr\/wp-json\/wp\/v2\/tags?post=177564"}],"curies":[{"name":"wp","href":"https:\/\/api.w.org\/{rel}","templated":true}]}}