{"id":177470,"date":"2024-10-16T06:18:03","date_gmt":"2024-10-16T10:18:03","guid":{"rendered":"https:\/\/news.canadamotorjobs.com\/?p=177470"},"modified":"2024-10-16T06:30:01","modified_gmt":"2024-10-16T10:30:01","slug":"deux-versions-electrisantes-pour-les-mini-john-cooper-works","status":"publish","type":"post","link":"https:\/\/news.canadamotorjobs.com\/fr\/deux-versions-electrisantes-pour-les-mini-john-cooper-works\/","title":{"rendered":"Deux versions \u00e9lectrisantes pour les MINI John Cooper Works"},"content":{"rendered":"<\/p>\n<h3>Un Double Coup d&#8217;\u00c9clat au Mondial de Paris<\/h3>\n<p>\nLa l\u00e9gendaire performance de John Cooper Works (JCW) se tourne d\u00e9sormais vers l&#8217;\u00e9lectrique avec deux nouveaux mod\u00e8les : la Mini Cooper \u00e9lectrique \u00e0 hayon et le multisegment sous-compact Aceman, tous deux exclusivement \u00e9lectriques. D\u00e9voil\u00e9s en octobre 2024 lors du Mondial de l&#8217;Auto \u00e0 Paris, ces deux v\u00e9hicules repr\u00e9sentent un tournant dans l\u2019histoire de la marque britannique.<\/p>\n<h3>Absence du Canada\u2026 Pour le moment<\/h3>\n<p>\nSi ces mod\u00e8les JCW ont rapidement captiv\u00e9 l\u2019attention des passionn\u00e9s d\u2019automobiles, les Canadiens devront patienter. Les Mini Cooper et Aceman \u00e9lectriques sont fabriqu\u00e9s en Chine, ce qui les rend soumis \u00e0 des droits de douane de 100% s&#8217;ils \u00e9taient import\u00e9s au Canada. Cependant, des versions JCW des mod\u00e8les \u00e0 essence Cooper et Cabriolet, fabriqu\u00e9es au Royaume-Uni, devraient arriver sur le march\u00e9 canadien, tout comme des versions \u00e9lectrifi\u00e9es pr\u00e9vues pour 2026.<\/p>\n<h3>Des Performances \u00c9lectrisantes<\/h3>\n<p>\nSous le capot, ces Mini JCW \u00e9lectriques ne font aucun compromis sur la performance. Avec un moteur \u00e9lectrique de 255 ch propulsant les roues avant, la Mini Cooper JCW \u00e9lectrique acc\u00e9l\u00e8re de 0 \u00e0 100 km\/h en seulement 5,9 secondes. L\u2019Aceman JCW suit de pr\u00e8s avec un chrono de 6,4 secondes. La vitesse maximale des deux mod\u00e8les est limit\u00e9e \u00e0 200 km\/h, une performance impressionnante pour des v\u00e9hicules \u00e9lectriques de cette cat\u00e9gorie.<\/p>\n<h3>Le Mode Karting : Un Plus Pour les Sensations<\/h3>\n<p>\nLes mod\u00e8les JCW sont con\u00e7us pour offrir une exp\u00e9rience de conduite dynamique. Gr\u00e2ce \u00e0 un mode &#8220;karting&#8221; unique, une augmentation temporaire de la puissance est disponible pour des acc\u00e9l\u00e9rations encore plus vives. Ce mode est compl\u00e9t\u00e9 par un ensemble de freins performance, une suspension sport, et des roues sp\u00e9ciales de 18 pouces pour la Cooper JCW et 19 pouces pour l&#8217;Aceman JCW. Un kit a\u00e9rodynamique discret ajoute une touche sportive aux deux v\u00e9hicules.<\/p>\n<h3>Autonomie et Caract\u00e9ristiques Techniques<\/h3>\n<p>\nBas\u00e9s sur une plateforme partag\u00e9e, les deux mod\u00e8les offrent une autonomie respectable. Mini annonce 370 km pour la Cooper JCW \u00e9lectrique et 354 km pour l&#8217;Aceman JCW selon le cycle europ\u00e9en WLTP. Cependant, cette autonomie pourrait \u00eatre l\u00e9g\u00e8rement inf\u00e9rieure en fonction des conditions de conduite canadiennes.<\/p>\n<h3>Un Int\u00e9rieur aux Accents Sportifs<\/h3>\n<p>\nL\u2019int\u00e9rieur des JCW \u00e9lectriques se d\u00e9marque par son design distinctif. Le tableau de bord pr\u00e9sente un motif tricot\u00e9 noir et rouge, une combinaison reprise sur les si\u00e8ges, avec des surpiq\u00fbres rouges pour accentuer le style sportif. L\u2019infodivertissement est lui aussi personnalisable avec des menus sp\u00e9cifiques aux mod\u00e8les JCW et un \u00e9clairage d\u2019ambiance qui illumine m\u00eame le toit, offrant une atmosph\u00e8re unique \u00e0 bord.<\/p>\n<h3>Lancement en 2025 : Un Pas Vers l&#8217;Avenir<\/h3>\n<p>\nLes Mini Cooper et Aceman JCW \u00e9lectriques seront disponibles sur certains march\u00e9s d\u00e8s le printemps 2025. En attendant, les amateurs de la marque en Am\u00e9rique du Nord peuvent esp\u00e9rer que ces mod\u00e8les innovants franchiront les fronti\u00e8res dans un avenir proche.<\/p>\n<p>Le texte <a rel=\"nofollow\" href=\"https:\/\/annuelauto.ca\/une-nouvelle-ere-pour-mini-avec-deux-vehicules-jcw-100-electriques\/\">Deux versions \u00e9lectrisantes pour les MINI John Cooper Works<\/a> provient de <a rel=\"nofollow\" href=\"https:\/\/annuelauto.ca\">L&#8217;annuel de l&#8217;automobile &#8211; Actualit\u00e9 automobile<\/a><\/p>\n<p><\/p>\n","protected":false},"excerpt":{"rendered":"<p>Un Double Coup d&#8217;\u00c9clat au Mondial de Paris La l\u00e9gendaire performance de John Cooper Works (JCW) se tourne d\u00e9sormais vers l&#8217;\u00e9lectrique avec deux nouveaux mod\u00e8les : la Mini Cooper \u00e9lectrique \u00e0 hayon et le multisegment sous-compact Aceman, tous deux exclusivement \u00e9lectriques. D\u00e9voil\u00e9s en octobre 2024 lors du Mondial de l&#8217;Auto \u00e0 Paris, ces deux v\u00e9hicules [&hellip;]<\/p>\n","protected":false},"author":8,"featured_media":177472,"comment_status":"close","ping_status":"closed","sticky":false,"template":"","format":"standard","meta":{"_monsterinsights_skip_tracking":false,"_monsterinsights_sitenote_active":false,"_monsterinsights_sitenote_note":"","_monsterinsights_sitenote_category":0,"footnotes":""},"categories":[101],"tags":[],"yoast_head":"<!-- This site is optimized with the Yoast SEO plugin v23.2 - https:\/\/yoast.com\/wordpress\/plugins\/seo\/ -->\n<title>Deux versions \u00e9lectrisantes pour les MINI John Cooper Works - CanadaMotorJobs.com<\/title>\n<meta name=\"description\" content=\"Deux versions \u00e9lectrisantes pour les MINI John Cooper Works - Benoit Charette - Annuel automobile - CanadaMotorJobs.com.\" \/>\n<meta name=\"robots\" content=\"index, follow, max-snippet:-1, max-image-preview:large, max-video-preview:-1\" \/>\n<meta property=\"og:locale\" content=\"fr_CA\" \/>\n<meta property=\"og:type\" content=\"article\" \/>\n<meta property=\"og:title\" content=\"Deux versions \u00e9lectrisantes pour les MINI John Cooper Works - CanadaMotorJobs.com\" \/>\n<meta property=\"og:description\" content=\"Deux versions \u00e9lectrisantes pour les MINI John Cooper Works - Benoit Charette - Annuel automobile - CanadaMotorJobs.com.\" \/>\n<meta property=\"og:url\" content=\"https:\/\/news.canadamotorjobs.com\/fr\/deux-versions-electrisantes-pour-les-mini-john-cooper-works\/\" \/>\n<meta property=\"og:site_name\" content=\"CanadaMotorJobs.com\" \/>\n<meta property=\"article:publisher\" content=\"https:\/\/www.facebook.com\/canadamotorjobs\/\" \/>\n<meta property=\"article:published_time\" content=\"2024-10-16T10:18:03+00:00\" \/>\n<meta property=\"article:modified_time\" content=\"2024-10-16T10:30:01+00:00\" \/>\n<meta property=\"og:image\" content=\"https:\/\/news.canadamotorjobs.com\/wp-content\/uploads\/2024\/10\/Mini-JCW-Aceman-2026-117.jpg\" \/>\n\t<meta property=\"og:image:width\" content=\"1920\" \/>\n\t<meta property=\"og:image:height\" content=\"1080\" \/>\n\t<meta property=\"og:image:type\" content=\"image\/jpeg\" \/>\n<meta name=\"author\" content=\"Benoit Charette\" \/>\n<meta name=\"twitter:card\" content=\"summary_large_image\" \/>\n<meta name=\"twitter:creator\" content=\"@canadamotorjobs\" \/>\n<meta name=\"twitter:site\" content=\"@canadamotorjobs\" \/>\n<meta name=\"twitter:label1\" content=\"\u00c9crit par\" \/>\n\t<meta name=\"twitter:data1\" content=\"Benoit Charette\" \/>\n\t<meta name=\"twitter:label2\" content=\"Estimation du temps de lecture\" \/>\n\t<meta name=\"twitter:data2\" content=\"3 minutes\" \/>\n<!-- \/ Yoast SEO plugin. -->","yoast_head_json":{"title":"Deux versions \u00e9lectrisantes pour les MINI John Cooper Works - CanadaMotorJobs.com","description":"Deux versions \u00e9lectrisantes pour les MINI John Cooper Works - Benoit Charette - Annuel automobile - CanadaMotorJobs.com.","robots":{"index":"index","follow":"follow","max-snippet":"max-snippet:-1","max-image-preview":"max-image-preview:large","max-video-preview":"max-video-preview:-1"},"og_locale":"fr_CA","og_type":"article","og_title":"Deux versions \u00e9lectrisantes pour les MINI John Cooper Works - CanadaMotorJobs.com","og_description":"Deux versions \u00e9lectrisantes pour les MINI John Cooper Works - Benoit Charette - Annuel automobile - CanadaMotorJobs.com.","og_url":"https:\/\/news.canadamotorjobs.com\/fr\/deux-versions-electrisantes-pour-les-mini-john-cooper-works\/","og_site_name":"CanadaMotorJobs.com","article_publisher":"https:\/\/www.facebook.com\/canadamotorjobs\/","article_published_time":"2024-10-16T10:18:03+00:00","article_modified_time":"2024-10-16T10:30:01+00:00","og_image":[{"width":1920,"height":1080,"url":"https:\/\/news.canadamotorjobs.com\/wp-content\/uploads\/2024\/10\/Mini-JCW-Aceman-2026-117.jpg","type":"image\/jpeg"}],"author":"Benoit Charette","twitter_card":"summary_large_image","twitter_creator":"@canadamotorjobs","twitter_site":"@canadamotorjobs","twitter_misc":{"\u00c9crit par":"Benoit Charette","Estimation du temps de lecture":"3 minutes"},"schema":{"@context":"https:\/\/schema.org","@graph":[{"@type":"Article","@id":"https:\/\/news.canadamotorjobs.com\/fr\/deux-versions-electrisantes-pour-les-mini-john-cooper-works\/#article","isPartOf":{"@id":"https:\/\/news.canadamotorjobs.com\/fr\/deux-versions-electrisantes-pour-les-mini-john-cooper-works\/"},"author":{"name":"Benoit Charette","@id":"https:\/\/news.canadamotorjobs.com\/#\/schema\/person\/51793d1f87d44011d7bcc2ed99269a90"},"headline":"Deux versions \u00e9lectrisantes pour les MINI John Cooper Works","datePublished":"2024-10-16T10:18:03+00:00","dateModified":"2024-10-16T10:30:01+00:00","mainEntityOfPage":{"@id":"https:\/\/news.canadamotorjobs.com\/fr\/deux-versions-electrisantes-pour-les-mini-john-cooper-works\/"},"wordCount":539,"publisher":{"@id":"https:\/\/news.canadamotorjobs.com\/#organization"},"image":{"@id":"https:\/\/news.canadamotorjobs.com\/fr\/deux-versions-electrisantes-pour-les-mini-john-cooper-works\/#primaryimage"},"thumbnailUrl":"https:\/\/news.canadamotorjobs.com\/wp-content\/uploads\/2024\/10\/Mini-JCW-Aceman-2026-117.jpg","articleSection":["Annuel automobile"],"inLanguage":"fr-CA"},{"@type":"WebPage","@id":"https:\/\/news.canadamotorjobs.com\/fr\/deux-versions-electrisantes-pour-les-mini-john-cooper-works\/","url":"https:\/\/news.canadamotorjobs.com\/fr\/deux-versions-electrisantes-pour-les-mini-john-cooper-works\/","name":"Deux versions \u00e9lectrisantes pour les MINI John Cooper Works - CanadaMotorJobs.com","isPartOf":{"@id":"https:\/\/news.canadamotorjobs.com\/#website"},"primaryImageOfPage":{"@id":"https:\/\/news.canadamotorjobs.com\/fr\/deux-versions-electrisantes-pour-les-mini-john-cooper-works\/#primaryimage"},"image":{"@id":"https:\/\/news.canadamotorjobs.com\/fr\/deux-versions-electrisantes-pour-les-mini-john-cooper-works\/#primaryimage"},"thumbnailUrl":"https:\/\/news.canadamotorjobs.com\/wp-content\/uploads\/2024\/10\/Mini-JCW-Aceman-2026-117.jpg","datePublished":"2024-10-16T10:18:03+00:00","dateModified":"2024-10-16T10:30:01+00:00","description":"Deux versions \u00e9lectrisantes pour les MINI John Cooper Works - Benoit Charette - Annuel automobile - CanadaMotorJobs.com.","breadcrumb":{"@id":"https:\/\/news.canadamotorjobs.com\/fr\/deux-versions-electrisantes-pour-les-mini-john-cooper-works\/#breadcrumb"},"inLanguage":"fr-CA","potentialAction":[{"@type":"ReadAction","target":["https:\/\/news.canadamotorjobs.com\/fr\/deux-versions-electrisantes-pour-les-mini-john-cooper-works\/"]}]},{"@type":"ImageObject","inLanguage":"fr-CA","@id":"https:\/\/news.canadamotorjobs.com\/fr\/deux-versions-electrisantes-pour-les-mini-john-cooper-works\/#primaryimage","url":"https:\/\/news.canadamotorjobs.com\/wp-content\/uploads\/2024\/10\/Mini-JCW-Aceman-2026-117.jpg","contentUrl":"https:\/\/news.canadamotorjobs.com\/wp-content\/uploads\/2024\/10\/Mini-JCW-Aceman-2026-117.jpg","width":1920,"height":1080},{"@type":"BreadcrumbList","@id":"https:\/\/news.canadamotorjobs.com\/fr\/deux-versions-electrisantes-pour-les-mini-john-cooper-works\/#breadcrumb","itemListElement":[{"@type":"ListItem","position":1,"name":"Home","item":"https:\/\/news.canadamotorjobs.com\/fr\/blog\/"},{"@type":"ListItem","position":2,"name":"Deux versions \u00e9lectrisantes pour les MINI John Cooper Works"}]},{"@type":"WebSite","@id":"https:\/\/news.canadamotorjobs.com\/#website","url":"https:\/\/news.canadamotorjobs.com\/","name":"CanadaMotorJobs.com","description":"Automotive Jobs","publisher":{"@id":"https:\/\/news.canadamotorjobs.com\/#organization"},"potentialAction":[{"@type":"SearchAction","target":{"@type":"EntryPoint","urlTemplate":"https:\/\/news.canadamotorjobs.com\/?s={search_term_string}"},"query-input":"required name=search_term_string"}],"inLanguage":"fr-CA"},{"@type":"Organization","@id":"https:\/\/news.canadamotorjobs.com\/#organization","name":"Canada Motor Jobs","url":"https:\/\/news.canadamotorjobs.com\/","logo":{"@type":"ImageObject","inLanguage":"fr-CA","@id":"https:\/\/news.canadamotorjobs.com\/#\/schema\/logo\/image\/","url":"https:\/\/news.canadamotorjobs.com\/wp-content\/uploads\/2022\/10\/logo-canada-motor-jobs-1.png","contentUrl":"https:\/\/news.canadamotorjobs.com\/wp-content\/uploads\/2022\/10\/logo-canada-motor-jobs-1.png","width":800,"height":400,"caption":"Canada Motor Jobs"},"image":{"@id":"https:\/\/news.canadamotorjobs.com\/#\/schema\/logo\/image\/"},"sameAs":["https:\/\/www.facebook.com\/canadamotorjobs\/","https:\/\/x.com\/canadamotorjobs","https:\/\/www.instagram.com\/canadamotorjobs\/","https:\/\/www.linkedin.com\/company\/canadamotorjobs"]},{"@type":"Person","@id":"https:\/\/news.canadamotorjobs.com\/#\/schema\/person\/51793d1f87d44011d7bcc2ed99269a90","name":"Benoit Charette","image":{"@type":"ImageObject","inLanguage":"fr-CA","@id":"https:\/\/news.canadamotorjobs.com\/#\/schema\/person\/image\/","url":"https:\/\/secure.gravatar.com\/avatar\/45f3d2eebcccd909668d7ce7ea7267b6?s=96&d=mm&r=g","contentUrl":"https:\/\/secure.gravatar.com\/avatar\/45f3d2eebcccd909668d7ce7ea7267b6?s=96&d=mm&r=g","caption":"Benoit Charette"},"description":"Benoit Charette \/ Propri\u00e9taire et r\u00e9dacteur en chef Benoit Charette pratique le journalisme automobile depuis bient\u00f4t 30 ans. Il a fait ses classes au c\u00f4t\u00e9 de Daniel H\u00e9raud et au Carnet de route de 1992 \u00e0 2001. Il est fondateur, copropri\u00e9taire et r\u00e9dacteur en chef de L\u2019Annuel de l\u2019automobile, qu\u2019il publie depuis 2001. Il a anim\u00e9 les \u00e9missions RPM et RPM+ sur V et les L\u00e9gendes de la route sur Historia. \u00c0 la radio depuis 1986, il reprend l\u2019antenne cette ann\u00e9e sur les ondes de Cogeco et participe pour la deuxi\u00e8me ann\u00e9e \u00e0 l\u2019\u00e9mission Passion Auto sur RDS en plus de mettre en ligne le site Web officiel de L\u2019Annuel de l\u2019automobile sur annuelauto.ca.","sameAs":["https:\/\/annuelauto.ca\/"],"url":"https:\/\/news.canadamotorjobs.com\/fr\/author\/benoit-charette\/"}]}},"_links":{"self":[{"href":"https:\/\/news.canadamotorjobs.com\/fr\/wp-json\/wp\/v2\/posts\/177470"}],"collection":[{"href":"https:\/\/news.canadamotorjobs.com\/fr\/wp-json\/wp\/v2\/posts"}],"about":[{"href":"https:\/\/news.canadamotorjobs.com\/fr\/wp-json\/wp\/v2\/types\/post"}],"author":[{"embeddable":true,"href":"https:\/\/news.canadamotorjobs.com\/fr\/wp-json\/wp\/v2\/users\/8"}],"replies":[{"embeddable":true,"href":"https:\/\/news.canadamotorjobs.com\/fr\/wp-json\/wp\/v2\/comments?post=177470"}],"version-history":[{"count":2,"href":"https:\/\/news.canadamotorjobs.com\/fr\/wp-json\/wp\/v2\/posts\/177470\/revisions"}],"predecessor-version":[{"id":177474,"href":"https:\/\/news.canadamotorjobs.com\/fr\/wp-json\/wp\/v2\/posts\/177470\/revisions\/177474"}],"wp:featuredmedia":[{"embeddable":true,"href":"https:\/\/news.canadamotorjobs.com\/fr\/wp-json\/wp\/v2\/media\/177472"}],"wp:attachment":[{"href":"https:\/\/news.canadamotorjobs.com\/fr\/wp-json\/wp\/v2\/media?parent=177470"}],"wp:term":[{"taxonomy":"category","embeddable":true,"href":"https:\/\/news.canadamotorjobs.com\/fr\/wp-json\/wp\/v2\/categories?post=177470"},{"taxonomy":"post_tag","embeddable":true,"href":"https:\/\/news.canadamotorjobs.com\/fr\/wp-json\/wp\/v2\/tags?post=177470"}],"curies":[{"name":"wp","href":"https:\/\/api.w.org\/{rel}","templated":true}]}}