{"id":177424,"date":"2024-10-15T06:41:49","date_gmt":"2024-10-15T10:41:49","guid":{"rendered":"https:\/\/news.canadamotorjobs.com\/?p=177424"},"modified":"2024-10-15T06:44:35","modified_gmt":"2024-10-15T10:44:35","slug":"le-retour-de-la-chevrolet-bolt-en-2026","status":"publish","type":"post","link":"https:\/\/news.canadamotorjobs.com\/fr\/le-retour-de-la-chevrolet-bolt-en-2026\/","title":{"rendered":"Le retour de la Chevrolet Bolt en 2026"},"content":{"rendered":"<\/p>\n<p>Dans un march\u00e9 des v\u00e9hicules \u00e9lectriques en pleine \u00e9volution, o\u00f9 les marques r\u00e9\u00e9valuent leurs strat\u00e9gies en fonction des ventes, une option \u00e0 moins de 40 000 $ semble plus n\u00e9cessaire que jamais. Chevrolet, avec ses mod\u00e8les Bolt EV et EUV lanc\u00e9s entre 2016 et 2021, puis de nouveau en 2022 jusqu\u2019\u00e0 la fin 2023, avait su r\u00e9pondre \u00e0 cette demande. Mais apr\u00e8s une ann\u00e9e record en termes de ventes, la production de la Bolt a \u00e9t\u00e9 suspendue. La raison? Chevrolet a choisi de passer \u00e0 une nouvelle plateforme pour ses v\u00e9hicules \u00e9lectriques, l\u2019Ultium, bien qu\u2019il soit d\u00e9sormais annonc\u00e9 que cette appellation ne sera plus utilis\u00e9e. Cependant, Chevrolet a promis le retour de la Bolt pour une seconde g\u00e9n\u00e9ration, pr\u00e9vue pour l&#8217;ann\u00e9e mod\u00e8le 2026. Une inqui\u00e9tude subsistait : avec l&#8217;augmentation de la taille du v\u00e9hicule, son prix resterait-il aussi attractif que dans le pass\u00e9?<\/p>\n<h3><strong>Une famille qui s&#8217;agrandit<\/strong><\/h3>\n<p>\nLa semaine derni\u00e8re, lors de la journ\u00e9e des investisseurs de General Motors, le pr\u00e9sident de GM, Mark Reuss, a d\u00e9clar\u00e9 que la nouvelle g\u00e9n\u00e9ration de la Bolt ne co\u00fbterait que &#8220;l\u00e9g\u00e8rement plus cher&#8221; que le mod\u00e8le EUV de 2023. Fait int\u00e9ressant, Reuss a affirm\u00e9 que malgr\u00e9 son prix bas, la Bolt restait rentable pour Chevrolet. En plus d\u2019\u00eatre un v\u00e9hicule d&#8217;entr\u00e9e de gamme abordable, Reuss a r\u00e9v\u00e9l\u00e9 que la Bolt EUV ferait partie d&#8217;une famille \u00e9largie de mod\u00e8les Bolt, comprenant un mod\u00e8le encore moins cher. Cette strat\u00e9gie pourrait s&#8217;av\u00e9rer d\u00e9cisive pour attirer les acheteurs h\u00e9sitants \u00e0 investir dans un v\u00e9hicule \u00e9lectrique co\u00fbteux, comme une Tesla, ou dans des mod\u00e8les \u00e9quivalents.<\/p>\n<h3><strong>Acc\u00e9l\u00e9ration de la production et des performances<\/strong><\/h3>\n<p>\nBien que Mark Reuss n\u2019ait pas divulgu\u00e9 beaucoup de d\u00e9tails techniques sur la nouvelle Bolt, il a mentionn\u00e9 que le v\u00e9hicule serait dot\u00e9 des derni\u00e8res technologies, y compris une recharge beaucoup plus rapide, un aspect crucial pour s\u00e9duire le public vis\u00e9 par GM. En effet, la vitesse de recharge et la disponibilit\u00e9 des infrastructures, ainsi que l&#8217;anxi\u00e9t\u00e9 li\u00e9e \u00e0 l\u2019autonomie, sont des pr\u00e9occupations majeures pour les acheteurs potentiels. Les marques automobiles collaborent m\u00eame pour am\u00e9liorer l\u2019accessibilit\u00e9 des bornes de recharge et prolonger les conditions de voyage des propri\u00e9taires de v\u00e9hicules \u00e9lectriques.<\/p>\n<p>Actuellement, le v\u00e9hicule \u00e9lectrique le moins cher de Chevrolet est l&#8217;Equinox EV. Offrir un mod\u00e8le EUV sous la barre des 40 000 $ est donc essentiel pour attirer les acheteurs novices dans l\u2019\u00e9lectrique ainsi que ceux recherchant un second v\u00e9hicule \u00e0 faible investissement pour des trajets quotidiens.<\/p>\n<h3><strong>Pourquoi c&#8217;est important<\/strong><\/h3>\n<p>\nLe retour de la Chevy Bolt avec un prix abordable pourrait relancer l&#8217;int\u00e9r\u00eat pour les v\u00e9hicules \u00e9lectriques dans une gamme de prix plus accessible, rendant la transition vers l\u2019\u00e9lectrique plus r\u00e9aliste pour une plus grande partie de la population. En proposant un v\u00e9hicule au prix comp\u00e9titif, Chevrolet pourrait r\u00e9ussir \u00e0 capter une client\u00e8le r\u00e9ticente \u00e0 payer les sommes requises pour des mod\u00e8les plus chers.<\/p>\n<p>Avec des renseignements de Carbuzz<\/p>\n<p>Le texte <a rel=\"nofollow\" href=\"https:\/\/annuelauto.ca\/le-retour-de-la-chevrolet-bolt-en-2026\/\">Le retour de la Chevrolet Bolt en 2026<\/a> provient de <a rel=\"nofollow\" href=\"https:\/\/annuelauto.ca\">L&#8217;annuel de l&#8217;automobile &#8211; Actualit\u00e9 automobile<\/a><\/p>\n<p><\/p>\n","protected":false},"excerpt":{"rendered":"<p>Dans un march\u00e9 des v\u00e9hicules \u00e9lectriques en pleine \u00e9volution, o\u00f9 les marques r\u00e9\u00e9valuent leurs strat\u00e9gies en fonction des ventes, une option \u00e0 moins de 40 000 $ semble plus n\u00e9cessaire que jamais. Chevrolet, avec ses mod\u00e8les Bolt EV et EUV lanc\u00e9s entre 2016 et 2021, puis de nouveau en 2022 jusqu\u2019\u00e0 la fin 2023, avait [&hellip;]<\/p>\n","protected":false},"author":8,"featured_media":177426,"comment_status":"close","ping_status":"closed","sticky":false,"template":"","format":"standard","meta":{"_monsterinsights_skip_tracking":false,"_monsterinsights_sitenote_active":false,"_monsterinsights_sitenote_note":"","_monsterinsights_sitenote_category":0,"footnotes":""},"categories":[101],"tags":[],"yoast_head":"<!-- This site is optimized with the Yoast SEO plugin v23.2 - https:\/\/yoast.com\/wordpress\/plugins\/seo\/ -->\n<title>Le retour de la Chevrolet Bolt en 2026 - CanadaMotorJobs.com<\/title>\n<meta name=\"description\" content=\"Le retour de la Chevrolet Bolt en 2026 - Benoit Charette - Annuel automobile - CanadaMotorJobs.com.\" \/>\n<meta name=\"robots\" content=\"index, follow, max-snippet:-1, max-image-preview:large, max-video-preview:-1\" \/>\n<meta property=\"og:locale\" content=\"fr_CA\" \/>\n<meta property=\"og:type\" content=\"article\" \/>\n<meta property=\"og:title\" content=\"Le retour de la Chevrolet Bolt en 2026 - CanadaMotorJobs.com\" \/>\n<meta property=\"og:description\" content=\"Le retour de la Chevrolet Bolt en 2026 - Benoit Charette - Annuel automobile - CanadaMotorJobs.com.\" \/>\n<meta property=\"og:url\" content=\"https:\/\/news.canadamotorjobs.com\/fr\/le-retour-de-la-chevrolet-bolt-en-2026\/\" \/>\n<meta property=\"og:site_name\" content=\"CanadaMotorJobs.com\" \/>\n<meta property=\"article:publisher\" content=\"https:\/\/www.facebook.com\/canadamotorjobs\/\" \/>\n<meta property=\"article:published_time\" content=\"2024-10-15T10:41:49+00:00\" \/>\n<meta property=\"article:modified_time\" content=\"2024-10-15T10:44:35+00:00\" \/>\n<meta property=\"og:image\" content=\"https:\/\/news.canadamotorjobs.com\/wp-content\/uploads\/2024\/10\/2022-Chevrolet-BoltEUV-010-1024x683-1.jpg\" \/>\n\t<meta property=\"og:image:width\" content=\"1024\" \/>\n\t<meta property=\"og:image:height\" content=\"683\" \/>\n\t<meta property=\"og:image:type\" content=\"image\/jpeg\" \/>\n<meta name=\"author\" content=\"Benoit Charette\" \/>\n<meta name=\"twitter:card\" content=\"summary_large_image\" \/>\n<meta name=\"twitter:creator\" content=\"@canadamotorjobs\" \/>\n<meta name=\"twitter:site\" content=\"@canadamotorjobs\" \/>\n<meta name=\"twitter:label1\" content=\"\u00c9crit par\" \/>\n\t<meta name=\"twitter:data1\" content=\"Benoit Charette\" \/>\n\t<meta name=\"twitter:label2\" content=\"Estimation du temps de lecture\" \/>\n\t<meta name=\"twitter:data2\" content=\"3 minutes\" \/>\n<!-- \/ Yoast SEO plugin. -->","yoast_head_json":{"title":"Le retour de la Chevrolet Bolt en 2026 - CanadaMotorJobs.com","description":"Le retour de la Chevrolet Bolt en 2026 - Benoit Charette - Annuel automobile - CanadaMotorJobs.com.","robots":{"index":"index","follow":"follow","max-snippet":"max-snippet:-1","max-image-preview":"max-image-preview:large","max-video-preview":"max-video-preview:-1"},"og_locale":"fr_CA","og_type":"article","og_title":"Le retour de la Chevrolet Bolt en 2026 - CanadaMotorJobs.com","og_description":"Le retour de la Chevrolet Bolt en 2026 - Benoit Charette - Annuel automobile - CanadaMotorJobs.com.","og_url":"https:\/\/news.canadamotorjobs.com\/fr\/le-retour-de-la-chevrolet-bolt-en-2026\/","og_site_name":"CanadaMotorJobs.com","article_publisher":"https:\/\/www.facebook.com\/canadamotorjobs\/","article_published_time":"2024-10-15T10:41:49+00:00","article_modified_time":"2024-10-15T10:44:35+00:00","og_image":[{"width":1024,"height":683,"url":"https:\/\/news.canadamotorjobs.com\/wp-content\/uploads\/2024\/10\/2022-Chevrolet-BoltEUV-010-1024x683-1.jpg","type":"image\/jpeg"}],"author":"Benoit Charette","twitter_card":"summary_large_image","twitter_creator":"@canadamotorjobs","twitter_site":"@canadamotorjobs","twitter_misc":{"\u00c9crit par":"Benoit Charette","Estimation du temps de lecture":"3 minutes"},"schema":{"@context":"https:\/\/schema.org","@graph":[{"@type":"Article","@id":"https:\/\/news.canadamotorjobs.com\/fr\/le-retour-de-la-chevrolet-bolt-en-2026\/#article","isPartOf":{"@id":"https:\/\/news.canadamotorjobs.com\/fr\/le-retour-de-la-chevrolet-bolt-en-2026\/"},"author":{"name":"Benoit Charette","@id":"https:\/\/news.canadamotorjobs.com\/#\/schema\/person\/51793d1f87d44011d7bcc2ed99269a90"},"headline":"Le retour de la Chevrolet Bolt en 2026","datePublished":"2024-10-15T10:41:49+00:00","dateModified":"2024-10-15T10:44:35+00:00","mainEntityOfPage":{"@id":"https:\/\/news.canadamotorjobs.com\/fr\/le-retour-de-la-chevrolet-bolt-en-2026\/"},"wordCount":565,"publisher":{"@id":"https:\/\/news.canadamotorjobs.com\/#organization"},"image":{"@id":"https:\/\/news.canadamotorjobs.com\/fr\/le-retour-de-la-chevrolet-bolt-en-2026\/#primaryimage"},"thumbnailUrl":"https:\/\/news.canadamotorjobs.com\/wp-content\/uploads\/2024\/10\/2022-Chevrolet-BoltEUV-010-1024x683-1.jpg","articleSection":["Annuel automobile"],"inLanguage":"fr-CA"},{"@type":"WebPage","@id":"https:\/\/news.canadamotorjobs.com\/fr\/le-retour-de-la-chevrolet-bolt-en-2026\/","url":"https:\/\/news.canadamotorjobs.com\/fr\/le-retour-de-la-chevrolet-bolt-en-2026\/","name":"Le retour de la Chevrolet Bolt en 2026 - CanadaMotorJobs.com","isPartOf":{"@id":"https:\/\/news.canadamotorjobs.com\/#website"},"primaryImageOfPage":{"@id":"https:\/\/news.canadamotorjobs.com\/fr\/le-retour-de-la-chevrolet-bolt-en-2026\/#primaryimage"},"image":{"@id":"https:\/\/news.canadamotorjobs.com\/fr\/le-retour-de-la-chevrolet-bolt-en-2026\/#primaryimage"},"thumbnailUrl":"https:\/\/news.canadamotorjobs.com\/wp-content\/uploads\/2024\/10\/2022-Chevrolet-BoltEUV-010-1024x683-1.jpg","datePublished":"2024-10-15T10:41:49+00:00","dateModified":"2024-10-15T10:44:35+00:00","description":"Le retour de la Chevrolet Bolt en 2026 - Benoit Charette - Annuel automobile - CanadaMotorJobs.com.","breadcrumb":{"@id":"https:\/\/news.canadamotorjobs.com\/fr\/le-retour-de-la-chevrolet-bolt-en-2026\/#breadcrumb"},"inLanguage":"fr-CA","potentialAction":[{"@type":"ReadAction","target":["https:\/\/news.canadamotorjobs.com\/fr\/le-retour-de-la-chevrolet-bolt-en-2026\/"]}]},{"@type":"ImageObject","inLanguage":"fr-CA","@id":"https:\/\/news.canadamotorjobs.com\/fr\/le-retour-de-la-chevrolet-bolt-en-2026\/#primaryimage","url":"https:\/\/news.canadamotorjobs.com\/wp-content\/uploads\/2024\/10\/2022-Chevrolet-BoltEUV-010-1024x683-1.jpg","contentUrl":"https:\/\/news.canadamotorjobs.com\/wp-content\/uploads\/2024\/10\/2022-Chevrolet-BoltEUV-010-1024x683-1.jpg","width":1024,"height":683},{"@type":"BreadcrumbList","@id":"https:\/\/news.canadamotorjobs.com\/fr\/le-retour-de-la-chevrolet-bolt-en-2026\/#breadcrumb","itemListElement":[{"@type":"ListItem","position":1,"name":"Home","item":"https:\/\/news.canadamotorjobs.com\/fr\/blog\/"},{"@type":"ListItem","position":2,"name":"Le retour de la Chevrolet Bolt en 2026"}]},{"@type":"WebSite","@id":"https:\/\/news.canadamotorjobs.com\/#website","url":"https:\/\/news.canadamotorjobs.com\/","name":"CanadaMotorJobs.com","description":"Automotive Jobs","publisher":{"@id":"https:\/\/news.canadamotorjobs.com\/#organization"},"potentialAction":[{"@type":"SearchAction","target":{"@type":"EntryPoint","urlTemplate":"https:\/\/news.canadamotorjobs.com\/?s={search_term_string}"},"query-input":"required name=search_term_string"}],"inLanguage":"fr-CA"},{"@type":"Organization","@id":"https:\/\/news.canadamotorjobs.com\/#organization","name":"Canada Motor Jobs","url":"https:\/\/news.canadamotorjobs.com\/","logo":{"@type":"ImageObject","inLanguage":"fr-CA","@id":"https:\/\/news.canadamotorjobs.com\/#\/schema\/logo\/image\/","url":"https:\/\/news.canadamotorjobs.com\/wp-content\/uploads\/2022\/10\/logo-canada-motor-jobs-1.png","contentUrl":"https:\/\/news.canadamotorjobs.com\/wp-content\/uploads\/2022\/10\/logo-canada-motor-jobs-1.png","width":800,"height":400,"caption":"Canada Motor Jobs"},"image":{"@id":"https:\/\/news.canadamotorjobs.com\/#\/schema\/logo\/image\/"},"sameAs":["https:\/\/www.facebook.com\/canadamotorjobs\/","https:\/\/x.com\/canadamotorjobs","https:\/\/www.instagram.com\/canadamotorjobs\/","https:\/\/www.linkedin.com\/company\/canadamotorjobs"]},{"@type":"Person","@id":"https:\/\/news.canadamotorjobs.com\/#\/schema\/person\/51793d1f87d44011d7bcc2ed99269a90","name":"Benoit Charette","image":{"@type":"ImageObject","inLanguage":"fr-CA","@id":"https:\/\/news.canadamotorjobs.com\/#\/schema\/person\/image\/","url":"https:\/\/secure.gravatar.com\/avatar\/45f3d2eebcccd909668d7ce7ea7267b6?s=96&d=mm&r=g","contentUrl":"https:\/\/secure.gravatar.com\/avatar\/45f3d2eebcccd909668d7ce7ea7267b6?s=96&d=mm&r=g","caption":"Benoit Charette"},"description":"Benoit Charette \/ Propri\u00e9taire et r\u00e9dacteur en chef Benoit Charette pratique le journalisme automobile depuis bient\u00f4t 30 ans. Il a fait ses classes au c\u00f4t\u00e9 de Daniel H\u00e9raud et au Carnet de route de 1992 \u00e0 2001. Il est fondateur, copropri\u00e9taire et r\u00e9dacteur en chef de L\u2019Annuel de l\u2019automobile, qu\u2019il publie depuis 2001. Il a anim\u00e9 les \u00e9missions RPM et RPM+ sur V et les L\u00e9gendes de la route sur Historia. \u00c0 la radio depuis 1986, il reprend l\u2019antenne cette ann\u00e9e sur les ondes de Cogeco et participe pour la deuxi\u00e8me ann\u00e9e \u00e0 l\u2019\u00e9mission Passion Auto sur RDS en plus de mettre en ligne le site Web officiel de L\u2019Annuel de l\u2019automobile sur annuelauto.ca.","sameAs":["https:\/\/annuelauto.ca\/"],"url":"https:\/\/news.canadamotorjobs.com\/fr\/author\/benoit-charette\/"}]}},"_links":{"self":[{"href":"https:\/\/news.canadamotorjobs.com\/fr\/wp-json\/wp\/v2\/posts\/177424"}],"collection":[{"href":"https:\/\/news.canadamotorjobs.com\/fr\/wp-json\/wp\/v2\/posts"}],"about":[{"href":"https:\/\/news.canadamotorjobs.com\/fr\/wp-json\/wp\/v2\/types\/post"}],"author":[{"embeddable":true,"href":"https:\/\/news.canadamotorjobs.com\/fr\/wp-json\/wp\/v2\/users\/8"}],"replies":[{"embeddable":true,"href":"https:\/\/news.canadamotorjobs.com\/fr\/wp-json\/wp\/v2\/comments?post=177424"}],"version-history":[{"count":2,"href":"https:\/\/news.canadamotorjobs.com\/fr\/wp-json\/wp\/v2\/posts\/177424\/revisions"}],"predecessor-version":[{"id":177428,"href":"https:\/\/news.canadamotorjobs.com\/fr\/wp-json\/wp\/v2\/posts\/177424\/revisions\/177428"}],"wp:featuredmedia":[{"embeddable":true,"href":"https:\/\/news.canadamotorjobs.com\/fr\/wp-json\/wp\/v2\/media\/177426"}],"wp:attachment":[{"href":"https:\/\/news.canadamotorjobs.com\/fr\/wp-json\/wp\/v2\/media?parent=177424"}],"wp:term":[{"taxonomy":"category","embeddable":true,"href":"https:\/\/news.canadamotorjobs.com\/fr\/wp-json\/wp\/v2\/categories?post=177424"},{"taxonomy":"post_tag","embeddable":true,"href":"https:\/\/news.canadamotorjobs.com\/fr\/wp-json\/wp\/v2\/tags?post=177424"}],"curies":[{"name":"wp","href":"https:\/\/api.w.org\/{rel}","templated":true}]}}