{"id":177354,"date":"2024-10-14T10:12:52","date_gmt":"2024-10-14T14:12:52","guid":{"rendered":"https:\/\/news.canadamotorjobs.com\/?p=177354"},"modified":"2024-10-14T10:14:17","modified_gmt":"2024-10-14T14:14:17","slug":"byd-vise-100-000-ventes-de-vehicules-electriques-au-mexique-dici-2025","status":"publish","type":"post","link":"https:\/\/news.canadamotorjobs.com\/fr\/byd-vise-100-000-ventes-de-vehicules-electriques-au-mexique-dici-2025\/","title":{"rendered":"BYD vise 100 000 ventes de v\u00e9hicules \u00e9lectriques au Mexique d\u2019ici 2025"},"content":{"rendered":"<\/p>\n<p>Le constructeur chinois de v\u00e9hicules \u00e9lectriques, BYD, pr\u00e9voit d&#8217;accro\u00eetre consid\u00e9rablement sa pr\u00e9sence au Mexique. L\u2019entreprise vise la vente de 100 000 v\u00e9hicules \u00e9lectriques d&#8217;ici 2025, soit le double des 50 000 unit\u00e9s pr\u00e9vues pour la fin de l&#8217;ann\u00e9e 2023. Ce chiffre, annonc\u00e9 par Jorge Vallejo, directeur de BYD au Mexique, d\u00e9montre la confiance de la marque envers le march\u00e9 mexicain en pleine croissance pour les v\u00e9hicules \u00e9lectriques.<\/p>\n<h3>Des ventes en pleine expansion<\/h3>\n<p>\nBYD a commenc\u00e9 \u00e0 vendre des v\u00e9hicules \u00e9lectriques import\u00e9s au Mexique l&#8217;ann\u00e9e derni\u00e8re. La demande croissante pour ses mod\u00e8les a permis \u00e0 l&#8217;entreprise d&#8217;atteindre rapidement son objectif initial de 50 000 unit\u00e9s en 2023. Encourag\u00e9e par ce succ\u00e8s, l&#8217;entreprise redouble d&#8217;efforts pour atteindre la barre des 100 000 ventes d\u2019ici deux ans.<\/p>\n<h3>Une usine locale en pr\u00e9paration<\/h3>\n<p>\nPour accompagner cette ambition, BYD annoncera d&#8217;ici la fin de l&#8217;ann\u00e9e l&#8217;emplacement de sa premi\u00e8re usine de fabrication au Mexique. Cette installation jouera un r\u00f4le cl\u00e9 dans la strat\u00e9gie de croissance de l&#8217;entreprise sur ce march\u00e9. Lors de la premi\u00e8re phase, l\u2019usine aura une capacit\u00e9 de production annuelle de 150 000 v\u00e9hicules, et une deuxi\u00e8me phase permettra de doubler cette capacit\u00e9 \u00e0 300 000 unit\u00e9s.<\/p>\n<h3>Maintenir une comp\u00e9titivit\u00e9 tarifaire<\/h3>\n<p>\nL&#8217;expansion de BYD au Mexique s&#8217;accompagne de n\u00e9gociations pour une prolongation de l&#8217;exemption tarifaire sur les v\u00e9hicules \u00e9lectriques import\u00e9s, une mesure essentielle pour maintenir des prix comp\u00e9titifs. Cela a \u00e9t\u00e9 un facteur cl\u00e9 dans la strat\u00e9gie de l&#8217;entreprise pour s\u2019imposer sur le march\u00e9 mexicain.<\/p>\n<p>En outre, cette politique facilitera les plans de BYD d\u2019\u00e9largir ses activit\u00e9s vers les march\u00e9s nord-am\u00e9ricains, notamment les \u00c9tats-Unis et le Canada, o\u00f9 l&#8217;entreprise ambitionne \u00e9galement de s&#8217;implanter.<\/p>\n<p>Avec des renseignements d&#8217;Automotive news<\/p>\n<p>Le texte <a rel=\"nofollow\" href=\"https:\/\/annuelauto.ca\/byd-vise-100-000-ventes-de-vehicules-electriques-au-mexique-dici-2025\/\">BYD vise 100 000 ventes de v\u00e9hicules \u00e9lectriques au Mexique d\u2019ici 2025<\/a> provient de <a rel=\"nofollow\" href=\"https:\/\/annuelauto.ca\">L&#8217;annuel de l&#8217;automobile &#8211; Actualit\u00e9 automobile<\/a><\/p>\n<p><\/p>\n","protected":false},"excerpt":{"rendered":"<p>Le constructeur chinois de v\u00e9hicules \u00e9lectriques, BYD, pr\u00e9voit d&#8217;accro\u00eetre consid\u00e9rablement sa pr\u00e9sence au Mexique. L\u2019entreprise vise la vente de 100 000 v\u00e9hicules \u00e9lectriques d&#8217;ici 2025, soit le double des 50 000 unit\u00e9s pr\u00e9vues pour la fin de l&#8217;ann\u00e9e 2023. Ce chiffre, annonc\u00e9 par Jorge Vallejo, directeur de BYD au Mexique, d\u00e9montre la confiance de la [&hellip;]<\/p>\n","protected":false},"author":8,"featured_media":177356,"comment_status":"close","ping_status":"closed","sticky":false,"template":"","format":"standard","meta":{"_monsterinsights_skip_tracking":false,"_monsterinsights_sitenote_active":false,"_monsterinsights_sitenote_note":"","_monsterinsights_sitenote_category":0,"footnotes":""},"categories":[101],"tags":[],"yoast_head":"<!-- This site is optimized with the Yoast SEO plugin v23.2 - https:\/\/yoast.com\/wordpress\/plugins\/seo\/ -->\n<title>BYD vise 100 000 ventes de v\u00e9hicules \u00e9lectriques au Mexique d\u2019ici 2025 - CanadaMotorJobs.com<\/title>\n<meta name=\"description\" content=\"BYD vise 100 000 ventes de v\u00e9hicules \u00e9lectriques au Mexique d\u2019ici 2025 - Benoit Charette - Annuel automobile - CanadaMotorJobs.com.\" \/>\n<meta name=\"robots\" content=\"index, follow, max-snippet:-1, max-image-preview:large, max-video-preview:-1\" \/>\n<meta property=\"og:locale\" content=\"fr_CA\" \/>\n<meta property=\"og:type\" content=\"article\" \/>\n<meta property=\"og:title\" content=\"BYD vise 100 000 ventes de v\u00e9hicules \u00e9lectriques au Mexique d\u2019ici 2025 - CanadaMotorJobs.com\" \/>\n<meta property=\"og:description\" content=\"BYD vise 100 000 ventes de v\u00e9hicules \u00e9lectriques au Mexique d\u2019ici 2025 - Benoit Charette - Annuel automobile - CanadaMotorJobs.com.\" \/>\n<meta property=\"og:url\" content=\"https:\/\/news.canadamotorjobs.com\/fr\/byd-vise-100-000-ventes-de-vehicules-electriques-au-mexique-dici-2025\/\" \/>\n<meta property=\"og:site_name\" content=\"CanadaMotorJobs.com\" \/>\n<meta property=\"article:publisher\" content=\"https:\/\/www.facebook.com\/canadamotorjobs\/\" \/>\n<meta property=\"article:published_time\" content=\"2024-10-14T14:12:52+00:00\" \/>\n<meta property=\"article:modified_time\" content=\"2024-10-14T14:14:17+00:00\" \/>\n<meta property=\"og:image\" content=\"https:\/\/news.canadamotorjobs.com\/wp-content\/uploads\/2024\/10\/BYD-symbol-640x480-1.jpg\" \/>\n\t<meta property=\"og:image:width\" content=\"640\" \/>\n\t<meta property=\"og:image:height\" content=\"480\" \/>\n\t<meta property=\"og:image:type\" content=\"image\/jpeg\" \/>\n<meta name=\"author\" content=\"Benoit Charette\" \/>\n<meta name=\"twitter:card\" content=\"summary_large_image\" \/>\n<meta name=\"twitter:creator\" content=\"@canadamotorjobs\" \/>\n<meta name=\"twitter:site\" content=\"@canadamotorjobs\" \/>\n<meta name=\"twitter:label1\" content=\"\u00c9crit par\" \/>\n\t<meta name=\"twitter:data1\" content=\"Benoit Charette\" \/>\n\t<meta name=\"twitter:label2\" content=\"Estimation du temps de lecture\" \/>\n\t<meta name=\"twitter:data2\" content=\"2 minutes\" \/>\n<!-- \/ Yoast SEO plugin. -->","yoast_head_json":{"title":"BYD vise 100 000 ventes de v\u00e9hicules \u00e9lectriques au Mexique d\u2019ici 2025 - CanadaMotorJobs.com","description":"BYD vise 100 000 ventes de v\u00e9hicules \u00e9lectriques au Mexique d\u2019ici 2025 - Benoit Charette - Annuel automobile - CanadaMotorJobs.com.","robots":{"index":"index","follow":"follow","max-snippet":"max-snippet:-1","max-image-preview":"max-image-preview:large","max-video-preview":"max-video-preview:-1"},"og_locale":"fr_CA","og_type":"article","og_title":"BYD vise 100 000 ventes de v\u00e9hicules \u00e9lectriques au Mexique d\u2019ici 2025 - CanadaMotorJobs.com","og_description":"BYD vise 100 000 ventes de v\u00e9hicules \u00e9lectriques au Mexique d\u2019ici 2025 - Benoit Charette - Annuel automobile - CanadaMotorJobs.com.","og_url":"https:\/\/news.canadamotorjobs.com\/fr\/byd-vise-100-000-ventes-de-vehicules-electriques-au-mexique-dici-2025\/","og_site_name":"CanadaMotorJobs.com","article_publisher":"https:\/\/www.facebook.com\/canadamotorjobs\/","article_published_time":"2024-10-14T14:12:52+00:00","article_modified_time":"2024-10-14T14:14:17+00:00","og_image":[{"width":640,"height":480,"url":"https:\/\/news.canadamotorjobs.com\/wp-content\/uploads\/2024\/10\/BYD-symbol-640x480-1.jpg","type":"image\/jpeg"}],"author":"Benoit Charette","twitter_card":"summary_large_image","twitter_creator":"@canadamotorjobs","twitter_site":"@canadamotorjobs","twitter_misc":{"\u00c9crit par":"Benoit Charette","Estimation du temps de lecture":"2 minutes"},"schema":{"@context":"https:\/\/schema.org","@graph":[{"@type":"Article","@id":"https:\/\/news.canadamotorjobs.com\/fr\/byd-vise-100-000-ventes-de-vehicules-electriques-au-mexique-dici-2025\/#article","isPartOf":{"@id":"https:\/\/news.canadamotorjobs.com\/fr\/byd-vise-100-000-ventes-de-vehicules-electriques-au-mexique-dici-2025\/"},"author":{"name":"Benoit Charette","@id":"https:\/\/news.canadamotorjobs.com\/#\/schema\/person\/51793d1f87d44011d7bcc2ed99269a90"},"headline":"BYD vise 100 000 ventes de v\u00e9hicules \u00e9lectriques au Mexique d\u2019ici 2025","datePublished":"2024-10-14T14:12:52+00:00","dateModified":"2024-10-14T14:14:17+00:00","mainEntityOfPage":{"@id":"https:\/\/news.canadamotorjobs.com\/fr\/byd-vise-100-000-ventes-de-vehicules-electriques-au-mexique-dici-2025\/"},"wordCount":351,"publisher":{"@id":"https:\/\/news.canadamotorjobs.com\/#organization"},"image":{"@id":"https:\/\/news.canadamotorjobs.com\/fr\/byd-vise-100-000-ventes-de-vehicules-electriques-au-mexique-dici-2025\/#primaryimage"},"thumbnailUrl":"https:\/\/news.canadamotorjobs.com\/wp-content\/uploads\/2024\/10\/BYD-symbol-640x480-1.jpg","articleSection":["Annuel automobile"],"inLanguage":"fr-CA"},{"@type":"WebPage","@id":"https:\/\/news.canadamotorjobs.com\/fr\/byd-vise-100-000-ventes-de-vehicules-electriques-au-mexique-dici-2025\/","url":"https:\/\/news.canadamotorjobs.com\/fr\/byd-vise-100-000-ventes-de-vehicules-electriques-au-mexique-dici-2025\/","name":"BYD vise 100 000 ventes de v\u00e9hicules \u00e9lectriques au Mexique d\u2019ici 2025 - CanadaMotorJobs.com","isPartOf":{"@id":"https:\/\/news.canadamotorjobs.com\/#website"},"primaryImageOfPage":{"@id":"https:\/\/news.canadamotorjobs.com\/fr\/byd-vise-100-000-ventes-de-vehicules-electriques-au-mexique-dici-2025\/#primaryimage"},"image":{"@id":"https:\/\/news.canadamotorjobs.com\/fr\/byd-vise-100-000-ventes-de-vehicules-electriques-au-mexique-dici-2025\/#primaryimage"},"thumbnailUrl":"https:\/\/news.canadamotorjobs.com\/wp-content\/uploads\/2024\/10\/BYD-symbol-640x480-1.jpg","datePublished":"2024-10-14T14:12:52+00:00","dateModified":"2024-10-14T14:14:17+00:00","description":"BYD vise 100 000 ventes de v\u00e9hicules \u00e9lectriques au Mexique d\u2019ici 2025 - Benoit Charette - Annuel automobile - CanadaMotorJobs.com.","breadcrumb":{"@id":"https:\/\/news.canadamotorjobs.com\/fr\/byd-vise-100-000-ventes-de-vehicules-electriques-au-mexique-dici-2025\/#breadcrumb"},"inLanguage":"fr-CA","potentialAction":[{"@type":"ReadAction","target":["https:\/\/news.canadamotorjobs.com\/fr\/byd-vise-100-000-ventes-de-vehicules-electriques-au-mexique-dici-2025\/"]}]},{"@type":"ImageObject","inLanguage":"fr-CA","@id":"https:\/\/news.canadamotorjobs.com\/fr\/byd-vise-100-000-ventes-de-vehicules-electriques-au-mexique-dici-2025\/#primaryimage","url":"https:\/\/news.canadamotorjobs.com\/wp-content\/uploads\/2024\/10\/BYD-symbol-640x480-1.jpg","contentUrl":"https:\/\/news.canadamotorjobs.com\/wp-content\/uploads\/2024\/10\/BYD-symbol-640x480-1.jpg","width":640,"height":480},{"@type":"BreadcrumbList","@id":"https:\/\/news.canadamotorjobs.com\/fr\/byd-vise-100-000-ventes-de-vehicules-electriques-au-mexique-dici-2025\/#breadcrumb","itemListElement":[{"@type":"ListItem","position":1,"name":"Home","item":"https:\/\/news.canadamotorjobs.com\/fr\/blog\/"},{"@type":"ListItem","position":2,"name":"BYD vise 100 000 ventes de v\u00e9hicules \u00e9lectriques au Mexique d\u2019ici 2025"}]},{"@type":"WebSite","@id":"https:\/\/news.canadamotorjobs.com\/#website","url":"https:\/\/news.canadamotorjobs.com\/","name":"CanadaMotorJobs.com","description":"Automotive Jobs","publisher":{"@id":"https:\/\/news.canadamotorjobs.com\/#organization"},"potentialAction":[{"@type":"SearchAction","target":{"@type":"EntryPoint","urlTemplate":"https:\/\/news.canadamotorjobs.com\/?s={search_term_string}"},"query-input":"required name=search_term_string"}],"inLanguage":"fr-CA"},{"@type":"Organization","@id":"https:\/\/news.canadamotorjobs.com\/#organization","name":"Canada Motor Jobs","url":"https:\/\/news.canadamotorjobs.com\/","logo":{"@type":"ImageObject","inLanguage":"fr-CA","@id":"https:\/\/news.canadamotorjobs.com\/#\/schema\/logo\/image\/","url":"https:\/\/news.canadamotorjobs.com\/wp-content\/uploads\/2022\/10\/logo-canada-motor-jobs-1.png","contentUrl":"https:\/\/news.canadamotorjobs.com\/wp-content\/uploads\/2022\/10\/logo-canada-motor-jobs-1.png","width":800,"height":400,"caption":"Canada Motor Jobs"},"image":{"@id":"https:\/\/news.canadamotorjobs.com\/#\/schema\/logo\/image\/"},"sameAs":["https:\/\/www.facebook.com\/canadamotorjobs\/","https:\/\/x.com\/canadamotorjobs","https:\/\/www.instagram.com\/canadamotorjobs\/","https:\/\/www.linkedin.com\/company\/canadamotorjobs"]},{"@type":"Person","@id":"https:\/\/news.canadamotorjobs.com\/#\/schema\/person\/51793d1f87d44011d7bcc2ed99269a90","name":"Benoit Charette","image":{"@type":"ImageObject","inLanguage":"fr-CA","@id":"https:\/\/news.canadamotorjobs.com\/#\/schema\/person\/image\/","url":"https:\/\/secure.gravatar.com\/avatar\/45f3d2eebcccd909668d7ce7ea7267b6?s=96&d=mm&r=g","contentUrl":"https:\/\/secure.gravatar.com\/avatar\/45f3d2eebcccd909668d7ce7ea7267b6?s=96&d=mm&r=g","caption":"Benoit Charette"},"description":"Benoit Charette \/ Propri\u00e9taire et r\u00e9dacteur en chef Benoit Charette pratique le journalisme automobile depuis bient\u00f4t 30 ans. Il a fait ses classes au c\u00f4t\u00e9 de Daniel H\u00e9raud et au Carnet de route de 1992 \u00e0 2001. Il est fondateur, copropri\u00e9taire et r\u00e9dacteur en chef de L\u2019Annuel de l\u2019automobile, qu\u2019il publie depuis 2001. Il a anim\u00e9 les \u00e9missions RPM et RPM+ sur V et les L\u00e9gendes de la route sur Historia. \u00c0 la radio depuis 1986, il reprend l\u2019antenne cette ann\u00e9e sur les ondes de Cogeco et participe pour la deuxi\u00e8me ann\u00e9e \u00e0 l\u2019\u00e9mission Passion Auto sur RDS en plus de mettre en ligne le site Web officiel de L\u2019Annuel de l\u2019automobile sur annuelauto.ca.","sameAs":["https:\/\/annuelauto.ca\/"],"url":"https:\/\/news.canadamotorjobs.com\/fr\/author\/benoit-charette\/"}]}},"_links":{"self":[{"href":"https:\/\/news.canadamotorjobs.com\/fr\/wp-json\/wp\/v2\/posts\/177354"}],"collection":[{"href":"https:\/\/news.canadamotorjobs.com\/fr\/wp-json\/wp\/v2\/posts"}],"about":[{"href":"https:\/\/news.canadamotorjobs.com\/fr\/wp-json\/wp\/v2\/types\/post"}],"author":[{"embeddable":true,"href":"https:\/\/news.canadamotorjobs.com\/fr\/wp-json\/wp\/v2\/users\/8"}],"replies":[{"embeddable":true,"href":"https:\/\/news.canadamotorjobs.com\/fr\/wp-json\/wp\/v2\/comments?post=177354"}],"version-history":[{"count":2,"href":"https:\/\/news.canadamotorjobs.com\/fr\/wp-json\/wp\/v2\/posts\/177354\/revisions"}],"predecessor-version":[{"id":177358,"href":"https:\/\/news.canadamotorjobs.com\/fr\/wp-json\/wp\/v2\/posts\/177354\/revisions\/177358"}],"wp:featuredmedia":[{"embeddable":true,"href":"https:\/\/news.canadamotorjobs.com\/fr\/wp-json\/wp\/v2\/media\/177356"}],"wp:attachment":[{"href":"https:\/\/news.canadamotorjobs.com\/fr\/wp-json\/wp\/v2\/media?parent=177354"}],"wp:term":[{"taxonomy":"category","embeddable":true,"href":"https:\/\/news.canadamotorjobs.com\/fr\/wp-json\/wp\/v2\/categories?post=177354"},{"taxonomy":"post_tag","embeddable":true,"href":"https:\/\/news.canadamotorjobs.com\/fr\/wp-json\/wp\/v2\/tags?post=177354"}],"curies":[{"name":"wp","href":"https:\/\/api.w.org\/{rel}","templated":true}]}}