{"id":177295,"date":"2024-10-13T03:24:48","date_gmt":"2024-10-13T07:24:48","guid":{"rendered":"https:\/\/news.canadamotorjobs.com\/?p=177295"},"modified":"2024-10-13T03:29:45","modified_gmt":"2024-10-13T07:29:45","slug":"lhomme-daffaires-indien-ratan-tata-nest-plus","status":"publish","type":"post","link":"https:\/\/news.canadamotorjobs.com\/fr\/lhomme-daffaires-indien-ratan-tata-nest-plus\/","title":{"rendered":"L\u2019homme d\u2019affaires indien Ratan Tata n\u2019est plus"},"content":{"rendered":"<\/p>\n<p>L\u2019homme d\u2019affaires indien Ratan Tata, fondateur de Tata Motors et acqu\u00e9reur de Jaguar Land Rover, est mort \u00e0 l\u2019\u00e2ge de 86 ans.<\/p>\n<p>Lorsque Ratan Tata a pris la d\u00e9cision d\u2019acheter Jaguar Land Rover (JLR) de Ford en 2008, le geste a \u00e9t\u00e9 per\u00e7u comme audacieux, voire imprudent. Pourtant, ce choix s\u2019est av\u00e9r\u00e9 d\u00e9terminant pour l\u2019avenir du constructeur britannique en difficult\u00e9.<\/p>\n<p>Une vision qui d\u00e9passe les fronti\u00e8res<\/p>\n<p>Ratan Tata, \u00e0 qui on a r\u00e9serv\u00e9 des fun\u00e9railles d\u2019\u00c9tat hier (10 octobre), a transform\u00e9 le conglom\u00e9rat Tata en un empire mondial diversifi\u00e9. Le rachat de Jaguar Land Rover s\u2019est inscrit dans cette strat\u00e9gie globale.<\/p>\n<p>Face \u00e0 la concurrence de Mahindra, un autre g\u00e9ant indien, Tata a r\u00e9ussi \u00e0 acheter JLR pour 2,3 milliards USD, une somme inf\u00e9rieure aux 2,75 milliards que Ford avait pay\u00e9s huit ans plus t\u00f4t. \u00c0 l\u2019\u00e9poque, JLR \u00e9tait en grande difficult\u00e9, et Ford n\u2019arrivait plus \u00e0 redresser la situation.<\/p>\n<p>Un pari risqu\u00e9 pour Tata Motors<\/p>\n<p>Cette acquisition \u00e9tait particuli\u00e8rement risqu\u00e9e pour Tata Motors, alors modeste acteur du march\u00e9 automobile indien. La compagnie tentait de r\u00e9volutionner la mobilit\u00e9 avec des voitures abordables, comme la Nano, qui \u00e9tait vendue seulement 2500 $, un projet qui tenait \u00e0 c\u0153ur \u00e0 Ratan Tata, mais qui n\u2019a pas rencontr\u00e9 le succ\u00e8s escompt\u00e9.<\/p>\n<p>En outre, il existait peu de synergies entre les voitures \u00e9conomiques de Tata et les marques haut de gamme de JLR, ce qui limitait les \u00e9conomies d\u2019\u00e9chelle.<\/p>\n<p><\/p>\n<figure><img decoding=\"async\" src=\"https:\/\/news.canadamotorjobs.com\/wp-content\/uploads\/2024\/10\/land-rover-range-rover-2023_16-5.jpg\" alt=\"Le logo Land Rover\" \/><figcaption>Le logo Land Rover | Auto123.com<\/figcaption><\/figure>\n<p><strong>Des d\u00e9buts difficiles pour JLR<\/strong><\/p>\n<p>Malgr\u00e9 les aides financi\u00e8res de Ford pour assurer la survie de JLR apr\u00e8s l\u2019acquisition, la premi\u00e8re ann\u00e9e s\u2019est sold\u00e9e par une perte de 350 millions de livres sterling ou un peu plus de 700 millions $.<\/p>\n<p>Cependant, Tata avait d\u00e9j\u00e0 commenc\u00e9 \u00e0 structurer un plan solide pour redresser JLR. Il a nomm\u00e9 une direction compos\u00e9e principalement d\u2019anciens cadres de BMW, et ceux-ci ont su exploiter la puissance des marques Land Rover et Range Rover pour p\u00e9n\u00e9trer de nouveaux march\u00e9s, notamment en Chine. D\u00e8s 2011, JLR affichait un b\u00e9n\u00e9fice de plus de deux milliards de dollars.<\/p>\n<p><strong>Une ambition \u00ab sid\u00e9rante \u00bb<\/strong><\/p>\n<p>Comme le site Automotive News le rapporte, Ratan Tata, fid\u00e8le \u00e0 son style de gestion, g\u00e9rait \u00e0 distance en montrant une confiance totale dans les cadres qu\u2019il avait choisis ou h\u00e9rit\u00e9s. Toutefois, il a souvent exprim\u00e9 sa perplexit\u00e9 face \u00e0 l\u2019\u00e9thique de travail britannique. Le quotidien Times a rapport\u00e9 ses propos critiques \u00e0 l\u2019\u00e9gard de la r\u00e9ticence des employ\u00e9s de JLR et de Corus (une autre acquisition de Tata) \u00e0 faire des heures suppl\u00e9mentaires ou \u00e0 planifier des r\u00e9unions apr\u00e8s 17 heures.<\/p>\n<p><strong>L\u2019h\u00e9ritage de Ratan Tata<\/strong><\/p>\n<p>En d\u00e9pit des d\u00e9fis, Ratan Tata a laiss\u00e9 un h\u00e9ritage durable dans l\u2019industrie automobile mondiale. Sa vision et son ambition, bien que jug\u00e9es t\u00e9m\u00e9raires \u00e0 l\u2019\u00e9poque, ont permis \u00e0 JLR de rena\u00eetre de ses cendres, transformant une marque en difficult\u00e9 en un acteur mondial prosp\u00e8re.<\/p>\n<p>L\u2019acquisition de Jaguar Land Rover par Ratan Tata n\u2019\u00e9tait pas qu\u2019une simple transaction commerciale. C\u2019\u00e9tait un pari audacieux qui refl\u00e9tait une vision strat\u00e9gique \u00e0 long terme. Malgr\u00e9 les incertitudes et les critiques initiales, Tata a su mener JLR vers le succ\u00e8s, prouvant ainsi que parfois, la prise de risques calcul\u00e9e peut changer le destin d\u2019une entreprise.<\/p>\n<p><\/p>\n<figure><img decoding=\"async\" src=\"https:\/\/news.canadamotorjobs.com\/wp-content\/uploads\/2024\/10\/Ratan-Tata-1-1.jpg\" alt=\"Ratan Tata, 1937-2024\" \/><figcaption>Ratan Tata, 1937-2024 | Auto123.com<\/figcaption><\/figure>\n<p style=\"padding-top: 15px\">Contenu original de <a href=\"https:\/\/www.auto123.com\/fr\/actualites\/ratan-tata-deces-jaguar-land-rover\/71939\/\">auto123<\/a>.<\/p>\n<p>Le texte <a rel=\"nofollow\" href=\"https:\/\/annuelauto.ca\/lhomme-daffaires-indien-ratan-tata-nest-plus\/\">L\u2019homme d\u2019affaires indien Ratan Tata n\u2019est plus<\/a> provient de <a rel=\"nofollow\" href=\"https:\/\/annuelauto.ca\">L&#8217;annuel de l&#8217;automobile &#8211; Actualit\u00e9 automobile<\/a><\/p>\n<p><\/p>\n","protected":false},"excerpt":{"rendered":"<p>L\u2019homme d\u2019affaires indien Ratan Tata, fondateur de Tata Motors et acqu\u00e9reur de Jaguar Land Rover, est mort \u00e0 l\u2019\u00e2ge de 86 ans. Lorsque Ratan Tata a pris la d\u00e9cision d\u2019acheter Jaguar Land Rover (JLR) de Ford en 2008, le geste a \u00e9t\u00e9 per\u00e7u comme audacieux, voire imprudent. Pourtant, ce choix s\u2019est av\u00e9r\u00e9 d\u00e9terminant pour l\u2019avenir [&hellip;]<\/p>\n","protected":false},"author":8,"featured_media":177297,"comment_status":"close","ping_status":"closed","sticky":false,"template":"","format":"standard","meta":{"_monsterinsights_skip_tracking":false,"_monsterinsights_sitenote_active":false,"_monsterinsights_sitenote_note":"","_monsterinsights_sitenote_category":0,"footnotes":""},"categories":[101],"tags":[],"yoast_head":"<!-- This site is optimized with the Yoast SEO plugin v23.2 - https:\/\/yoast.com\/wordpress\/plugins\/seo\/ -->\n<title>L\u2019homme d\u2019affaires indien Ratan Tata n\u2019est plus - CanadaMotorJobs.com<\/title>\n<meta name=\"description\" content=\"L\u2019homme d\u2019affaires indien Ratan Tata n\u2019est plus - Benoit Charette - Annuel automobile - CanadaMotorJobs.com.\" \/>\n<meta name=\"robots\" content=\"index, follow, max-snippet:-1, max-image-preview:large, max-video-preview:-1\" \/>\n<meta property=\"og:locale\" content=\"fr_CA\" \/>\n<meta property=\"og:type\" content=\"article\" \/>\n<meta property=\"og:title\" content=\"L\u2019homme d\u2019affaires indien Ratan Tata n\u2019est plus - CanadaMotorJobs.com\" \/>\n<meta property=\"og:description\" content=\"L\u2019homme d\u2019affaires indien Ratan Tata n\u2019est plus - Benoit Charette - Annuel automobile - CanadaMotorJobs.com.\" \/>\n<meta property=\"og:url\" content=\"https:\/\/news.canadamotorjobs.com\/fr\/lhomme-daffaires-indien-ratan-tata-nest-plus\/\" \/>\n<meta property=\"og:site_name\" content=\"CanadaMotorJobs.com\" \/>\n<meta property=\"article:publisher\" content=\"https:\/\/www.facebook.com\/canadamotorjobs\/\" \/>\n<meta property=\"article:published_time\" content=\"2024-10-13T07:24:48+00:00\" \/>\n<meta property=\"article:modified_time\" content=\"2024-10-13T07:29:45+00:00\" \/>\n<meta property=\"og:image\" content=\"https:\/\/news.canadamotorjobs.com\/wp-content\/uploads\/2024\/10\/land-rover-range-rover-2023_16.jpg\" \/>\n\t<meta property=\"og:image:width\" content=\"1200\" \/>\n\t<meta property=\"og:image:height\" content=\"800\" \/>\n\t<meta property=\"og:image:type\" content=\"image\/jpeg\" \/>\n<meta name=\"author\" content=\"Benoit Charette\" \/>\n<meta name=\"twitter:card\" content=\"summary_large_image\" \/>\n<meta name=\"twitter:creator\" content=\"@canadamotorjobs\" \/>\n<meta name=\"twitter:site\" content=\"@canadamotorjobs\" \/>\n<meta name=\"twitter:label1\" content=\"\u00c9crit par\" \/>\n\t<meta name=\"twitter:data1\" content=\"Benoit Charette\" \/>\n\t<meta name=\"twitter:label2\" content=\"Estimation du temps de lecture\" \/>\n\t<meta name=\"twitter:data2\" content=\"3 minutes\" \/>\n<!-- \/ Yoast SEO plugin. -->","yoast_head_json":{"title":"L\u2019homme d\u2019affaires indien Ratan Tata n\u2019est plus - CanadaMotorJobs.com","description":"L\u2019homme d\u2019affaires indien Ratan Tata n\u2019est plus - Benoit Charette - Annuel automobile - CanadaMotorJobs.com.","robots":{"index":"index","follow":"follow","max-snippet":"max-snippet:-1","max-image-preview":"max-image-preview:large","max-video-preview":"max-video-preview:-1"},"og_locale":"fr_CA","og_type":"article","og_title":"L\u2019homme d\u2019affaires indien Ratan Tata n\u2019est plus - CanadaMotorJobs.com","og_description":"L\u2019homme d\u2019affaires indien Ratan Tata n\u2019est plus - Benoit Charette - Annuel automobile - CanadaMotorJobs.com.","og_url":"https:\/\/news.canadamotorjobs.com\/fr\/lhomme-daffaires-indien-ratan-tata-nest-plus\/","og_site_name":"CanadaMotorJobs.com","article_publisher":"https:\/\/www.facebook.com\/canadamotorjobs\/","article_published_time":"2024-10-13T07:24:48+00:00","article_modified_time":"2024-10-13T07:29:45+00:00","og_image":[{"width":1200,"height":800,"url":"https:\/\/news.canadamotorjobs.com\/wp-content\/uploads\/2024\/10\/land-rover-range-rover-2023_16.jpg","type":"image\/jpeg"}],"author":"Benoit Charette","twitter_card":"summary_large_image","twitter_creator":"@canadamotorjobs","twitter_site":"@canadamotorjobs","twitter_misc":{"\u00c9crit par":"Benoit Charette","Estimation du temps de lecture":"3 minutes"},"schema":{"@context":"https:\/\/schema.org","@graph":[{"@type":"Article","@id":"https:\/\/news.canadamotorjobs.com\/fr\/lhomme-daffaires-indien-ratan-tata-nest-plus\/#article","isPartOf":{"@id":"https:\/\/news.canadamotorjobs.com\/fr\/lhomme-daffaires-indien-ratan-tata-nest-plus\/"},"author":{"name":"Benoit Charette","@id":"https:\/\/news.canadamotorjobs.com\/#\/schema\/person\/51793d1f87d44011d7bcc2ed99269a90"},"headline":"L\u2019homme d\u2019affaires indien Ratan Tata n\u2019est plus","datePublished":"2024-10-13T07:24:48+00:00","dateModified":"2024-10-13T07:29:45+00:00","mainEntityOfPage":{"@id":"https:\/\/news.canadamotorjobs.com\/fr\/lhomme-daffaires-indien-ratan-tata-nest-plus\/"},"wordCount":626,"publisher":{"@id":"https:\/\/news.canadamotorjobs.com\/#organization"},"image":{"@id":"https:\/\/news.canadamotorjobs.com\/fr\/lhomme-daffaires-indien-ratan-tata-nest-plus\/#primaryimage"},"thumbnailUrl":"https:\/\/news.canadamotorjobs.com\/wp-content\/uploads\/2024\/10\/land-rover-range-rover-2023_16.jpg","articleSection":["Annuel automobile"],"inLanguage":"fr-CA"},{"@type":"WebPage","@id":"https:\/\/news.canadamotorjobs.com\/fr\/lhomme-daffaires-indien-ratan-tata-nest-plus\/","url":"https:\/\/news.canadamotorjobs.com\/fr\/lhomme-daffaires-indien-ratan-tata-nest-plus\/","name":"L\u2019homme d\u2019affaires indien Ratan Tata n\u2019est plus - CanadaMotorJobs.com","isPartOf":{"@id":"https:\/\/news.canadamotorjobs.com\/#website"},"primaryImageOfPage":{"@id":"https:\/\/news.canadamotorjobs.com\/fr\/lhomme-daffaires-indien-ratan-tata-nest-plus\/#primaryimage"},"image":{"@id":"https:\/\/news.canadamotorjobs.com\/fr\/lhomme-daffaires-indien-ratan-tata-nest-plus\/#primaryimage"},"thumbnailUrl":"https:\/\/news.canadamotorjobs.com\/wp-content\/uploads\/2024\/10\/land-rover-range-rover-2023_16.jpg","datePublished":"2024-10-13T07:24:48+00:00","dateModified":"2024-10-13T07:29:45+00:00","description":"L\u2019homme d\u2019affaires indien Ratan Tata n\u2019est plus - Benoit Charette - Annuel automobile - CanadaMotorJobs.com.","breadcrumb":{"@id":"https:\/\/news.canadamotorjobs.com\/fr\/lhomme-daffaires-indien-ratan-tata-nest-plus\/#breadcrumb"},"inLanguage":"fr-CA","potentialAction":[{"@type":"ReadAction","target":["https:\/\/news.canadamotorjobs.com\/fr\/lhomme-daffaires-indien-ratan-tata-nest-plus\/"]}]},{"@type":"ImageObject","inLanguage":"fr-CA","@id":"https:\/\/news.canadamotorjobs.com\/fr\/lhomme-daffaires-indien-ratan-tata-nest-plus\/#primaryimage","url":"https:\/\/news.canadamotorjobs.com\/wp-content\/uploads\/2024\/10\/land-rover-range-rover-2023_16.jpg","contentUrl":"https:\/\/news.canadamotorjobs.com\/wp-content\/uploads\/2024\/10\/land-rover-range-rover-2023_16.jpg","width":1200,"height":800},{"@type":"BreadcrumbList","@id":"https:\/\/news.canadamotorjobs.com\/fr\/lhomme-daffaires-indien-ratan-tata-nest-plus\/#breadcrumb","itemListElement":[{"@type":"ListItem","position":1,"name":"Home","item":"https:\/\/news.canadamotorjobs.com\/fr\/blog\/"},{"@type":"ListItem","position":2,"name":"L\u2019homme d\u2019affaires indien Ratan Tata n\u2019est plus"}]},{"@type":"WebSite","@id":"https:\/\/news.canadamotorjobs.com\/#website","url":"https:\/\/news.canadamotorjobs.com\/","name":"CanadaMotorJobs.com","description":"Automotive Jobs","publisher":{"@id":"https:\/\/news.canadamotorjobs.com\/#organization"},"potentialAction":[{"@type":"SearchAction","target":{"@type":"EntryPoint","urlTemplate":"https:\/\/news.canadamotorjobs.com\/?s={search_term_string}"},"query-input":"required name=search_term_string"}],"inLanguage":"fr-CA"},{"@type":"Organization","@id":"https:\/\/news.canadamotorjobs.com\/#organization","name":"Canada Motor Jobs","url":"https:\/\/news.canadamotorjobs.com\/","logo":{"@type":"ImageObject","inLanguage":"fr-CA","@id":"https:\/\/news.canadamotorjobs.com\/#\/schema\/logo\/image\/","url":"https:\/\/news.canadamotorjobs.com\/wp-content\/uploads\/2022\/10\/logo-canada-motor-jobs-1.png","contentUrl":"https:\/\/news.canadamotorjobs.com\/wp-content\/uploads\/2022\/10\/logo-canada-motor-jobs-1.png","width":800,"height":400,"caption":"Canada Motor Jobs"},"image":{"@id":"https:\/\/news.canadamotorjobs.com\/#\/schema\/logo\/image\/"},"sameAs":["https:\/\/www.facebook.com\/canadamotorjobs\/","https:\/\/x.com\/canadamotorjobs","https:\/\/www.instagram.com\/canadamotorjobs\/","https:\/\/www.linkedin.com\/company\/canadamotorjobs"]},{"@type":"Person","@id":"https:\/\/news.canadamotorjobs.com\/#\/schema\/person\/51793d1f87d44011d7bcc2ed99269a90","name":"Benoit Charette","image":{"@type":"ImageObject","inLanguage":"fr-CA","@id":"https:\/\/news.canadamotorjobs.com\/#\/schema\/person\/image\/","url":"https:\/\/secure.gravatar.com\/avatar\/45f3d2eebcccd909668d7ce7ea7267b6?s=96&d=mm&r=g","contentUrl":"https:\/\/secure.gravatar.com\/avatar\/45f3d2eebcccd909668d7ce7ea7267b6?s=96&d=mm&r=g","caption":"Benoit Charette"},"description":"Benoit Charette \/ Propri\u00e9taire et r\u00e9dacteur en chef Benoit Charette pratique le journalisme automobile depuis bient\u00f4t 30 ans. Il a fait ses classes au c\u00f4t\u00e9 de Daniel H\u00e9raud et au Carnet de route de 1992 \u00e0 2001. Il est fondateur, copropri\u00e9taire et r\u00e9dacteur en chef de L\u2019Annuel de l\u2019automobile, qu\u2019il publie depuis 2001. Il a anim\u00e9 les \u00e9missions RPM et RPM+ sur V et les L\u00e9gendes de la route sur Historia. \u00c0 la radio depuis 1986, il reprend l\u2019antenne cette ann\u00e9e sur les ondes de Cogeco et participe pour la deuxi\u00e8me ann\u00e9e \u00e0 l\u2019\u00e9mission Passion Auto sur RDS en plus de mettre en ligne le site Web officiel de L\u2019Annuel de l\u2019automobile sur annuelauto.ca.","sameAs":["https:\/\/annuelauto.ca\/"],"url":"https:\/\/news.canadamotorjobs.com\/fr\/author\/benoit-charette\/"}]}},"_links":{"self":[{"href":"https:\/\/news.canadamotorjobs.com\/fr\/wp-json\/wp\/v2\/posts\/177295"}],"collection":[{"href":"https:\/\/news.canadamotorjobs.com\/fr\/wp-json\/wp\/v2\/posts"}],"about":[{"href":"https:\/\/news.canadamotorjobs.com\/fr\/wp-json\/wp\/v2\/types\/post"}],"author":[{"embeddable":true,"href":"https:\/\/news.canadamotorjobs.com\/fr\/wp-json\/wp\/v2\/users\/8"}],"replies":[{"embeddable":true,"href":"https:\/\/news.canadamotorjobs.com\/fr\/wp-json\/wp\/v2\/comments?post=177295"}],"version-history":[{"count":3,"href":"https:\/\/news.canadamotorjobs.com\/fr\/wp-json\/wp\/v2\/posts\/177295\/revisions"}],"predecessor-version":[{"id":177326,"href":"https:\/\/news.canadamotorjobs.com\/fr\/wp-json\/wp\/v2\/posts\/177295\/revisions\/177326"}],"wp:featuredmedia":[{"embeddable":true,"href":"https:\/\/news.canadamotorjobs.com\/fr\/wp-json\/wp\/v2\/media\/177297"}],"wp:attachment":[{"href":"https:\/\/news.canadamotorjobs.com\/fr\/wp-json\/wp\/v2\/media?parent=177295"}],"wp:term":[{"taxonomy":"category","embeddable":true,"href":"https:\/\/news.canadamotorjobs.com\/fr\/wp-json\/wp\/v2\/categories?post=177295"},{"taxonomy":"post_tag","embeddable":true,"href":"https:\/\/news.canadamotorjobs.com\/fr\/wp-json\/wp\/v2\/tags?post=177295"}],"curies":[{"name":"wp","href":"https:\/\/api.w.org\/{rel}","templated":true}]}}