{"id":177211,"date":"2024-10-13T03:24:49","date_gmt":"2024-10-13T07:24:49","guid":{"rendered":"https:\/\/news.canadamotorjobs.com\/?p=177211"},"modified":"2024-10-13T03:29:11","modified_gmt":"2024-10-13T07:29:11","slug":"bmw-et-mercedes-benz-voient-leurs-profits-fondre-en-chine","status":"publish","type":"post","link":"https:\/\/news.canadamotorjobs.com\/fr\/bmw-et-mercedes-benz-voient-leurs-profits-fondre-en-chine\/","title":{"rendered":"BMW et Mercedes-Benz voient leurs profits fondre en Chine"},"content":{"rendered":"<\/p>\n<p>Le march\u00e9 de la Chine a tellement \u00e9volu\u00e9 depuis 10 ans qu\u2019il ne peut plus \u00eatre ignor\u00e9. Jadis, si un constructeur faisait des affaires d\u2019or l\u00e0-bas, c\u2019\u00e9tait tant mieux. Aujourd\u2019hui, pour plusieurs marques, ce pays est n\u00e9cessaire \u00e0 la prosp\u00e9rit\u00e9. Et encore plus en ces temps o\u00f9 des sommes astronomiques sont investies en \u00e9lectrification. Les profits doivent \u00eatre au rendez-vous.<\/p>\n<p>Or, pour BMW et Mercedes-Benz, l\u2019ann\u00e9e 2024 est inqui\u00e9tante en ce qui a trait au march\u00e9 de la Chine. Les ventes du troisi\u00e8me trimestre ont s\u00e9rieusement recul\u00e9 en raison d\u2019une demande \u00e0 la baisse et d\u2019une concurrence f\u00e9roce en Chine m\u00eame.<\/p>\n<p>Le secteur automobile allemand est confront\u00e9 \u00e0 de multiples d\u00e9fis, que ce soit les co\u00fbts \u00e9lev\u00e9s de production ou la gestion du passage aux v\u00e9hicules \u00e9lectriques, ou encore ce que l\u2019on mentionnait, soit la baisse de la demande et la concurrence croissante en provenance des constructeurs chinois.<\/p>\n<p>Les difficult\u00e9s que vivent certains constructeurs ont r\u00e9cemment \u00e9t\u00e9 illustr\u00e9es avec les annonces de r\u00e9duction de co\u00fbts chez le plus grand constructeur automobile europ\u00e9en, soit Volkswagen. Le g\u00e9ant envisage m\u00eame de fermer, pour la premi\u00e8re fois, des usines en Allemagne.<\/p>\n<p><\/p>\n<figure><img decoding=\"async\" src=\"https:\/\/news.canadamotorjobs.com\/wp-content\/uploads\/2024\/10\/2023-bmw-ix-m60_14-5.jpg\" alt=\"BMW iX M60\" \/><figcaption>BMW iX M60 | Auto123.com<\/figcaption><\/figure>\n<p><strong>Des chiffres peu reluisants<\/strong><\/p>\n<p>Pour en revenir \u00e0 BMW et \u00e0 Mercedes-Benz, pour le trimestre qui vient de se terminer, soit de juillet \u00e0 septembre, les ventes \u00e0 travers la plan\u00e8te ont chut\u00e9 de 13 % du c\u00f4t\u00e9 de BMW, alors que le recul a \u00e9t\u00e9 de 3 % chez Benz.<\/p>\n<p>En Chine, le recul a \u00e9t\u00e9 de 30 % pour BMW, et de 13 % pour Mercedes-Benz. Et ce sont les mod\u00e8les les plus haut de gamme qui ont vu leurs ventes fondre le plus, notamment du c\u00f4t\u00e9 de Mercedes-Benz avec la Classe S.<\/p>\n<p>Comme le pr\u00e9cise Reuters, un des m\u00e9dias qui rapporte cette nouvelle, BMW n\u2019a pas apport\u00e9 de pr\u00e9cision concernant la performance de ses mod\u00e8les de grand luxe en Chine, mais elle a indiqu\u00e9 que les ventes mondiales de ses Rolls-Royce ont chut\u00e9 de 16 %, tandis que sa marque MINI a subi une baisse de 25 %.<\/p>\n<p>Mercedes note que le march\u00e9 mondial des v\u00e9hicules \u00e9lectriques \u00e9tait morose, faisant \u00e9tat d\u2019une baisse de 31 % des ventes. Autre son de cloche chez BMW, alors que les ventes de mod\u00e8les tout \u00e9lectriques ont augment\u00e9 de 10 % au cours du trimestre.<\/p>\n<p><\/p>\n<figure><img decoding=\"async\" src=\"https:\/\/news.canadamotorjobs.com\/wp-content\/uploads\/2024\/10\/byd_tang_byd_han_byd_dolphin-1.jpeg\" alt=\"La gamme de mod\u00e8les de BYD\" \/><figcaption>La gamme de mod\u00e8les de BYD | Auto123.com<\/figcaption><\/figure>\n<p>Puis, l\u2019autre \u00e9l\u00e9ment dont il faut tenir compte, c\u2019est la concurrence commerciale. L\u2019Union europ\u00e9enne a r\u00e9cemment impos\u00e9 des droits de douane \u00e9lev\u00e9s sur les v\u00e9hicules \u00e9lectriques fabriqu\u00e9s en Chine (\u00e0 l\u2019instar des \u00c9tats-Unis et du Canada), estimant qu\u2019ils b\u00e9n\u00e9ficiaient de subventions publiques injustes. Le gouvernement chinois nie cette affirmation et il a menac\u00e9 de prendre des mesures de r\u00e9torsion.<\/p>\n<p>Voil\u00e0 qui n\u2019augure rien de bon pour les constructeurs allemands, qui r\u00e9alisent environ un tiers de leurs profits en Chine. La Chine envisage d\u2019augmenter les droits de douane sur les importations de gros v\u00e9hicules, ce qui toucherait les constructeurs allemands. Les exportations allemandes de mod\u00e8les \u00e9quip\u00e9s de moteurs de 2,5 litres ou plus vers la Chine ont atteint 1,2 milliard de dollars l\u2019ann\u00e9e derni\u00e8re.<\/p>\n<p>Les actions de BMW et de Mercedes sont rest\u00e9es stables apr\u00e8s la publication des donn\u00e9es sur les ventes.<\/p>\n<p>Les entreprises ont r\u00e9duit leurs pr\u00e9visions annuelles en septembre en citant un march\u00e9 chinois difficile. Depuis le d\u00e9but de l\u2019ann\u00e9e, les actions de BMW et de Mercedes sont en baisse de 23 % et de 9 %, respectivement.<\/p>\n<p>En somme, il faut s\u2019attendre \u00e0 ce que \u00e7a bouge au cours des prochains mois.<\/p>\n<p><\/p>\n<p style=\"padding-top: 15px\">Contenu original de <a href=\"https:\/\/www.auto123.com\/fr\/actualites\/bmw-mercedes-benz-chine-profits-baisse\/71937\/\">auto123<\/a>.<\/p>\n<p>Le texte <a rel=\"nofollow\" href=\"https:\/\/annuelauto.ca\/bmw-et-mercedes-benz-voient-leurs-profits-fondre-en-chine\/\">BMW et Mercedes-Benz voient leurs profits fondre en Chine<\/a> provient de <a rel=\"nofollow\" href=\"https:\/\/annuelauto.ca\">L&#8217;annuel de l&#8217;automobile &#8211; Actualit\u00e9 automobile<\/a><\/p>\n<p><\/p>\n","protected":false},"excerpt":{"rendered":"<p>Le march\u00e9 de la Chine a tellement \u00e9volu\u00e9 depuis 10 ans qu\u2019il ne peut plus \u00eatre ignor\u00e9. Jadis, si un constructeur faisait des affaires d\u2019or l\u00e0-bas, c\u2019\u00e9tait tant mieux. Aujourd\u2019hui, pour plusieurs marques, ce pays est n\u00e9cessaire \u00e0 la prosp\u00e9rit\u00e9. Et encore plus en ces temps o\u00f9 des sommes astronomiques sont investies en \u00e9lectrification. Les [&hellip;]<\/p>\n","protected":false},"author":8,"featured_media":177213,"comment_status":"close","ping_status":"closed","sticky":false,"template":"","format":"standard","meta":{"_monsterinsights_skip_tracking":false,"_monsterinsights_sitenote_active":false,"_monsterinsights_sitenote_note":"","_monsterinsights_sitenote_category":0,"footnotes":""},"categories":[101],"tags":[],"yoast_head":"<!-- This site is optimized with the Yoast SEO plugin v23.2 - https:\/\/yoast.com\/wordpress\/plugins\/seo\/ -->\n<title>BMW et Mercedes-Benz voient leurs profits fondre en Chine - CanadaMotorJobs.com<\/title>\n<meta name=\"description\" content=\"BMW et Mercedes-Benz voient leurs profits fondre en Chine - Benoit Charette - Annuel automobile - CanadaMotorJobs.com.\" \/>\n<meta name=\"robots\" content=\"index, follow, max-snippet:-1, max-image-preview:large, max-video-preview:-1\" \/>\n<meta property=\"og:locale\" content=\"fr_CA\" \/>\n<meta property=\"og:type\" content=\"article\" \/>\n<meta property=\"og:title\" content=\"BMW et Mercedes-Benz voient leurs profits fondre en Chine - CanadaMotorJobs.com\" \/>\n<meta property=\"og:description\" content=\"BMW et Mercedes-Benz voient leurs profits fondre en Chine - Benoit Charette - Annuel automobile - CanadaMotorJobs.com.\" \/>\n<meta property=\"og:url\" content=\"https:\/\/news.canadamotorjobs.com\/fr\/bmw-et-mercedes-benz-voient-leurs-profits-fondre-en-chine\/\" \/>\n<meta property=\"og:site_name\" content=\"CanadaMotorJobs.com\" \/>\n<meta property=\"article:publisher\" content=\"https:\/\/www.facebook.com\/canadamotorjobs\/\" \/>\n<meta property=\"article:published_time\" content=\"2024-10-13T07:24:49+00:00\" \/>\n<meta property=\"article:modified_time\" content=\"2024-10-13T07:29:11+00:00\" \/>\n<meta property=\"og:image\" content=\"https:\/\/news.canadamotorjobs.com\/wp-content\/uploads\/2024\/10\/2023-bmw-ix-m60_14.jpg\" \/>\n\t<meta property=\"og:image:width\" content=\"1200\" \/>\n\t<meta property=\"og:image:height\" content=\"800\" \/>\n\t<meta property=\"og:image:type\" content=\"image\/jpeg\" \/>\n<meta name=\"author\" content=\"Benoit Charette\" \/>\n<meta name=\"twitter:card\" content=\"summary_large_image\" \/>\n<meta name=\"twitter:creator\" content=\"@canadamotorjobs\" \/>\n<meta name=\"twitter:site\" content=\"@canadamotorjobs\" \/>\n<meta name=\"twitter:label1\" content=\"\u00c9crit par\" \/>\n\t<meta name=\"twitter:data1\" content=\"Benoit Charette\" \/>\n\t<meta name=\"twitter:label2\" content=\"Estimation du temps de lecture\" \/>\n\t<meta name=\"twitter:data2\" content=\"3 minutes\" \/>\n<!-- \/ Yoast SEO plugin. -->","yoast_head_json":{"title":"BMW et Mercedes-Benz voient leurs profits fondre en Chine - CanadaMotorJobs.com","description":"BMW et Mercedes-Benz voient leurs profits fondre en Chine - Benoit Charette - Annuel automobile - CanadaMotorJobs.com.","robots":{"index":"index","follow":"follow","max-snippet":"max-snippet:-1","max-image-preview":"max-image-preview:large","max-video-preview":"max-video-preview:-1"},"og_locale":"fr_CA","og_type":"article","og_title":"BMW et Mercedes-Benz voient leurs profits fondre en Chine - CanadaMotorJobs.com","og_description":"BMW et Mercedes-Benz voient leurs profits fondre en Chine - Benoit Charette - Annuel automobile - CanadaMotorJobs.com.","og_url":"https:\/\/news.canadamotorjobs.com\/fr\/bmw-et-mercedes-benz-voient-leurs-profits-fondre-en-chine\/","og_site_name":"CanadaMotorJobs.com","article_publisher":"https:\/\/www.facebook.com\/canadamotorjobs\/","article_published_time":"2024-10-13T07:24:49+00:00","article_modified_time":"2024-10-13T07:29:11+00:00","og_image":[{"width":1200,"height":800,"url":"https:\/\/news.canadamotorjobs.com\/wp-content\/uploads\/2024\/10\/2023-bmw-ix-m60_14.jpg","type":"image\/jpeg"}],"author":"Benoit Charette","twitter_card":"summary_large_image","twitter_creator":"@canadamotorjobs","twitter_site":"@canadamotorjobs","twitter_misc":{"\u00c9crit par":"Benoit Charette","Estimation du temps de lecture":"3 minutes"},"schema":{"@context":"https:\/\/schema.org","@graph":[{"@type":"Article","@id":"https:\/\/news.canadamotorjobs.com\/fr\/bmw-et-mercedes-benz-voient-leurs-profits-fondre-en-chine\/#article","isPartOf":{"@id":"https:\/\/news.canadamotorjobs.com\/fr\/bmw-et-mercedes-benz-voient-leurs-profits-fondre-en-chine\/"},"author":{"name":"Benoit Charette","@id":"https:\/\/news.canadamotorjobs.com\/#\/schema\/person\/51793d1f87d44011d7bcc2ed99269a90"},"headline":"BMW et Mercedes-Benz voient leurs profits fondre en Chine","datePublished":"2024-10-13T07:24:49+00:00","dateModified":"2024-10-13T07:29:11+00:00","mainEntityOfPage":{"@id":"https:\/\/news.canadamotorjobs.com\/fr\/bmw-et-mercedes-benz-voient-leurs-profits-fondre-en-chine\/"},"wordCount":665,"publisher":{"@id":"https:\/\/news.canadamotorjobs.com\/#organization"},"image":{"@id":"https:\/\/news.canadamotorjobs.com\/fr\/bmw-et-mercedes-benz-voient-leurs-profits-fondre-en-chine\/#primaryimage"},"thumbnailUrl":"https:\/\/news.canadamotorjobs.com\/wp-content\/uploads\/2024\/10\/2023-bmw-ix-m60_14.jpg","articleSection":["Annuel automobile"],"inLanguage":"fr-CA"},{"@type":"WebPage","@id":"https:\/\/news.canadamotorjobs.com\/fr\/bmw-et-mercedes-benz-voient-leurs-profits-fondre-en-chine\/","url":"https:\/\/news.canadamotorjobs.com\/fr\/bmw-et-mercedes-benz-voient-leurs-profits-fondre-en-chine\/","name":"BMW et Mercedes-Benz voient leurs profits fondre en Chine - CanadaMotorJobs.com","isPartOf":{"@id":"https:\/\/news.canadamotorjobs.com\/#website"},"primaryImageOfPage":{"@id":"https:\/\/news.canadamotorjobs.com\/fr\/bmw-et-mercedes-benz-voient-leurs-profits-fondre-en-chine\/#primaryimage"},"image":{"@id":"https:\/\/news.canadamotorjobs.com\/fr\/bmw-et-mercedes-benz-voient-leurs-profits-fondre-en-chine\/#primaryimage"},"thumbnailUrl":"https:\/\/news.canadamotorjobs.com\/wp-content\/uploads\/2024\/10\/2023-bmw-ix-m60_14.jpg","datePublished":"2024-10-13T07:24:49+00:00","dateModified":"2024-10-13T07:29:11+00:00","description":"BMW et Mercedes-Benz voient leurs profits fondre en Chine - Benoit Charette - Annuel automobile - CanadaMotorJobs.com.","breadcrumb":{"@id":"https:\/\/news.canadamotorjobs.com\/fr\/bmw-et-mercedes-benz-voient-leurs-profits-fondre-en-chine\/#breadcrumb"},"inLanguage":"fr-CA","potentialAction":[{"@type":"ReadAction","target":["https:\/\/news.canadamotorjobs.com\/fr\/bmw-et-mercedes-benz-voient-leurs-profits-fondre-en-chine\/"]}]},{"@type":"ImageObject","inLanguage":"fr-CA","@id":"https:\/\/news.canadamotorjobs.com\/fr\/bmw-et-mercedes-benz-voient-leurs-profits-fondre-en-chine\/#primaryimage","url":"https:\/\/news.canadamotorjobs.com\/wp-content\/uploads\/2024\/10\/2023-bmw-ix-m60_14.jpg","contentUrl":"https:\/\/news.canadamotorjobs.com\/wp-content\/uploads\/2024\/10\/2023-bmw-ix-m60_14.jpg","width":1200,"height":800},{"@type":"BreadcrumbList","@id":"https:\/\/news.canadamotorjobs.com\/fr\/bmw-et-mercedes-benz-voient-leurs-profits-fondre-en-chine\/#breadcrumb","itemListElement":[{"@type":"ListItem","position":1,"name":"Home","item":"https:\/\/news.canadamotorjobs.com\/fr\/blog\/"},{"@type":"ListItem","position":2,"name":"BMW et Mercedes-Benz voient leurs profits fondre en Chine"}]},{"@type":"WebSite","@id":"https:\/\/news.canadamotorjobs.com\/#website","url":"https:\/\/news.canadamotorjobs.com\/","name":"CanadaMotorJobs.com","description":"Automotive Jobs","publisher":{"@id":"https:\/\/news.canadamotorjobs.com\/#organization"},"potentialAction":[{"@type":"SearchAction","target":{"@type":"EntryPoint","urlTemplate":"https:\/\/news.canadamotorjobs.com\/?s={search_term_string}"},"query-input":"required name=search_term_string"}],"inLanguage":"fr-CA"},{"@type":"Organization","@id":"https:\/\/news.canadamotorjobs.com\/#organization","name":"Canada Motor Jobs","url":"https:\/\/news.canadamotorjobs.com\/","logo":{"@type":"ImageObject","inLanguage":"fr-CA","@id":"https:\/\/news.canadamotorjobs.com\/#\/schema\/logo\/image\/","url":"https:\/\/news.canadamotorjobs.com\/wp-content\/uploads\/2022\/10\/logo-canada-motor-jobs-1.png","contentUrl":"https:\/\/news.canadamotorjobs.com\/wp-content\/uploads\/2022\/10\/logo-canada-motor-jobs-1.png","width":800,"height":400,"caption":"Canada Motor Jobs"},"image":{"@id":"https:\/\/news.canadamotorjobs.com\/#\/schema\/logo\/image\/"},"sameAs":["https:\/\/www.facebook.com\/canadamotorjobs\/","https:\/\/x.com\/canadamotorjobs","https:\/\/www.instagram.com\/canadamotorjobs\/","https:\/\/www.linkedin.com\/company\/canadamotorjobs"]},{"@type":"Person","@id":"https:\/\/news.canadamotorjobs.com\/#\/schema\/person\/51793d1f87d44011d7bcc2ed99269a90","name":"Benoit Charette","image":{"@type":"ImageObject","inLanguage":"fr-CA","@id":"https:\/\/news.canadamotorjobs.com\/#\/schema\/person\/image\/","url":"https:\/\/secure.gravatar.com\/avatar\/45f3d2eebcccd909668d7ce7ea7267b6?s=96&d=mm&r=g","contentUrl":"https:\/\/secure.gravatar.com\/avatar\/45f3d2eebcccd909668d7ce7ea7267b6?s=96&d=mm&r=g","caption":"Benoit Charette"},"description":"Benoit Charette \/ Propri\u00e9taire et r\u00e9dacteur en chef Benoit Charette pratique le journalisme automobile depuis bient\u00f4t 30 ans. Il a fait ses classes au c\u00f4t\u00e9 de Daniel H\u00e9raud et au Carnet de route de 1992 \u00e0 2001. Il est fondateur, copropri\u00e9taire et r\u00e9dacteur en chef de L\u2019Annuel de l\u2019automobile, qu\u2019il publie depuis 2001. Il a anim\u00e9 les \u00e9missions RPM et RPM+ sur V et les L\u00e9gendes de la route sur Historia. \u00c0 la radio depuis 1986, il reprend l\u2019antenne cette ann\u00e9e sur les ondes de Cogeco et participe pour la deuxi\u00e8me ann\u00e9e \u00e0 l\u2019\u00e9mission Passion Auto sur RDS en plus de mettre en ligne le site Web officiel de L\u2019Annuel de l\u2019automobile sur annuelauto.ca.","sameAs":["https:\/\/annuelauto.ca\/"],"url":"https:\/\/news.canadamotorjobs.com\/fr\/author\/benoit-charette\/"}]}},"_links":{"self":[{"href":"https:\/\/news.canadamotorjobs.com\/fr\/wp-json\/wp\/v2\/posts\/177211"}],"collection":[{"href":"https:\/\/news.canadamotorjobs.com\/fr\/wp-json\/wp\/v2\/posts"}],"about":[{"href":"https:\/\/news.canadamotorjobs.com\/fr\/wp-json\/wp\/v2\/types\/post"}],"author":[{"embeddable":true,"href":"https:\/\/news.canadamotorjobs.com\/fr\/wp-json\/wp\/v2\/users\/8"}],"replies":[{"embeddable":true,"href":"https:\/\/news.canadamotorjobs.com\/fr\/wp-json\/wp\/v2\/comments?post=177211"}],"version-history":[{"count":3,"href":"https:\/\/news.canadamotorjobs.com\/fr\/wp-json\/wp\/v2\/posts\/177211\/revisions"}],"predecessor-version":[{"id":177242,"href":"https:\/\/news.canadamotorjobs.com\/fr\/wp-json\/wp\/v2\/posts\/177211\/revisions\/177242"}],"wp:featuredmedia":[{"embeddable":true,"href":"https:\/\/news.canadamotorjobs.com\/fr\/wp-json\/wp\/v2\/media\/177213"}],"wp:attachment":[{"href":"https:\/\/news.canadamotorjobs.com\/fr\/wp-json\/wp\/v2\/media?parent=177211"}],"wp:term":[{"taxonomy":"category","embeddable":true,"href":"https:\/\/news.canadamotorjobs.com\/fr\/wp-json\/wp\/v2\/categories?post=177211"},{"taxonomy":"post_tag","embeddable":true,"href":"https:\/\/news.canadamotorjobs.com\/fr\/wp-json\/wp\/v2\/tags?post=177211"}],"curies":[{"name":"wp","href":"https:\/\/api.w.org\/{rel}","templated":true}]}}