{"id":177183,"date":"2024-10-13T03:24:50","date_gmt":"2024-10-13T07:24:50","guid":{"rendered":"https:\/\/news.canadamotorjobs.com\/?p=177183"},"modified":"2024-10-13T03:28:57","modified_gmt":"2024-10-13T07:28:57","slug":"carlos-tavares-va-quitter-la-tete-de-stellantis-en-2026","status":"publish","type":"post","link":"https:\/\/news.canadamotorjobs.com\/fr\/carlos-tavares-va-quitter-la-tete-de-stellantis-en-2026\/","title":{"rendered":"Carlos Tavares va quitter la t\u00eate de Stellantis en 2026"},"content":{"rendered":"<\/p>\n<p>Si vous consultez nos pages de fa\u00e7on r\u00e9guli\u00e8re, vous savez que \u00e7a ne va pas tr\u00e8s bien pour Stellantis depuis un certain temps d\u00e9j\u00e0. Et au cours des derni\u00e8res semaines, un homme en particulier a \u00e9t\u00e9 point\u00e9 du doigt pour les d\u00e9boires de l\u2019entreprise, soit son grand patron, Carlos Tavares.<\/p>\n<p>On apprenait m\u00eame r\u00e9cemment qu\u2019on \u00e9tait pr\u00eat \u00e0 le remplacer. La chose avait \u00e9t\u00e9 d\u00e9mentie, mais voil\u00e0 qu\u2019elle refait surface. En fait, selon un communiqu\u00e9 \u00e9mis par Stellantis elle-m\u00eame, Carlos Tavares va prendre sa retraite \u00e0 la fin de son mandat comme chef de la direction, soit au d\u00e9but de 2026.<\/p>\n<p>La situation de Stellantis est particuli\u00e8rement difficile aux \u00c9tats-Unis, au point o\u00f9 le Conseil national des concessionnaires Stellantis du pays a pr\u00e9venu la compagnie qu\u2019elle \u00e9tait confront\u00e9e \u00e0 un d\u00e9sastre. Des ventes en recul, un pari \u00e9lectrique incertain pour des marques qui ont jusqu\u2019ici vendu de l\u2019\u00e9motion \u00e0 coup de moteurs V8, et des pertes financi\u00e8res importantes.<\/p>\n<p>Carlos Tavares est en place depuis 2021, soit depuis la cr\u00e9ation de Stellantis. Il a \u00e9t\u00e9 nomm\u00e9 \u00e0 ce poste apr\u00e8s la fusion du Groupe PSA (Peugeot Soci\u00e9t\u00e9 Anonyme) avec FCA (Fiat-Chrysler Automobiles). Son contrat de cinq ans expire au d\u00e9but de l\u2019ann\u00e9e 2026.<\/p>\n<p><\/p>\n<figure><img decoding=\"async\" src=\"https:\/\/news.canadamotorjobs.com\/wp-content\/uploads\/2024\/10\/John_Elkann_Carlos_Tavares-5.jpg\" alt=\"Carlos Tavares et John Elkann, en 2021\" \/><figcaption>Carlos Tavares et John Elkann, en 2021 | Auto123.com<\/figcaption><\/figure>\n<p>Et c\u2019est l\u00e0 que la nouvelle que nous rapportions il y a quelques semaines prend tout son sens, \u00e0 savoir que le processus menant \u00e0 la nomination d\u2019un rempla\u00e7ant a d\u00e9j\u00e0 commenc\u00e9. Elle est men\u00e9e par un comit\u00e9 sp\u00e9cial du conseil d\u2019administration, qui est pr\u00e9sid\u00e9 par John Elkann, qui est \u00e9galement le pr\u00e9sident de Ferrari.<\/p>\n<p>Stellantis d\u00e9clare qu\u2019elle va avoir besoin d\u2019une quinzaine de mois (jusqu\u2019\u00e0 la fin de 2025) pour choisir la bonne personne pour succ\u00e9der \u00e0 Carlos Tavares. Ces derni\u00e8res semaines, le dirigeant a \u00e9t\u00e9 tr\u00e8s vocal \u00e0 propos de ce qui se passe chez Stellantis, que ce soit le fait que les mauvaises ventes de Maserati soient attribuables \u00e0 un mauvais marketing, ou encore que l\u2019usine Sterling Heights, au Michigan, devra am\u00e9liorer sa qualit\u00e9, car trop de camionnettes Ram 1500 doivent \u00eatre r\u00e9par\u00e9es d\u00e8s leur sortie de l\u2019usine.<\/p>\n<p>Pour le moment, il est important de le rappeler, aucune des 14 marques de l\u2019empire n\u2019est menac\u00e9e. En 2021, lors de sa nomination, Carlos Tavares avait mentionn\u00e9 qu\u2019il donnait 10 ans \u00e0 chacune pour qu\u2019elles fassent leurs preuves. Cet \u00e9ch\u00e9ancier serait respect\u00e9.<\/p>\n<p><\/p>\n<p style=\"padding-top: 15px\">Contenu original de <a href=\"https:\/\/www.auto123.com\/fr\/actualites\/carlos-tavares-stellantis-depart-retraite-2026\/71936\/\">auto123<\/a>.<\/p>\n<p>Le texte <a rel=\"nofollow\" href=\"https:\/\/annuelauto.ca\/carlos-tavares-va-quitter-la-tete-de-stellantis-en-2026\/\">Carlos Tavares va quitter la t\u00eate de Stellantis en 2026<\/a> provient de <a rel=\"nofollow\" href=\"https:\/\/annuelauto.ca\">L&#8217;annuel de l&#8217;automobile &#8211; Actualit\u00e9 automobile<\/a><\/p>\n<p><\/p>\n","protected":false},"excerpt":{"rendered":"<p>Si vous consultez nos pages de fa\u00e7on r\u00e9guli\u00e8re, vous savez que \u00e7a ne va pas tr\u00e8s bien pour Stellantis depuis un certain temps d\u00e9j\u00e0. Et au cours des derni\u00e8res semaines, un homme en particulier a \u00e9t\u00e9 point\u00e9 du doigt pour les d\u00e9boires de l\u2019entreprise, soit son grand patron, Carlos Tavares. On apprenait m\u00eame r\u00e9cemment qu\u2019on [&hellip;]<\/p>\n","protected":false},"author":8,"featured_media":177185,"comment_status":"close","ping_status":"closed","sticky":false,"template":"","format":"standard","meta":{"_monsterinsights_skip_tracking":false,"_monsterinsights_sitenote_active":false,"_monsterinsights_sitenote_note":"","_monsterinsights_sitenote_category":0,"footnotes":""},"categories":[101],"tags":[],"yoast_head":"<!-- This site is optimized with the Yoast SEO plugin v23.2 - https:\/\/yoast.com\/wordpress\/plugins\/seo\/ -->\n<title>Carlos Tavares va quitter la t\u00eate de Stellantis en 2026 - CanadaMotorJobs.com<\/title>\n<meta name=\"description\" content=\"Carlos Tavares va quitter la t\u00eate de Stellantis en 2026 - Benoit Charette - Annuel automobile - CanadaMotorJobs.com.\" \/>\n<meta name=\"robots\" content=\"index, follow, max-snippet:-1, max-image-preview:large, max-video-preview:-1\" \/>\n<meta property=\"og:locale\" content=\"fr_CA\" \/>\n<meta property=\"og:type\" content=\"article\" \/>\n<meta property=\"og:title\" content=\"Carlos Tavares va quitter la t\u00eate de Stellantis en 2026 - CanadaMotorJobs.com\" \/>\n<meta property=\"og:description\" content=\"Carlos Tavares va quitter la t\u00eate de Stellantis en 2026 - Benoit Charette - Annuel automobile - CanadaMotorJobs.com.\" \/>\n<meta property=\"og:url\" content=\"https:\/\/news.canadamotorjobs.com\/fr\/carlos-tavares-va-quitter-la-tete-de-stellantis-en-2026\/\" \/>\n<meta property=\"og:site_name\" content=\"CanadaMotorJobs.com\" \/>\n<meta property=\"article:publisher\" content=\"https:\/\/www.facebook.com\/canadamotorjobs\/\" \/>\n<meta property=\"article:published_time\" content=\"2024-10-13T07:24:50+00:00\" \/>\n<meta property=\"article:modified_time\" content=\"2024-10-13T07:28:57+00:00\" \/>\n<meta property=\"og:image\" content=\"https:\/\/news.canadamotorjobs.com\/wp-content\/uploads\/2024\/10\/John_Elkann_Carlos_Tavares.jpg\" \/>\n\t<meta property=\"og:image:width\" content=\"1200\" \/>\n\t<meta property=\"og:image:height\" content=\"800\" \/>\n\t<meta property=\"og:image:type\" content=\"image\/jpeg\" \/>\n<meta name=\"author\" content=\"Benoit Charette\" \/>\n<meta name=\"twitter:card\" content=\"summary_large_image\" \/>\n<meta name=\"twitter:creator\" content=\"@canadamotorjobs\" \/>\n<meta name=\"twitter:site\" content=\"@canadamotorjobs\" \/>\n<meta name=\"twitter:label1\" content=\"\u00c9crit par\" \/>\n\t<meta name=\"twitter:data1\" content=\"Benoit Charette\" \/>\n\t<meta name=\"twitter:label2\" content=\"Estimation du temps de lecture\" \/>\n\t<meta name=\"twitter:data2\" content=\"2 minutes\" \/>\n<!-- \/ Yoast SEO plugin. -->","yoast_head_json":{"title":"Carlos Tavares va quitter la t\u00eate de Stellantis en 2026 - CanadaMotorJobs.com","description":"Carlos Tavares va quitter la t\u00eate de Stellantis en 2026 - Benoit Charette - Annuel automobile - CanadaMotorJobs.com.","robots":{"index":"index","follow":"follow","max-snippet":"max-snippet:-1","max-image-preview":"max-image-preview:large","max-video-preview":"max-video-preview:-1"},"og_locale":"fr_CA","og_type":"article","og_title":"Carlos Tavares va quitter la t\u00eate de Stellantis en 2026 - CanadaMotorJobs.com","og_description":"Carlos Tavares va quitter la t\u00eate de Stellantis en 2026 - Benoit Charette - Annuel automobile - CanadaMotorJobs.com.","og_url":"https:\/\/news.canadamotorjobs.com\/fr\/carlos-tavares-va-quitter-la-tete-de-stellantis-en-2026\/","og_site_name":"CanadaMotorJobs.com","article_publisher":"https:\/\/www.facebook.com\/canadamotorjobs\/","article_published_time":"2024-10-13T07:24:50+00:00","article_modified_time":"2024-10-13T07:28:57+00:00","og_image":[{"width":1200,"height":800,"url":"https:\/\/news.canadamotorjobs.com\/wp-content\/uploads\/2024\/10\/John_Elkann_Carlos_Tavares.jpg","type":"image\/jpeg"}],"author":"Benoit Charette","twitter_card":"summary_large_image","twitter_creator":"@canadamotorjobs","twitter_site":"@canadamotorjobs","twitter_misc":{"\u00c9crit par":"Benoit Charette","Estimation du temps de lecture":"2 minutes"},"schema":{"@context":"https:\/\/schema.org","@graph":[{"@type":"Article","@id":"https:\/\/news.canadamotorjobs.com\/fr\/carlos-tavares-va-quitter-la-tete-de-stellantis-en-2026\/#article","isPartOf":{"@id":"https:\/\/news.canadamotorjobs.com\/fr\/carlos-tavares-va-quitter-la-tete-de-stellantis-en-2026\/"},"author":{"name":"Benoit Charette","@id":"https:\/\/news.canadamotorjobs.com\/#\/schema\/person\/51793d1f87d44011d7bcc2ed99269a90"},"headline":"Carlos Tavares va quitter la t\u00eate de Stellantis en 2026","datePublished":"2024-10-13T07:24:50+00:00","dateModified":"2024-10-13T07:28:57+00:00","mainEntityOfPage":{"@id":"https:\/\/news.canadamotorjobs.com\/fr\/carlos-tavares-va-quitter-la-tete-de-stellantis-en-2026\/"},"wordCount":467,"publisher":{"@id":"https:\/\/news.canadamotorjobs.com\/#organization"},"image":{"@id":"https:\/\/news.canadamotorjobs.com\/fr\/carlos-tavares-va-quitter-la-tete-de-stellantis-en-2026\/#primaryimage"},"thumbnailUrl":"https:\/\/news.canadamotorjobs.com\/wp-content\/uploads\/2024\/10\/John_Elkann_Carlos_Tavares.jpg","articleSection":["Annuel automobile"],"inLanguage":"fr-CA"},{"@type":"WebPage","@id":"https:\/\/news.canadamotorjobs.com\/fr\/carlos-tavares-va-quitter-la-tete-de-stellantis-en-2026\/","url":"https:\/\/news.canadamotorjobs.com\/fr\/carlos-tavares-va-quitter-la-tete-de-stellantis-en-2026\/","name":"Carlos Tavares va quitter la t\u00eate de Stellantis en 2026 - CanadaMotorJobs.com","isPartOf":{"@id":"https:\/\/news.canadamotorjobs.com\/#website"},"primaryImageOfPage":{"@id":"https:\/\/news.canadamotorjobs.com\/fr\/carlos-tavares-va-quitter-la-tete-de-stellantis-en-2026\/#primaryimage"},"image":{"@id":"https:\/\/news.canadamotorjobs.com\/fr\/carlos-tavares-va-quitter-la-tete-de-stellantis-en-2026\/#primaryimage"},"thumbnailUrl":"https:\/\/news.canadamotorjobs.com\/wp-content\/uploads\/2024\/10\/John_Elkann_Carlos_Tavares.jpg","datePublished":"2024-10-13T07:24:50+00:00","dateModified":"2024-10-13T07:28:57+00:00","description":"Carlos Tavares va quitter la t\u00eate de Stellantis en 2026 - Benoit Charette - Annuel automobile - CanadaMotorJobs.com.","breadcrumb":{"@id":"https:\/\/news.canadamotorjobs.com\/fr\/carlos-tavares-va-quitter-la-tete-de-stellantis-en-2026\/#breadcrumb"},"inLanguage":"fr-CA","potentialAction":[{"@type":"ReadAction","target":["https:\/\/news.canadamotorjobs.com\/fr\/carlos-tavares-va-quitter-la-tete-de-stellantis-en-2026\/"]}]},{"@type":"ImageObject","inLanguage":"fr-CA","@id":"https:\/\/news.canadamotorjobs.com\/fr\/carlos-tavares-va-quitter-la-tete-de-stellantis-en-2026\/#primaryimage","url":"https:\/\/news.canadamotorjobs.com\/wp-content\/uploads\/2024\/10\/John_Elkann_Carlos_Tavares.jpg","contentUrl":"https:\/\/news.canadamotorjobs.com\/wp-content\/uploads\/2024\/10\/John_Elkann_Carlos_Tavares.jpg","width":1200,"height":800},{"@type":"BreadcrumbList","@id":"https:\/\/news.canadamotorjobs.com\/fr\/carlos-tavares-va-quitter-la-tete-de-stellantis-en-2026\/#breadcrumb","itemListElement":[{"@type":"ListItem","position":1,"name":"Home","item":"https:\/\/news.canadamotorjobs.com\/fr\/blog\/"},{"@type":"ListItem","position":2,"name":"Carlos Tavares va quitter la t\u00eate de Stellantis en 2026"}]},{"@type":"WebSite","@id":"https:\/\/news.canadamotorjobs.com\/#website","url":"https:\/\/news.canadamotorjobs.com\/","name":"CanadaMotorJobs.com","description":"Automotive Jobs","publisher":{"@id":"https:\/\/news.canadamotorjobs.com\/#organization"},"potentialAction":[{"@type":"SearchAction","target":{"@type":"EntryPoint","urlTemplate":"https:\/\/news.canadamotorjobs.com\/?s={search_term_string}"},"query-input":"required name=search_term_string"}],"inLanguage":"fr-CA"},{"@type":"Organization","@id":"https:\/\/news.canadamotorjobs.com\/#organization","name":"Canada Motor Jobs","url":"https:\/\/news.canadamotorjobs.com\/","logo":{"@type":"ImageObject","inLanguage":"fr-CA","@id":"https:\/\/news.canadamotorjobs.com\/#\/schema\/logo\/image\/","url":"https:\/\/news.canadamotorjobs.com\/wp-content\/uploads\/2022\/10\/logo-canada-motor-jobs-1.png","contentUrl":"https:\/\/news.canadamotorjobs.com\/wp-content\/uploads\/2022\/10\/logo-canada-motor-jobs-1.png","width":800,"height":400,"caption":"Canada Motor Jobs"},"image":{"@id":"https:\/\/news.canadamotorjobs.com\/#\/schema\/logo\/image\/"},"sameAs":["https:\/\/www.facebook.com\/canadamotorjobs\/","https:\/\/x.com\/canadamotorjobs","https:\/\/www.instagram.com\/canadamotorjobs\/","https:\/\/www.linkedin.com\/company\/canadamotorjobs"]},{"@type":"Person","@id":"https:\/\/news.canadamotorjobs.com\/#\/schema\/person\/51793d1f87d44011d7bcc2ed99269a90","name":"Benoit Charette","image":{"@type":"ImageObject","inLanguage":"fr-CA","@id":"https:\/\/news.canadamotorjobs.com\/#\/schema\/person\/image\/","url":"https:\/\/secure.gravatar.com\/avatar\/45f3d2eebcccd909668d7ce7ea7267b6?s=96&d=mm&r=g","contentUrl":"https:\/\/secure.gravatar.com\/avatar\/45f3d2eebcccd909668d7ce7ea7267b6?s=96&d=mm&r=g","caption":"Benoit Charette"},"description":"Benoit Charette \/ Propri\u00e9taire et r\u00e9dacteur en chef Benoit Charette pratique le journalisme automobile depuis bient\u00f4t 30 ans. Il a fait ses classes au c\u00f4t\u00e9 de Daniel H\u00e9raud et au Carnet de route de 1992 \u00e0 2001. Il est fondateur, copropri\u00e9taire et r\u00e9dacteur en chef de L\u2019Annuel de l\u2019automobile, qu\u2019il publie depuis 2001. Il a anim\u00e9 les \u00e9missions RPM et RPM+ sur V et les L\u00e9gendes de la route sur Historia. \u00c0 la radio depuis 1986, il reprend l\u2019antenne cette ann\u00e9e sur les ondes de Cogeco et participe pour la deuxi\u00e8me ann\u00e9e \u00e0 l\u2019\u00e9mission Passion Auto sur RDS en plus de mettre en ligne le site Web officiel de L\u2019Annuel de l\u2019automobile sur annuelauto.ca.","sameAs":["https:\/\/annuelauto.ca\/"],"url":"https:\/\/news.canadamotorjobs.com\/fr\/author\/benoit-charette\/"}]}},"_links":{"self":[{"href":"https:\/\/news.canadamotorjobs.com\/fr\/wp-json\/wp\/v2\/posts\/177183"}],"collection":[{"href":"https:\/\/news.canadamotorjobs.com\/fr\/wp-json\/wp\/v2\/posts"}],"about":[{"href":"https:\/\/news.canadamotorjobs.com\/fr\/wp-json\/wp\/v2\/types\/post"}],"author":[{"embeddable":true,"href":"https:\/\/news.canadamotorjobs.com\/fr\/wp-json\/wp\/v2\/users\/8"}],"replies":[{"embeddable":true,"href":"https:\/\/news.canadamotorjobs.com\/fr\/wp-json\/wp\/v2\/comments?post=177183"}],"version-history":[{"count":3,"href":"https:\/\/news.canadamotorjobs.com\/fr\/wp-json\/wp\/v2\/posts\/177183\/revisions"}],"predecessor-version":[{"id":177210,"href":"https:\/\/news.canadamotorjobs.com\/fr\/wp-json\/wp\/v2\/posts\/177183\/revisions\/177210"}],"wp:featuredmedia":[{"embeddable":true,"href":"https:\/\/news.canadamotorjobs.com\/fr\/wp-json\/wp\/v2\/media\/177185"}],"wp:attachment":[{"href":"https:\/\/news.canadamotorjobs.com\/fr\/wp-json\/wp\/v2\/media?parent=177183"}],"wp:term":[{"taxonomy":"category","embeddable":true,"href":"https:\/\/news.canadamotorjobs.com\/fr\/wp-json\/wp\/v2\/categories?post=177183"},{"taxonomy":"post_tag","embeddable":true,"href":"https:\/\/news.canadamotorjobs.com\/fr\/wp-json\/wp\/v2\/tags?post=177183"}],"curies":[{"name":"wp","href":"https:\/\/api.w.org\/{rel}","templated":true}]}}