{"id":177076,"date":"2024-10-12T03:24:33","date_gmt":"2024-10-12T07:24:33","guid":{"rendered":"https:\/\/news.canadamotorjobs.com\/?p=177076"},"modified":"2024-10-12T03:29:35","modified_gmt":"2024-10-12T07:29:35","slug":"tesla-devoile-son-robotaxi-le-cybercab","status":"publish","type":"post","link":"https:\/\/news.canadamotorjobs.com\/fr\/tesla-devoile-son-robotaxi-le-cybercab\/","title":{"rendered":"Tesla d\u00e9voile son robotaxi, le Cybercab"},"content":{"rendered":"<\/p>\n<p>Tesla a pr\u00e9sent\u00e9 hier soir un mod\u00e8le tr\u00e8s attendu, soit le robotaxi qu\u2019elle promet depuis un certain temps d\u00e9j\u00e0. Ce dernier va prendre le nom de Cybercab.<\/p>\n<p>La pr\u00e9sentation du mod\u00e8le, qui a eu lieu sur les terrains du studio Warner Bros \u00e0 Burbank, en Californie, a \u00e9t\u00e9 accompagn\u00e9e du d\u00e9voilement surprise de la fourgonnette Robovan, qui s\u2019inscrit dans la m\u00eame philosophie.<\/p>\n<p>Les deux v\u00e9hicules \u00e0 conduite autonomes sont d\u00e9pourvus de volant et de p\u00e9dales. Le grand patron de Tesla, Elon Musk, a d\u00e9clar\u00e9 lors de la pr\u00e9sentation que les deux mod\u00e8les \u00e9taient destin\u00e9s \u00e0 la production et qu\u2019aucun changement n\u2019\u00e9tait pr\u00e9vu dans leur conception.<\/p>\n<p><\/p>\n<figure><img decoding=\"async\" src=\"https:\/\/news.canadamotorjobs.com\/wp-content\/uploads\/2024\/10\/tesla_robovan_prototype_6-5.jpeg\" alt=\"Le prototype Tesla Robovan\" \/><figcaption>Le prototype Tesla Robovan | Auto123.com<\/figcaption><\/figure>\n<figure><img decoding=\"async\" src=\"https:\/\/news.canadamotorjobs.com\/wp-content\/uploads\/2024\/10\/tesla_robovan_prototype_42-1.jpg\" alt=\"Tesla Robovan, int\u00e9rieur\" \/><figcaption>Tesla Robovan, int\u00e9rieur | Auto123.com<\/figcaption><\/figure>\n<p><strong>Pour bient\u00f4t ?<\/strong><\/p>\n<p>Reste \u00e0 voir combien de temps va se d\u00e9rouler entre l\u2019annonce et l\u2019arriv\u00e9e des mod\u00e8les. Historiquement, disons que les choses n\u2019ont jamais \u00e9t\u00e9 tr\u00e8s rapides chez Tesla. Elon Musk a donn\u00e9 peu de d\u00e9tails, mais consid\u00e9rant le Cybercab, il a mentionn\u00e9 qu\u2019il devrait normalement voir sa production \u00eatre lanc\u00e9e en 2026, et que son prix serait inf\u00e9rieur \u00e0 30 000 $ am\u00e9ricains.<\/p>\n<p>Il faut aussi faire attention avec les prix lorsqu\u2019il est question d\u2019Elon Musk, comme on a pu le voir avec la camionnette Cybertruck.<\/p>\n<p><\/p>\n<figure><img decoding=\"async\" src=\"https:\/\/news.canadamotorjobs.com\/wp-content\/uploads\/2024\/10\/tesla_robotaxi_prototype_4-1.jpeg\" alt=\"Tesla Cybercab, de profil\" \/><figcaption>Tesla Cybercab, de profil | Auto123.com<\/figcaption><\/figure>\n<figure><img decoding=\"async\" src=\"https:\/\/news.canadamotorjobs.com\/wp-content\/uploads\/2024\/10\/tesla_robotaxi_prototype_1-1.jpeg\" alt=\"Tesla Cybercab, de profil, portes ouvertes\" \/><figcaption>Tesla Cybercab, de profil, portes ouvertes | Auto123.com<\/figcaption><\/figure>\n<p><strong>Pour les parcs\u2026 et le public<\/strong><\/p>\n<p>Le Cybercab s\u2019adresse bien s\u00fbr aux parcs et entreprises, mais il sera aussi offert aux particuliers.<\/p>\n<p>Tesla a aussi partag\u00e9 une vid\u00e9o qui montrait les mod\u00e8les en pleine op\u00e9ration de recharge autonome gr\u00e2ce \u00e0 l\u2019induction, et m\u00eame voir leur int\u00e9rieur se faire nettoyer, toujours de fa\u00e7on autonome par une station d\u00e9di\u00e9e \u00e0 cette t\u00e2che.<\/p>\n<p>Elon Musk a d\u00e9clar\u00e9 que la technologie d\u00e9velopp\u00e9e pour le robotaxi pouvait \u00eatre transf\u00e9r\u00e9e \u00e0 Optimus, le futur robot humano\u00efde d\u2019assistance de Tesla. Des prototypes d\u2019Optimus \u00e9taient pr\u00e9sents lors de l\u2019\u00e9v\u00e9nement et servaient des consommations aux participants.<\/p>\n<p><strong>Un Uber sign\u00e9 Tesla<\/strong><\/p>\n<p>Autre \u00e9l\u00e9ment d\u2019int\u00e9r\u00eat. Tesla a d\u00e9j\u00e0 promis que les propri\u00e9taires de v\u00e9hicules de la marque pourront \u00e9ventuellement louer leur mod\u00e8le comme robotaxi, le tout via un service semblable \u00e0 Uber, mais nomm\u00e9 Tesla Network. Les gens pourront le faire hors de ce service par simple charit\u00e9 avec des amis, mais s\u2019ils souhaitent en profiter financi\u00e8rement, \u00e7a devra se faire via le r\u00e9seau de Tesla. La compagnie va bien s\u00fbr pr\u00e9lever une part des revenus g\u00e9n\u00e9r\u00e9s. Les chiffres de 25 \u00e0 30 % avaient \u00e9t\u00e9 avanc\u00e9s \u00e0 l\u2019\u00e9poque.<\/p>\n<p>Tout \u00e7a pour vous mentionner que la compagnie a toujours ses ambitions bien en t\u00eate.<\/p>\n<p><\/p>\n<figure><img decoding=\"async\" src=\"https:\/\/news.canadamotorjobs.com\/wp-content\/uploads\/2024\/10\/tesla_robotaxi_prototype_81-1.jpg\" alt=\"Tesla Cybercab, int\u00e9rieur\" \/><figcaption>Tesla Cybercab, int\u00e9rieur | Auto123.com<\/figcaption><\/figure>\n<figure><img decoding=\"async\" src=\"https:\/\/news.canadamotorjobs.com\/wp-content\/uploads\/2024\/10\/tesla_robotaxi_prototype_26-1.jpg\" alt=\"Tesla Cybercab, si\u00e8ges\" \/><figcaption>Tesla Cybercab, si\u00e8ges | Auto123.com<\/figcaption><\/figure>\n<p><strong>La conduite autonome<\/strong><\/p>\n<p>\u00c9videmment, la grande question, c\u2019est la fiabilit\u00e9 du syst\u00e8me de conduite semi-autonome. Si les experts s\u2019entendent sur le fait qu\u2019il s\u2019agit du dispositif le plus complet de l\u2019industrie, il n\u2019est pas parfait. Il n\u2019est, pour le moment, que class\u00e9 comme syst\u00e8me de Niveau 2, ce qui n\u00e9cessite l\u2019attention constante d\u2019un conducteur. Le niveau 3 est le premier o\u00f9 un v\u00e9hicule peut fonctionner sans supervision. En ce moment, seul le syst\u00e8me Drive Pilot de Mercedes-Benz est class\u00e9 comme tel, lorsqu\u2019il s\u2019agit de v\u00e9hicules priv\u00e9s.<\/p>\n<p>Elon Musk esp\u00e8re que d\u00e8s l\u2019an prochain, le niveau 3 sera possible sur ses v\u00e9hicules, d\u2019abord au Texas et en Californie.<\/p>\n<p>Il existe des services de robotaxi de niveau 4 actuellement, comme Waymo, mais on parle de mod\u00e8les qui doivent op\u00e9rer \u00e0 l\u2019int\u00e9rieur d\u2019une zone bien d\u00e9termin\u00e9e. L\u2019objectif ultime est le niveau 5, o\u00f9 la machine remplace l\u2019humain.<\/p>\n<p><\/p>\n<figure><img decoding=\"async\" src=\"https:\/\/news.canadamotorjobs.com\/wp-content\/uploads\/2024\/10\/tesla_robotaxi_prototype_92-1.jpeg\" alt=\"Tesla Cybercab, trois quarts arri\u00e8re\" \/><figcaption>Tesla Cybercab, trois quarts arri\u00e8re | Auto123.com<\/figcaption><\/figure>\n<figure><img decoding=\"async\" src=\"https:\/\/news.canadamotorjobs.com\/wp-content\/uploads\/2024\/10\/tesla_robotaxi_prototype_2-1.jpg\" alt=\"Tesla Cybercab, de haut\" \/><figcaption>Tesla Cybercab, de haut | Auto123.com<\/figcaption><\/figure>\n<figure><img decoding=\"async\" src=\"https:\/\/news.canadamotorjobs.com\/wp-content\/uploads\/2024\/10\/tesla_robotaxi_prototype_67-1.jpg\" alt=\"Tesla Cybercab, de haut, portes ouvertes\" \/><figcaption>Tesla Cybercab, de haut, portes ouvertes | Auto123.com<\/figcaption><\/figure>\n<figure><img decoding=\"async\" src=\"https:\/\/news.canadamotorjobs.com\/wp-content\/uploads\/2024\/10\/tesla_robotaxi_prototype_8-1.jpg\" alt=\"Tesla Cybercab, de profil, portes ouvertes\" \/><figcaption>Tesla Cybercab, de profil, portes ouvertes | Auto123.com<\/figcaption><\/figure>\n<p style=\"padding-top: 15px\">Contenu original de <a href=\"https:\/\/www.auto123.com\/fr\/actualites\/tesla-devoilement-robotaxi-cybercab-robovan\/71935\/\">auto123<\/a>.<\/p>\n<p>Le texte <a rel=\"nofollow\" href=\"https:\/\/annuelauto.ca\/tesla-devoile-son-robotaxi-le-cybercab\/\">Tesla d\u00e9voile son robotaxi, le Cybercab<\/a> provient de <a rel=\"nofollow\" href=\"https:\/\/annuelauto.ca\">L&#8217;annuel de l&#8217;automobile &#8211; Actualit\u00e9 automobile<\/a><\/p>\n<p><\/p>\n","protected":false},"excerpt":{"rendered":"<p>Tesla a pr\u00e9sent\u00e9 hier soir un mod\u00e8le tr\u00e8s attendu, soit le robotaxi qu\u2019elle promet depuis un certain temps d\u00e9j\u00e0. Ce dernier va prendre le nom de Cybercab. La pr\u00e9sentation du mod\u00e8le, qui a eu lieu sur les terrains du studio Warner Bros \u00e0 Burbank, en Californie, a \u00e9t\u00e9 accompagn\u00e9e du d\u00e9voilement surprise de la fourgonnette [&hellip;]<\/p>\n","protected":false},"author":8,"featured_media":177078,"comment_status":"close","ping_status":"closed","sticky":false,"template":"","format":"standard","meta":{"_monsterinsights_skip_tracking":false,"_monsterinsights_sitenote_active":false,"_monsterinsights_sitenote_note":"","_monsterinsights_sitenote_category":0,"footnotes":""},"categories":[101],"tags":[],"yoast_head":"<!-- This site is optimized with the Yoast SEO plugin v23.2 - https:\/\/yoast.com\/wordpress\/plugins\/seo\/ -->\n<title>Tesla d\u00e9voile son robotaxi, le Cybercab - CanadaMotorJobs.com<\/title>\n<meta name=\"description\" content=\"Tesla d\u00e9voile son robotaxi, le Cybercab - Benoit Charette - Annuel automobile - CanadaMotorJobs.com.\" \/>\n<meta name=\"robots\" content=\"index, follow, max-snippet:-1, max-image-preview:large, max-video-preview:-1\" \/>\n<meta property=\"og:locale\" content=\"fr_CA\" \/>\n<meta property=\"og:type\" content=\"article\" \/>\n<meta property=\"og:title\" content=\"Tesla d\u00e9voile son robotaxi, le Cybercab - CanadaMotorJobs.com\" \/>\n<meta property=\"og:description\" content=\"Tesla d\u00e9voile son robotaxi, le Cybercab - Benoit Charette - Annuel automobile - CanadaMotorJobs.com.\" \/>\n<meta property=\"og:url\" content=\"https:\/\/news.canadamotorjobs.com\/fr\/tesla-devoile-son-robotaxi-le-cybercab\/\" \/>\n<meta property=\"og:site_name\" content=\"CanadaMotorJobs.com\" \/>\n<meta property=\"article:publisher\" content=\"https:\/\/www.facebook.com\/canadamotorjobs\/\" \/>\n<meta property=\"article:published_time\" content=\"2024-10-12T07:24:33+00:00\" \/>\n<meta property=\"article:modified_time\" content=\"2024-10-12T07:29:35+00:00\" \/>\n<meta property=\"og:image\" content=\"https:\/\/news.canadamotorjobs.com\/wp-content\/uploads\/2024\/10\/tesla_robovan_prototype_6.jpeg\" \/>\n\t<meta property=\"og:image:width\" content=\"1200\" \/>\n\t<meta property=\"og:image:height\" content=\"675\" \/>\n\t<meta property=\"og:image:type\" content=\"image\/jpeg\" \/>\n<meta name=\"author\" content=\"Benoit Charette\" \/>\n<meta name=\"twitter:card\" content=\"summary_large_image\" \/>\n<meta name=\"twitter:creator\" content=\"@canadamotorjobs\" \/>\n<meta name=\"twitter:site\" content=\"@canadamotorjobs\" \/>\n<meta name=\"twitter:label1\" content=\"\u00c9crit par\" \/>\n\t<meta name=\"twitter:data1\" content=\"Benoit Charette\" \/>\n\t<meta name=\"twitter:label2\" content=\"Estimation du temps de lecture\" \/>\n\t<meta name=\"twitter:data2\" content=\"4 minutes\" \/>\n<!-- \/ Yoast SEO plugin. -->","yoast_head_json":{"title":"Tesla d\u00e9voile son robotaxi, le Cybercab - CanadaMotorJobs.com","description":"Tesla d\u00e9voile son robotaxi, le Cybercab - Benoit Charette - Annuel automobile - CanadaMotorJobs.com.","robots":{"index":"index","follow":"follow","max-snippet":"max-snippet:-1","max-image-preview":"max-image-preview:large","max-video-preview":"max-video-preview:-1"},"og_locale":"fr_CA","og_type":"article","og_title":"Tesla d\u00e9voile son robotaxi, le Cybercab - CanadaMotorJobs.com","og_description":"Tesla d\u00e9voile son robotaxi, le Cybercab - Benoit Charette - Annuel automobile - CanadaMotorJobs.com.","og_url":"https:\/\/news.canadamotorjobs.com\/fr\/tesla-devoile-son-robotaxi-le-cybercab\/","og_site_name":"CanadaMotorJobs.com","article_publisher":"https:\/\/www.facebook.com\/canadamotorjobs\/","article_published_time":"2024-10-12T07:24:33+00:00","article_modified_time":"2024-10-12T07:29:35+00:00","og_image":[{"width":1200,"height":675,"url":"https:\/\/news.canadamotorjobs.com\/wp-content\/uploads\/2024\/10\/tesla_robovan_prototype_6.jpeg","type":"image\/jpeg"}],"author":"Benoit Charette","twitter_card":"summary_large_image","twitter_creator":"@canadamotorjobs","twitter_site":"@canadamotorjobs","twitter_misc":{"\u00c9crit par":"Benoit Charette","Estimation du temps de lecture":"4 minutes"},"schema":{"@context":"https:\/\/schema.org","@graph":[{"@type":"Article","@id":"https:\/\/news.canadamotorjobs.com\/fr\/tesla-devoile-son-robotaxi-le-cybercab\/#article","isPartOf":{"@id":"https:\/\/news.canadamotorjobs.com\/fr\/tesla-devoile-son-robotaxi-le-cybercab\/"},"author":{"name":"Benoit Charette","@id":"https:\/\/news.canadamotorjobs.com\/#\/schema\/person\/51793d1f87d44011d7bcc2ed99269a90"},"headline":"Tesla d\u00e9voile son robotaxi, le Cybercab","datePublished":"2024-10-12T07:24:33+00:00","dateModified":"2024-10-12T07:29:35+00:00","mainEntityOfPage":{"@id":"https:\/\/news.canadamotorjobs.com\/fr\/tesla-devoile-son-robotaxi-le-cybercab\/"},"wordCount":725,"publisher":{"@id":"https:\/\/news.canadamotorjobs.com\/#organization"},"image":{"@id":"https:\/\/news.canadamotorjobs.com\/fr\/tesla-devoile-son-robotaxi-le-cybercab\/#primaryimage"},"thumbnailUrl":"https:\/\/news.canadamotorjobs.com\/wp-content\/uploads\/2024\/10\/tesla_robovan_prototype_6.jpeg","articleSection":["Annuel automobile"],"inLanguage":"fr-CA"},{"@type":"WebPage","@id":"https:\/\/news.canadamotorjobs.com\/fr\/tesla-devoile-son-robotaxi-le-cybercab\/","url":"https:\/\/news.canadamotorjobs.com\/fr\/tesla-devoile-son-robotaxi-le-cybercab\/","name":"Tesla d\u00e9voile son robotaxi, le Cybercab - CanadaMotorJobs.com","isPartOf":{"@id":"https:\/\/news.canadamotorjobs.com\/#website"},"primaryImageOfPage":{"@id":"https:\/\/news.canadamotorjobs.com\/fr\/tesla-devoile-son-robotaxi-le-cybercab\/#primaryimage"},"image":{"@id":"https:\/\/news.canadamotorjobs.com\/fr\/tesla-devoile-son-robotaxi-le-cybercab\/#primaryimage"},"thumbnailUrl":"https:\/\/news.canadamotorjobs.com\/wp-content\/uploads\/2024\/10\/tesla_robovan_prototype_6.jpeg","datePublished":"2024-10-12T07:24:33+00:00","dateModified":"2024-10-12T07:29:35+00:00","description":"Tesla d\u00e9voile son robotaxi, le Cybercab - Benoit Charette - Annuel automobile - CanadaMotorJobs.com.","breadcrumb":{"@id":"https:\/\/news.canadamotorjobs.com\/fr\/tesla-devoile-son-robotaxi-le-cybercab\/#breadcrumb"},"inLanguage":"fr-CA","potentialAction":[{"@type":"ReadAction","target":["https:\/\/news.canadamotorjobs.com\/fr\/tesla-devoile-son-robotaxi-le-cybercab\/"]}]},{"@type":"ImageObject","inLanguage":"fr-CA","@id":"https:\/\/news.canadamotorjobs.com\/fr\/tesla-devoile-son-robotaxi-le-cybercab\/#primaryimage","url":"https:\/\/news.canadamotorjobs.com\/wp-content\/uploads\/2024\/10\/tesla_robovan_prototype_6.jpeg","contentUrl":"https:\/\/news.canadamotorjobs.com\/wp-content\/uploads\/2024\/10\/tesla_robovan_prototype_6.jpeg","width":1200,"height":675},{"@type":"BreadcrumbList","@id":"https:\/\/news.canadamotorjobs.com\/fr\/tesla-devoile-son-robotaxi-le-cybercab\/#breadcrumb","itemListElement":[{"@type":"ListItem","position":1,"name":"Home","item":"https:\/\/news.canadamotorjobs.com\/fr\/blog\/"},{"@type":"ListItem","position":2,"name":"Tesla d\u00e9voile son robotaxi, le Cybercab"}]},{"@type":"WebSite","@id":"https:\/\/news.canadamotorjobs.com\/#website","url":"https:\/\/news.canadamotorjobs.com\/","name":"CanadaMotorJobs.com","description":"Automotive Jobs","publisher":{"@id":"https:\/\/news.canadamotorjobs.com\/#organization"},"potentialAction":[{"@type":"SearchAction","target":{"@type":"EntryPoint","urlTemplate":"https:\/\/news.canadamotorjobs.com\/?s={search_term_string}"},"query-input":"required name=search_term_string"}],"inLanguage":"fr-CA"},{"@type":"Organization","@id":"https:\/\/news.canadamotorjobs.com\/#organization","name":"Canada Motor Jobs","url":"https:\/\/news.canadamotorjobs.com\/","logo":{"@type":"ImageObject","inLanguage":"fr-CA","@id":"https:\/\/news.canadamotorjobs.com\/#\/schema\/logo\/image\/","url":"https:\/\/news.canadamotorjobs.com\/wp-content\/uploads\/2022\/10\/logo-canada-motor-jobs-1.png","contentUrl":"https:\/\/news.canadamotorjobs.com\/wp-content\/uploads\/2022\/10\/logo-canada-motor-jobs-1.png","width":800,"height":400,"caption":"Canada Motor Jobs"},"image":{"@id":"https:\/\/news.canadamotorjobs.com\/#\/schema\/logo\/image\/"},"sameAs":["https:\/\/www.facebook.com\/canadamotorjobs\/","https:\/\/x.com\/canadamotorjobs","https:\/\/www.instagram.com\/canadamotorjobs\/","https:\/\/www.linkedin.com\/company\/canadamotorjobs"]},{"@type":"Person","@id":"https:\/\/news.canadamotorjobs.com\/#\/schema\/person\/51793d1f87d44011d7bcc2ed99269a90","name":"Benoit Charette","image":{"@type":"ImageObject","inLanguage":"fr-CA","@id":"https:\/\/news.canadamotorjobs.com\/#\/schema\/person\/image\/","url":"https:\/\/secure.gravatar.com\/avatar\/45f3d2eebcccd909668d7ce7ea7267b6?s=96&d=mm&r=g","contentUrl":"https:\/\/secure.gravatar.com\/avatar\/45f3d2eebcccd909668d7ce7ea7267b6?s=96&d=mm&r=g","caption":"Benoit Charette"},"description":"Benoit Charette \/ Propri\u00e9taire et r\u00e9dacteur en chef Benoit Charette pratique le journalisme automobile depuis bient\u00f4t 30 ans. Il a fait ses classes au c\u00f4t\u00e9 de Daniel H\u00e9raud et au Carnet de route de 1992 \u00e0 2001. Il est fondateur, copropri\u00e9taire et r\u00e9dacteur en chef de L\u2019Annuel de l\u2019automobile, qu\u2019il publie depuis 2001. Il a anim\u00e9 les \u00e9missions RPM et RPM+ sur V et les L\u00e9gendes de la route sur Historia. \u00c0 la radio depuis 1986, il reprend l\u2019antenne cette ann\u00e9e sur les ondes de Cogeco et participe pour la deuxi\u00e8me ann\u00e9e \u00e0 l\u2019\u00e9mission Passion Auto sur RDS en plus de mettre en ligne le site Web officiel de L\u2019Annuel de l\u2019automobile sur annuelauto.ca.","sameAs":["https:\/\/annuelauto.ca\/"],"url":"https:\/\/news.canadamotorjobs.com\/fr\/author\/benoit-charette\/"}]}},"_links":{"self":[{"href":"https:\/\/news.canadamotorjobs.com\/fr\/wp-json\/wp\/v2\/posts\/177076"}],"collection":[{"href":"https:\/\/news.canadamotorjobs.com\/fr\/wp-json\/wp\/v2\/posts"}],"about":[{"href":"https:\/\/news.canadamotorjobs.com\/fr\/wp-json\/wp\/v2\/types\/post"}],"author":[{"embeddable":true,"href":"https:\/\/news.canadamotorjobs.com\/fr\/wp-json\/wp\/v2\/users\/8"}],"replies":[{"embeddable":true,"href":"https:\/\/news.canadamotorjobs.com\/fr\/wp-json\/wp\/v2\/comments?post=177076"}],"version-history":[{"count":3,"href":"https:\/\/news.canadamotorjobs.com\/fr\/wp-json\/wp\/v2\/posts\/177076\/revisions"}],"predecessor-version":[{"id":177139,"href":"https:\/\/news.canadamotorjobs.com\/fr\/wp-json\/wp\/v2\/posts\/177076\/revisions\/177139"}],"wp:featuredmedia":[{"embeddable":true,"href":"https:\/\/news.canadamotorjobs.com\/fr\/wp-json\/wp\/v2\/media\/177078"}],"wp:attachment":[{"href":"https:\/\/news.canadamotorjobs.com\/fr\/wp-json\/wp\/v2\/media?parent=177076"}],"wp:term":[{"taxonomy":"category","embeddable":true,"href":"https:\/\/news.canadamotorjobs.com\/fr\/wp-json\/wp\/v2\/categories?post=177076"},{"taxonomy":"post_tag","embeddable":true,"href":"https:\/\/news.canadamotorjobs.com\/fr\/wp-json\/wp\/v2\/tags?post=177076"}],"curies":[{"name":"wp","href":"https:\/\/api.w.org\/{rel}","templated":true}]}}