{"id":177020,"date":"2024-10-11T15:24:26","date_gmt":"2024-10-11T19:24:26","guid":{"rendered":"https:\/\/news.canadamotorjobs.com\/?p=177020"},"modified":"2024-10-11T15:30:52","modified_gmt":"2024-10-11T19:30:52","slug":"jeep-retire-le-v8-du-grand-cherokee-l-2025","status":"publish","type":"post","link":"https:\/\/news.canadamotorjobs.com\/fr\/jeep-retire-le-v8-du-grand-cherokee-l-2025\/","title":{"rendered":"Jeep retire le V8 du Grand Cherokee L 2025"},"content":{"rendered":"<\/p>\n<p>Les acheteurs souhaitant toujours mettre la main sur un moteur V8 \u00e0 l\u2019achat d\u2019un Jeep Grand Cherokee devaient se tourner depuis cette ann\u00e9e vers la version \u00e0 trois rang\u00e9es du mod\u00e8le, celle dont le nom s\u2019accompagne du suffixe L.<\/p>\n<p>\u00c0 la fin de l\u2019ann\u00e9e mod\u00e8le 2024, ils devront oublier la chose, car Jeep retire cette option de l\u2019offre \u00e0 compter du troisi\u00e8me trimestre de cette ann\u00e9e, soit celui en cours. Il n\u2019est donc plus possible pour les gens de s\u00e9lectionner ce bloc.<\/p>\n<p>C\u2019est donc la fin pour le moteur V8 de 5,7 litres avec ce Jeep. Pour une m\u00e9canique qui fait beaucoup de bruit lorsqu\u2019elle est sollicit\u00e9e, son d\u00e9part se fait tout en\u2026 silence.<\/p>\n<p>Comme le rapporte le site Motor Authority, il y a trois ans \u00e0 peine, Jim Morrison, alors vice-pr\u00e9sident de Jeep, avait d\u00e9clar\u00e9 que les jours du V8 avec le Grand Cherokee \u00e9taient compt\u00e9s, sans donner d\u2019autres pr\u00e9cisions sur l\u2019\u00e9ch\u00e9ancier alors pr\u00e9vu.<\/p>\n<p>Pour Jeep, le moteur qui vient prendre la place du V8 est le 4-cylindres turbo de 2,0 litres de la version 4xe, un bloc qui, en raison des aides \u00e9lectriques qu\u2019il re\u00e7oit, est plus puissant que le moulin de 5,7 litres. \u00c0 la puissance de 357 chevaux et 390 livres-pieds de couple de ce dernier, la solution \u00e9lectrifi\u00e9e r\u00e9pond avec 375 chevaux et 470 livres-pieds de couple.<\/p>\n<p><\/p>\n<figure><img decoding=\"async\" src=\"https:\/\/news.canadamotorjobs.com\/wp-content\/uploads\/2024\/10\/jeep_grand_cherokee_l_summit_2024_02-5.jpeg\" alt=\"Jeep Grand Cherokee L 2024, de profil\" \/><figcaption>Jeep Grand Cherokee L 2024, de profil | Auto123.com<\/figcaption><\/figure>\n<p>Le V8 de 5,7 litres n\u2019\u00e9tait livrable qu\u2019avec les variantes les plus luxueuses du mod\u00e8le. Et, fait qui va peut-\u00eatre en \u00e9tonner plusieurs, seulement 4 % des acheteurs ont opt\u00e9 pour cette m\u00e9canique au cours de la derni\u00e8re ann\u00e9e.<\/p>\n<p>Si la m\u00e9canique \u00e0 4-cylindres offre plus de puissance et une meilleure \u00e9conomie de carburant, elle ne permet cependant pas de remorquer d\u2019aussi lourdes charges. La perte n\u2019est pas catastrophique, toutefois. Avec le V8, la capacit\u00e9 \u00e9tait \u00e0 7200 livres. Elle est de 6200 avec le V6 de 3,6 litres, alors qu\u2019elle est de 6000 livres avec le 4-cylindres (avec le Grand Cherokee).<\/p>\n<p>Et bien s\u00fbr, n\u2019oublions pas le 6-cylindres en ligne turbo de 3,0 litres, le moteur Hurricane. Ce dernier devrait en principe se trouver une place dans l\u2019alignement du Grand Cherokee lorsqu\u2019il sera l\u00e9g\u00e8rement rafra\u00eechi pour l\u2019ann\u00e9e 2026.<\/p>\n<p><\/p>\n<p style=\"padding-top: 15px\">Contenu original de <a href=\"https:\/\/www.auto123.com\/fr\/actualites\/jeep-grand-cherokee-l-2025-V8\/71930\/\">auto123<\/a>.<\/p>\n<p>Le texte <a rel=\"nofollow\" href=\"https:\/\/annuelauto.ca\/jeep-retire-le-v8-du-grand-cherokee-l-2025\/\">Jeep retire le V8 du Grand Cherokee L 2025<\/a> provient de <a rel=\"nofollow\" href=\"https:\/\/annuelauto.ca\">L&#8217;annuel de l&#8217;automobile &#8211; Actualit\u00e9 automobile<\/a><\/p>\n<p><\/p>\n","protected":false},"excerpt":{"rendered":"<p>Les acheteurs souhaitant toujours mettre la main sur un moteur V8 \u00e0 l\u2019achat d\u2019un Jeep Grand Cherokee devaient se tourner depuis cette ann\u00e9e vers la version \u00e0 trois rang\u00e9es du mod\u00e8le, celle dont le nom s\u2019accompagne du suffixe L. \u00c0 la fin de l\u2019ann\u00e9e mod\u00e8le 2024, ils devront oublier la chose, car Jeep retire cette [&hellip;]<\/p>\n","protected":false},"author":8,"featured_media":177022,"comment_status":"close","ping_status":"closed","sticky":false,"template":"","format":"standard","meta":{"_monsterinsights_skip_tracking":false,"_monsterinsights_sitenote_active":false,"_monsterinsights_sitenote_note":"","_monsterinsights_sitenote_category":0,"footnotes":""},"categories":[101],"tags":[],"yoast_head":"<!-- This site is optimized with the Yoast SEO plugin v23.2 - https:\/\/yoast.com\/wordpress\/plugins\/seo\/ -->\n<title>Jeep retire le V8 du Grand Cherokee L 2025 - CanadaMotorJobs.com<\/title>\n<meta name=\"description\" content=\"Jeep retire le V8 du Grand Cherokee L 2025 - Benoit Charette - Annuel automobile - CanadaMotorJobs.com.\" \/>\n<meta name=\"robots\" content=\"index, follow, max-snippet:-1, max-image-preview:large, max-video-preview:-1\" \/>\n<meta property=\"og:locale\" content=\"fr_CA\" \/>\n<meta property=\"og:type\" content=\"article\" \/>\n<meta property=\"og:title\" content=\"Jeep retire le V8 du Grand Cherokee L 2025 - CanadaMotorJobs.com\" \/>\n<meta property=\"og:description\" content=\"Jeep retire le V8 du Grand Cherokee L 2025 - Benoit Charette - Annuel automobile - CanadaMotorJobs.com.\" \/>\n<meta property=\"og:url\" content=\"https:\/\/news.canadamotorjobs.com\/fr\/jeep-retire-le-v8-du-grand-cherokee-l-2025\/\" \/>\n<meta property=\"og:site_name\" content=\"CanadaMotorJobs.com\" \/>\n<meta property=\"article:publisher\" content=\"https:\/\/www.facebook.com\/canadamotorjobs\/\" \/>\n<meta property=\"article:published_time\" content=\"2024-10-11T19:24:26+00:00\" \/>\n<meta property=\"article:modified_time\" content=\"2024-10-11T19:30:52+00:00\" \/>\n<meta property=\"og:image\" content=\"https:\/\/news.canadamotorjobs.com\/wp-content\/uploads\/2024\/10\/jeep_grand_cherokee_l_summit_2024_02.jpeg\" \/>\n\t<meta property=\"og:image:width\" content=\"1200\" \/>\n\t<meta property=\"og:image:height\" content=\"801\" \/>\n\t<meta property=\"og:image:type\" content=\"image\/jpeg\" \/>\n<meta name=\"author\" content=\"Benoit Charette\" \/>\n<meta name=\"twitter:card\" content=\"summary_large_image\" \/>\n<meta name=\"twitter:creator\" content=\"@canadamotorjobs\" \/>\n<meta name=\"twitter:site\" content=\"@canadamotorjobs\" \/>\n<meta name=\"twitter:label1\" content=\"\u00c9crit par\" \/>\n\t<meta name=\"twitter:data1\" content=\"Benoit Charette\" \/>\n\t<meta name=\"twitter:label2\" content=\"Estimation du temps de lecture\" \/>\n\t<meta name=\"twitter:data2\" content=\"2 minutes\" \/>\n<!-- \/ Yoast SEO plugin. -->","yoast_head_json":{"title":"Jeep retire le V8 du Grand Cherokee L 2025 - CanadaMotorJobs.com","description":"Jeep retire le V8 du Grand Cherokee L 2025 - Benoit Charette - Annuel automobile - CanadaMotorJobs.com.","robots":{"index":"index","follow":"follow","max-snippet":"max-snippet:-1","max-image-preview":"max-image-preview:large","max-video-preview":"max-video-preview:-1"},"og_locale":"fr_CA","og_type":"article","og_title":"Jeep retire le V8 du Grand Cherokee L 2025 - CanadaMotorJobs.com","og_description":"Jeep retire le V8 du Grand Cherokee L 2025 - Benoit Charette - Annuel automobile - CanadaMotorJobs.com.","og_url":"https:\/\/news.canadamotorjobs.com\/fr\/jeep-retire-le-v8-du-grand-cherokee-l-2025\/","og_site_name":"CanadaMotorJobs.com","article_publisher":"https:\/\/www.facebook.com\/canadamotorjobs\/","article_published_time":"2024-10-11T19:24:26+00:00","article_modified_time":"2024-10-11T19:30:52+00:00","og_image":[{"width":1200,"height":801,"url":"https:\/\/news.canadamotorjobs.com\/wp-content\/uploads\/2024\/10\/jeep_grand_cherokee_l_summit_2024_02.jpeg","type":"image\/jpeg"}],"author":"Benoit Charette","twitter_card":"summary_large_image","twitter_creator":"@canadamotorjobs","twitter_site":"@canadamotorjobs","twitter_misc":{"\u00c9crit par":"Benoit Charette","Estimation du temps de lecture":"2 minutes"},"schema":{"@context":"https:\/\/schema.org","@graph":[{"@type":"Article","@id":"https:\/\/news.canadamotorjobs.com\/fr\/jeep-retire-le-v8-du-grand-cherokee-l-2025\/#article","isPartOf":{"@id":"https:\/\/news.canadamotorjobs.com\/fr\/jeep-retire-le-v8-du-grand-cherokee-l-2025\/"},"author":{"name":"Benoit Charette","@id":"https:\/\/news.canadamotorjobs.com\/#\/schema\/person\/51793d1f87d44011d7bcc2ed99269a90"},"headline":"Jeep retire le V8 du Grand Cherokee L 2025","datePublished":"2024-10-11T19:24:26+00:00","dateModified":"2024-10-11T19:30:52+00:00","mainEntityOfPage":{"@id":"https:\/\/news.canadamotorjobs.com\/fr\/jeep-retire-le-v8-du-grand-cherokee-l-2025\/"},"wordCount":427,"publisher":{"@id":"https:\/\/news.canadamotorjobs.com\/#organization"},"image":{"@id":"https:\/\/news.canadamotorjobs.com\/fr\/jeep-retire-le-v8-du-grand-cherokee-l-2025\/#primaryimage"},"thumbnailUrl":"https:\/\/news.canadamotorjobs.com\/wp-content\/uploads\/2024\/10\/jeep_grand_cherokee_l_summit_2024_02.jpeg","articleSection":["Annuel automobile"],"inLanguage":"fr-CA"},{"@type":"WebPage","@id":"https:\/\/news.canadamotorjobs.com\/fr\/jeep-retire-le-v8-du-grand-cherokee-l-2025\/","url":"https:\/\/news.canadamotorjobs.com\/fr\/jeep-retire-le-v8-du-grand-cherokee-l-2025\/","name":"Jeep retire le V8 du Grand Cherokee L 2025 - CanadaMotorJobs.com","isPartOf":{"@id":"https:\/\/news.canadamotorjobs.com\/#website"},"primaryImageOfPage":{"@id":"https:\/\/news.canadamotorjobs.com\/fr\/jeep-retire-le-v8-du-grand-cherokee-l-2025\/#primaryimage"},"image":{"@id":"https:\/\/news.canadamotorjobs.com\/fr\/jeep-retire-le-v8-du-grand-cherokee-l-2025\/#primaryimage"},"thumbnailUrl":"https:\/\/news.canadamotorjobs.com\/wp-content\/uploads\/2024\/10\/jeep_grand_cherokee_l_summit_2024_02.jpeg","datePublished":"2024-10-11T19:24:26+00:00","dateModified":"2024-10-11T19:30:52+00:00","description":"Jeep retire le V8 du Grand Cherokee L 2025 - Benoit Charette - Annuel automobile - CanadaMotorJobs.com.","breadcrumb":{"@id":"https:\/\/news.canadamotorjobs.com\/fr\/jeep-retire-le-v8-du-grand-cherokee-l-2025\/#breadcrumb"},"inLanguage":"fr-CA","potentialAction":[{"@type":"ReadAction","target":["https:\/\/news.canadamotorjobs.com\/fr\/jeep-retire-le-v8-du-grand-cherokee-l-2025\/"]}]},{"@type":"ImageObject","inLanguage":"fr-CA","@id":"https:\/\/news.canadamotorjobs.com\/fr\/jeep-retire-le-v8-du-grand-cherokee-l-2025\/#primaryimage","url":"https:\/\/news.canadamotorjobs.com\/wp-content\/uploads\/2024\/10\/jeep_grand_cherokee_l_summit_2024_02.jpeg","contentUrl":"https:\/\/news.canadamotorjobs.com\/wp-content\/uploads\/2024\/10\/jeep_grand_cherokee_l_summit_2024_02.jpeg","width":1200,"height":801},{"@type":"BreadcrumbList","@id":"https:\/\/news.canadamotorjobs.com\/fr\/jeep-retire-le-v8-du-grand-cherokee-l-2025\/#breadcrumb","itemListElement":[{"@type":"ListItem","position":1,"name":"Home","item":"https:\/\/news.canadamotorjobs.com\/fr\/blog\/"},{"@type":"ListItem","position":2,"name":"Jeep retire le V8 du Grand Cherokee L 2025"}]},{"@type":"WebSite","@id":"https:\/\/news.canadamotorjobs.com\/#website","url":"https:\/\/news.canadamotorjobs.com\/","name":"CanadaMotorJobs.com","description":"Automotive Jobs","publisher":{"@id":"https:\/\/news.canadamotorjobs.com\/#organization"},"potentialAction":[{"@type":"SearchAction","target":{"@type":"EntryPoint","urlTemplate":"https:\/\/news.canadamotorjobs.com\/?s={search_term_string}"},"query-input":"required name=search_term_string"}],"inLanguage":"fr-CA"},{"@type":"Organization","@id":"https:\/\/news.canadamotorjobs.com\/#organization","name":"Canada Motor Jobs","url":"https:\/\/news.canadamotorjobs.com\/","logo":{"@type":"ImageObject","inLanguage":"fr-CA","@id":"https:\/\/news.canadamotorjobs.com\/#\/schema\/logo\/image\/","url":"https:\/\/news.canadamotorjobs.com\/wp-content\/uploads\/2022\/10\/logo-canada-motor-jobs-1.png","contentUrl":"https:\/\/news.canadamotorjobs.com\/wp-content\/uploads\/2022\/10\/logo-canada-motor-jobs-1.png","width":800,"height":400,"caption":"Canada Motor Jobs"},"image":{"@id":"https:\/\/news.canadamotorjobs.com\/#\/schema\/logo\/image\/"},"sameAs":["https:\/\/www.facebook.com\/canadamotorjobs\/","https:\/\/x.com\/canadamotorjobs","https:\/\/www.instagram.com\/canadamotorjobs\/","https:\/\/www.linkedin.com\/company\/canadamotorjobs"]},{"@type":"Person","@id":"https:\/\/news.canadamotorjobs.com\/#\/schema\/person\/51793d1f87d44011d7bcc2ed99269a90","name":"Benoit Charette","image":{"@type":"ImageObject","inLanguage":"fr-CA","@id":"https:\/\/news.canadamotorjobs.com\/#\/schema\/person\/image\/","url":"https:\/\/secure.gravatar.com\/avatar\/45f3d2eebcccd909668d7ce7ea7267b6?s=96&d=mm&r=g","contentUrl":"https:\/\/secure.gravatar.com\/avatar\/45f3d2eebcccd909668d7ce7ea7267b6?s=96&d=mm&r=g","caption":"Benoit Charette"},"description":"Benoit Charette \/ Propri\u00e9taire et r\u00e9dacteur en chef Benoit Charette pratique le journalisme automobile depuis bient\u00f4t 30 ans. Il a fait ses classes au c\u00f4t\u00e9 de Daniel H\u00e9raud et au Carnet de route de 1992 \u00e0 2001. Il est fondateur, copropri\u00e9taire et r\u00e9dacteur en chef de L\u2019Annuel de l\u2019automobile, qu\u2019il publie depuis 2001. Il a anim\u00e9 les \u00e9missions RPM et RPM+ sur V et les L\u00e9gendes de la route sur Historia. \u00c0 la radio depuis 1986, il reprend l\u2019antenne cette ann\u00e9e sur les ondes de Cogeco et participe pour la deuxi\u00e8me ann\u00e9e \u00e0 l\u2019\u00e9mission Passion Auto sur RDS en plus de mettre en ligne le site Web officiel de L\u2019Annuel de l\u2019automobile sur annuelauto.ca.","sameAs":["https:\/\/annuelauto.ca\/"],"url":"https:\/\/news.canadamotorjobs.com\/fr\/author\/benoit-charette\/"}]}},"_links":{"self":[{"href":"https:\/\/news.canadamotorjobs.com\/fr\/wp-json\/wp\/v2\/posts\/177020"}],"collection":[{"href":"https:\/\/news.canadamotorjobs.com\/fr\/wp-json\/wp\/v2\/posts"}],"about":[{"href":"https:\/\/news.canadamotorjobs.com\/fr\/wp-json\/wp\/v2\/types\/post"}],"author":[{"embeddable":true,"href":"https:\/\/news.canadamotorjobs.com\/fr\/wp-json\/wp\/v2\/users\/8"}],"replies":[{"embeddable":true,"href":"https:\/\/news.canadamotorjobs.com\/fr\/wp-json\/wp\/v2\/comments?post=177020"}],"version-history":[{"count":3,"href":"https:\/\/news.canadamotorjobs.com\/fr\/wp-json\/wp\/v2\/posts\/177020\/revisions"}],"predecessor-version":[{"id":177047,"href":"https:\/\/news.canadamotorjobs.com\/fr\/wp-json\/wp\/v2\/posts\/177020\/revisions\/177047"}],"wp:featuredmedia":[{"embeddable":true,"href":"https:\/\/news.canadamotorjobs.com\/fr\/wp-json\/wp\/v2\/media\/177022"}],"wp:attachment":[{"href":"https:\/\/news.canadamotorjobs.com\/fr\/wp-json\/wp\/v2\/media?parent=177020"}],"wp:term":[{"taxonomy":"category","embeddable":true,"href":"https:\/\/news.canadamotorjobs.com\/fr\/wp-json\/wp\/v2\/categories?post=177020"},{"taxonomy":"post_tag","embeddable":true,"href":"https:\/\/news.canadamotorjobs.com\/fr\/wp-json\/wp\/v2\/tags?post=177020"}],"curies":[{"name":"wp","href":"https:\/\/api.w.org\/{rel}","templated":true}]}}