{"id":176992,"date":"2024-10-11T15:24:27","date_gmt":"2024-10-11T19:24:27","guid":{"rendered":"https:\/\/news.canadamotorjobs.com\/?p=176992"},"modified":"2024-10-11T15:30:41","modified_gmt":"2024-10-11T19:30:41","slug":"honda-rappelle-17-million-de-vehicules-pour-un-probleme-de-direction","status":"publish","type":"post","link":"https:\/\/news.canadamotorjobs.com\/fr\/honda-rappelle-17-million-de-vehicules-pour-un-probleme-de-direction\/","title":{"rendered":"Honda rappelle 1,7 million de v\u00e9hicules pour un probl\u00e8me de direction"},"content":{"rendered":"<\/p>\n<p>Honda a annonc\u00e9 qu\u2019elle rappelait quelque 1,7 million de v\u00e9hicules en raison d\u2019un probl\u00e8me reli\u00e9 \u00e0 la direction. Au Canada, 239 000 unit\u00e9s sont concern\u00e9es. Le rappel touche \u00e0 la fois des mod\u00e8les de Honda, mais aussi d\u2019Acura, la marque de luxe du constructeur japonais.<\/p>\n<p>Concr\u00e8tement, on a d\u00e9couvert qu\u2019une roue \u00e0 vis sans fin du bo\u00eetier de direction avait \u00e9t\u00e9 mal fabriqu\u00e9e. La pi\u00e8ce d\u00e9fectueuse peut gonfler si elle est expos\u00e9e \u00e0 la chaleur et \u00e0 l\u2019humidit\u00e9, ce qui a un impact sur l\u2019\u00e9paisseur de la graisse entre l\u2019engrenage et la barre \u00e0 laquelle elle est reli\u00e9e.<\/p>\n<p>Un frottement excessif entre ces composants peut entra\u00eener une augmentation de l\u2019effort et de la difficult\u00e9 exig\u00e9e pour tourner le volant. Les conducteurs peuvent avoir l\u2019impression que la direction est \u00ab collante \u00bb, pr\u00e9cise l\u2019avis de rappel.<\/p>\n<p><\/p>\n<figure><img decoding=\"async\" src=\"https:\/\/news.canadamotorjobs.com\/wp-content\/uploads\/2024\/10\/acura_integra_a-spec_203-5.jpeg\" alt=\"Acura Integra 2023\" \/><figcaption>Acura Integra 2023 | Auto123.com<\/figcaption><\/figure>\n<p>Les propri\u00e9taires des v\u00e9hicules concern\u00e9s verront bien s\u00fbr ce dernier \u00eatre r\u00e9par\u00e9 gratuitement par la compagnie. Voici la liste compl\u00e8te des v\u00e9hicules vis\u00e9s par la campagne :<\/p>\n<ul><\/p>\n<li>&#8211; Honda Civic (berline et \u00e0 hayon) &#8211; 2022 \u00e0 2025<\/li>\n<p><\/p>\n<li>&#8211; Honda Civic hybride &#8211; 2025<\/li>\n<p><\/p>\n<li>&#8211; Honda Civic Type R &#8211; 2023 \u00e0 2025<\/li>\n<p><\/p>\n<li>&#8211; Honda CR-V (r\u00e9gulier et hybride) &#8211; 2023 \u00e0 2025<\/li>\n<p><\/p>\n<li>&#8211; Honda HR-V &#8211; 2023 \u00e0 2025<\/li>\n<p><\/p>\n<li>&#8211; Acura Integra &#8211; 2023 \u00e0 2025<\/li>\n<p><\/p>\n<li>&#8211; Acura Integra Type S &#8211; 2024 et 2025<\/li>\n<p>\n<\/ul>\n<p>Les propri\u00e9taires de ces v\u00e9hicules seront contact\u00e9s par courrier par Honda.<\/p>\n<p><\/p>\n<p style=\"padding-top: 15px\">Contenu original de <a href=\"https:\/\/www.auto123.com\/fr\/actualites\/rappel-honda-acura-probleme-direction\/71929\/\">auto123<\/a>.<\/p>\n<p>Le texte <a rel=\"nofollow\" href=\"https:\/\/annuelauto.ca\/honda-rappelle-17-million-de-vehicules-pour-un-probleme-de-direction\/\">Honda rappelle 1,7 million de v\u00e9hicules pour un probl\u00e8me de direction<\/a> provient de <a rel=\"nofollow\" href=\"https:\/\/annuelauto.ca\">L&#8217;annuel de l&#8217;automobile &#8211; Actualit\u00e9 automobile<\/a><\/p>\n<p><\/p>\n","protected":false},"excerpt":{"rendered":"<p>Honda a annonc\u00e9 qu\u2019elle rappelait quelque 1,7 million de v\u00e9hicules en raison d\u2019un probl\u00e8me reli\u00e9 \u00e0 la direction. Au Canada, 239 000 unit\u00e9s sont concern\u00e9es. Le rappel touche \u00e0 la fois des mod\u00e8les de Honda, mais aussi d\u2019Acura, la marque de luxe du constructeur japonais. Concr\u00e8tement, on a d\u00e9couvert qu\u2019une roue \u00e0 vis sans fin [&hellip;]<\/p>\n","protected":false},"author":8,"featured_media":176994,"comment_status":"close","ping_status":"closed","sticky":false,"template":"","format":"standard","meta":{"_monsterinsights_skip_tracking":false,"_monsterinsights_sitenote_active":false,"_monsterinsights_sitenote_note":"","_monsterinsights_sitenote_category":0,"footnotes":""},"categories":[101],"tags":[],"yoast_head":"<!-- This site is optimized with the Yoast SEO plugin v23.2 - https:\/\/yoast.com\/wordpress\/plugins\/seo\/ -->\n<title>Honda rappelle 1,7 million de v\u00e9hicules pour un probl\u00e8me de direction - CanadaMotorJobs.com<\/title>\n<meta name=\"description\" content=\"Honda rappelle 1,7 million de v\u00e9hicules pour un probl\u00e8me de direction - Benoit Charette - Annuel automobile - CanadaMotorJobs.com.\" \/>\n<meta name=\"robots\" content=\"index, follow, max-snippet:-1, max-image-preview:large, max-video-preview:-1\" \/>\n<meta property=\"og:locale\" content=\"fr_CA\" \/>\n<meta property=\"og:type\" content=\"article\" \/>\n<meta property=\"og:title\" content=\"Honda rappelle 1,7 million de v\u00e9hicules pour un probl\u00e8me de direction - CanadaMotorJobs.com\" \/>\n<meta property=\"og:description\" content=\"Honda rappelle 1,7 million de v\u00e9hicules pour un probl\u00e8me de direction - Benoit Charette - Annuel automobile - CanadaMotorJobs.com.\" \/>\n<meta property=\"og:url\" content=\"https:\/\/news.canadamotorjobs.com\/fr\/honda-rappelle-17-million-de-vehicules-pour-un-probleme-de-direction\/\" \/>\n<meta property=\"og:site_name\" content=\"CanadaMotorJobs.com\" \/>\n<meta property=\"article:publisher\" content=\"https:\/\/www.facebook.com\/canadamotorjobs\/\" \/>\n<meta property=\"article:published_time\" content=\"2024-10-11T19:24:27+00:00\" \/>\n<meta property=\"article:modified_time\" content=\"2024-10-11T19:30:41+00:00\" \/>\n<meta property=\"og:image\" content=\"https:\/\/news.canadamotorjobs.com\/wp-content\/uploads\/2024\/10\/acura_integra_a-spec_203.jpeg\" \/>\n\t<meta property=\"og:image:width\" content=\"1200\" \/>\n\t<meta property=\"og:image:height\" content=\"800\" \/>\n\t<meta property=\"og:image:type\" content=\"image\/jpeg\" \/>\n<meta name=\"author\" content=\"Benoit Charette\" \/>\n<meta name=\"twitter:card\" content=\"summary_large_image\" \/>\n<meta name=\"twitter:creator\" content=\"@canadamotorjobs\" \/>\n<meta name=\"twitter:site\" content=\"@canadamotorjobs\" \/>\n<meta name=\"twitter:label1\" content=\"\u00c9crit par\" \/>\n\t<meta name=\"twitter:data1\" content=\"Benoit Charette\" \/>\n\t<meta name=\"twitter:label2\" content=\"Estimation du temps de lecture\" \/>\n\t<meta name=\"twitter:data2\" content=\"1 minute\" \/>\n<!-- \/ Yoast SEO plugin. -->","yoast_head_json":{"title":"Honda rappelle 1,7 million de v\u00e9hicules pour un probl\u00e8me de direction - CanadaMotorJobs.com","description":"Honda rappelle 1,7 million de v\u00e9hicules pour un probl\u00e8me de direction - Benoit Charette - Annuel automobile - CanadaMotorJobs.com.","robots":{"index":"index","follow":"follow","max-snippet":"max-snippet:-1","max-image-preview":"max-image-preview:large","max-video-preview":"max-video-preview:-1"},"og_locale":"fr_CA","og_type":"article","og_title":"Honda rappelle 1,7 million de v\u00e9hicules pour un probl\u00e8me de direction - CanadaMotorJobs.com","og_description":"Honda rappelle 1,7 million de v\u00e9hicules pour un probl\u00e8me de direction - Benoit Charette - Annuel automobile - CanadaMotorJobs.com.","og_url":"https:\/\/news.canadamotorjobs.com\/fr\/honda-rappelle-17-million-de-vehicules-pour-un-probleme-de-direction\/","og_site_name":"CanadaMotorJobs.com","article_publisher":"https:\/\/www.facebook.com\/canadamotorjobs\/","article_published_time":"2024-10-11T19:24:27+00:00","article_modified_time":"2024-10-11T19:30:41+00:00","og_image":[{"width":1200,"height":800,"url":"https:\/\/news.canadamotorjobs.com\/wp-content\/uploads\/2024\/10\/acura_integra_a-spec_203.jpeg","type":"image\/jpeg"}],"author":"Benoit Charette","twitter_card":"summary_large_image","twitter_creator":"@canadamotorjobs","twitter_site":"@canadamotorjobs","twitter_misc":{"\u00c9crit par":"Benoit Charette","Estimation du temps de lecture":"1 minute"},"schema":{"@context":"https:\/\/schema.org","@graph":[{"@type":"Article","@id":"https:\/\/news.canadamotorjobs.com\/fr\/honda-rappelle-17-million-de-vehicules-pour-un-probleme-de-direction\/#article","isPartOf":{"@id":"https:\/\/news.canadamotorjobs.com\/fr\/honda-rappelle-17-million-de-vehicules-pour-un-probleme-de-direction\/"},"author":{"name":"Benoit Charette","@id":"https:\/\/news.canadamotorjobs.com\/#\/schema\/person\/51793d1f87d44011d7bcc2ed99269a90"},"headline":"Honda rappelle 1,7 million de v\u00e9hicules pour un probl\u00e8me de direction","datePublished":"2024-10-11T19:24:27+00:00","dateModified":"2024-10-11T19:30:41+00:00","mainEntityOfPage":{"@id":"https:\/\/news.canadamotorjobs.com\/fr\/honda-rappelle-17-million-de-vehicules-pour-un-probleme-de-direction\/"},"wordCount":283,"publisher":{"@id":"https:\/\/news.canadamotorjobs.com\/#organization"},"image":{"@id":"https:\/\/news.canadamotorjobs.com\/fr\/honda-rappelle-17-million-de-vehicules-pour-un-probleme-de-direction\/#primaryimage"},"thumbnailUrl":"https:\/\/news.canadamotorjobs.com\/wp-content\/uploads\/2024\/10\/acura_integra_a-spec_203.jpeg","articleSection":["Annuel automobile"],"inLanguage":"fr-CA"},{"@type":"WebPage","@id":"https:\/\/news.canadamotorjobs.com\/fr\/honda-rappelle-17-million-de-vehicules-pour-un-probleme-de-direction\/","url":"https:\/\/news.canadamotorjobs.com\/fr\/honda-rappelle-17-million-de-vehicules-pour-un-probleme-de-direction\/","name":"Honda rappelle 1,7 million de v\u00e9hicules pour un probl\u00e8me de direction - CanadaMotorJobs.com","isPartOf":{"@id":"https:\/\/news.canadamotorjobs.com\/#website"},"primaryImageOfPage":{"@id":"https:\/\/news.canadamotorjobs.com\/fr\/honda-rappelle-17-million-de-vehicules-pour-un-probleme-de-direction\/#primaryimage"},"image":{"@id":"https:\/\/news.canadamotorjobs.com\/fr\/honda-rappelle-17-million-de-vehicules-pour-un-probleme-de-direction\/#primaryimage"},"thumbnailUrl":"https:\/\/news.canadamotorjobs.com\/wp-content\/uploads\/2024\/10\/acura_integra_a-spec_203.jpeg","datePublished":"2024-10-11T19:24:27+00:00","dateModified":"2024-10-11T19:30:41+00:00","description":"Honda rappelle 1,7 million de v\u00e9hicules pour un probl\u00e8me de direction - Benoit Charette - Annuel automobile - CanadaMotorJobs.com.","breadcrumb":{"@id":"https:\/\/news.canadamotorjobs.com\/fr\/honda-rappelle-17-million-de-vehicules-pour-un-probleme-de-direction\/#breadcrumb"},"inLanguage":"fr-CA","potentialAction":[{"@type":"ReadAction","target":["https:\/\/news.canadamotorjobs.com\/fr\/honda-rappelle-17-million-de-vehicules-pour-un-probleme-de-direction\/"]}]},{"@type":"ImageObject","inLanguage":"fr-CA","@id":"https:\/\/news.canadamotorjobs.com\/fr\/honda-rappelle-17-million-de-vehicules-pour-un-probleme-de-direction\/#primaryimage","url":"https:\/\/news.canadamotorjobs.com\/wp-content\/uploads\/2024\/10\/acura_integra_a-spec_203.jpeg","contentUrl":"https:\/\/news.canadamotorjobs.com\/wp-content\/uploads\/2024\/10\/acura_integra_a-spec_203.jpeg","width":1200,"height":800},{"@type":"BreadcrumbList","@id":"https:\/\/news.canadamotorjobs.com\/fr\/honda-rappelle-17-million-de-vehicules-pour-un-probleme-de-direction\/#breadcrumb","itemListElement":[{"@type":"ListItem","position":1,"name":"Home","item":"https:\/\/news.canadamotorjobs.com\/fr\/blog\/"},{"@type":"ListItem","position":2,"name":"Honda rappelle 1,7 million de v\u00e9hicules pour un probl\u00e8me de direction"}]},{"@type":"WebSite","@id":"https:\/\/news.canadamotorjobs.com\/#website","url":"https:\/\/news.canadamotorjobs.com\/","name":"CanadaMotorJobs.com","description":"Automotive Jobs","publisher":{"@id":"https:\/\/news.canadamotorjobs.com\/#organization"},"potentialAction":[{"@type":"SearchAction","target":{"@type":"EntryPoint","urlTemplate":"https:\/\/news.canadamotorjobs.com\/?s={search_term_string}"},"query-input":"required name=search_term_string"}],"inLanguage":"fr-CA"},{"@type":"Organization","@id":"https:\/\/news.canadamotorjobs.com\/#organization","name":"Canada Motor Jobs","url":"https:\/\/news.canadamotorjobs.com\/","logo":{"@type":"ImageObject","inLanguage":"fr-CA","@id":"https:\/\/news.canadamotorjobs.com\/#\/schema\/logo\/image\/","url":"https:\/\/news.canadamotorjobs.com\/wp-content\/uploads\/2022\/10\/logo-canada-motor-jobs-1.png","contentUrl":"https:\/\/news.canadamotorjobs.com\/wp-content\/uploads\/2022\/10\/logo-canada-motor-jobs-1.png","width":800,"height":400,"caption":"Canada Motor Jobs"},"image":{"@id":"https:\/\/news.canadamotorjobs.com\/#\/schema\/logo\/image\/"},"sameAs":["https:\/\/www.facebook.com\/canadamotorjobs\/","https:\/\/x.com\/canadamotorjobs","https:\/\/www.instagram.com\/canadamotorjobs\/","https:\/\/www.linkedin.com\/company\/canadamotorjobs"]},{"@type":"Person","@id":"https:\/\/news.canadamotorjobs.com\/#\/schema\/person\/51793d1f87d44011d7bcc2ed99269a90","name":"Benoit Charette","image":{"@type":"ImageObject","inLanguage":"fr-CA","@id":"https:\/\/news.canadamotorjobs.com\/#\/schema\/person\/image\/","url":"https:\/\/secure.gravatar.com\/avatar\/45f3d2eebcccd909668d7ce7ea7267b6?s=96&d=mm&r=g","contentUrl":"https:\/\/secure.gravatar.com\/avatar\/45f3d2eebcccd909668d7ce7ea7267b6?s=96&d=mm&r=g","caption":"Benoit Charette"},"description":"Benoit Charette \/ Propri\u00e9taire et r\u00e9dacteur en chef Benoit Charette pratique le journalisme automobile depuis bient\u00f4t 30 ans. Il a fait ses classes au c\u00f4t\u00e9 de Daniel H\u00e9raud et au Carnet de route de 1992 \u00e0 2001. Il est fondateur, copropri\u00e9taire et r\u00e9dacteur en chef de L\u2019Annuel de l\u2019automobile, qu\u2019il publie depuis 2001. Il a anim\u00e9 les \u00e9missions RPM et RPM+ sur V et les L\u00e9gendes de la route sur Historia. \u00c0 la radio depuis 1986, il reprend l\u2019antenne cette ann\u00e9e sur les ondes de Cogeco et participe pour la deuxi\u00e8me ann\u00e9e \u00e0 l\u2019\u00e9mission Passion Auto sur RDS en plus de mettre en ligne le site Web officiel de L\u2019Annuel de l\u2019automobile sur annuelauto.ca.","sameAs":["https:\/\/annuelauto.ca\/"],"url":"https:\/\/news.canadamotorjobs.com\/fr\/author\/benoit-charette\/"}]}},"_links":{"self":[{"href":"https:\/\/news.canadamotorjobs.com\/fr\/wp-json\/wp\/v2\/posts\/176992"}],"collection":[{"href":"https:\/\/news.canadamotorjobs.com\/fr\/wp-json\/wp\/v2\/posts"}],"about":[{"href":"https:\/\/news.canadamotorjobs.com\/fr\/wp-json\/wp\/v2\/types\/post"}],"author":[{"embeddable":true,"href":"https:\/\/news.canadamotorjobs.com\/fr\/wp-json\/wp\/v2\/users\/8"}],"replies":[{"embeddable":true,"href":"https:\/\/news.canadamotorjobs.com\/fr\/wp-json\/wp\/v2\/comments?post=176992"}],"version-history":[{"count":3,"href":"https:\/\/news.canadamotorjobs.com\/fr\/wp-json\/wp\/v2\/posts\/176992\/revisions"}],"predecessor-version":[{"id":177019,"href":"https:\/\/news.canadamotorjobs.com\/fr\/wp-json\/wp\/v2\/posts\/176992\/revisions\/177019"}],"wp:featuredmedia":[{"embeddable":true,"href":"https:\/\/news.canadamotorjobs.com\/fr\/wp-json\/wp\/v2\/media\/176994"}],"wp:attachment":[{"href":"https:\/\/news.canadamotorjobs.com\/fr\/wp-json\/wp\/v2\/media?parent=176992"}],"wp:term":[{"taxonomy":"category","embeddable":true,"href":"https:\/\/news.canadamotorjobs.com\/fr\/wp-json\/wp\/v2\/categories?post=176992"},{"taxonomy":"post_tag","embeddable":true,"href":"https:\/\/news.canadamotorjobs.com\/fr\/wp-json\/wp\/v2\/tags?post=176992"}],"curies":[{"name":"wp","href":"https:\/\/api.w.org\/{rel}","templated":true}]}}