{"id":176892,"date":"2024-10-11T15:24:28","date_gmt":"2024-10-11T19:24:28","guid":{"rendered":"https:\/\/news.canadamotorjobs.com\/?p=176892"},"modified":"2024-10-11T15:30:13","modified_gmt":"2024-10-11T19:30:13","slug":"mini-devoile-sa-cooper-2025-decapotable","status":"publish","type":"post","link":"https:\/\/news.canadamotorjobs.com\/fr\/mini-devoile-sa-cooper-2025-decapotable\/","title":{"rendered":"Mini d\u00e9voile sa Cooper 2025 d\u00e9capotable"},"content":{"rendered":"<\/p>\n<p>La Cooper s\u2019est fait offrir une beaut\u00e9 par Mini, son cr\u00e9ateur, et voil\u00e0 que c\u2019est autour de la variante d\u00e9capotable de faire son apparition. La marque vient en effet de d\u00e9voiler cette variante qui demeure une raret\u00e9 sur le march\u00e9, consid\u00e9rant le nombre de d\u00e9capotables qui ont \u00e9t\u00e9 sacrifi\u00e9es depuis 10 ou 15 ans.<\/p>\n<h2>\u00a0<\/h2>\n<p><\/p>\n<figure><img decoding=\"async\" src=\"https:\/\/news.canadamotorjobs.com\/wp-content\/uploads\/2024\/10\/P90567090_highRes-5.jpg\" alt=\"Mini Cooper d\u00e9capotable 2025, trois quarts avant\" \/><figcaption>Mini Cooper d\u00e9capotable 2025, trois quarts avant | Auto123.com<\/figcaption><\/figure>\n<h2>Mini Cooper d\u00e9capotable 2025 \u2013 quoi de neuf ?<\/h2>\n<p>\u00c9videmment, et \u00e0 l\u2019instar des versions Cooper et Cooper S coup\u00e9es qui ont d\u00e9j\u00e0 \u00e9t\u00e9 lanc\u00e9es, la variante d\u00e9capot\u00e9e profite de la signature revue du mod\u00e8le, qui propose une \u00e9volution du style, \u00e0 travers une approche tr\u00e8s \u00e9pur\u00e9e. L\u2019une des diff\u00e9rences ext\u00e9rieures les plus notables est que le cabriolet conserve les feux de la g\u00e9n\u00e9ration pr\u00e9c\u00e9dente, un d\u00e9tail qui est probablement attribuable \u00e0 la nature du design m\u00eame, avec la configuration du coffre.<\/p>\n<p><\/p>\n<figure><img decoding=\"async\" src=\"https:\/\/news.canadamotorjobs.com\/wp-content\/uploads\/2024\/10\/P90567157_highRes-1.jpg\" alt=\"Mini Cooper d\u00e9capotable 2025, int\u00e9rieur\" \/><figcaption>Mini Cooper d\u00e9capotable 2025, int\u00e9rieur | Auto123.com<\/figcaption><\/figure>\n<figure><img decoding=\"async\" src=\"https:\/\/news.canadamotorjobs.com\/wp-content\/uploads\/2024\/10\/P90567167_highRes-1.jpg\" alt=\"Mini Cooper d\u00e9capotable 2025, si\u00e8ges\" \/><figcaption>Mini Cooper d\u00e9capotable 2025, si\u00e8ges | Auto123.com<\/figcaption><\/figure>\n<p><strong>\u00c0 l\u2019int\u00e9rieur<\/strong><\/p>\n<p>Sans surprise, on retrouve l\u2019immense \u00e9cran central rond typique des mod\u00e8les de la marque. Ce dernier est \u00e0 DELO (diodes \u00e9lectroluminescentes organiques). Un syst\u00e8me d\u2019affichage t\u00eate-haute est aussi de la partie. Les mat\u00e9riaux utilis\u00e9s semblent de bonne facture et l\u2019agencement est minimaliste, comme il l\u2019est \u00e0 l\u2019ext\u00e9rieur.<\/p>\n<p><\/p>\n<figure><img decoding=\"async\" src=\"https:\/\/news.canadamotorjobs.com\/wp-content\/uploads\/2024\/10\/P90571453_highRes-1.jpg\" alt=\"Mini Cooper d\u00e9capotable 2025, avant\" \/><figcaption>Mini Cooper d\u00e9capotable 2025, avant | Auto123.com<\/figcaption><\/figure>\n<h2>Motorisation de la Mini Cooper d\u00e9capotable 2025<\/h2>\n<p>Comme avec les versions \u00e0 toit rigide, deux moteurs sont propos\u00e9s sur le march\u00e9 am\u00e9ricain, des blocs 4-cylindres turbo de 2,0 litres dans les deux cas. Le mod\u00e8le Cooper propose 160 chevaux et un couple maximal de 184 lb-pi, tandis que la variante S voit sa prestation \u00eatre pouss\u00e9e \u00e0 201 chevaux et 221 lb-pi de couple. La seule transmission propos\u00e9e est une bo\u00eete automatique \u00e0 sept rapports et \u00e0 double embrayage.<\/p>\n<p>Ce qui est peut-\u00eatre plus important sur le plan de la performance, c\u2019est la vitesse \u00e0 laquelle la capote peut \u00eatre abaiss\u00e9e, soit 18 secondes. Et il sera possible de le faire jusqu\u2019\u00e0 une vitesse de 30 km\/h.<\/p>\n<p>Fait amusant, gr\u00e2ce \u00e0 une option qui calcule le temps pass\u00e9 au volant avec la capote baiss\u00e9e, vous saurez si vous roulez plus souvent les cheveux au vent, ou avec le toit en place.<\/p>\n<p><\/p>\n<figure><img decoding=\"async\" src=\"https:\/\/news.canadamotorjobs.com\/wp-content\/uploads\/2024\/10\/P90567105_highRes-1.jpg\" alt=\"Mini Cooper d\u00e9capotable 2025, avec toit en place\" \/><figcaption>Mini Cooper d\u00e9capotable 2025, avec toit en place | Auto123.com<\/figcaption><\/figure>\n<p>Le virage \u00e9lectrique est bel et bien amorc\u00e9 chez Mini. Il est permis de croire que ce mod\u00e8le sera le dernier de l\u2019entreprise qui sera \u00e9quip\u00e9 d\u2019un moteur thermique, mais il faut \u00eatre prudent de ce c\u00f4t\u00e9, car avec les hauts et les bas du march\u00e9 en ce moment, certains constructeurs reviennent sur leurs d\u00e9cisions pour offrir plus longuement que pr\u00e9vu des v\u00e9hicules \u00e9quip\u00e9s de moteurs \u00e0 essence.<\/p>\n<p>Ce sera \u00e0 suivre.<\/p>\n<p><\/p>\n<figure><img decoding=\"async\" src=\"https:\/\/news.canadamotorjobs.com\/wp-content\/uploads\/2024\/10\/P90567096_highRes-1.jpg\" alt=\"Mini Cooper d\u00e9capotable 2025, trois quarts arri\u00e8re\" \/><figcaption>Mini Cooper d\u00e9capotable 2025, trois quarts arri\u00e8re | Auto123.com<\/figcaption><\/figure>\n<figure><img decoding=\"async\" src=\"https:\/\/news.canadamotorjobs.com\/wp-content\/uploads\/2024\/10\/P90571469_highRes-1.jpg\" alt=\"Mini Cooper d\u00e9capotable 2025, habitacle\" \/><figcaption>Mini Cooper d\u00e9capotable 2025, habitacle | Auto123.com<\/figcaption><\/figure>\n<figure><img decoding=\"async\" src=\"https:\/\/news.canadamotorjobs.com\/wp-content\/uploads\/2024\/10\/P90567162_highRes-1.jpg\" alt=\"Mini Cooper d\u00e9capotable 2025, volant, \u00e9cran multim\u00e9dia\" \/><figcaption>Mini Cooper d\u00e9capotable 2025, volant, \u00e9cran multim\u00e9dia | Auto123.com<\/figcaption><\/figure>\n<figure><img decoding=\"async\" src=\"https:\/\/news.canadamotorjobs.com\/wp-content\/uploads\/2024\/10\/P90571439_highRes-1.jpg\" alt=\"Mini Cooper d\u00e9capotable 2025, de haut\" \/><figcaption>Mini Cooper d\u00e9capotable 2025, de haut | Auto123.com<\/figcaption><\/figure>\n<figure><img decoding=\"async\" src=\"https:\/\/news.canadamotorjobs.com\/wp-content\/uploads\/2024\/10\/P90567043_highRes-1.jpg\" alt=\"Mini Cooper d\u00e9capotable 2025, sur la route\" \/><figcaption>Mini Cooper d\u00e9capotable 2025, sur la route | Auto123.com<\/figcaption><\/figure>\n<figure><img decoding=\"async\" src=\"https:\/\/news.canadamotorjobs.com\/wp-content\/uploads\/2024\/10\/P90571457_highRes-1.jpg\" alt=\"Mini Cooper d\u00e9capotable 2025, arri\u00e8re\" \/><figcaption>Mini Cooper d\u00e9capotable 2025, arri\u00e8re | Auto123.com<\/figcaption><\/figure>\n<p style=\"padding-top: 15px\">Contenu original de <a href=\"https:\/\/www.auto123.com\/fr\/actualites\/mini-cooper-decapotable-cabriolet-2025\/71924\/\">auto123<\/a>.<\/p>\n<p>Le texte <a rel=\"nofollow\" href=\"https:\/\/annuelauto.ca\/mini-devoile-sa-cooper-2025-decapotable\/\">Mini d\u00e9voile sa Cooper 2025 d\u00e9capotable<\/a> provient de <a rel=\"nofollow\" href=\"https:\/\/annuelauto.ca\">L&#8217;annuel de l&#8217;automobile &#8211; Actualit\u00e9 automobile<\/a><\/p>\n<p><\/p>\n","protected":false},"excerpt":{"rendered":"<p>La Cooper s\u2019est fait offrir une beaut\u00e9 par Mini, son cr\u00e9ateur, et voil\u00e0 que c\u2019est autour de la variante d\u00e9capotable de faire son apparition. La marque vient en effet de d\u00e9voiler cette variante qui demeure une raret\u00e9 sur le march\u00e9, consid\u00e9rant le nombre de d\u00e9capotables qui ont \u00e9t\u00e9 sacrifi\u00e9es depuis 10 ou 15 ans. \u00a0 [&hellip;]<\/p>\n","protected":false},"author":8,"featured_media":176894,"comment_status":"close","ping_status":"closed","sticky":false,"template":"","format":"standard","meta":{"_monsterinsights_skip_tracking":false,"_monsterinsights_sitenote_active":false,"_monsterinsights_sitenote_note":"","_monsterinsights_sitenote_category":0,"footnotes":""},"categories":[101],"tags":[],"yoast_head":"<!-- This site is optimized with the Yoast SEO plugin v23.2 - https:\/\/yoast.com\/wordpress\/plugins\/seo\/ -->\n<title>Mini d\u00e9voile sa Cooper 2025 d\u00e9capotable - CanadaMotorJobs.com<\/title>\n<meta name=\"description\" content=\"Mini d\u00e9voile sa Cooper 2025 d\u00e9capotable - Benoit Charette - Annuel automobile - CanadaMotorJobs.com.\" \/>\n<meta name=\"robots\" content=\"index, follow, max-snippet:-1, max-image-preview:large, max-video-preview:-1\" \/>\n<meta property=\"og:locale\" content=\"fr_CA\" \/>\n<meta property=\"og:type\" content=\"article\" \/>\n<meta property=\"og:title\" content=\"Mini d\u00e9voile sa Cooper 2025 d\u00e9capotable - CanadaMotorJobs.com\" \/>\n<meta property=\"og:description\" content=\"Mini d\u00e9voile sa Cooper 2025 d\u00e9capotable - Benoit Charette - Annuel automobile - CanadaMotorJobs.com.\" \/>\n<meta property=\"og:url\" content=\"https:\/\/news.canadamotorjobs.com\/fr\/mini-devoile-sa-cooper-2025-decapotable\/\" \/>\n<meta property=\"og:site_name\" content=\"CanadaMotorJobs.com\" \/>\n<meta property=\"article:publisher\" content=\"https:\/\/www.facebook.com\/canadamotorjobs\/\" \/>\n<meta property=\"article:published_time\" content=\"2024-10-11T19:24:28+00:00\" \/>\n<meta property=\"article:modified_time\" content=\"2024-10-11T19:30:13+00:00\" \/>\n<meta property=\"og:image\" content=\"https:\/\/news.canadamotorjobs.com\/wp-content\/uploads\/2024\/10\/P90567090_highRes.jpg\" \/>\n\t<meta property=\"og:image:width\" content=\"1200\" \/>\n\t<meta property=\"og:image:height\" content=\"800\" \/>\n\t<meta property=\"og:image:type\" content=\"image\/jpeg\" \/>\n<meta name=\"author\" content=\"Benoit Charette\" \/>\n<meta name=\"twitter:card\" content=\"summary_large_image\" \/>\n<meta name=\"twitter:creator\" content=\"@canadamotorjobs\" \/>\n<meta name=\"twitter:site\" content=\"@canadamotorjobs\" \/>\n<meta name=\"twitter:label1\" content=\"\u00c9crit par\" \/>\n\t<meta name=\"twitter:data1\" content=\"Benoit Charette\" \/>\n\t<meta name=\"twitter:label2\" content=\"Estimation du temps de lecture\" \/>\n\t<meta name=\"twitter:data2\" content=\"3 minutes\" \/>\n<!-- \/ Yoast SEO plugin. -->","yoast_head_json":{"title":"Mini d\u00e9voile sa Cooper 2025 d\u00e9capotable - CanadaMotorJobs.com","description":"Mini d\u00e9voile sa Cooper 2025 d\u00e9capotable - Benoit Charette - Annuel automobile - CanadaMotorJobs.com.","robots":{"index":"index","follow":"follow","max-snippet":"max-snippet:-1","max-image-preview":"max-image-preview:large","max-video-preview":"max-video-preview:-1"},"og_locale":"fr_CA","og_type":"article","og_title":"Mini d\u00e9voile sa Cooper 2025 d\u00e9capotable - CanadaMotorJobs.com","og_description":"Mini d\u00e9voile sa Cooper 2025 d\u00e9capotable - Benoit Charette - Annuel automobile - CanadaMotorJobs.com.","og_url":"https:\/\/news.canadamotorjobs.com\/fr\/mini-devoile-sa-cooper-2025-decapotable\/","og_site_name":"CanadaMotorJobs.com","article_publisher":"https:\/\/www.facebook.com\/canadamotorjobs\/","article_published_time":"2024-10-11T19:24:28+00:00","article_modified_time":"2024-10-11T19:30:13+00:00","og_image":[{"width":1200,"height":800,"url":"https:\/\/news.canadamotorjobs.com\/wp-content\/uploads\/2024\/10\/P90567090_highRes.jpg","type":"image\/jpeg"}],"author":"Benoit Charette","twitter_card":"summary_large_image","twitter_creator":"@canadamotorjobs","twitter_site":"@canadamotorjobs","twitter_misc":{"\u00c9crit par":"Benoit Charette","Estimation du temps de lecture":"3 minutes"},"schema":{"@context":"https:\/\/schema.org","@graph":[{"@type":"Article","@id":"https:\/\/news.canadamotorjobs.com\/fr\/mini-devoile-sa-cooper-2025-decapotable\/#article","isPartOf":{"@id":"https:\/\/news.canadamotorjobs.com\/fr\/mini-devoile-sa-cooper-2025-decapotable\/"},"author":{"name":"Benoit Charette","@id":"https:\/\/news.canadamotorjobs.com\/#\/schema\/person\/51793d1f87d44011d7bcc2ed99269a90"},"headline":"Mini d\u00e9voile sa Cooper 2025 d\u00e9capotable","datePublished":"2024-10-11T19:24:28+00:00","dateModified":"2024-10-11T19:30:13+00:00","mainEntityOfPage":{"@id":"https:\/\/news.canadamotorjobs.com\/fr\/mini-devoile-sa-cooper-2025-decapotable\/"},"wordCount":566,"publisher":{"@id":"https:\/\/news.canadamotorjobs.com\/#organization"},"image":{"@id":"https:\/\/news.canadamotorjobs.com\/fr\/mini-devoile-sa-cooper-2025-decapotable\/#primaryimage"},"thumbnailUrl":"https:\/\/news.canadamotorjobs.com\/wp-content\/uploads\/2024\/10\/P90567090_highRes.jpg","articleSection":["Annuel automobile"],"inLanguage":"fr-CA"},{"@type":"WebPage","@id":"https:\/\/news.canadamotorjobs.com\/fr\/mini-devoile-sa-cooper-2025-decapotable\/","url":"https:\/\/news.canadamotorjobs.com\/fr\/mini-devoile-sa-cooper-2025-decapotable\/","name":"Mini d\u00e9voile sa Cooper 2025 d\u00e9capotable - CanadaMotorJobs.com","isPartOf":{"@id":"https:\/\/news.canadamotorjobs.com\/#website"},"primaryImageOfPage":{"@id":"https:\/\/news.canadamotorjobs.com\/fr\/mini-devoile-sa-cooper-2025-decapotable\/#primaryimage"},"image":{"@id":"https:\/\/news.canadamotorjobs.com\/fr\/mini-devoile-sa-cooper-2025-decapotable\/#primaryimage"},"thumbnailUrl":"https:\/\/news.canadamotorjobs.com\/wp-content\/uploads\/2024\/10\/P90567090_highRes.jpg","datePublished":"2024-10-11T19:24:28+00:00","dateModified":"2024-10-11T19:30:13+00:00","description":"Mini d\u00e9voile sa Cooper 2025 d\u00e9capotable - Benoit Charette - Annuel automobile - CanadaMotorJobs.com.","breadcrumb":{"@id":"https:\/\/news.canadamotorjobs.com\/fr\/mini-devoile-sa-cooper-2025-decapotable\/#breadcrumb"},"inLanguage":"fr-CA","potentialAction":[{"@type":"ReadAction","target":["https:\/\/news.canadamotorjobs.com\/fr\/mini-devoile-sa-cooper-2025-decapotable\/"]}]},{"@type":"ImageObject","inLanguage":"fr-CA","@id":"https:\/\/news.canadamotorjobs.com\/fr\/mini-devoile-sa-cooper-2025-decapotable\/#primaryimage","url":"https:\/\/news.canadamotorjobs.com\/wp-content\/uploads\/2024\/10\/P90567090_highRes.jpg","contentUrl":"https:\/\/news.canadamotorjobs.com\/wp-content\/uploads\/2024\/10\/P90567090_highRes.jpg","width":1200,"height":800},{"@type":"BreadcrumbList","@id":"https:\/\/news.canadamotorjobs.com\/fr\/mini-devoile-sa-cooper-2025-decapotable\/#breadcrumb","itemListElement":[{"@type":"ListItem","position":1,"name":"Home","item":"https:\/\/news.canadamotorjobs.com\/fr\/blog\/"},{"@type":"ListItem","position":2,"name":"Mini d\u00e9voile sa Cooper 2025 d\u00e9capotable"}]},{"@type":"WebSite","@id":"https:\/\/news.canadamotorjobs.com\/#website","url":"https:\/\/news.canadamotorjobs.com\/","name":"CanadaMotorJobs.com","description":"Automotive Jobs","publisher":{"@id":"https:\/\/news.canadamotorjobs.com\/#organization"},"potentialAction":[{"@type":"SearchAction","target":{"@type":"EntryPoint","urlTemplate":"https:\/\/news.canadamotorjobs.com\/?s={search_term_string}"},"query-input":"required name=search_term_string"}],"inLanguage":"fr-CA"},{"@type":"Organization","@id":"https:\/\/news.canadamotorjobs.com\/#organization","name":"Canada Motor Jobs","url":"https:\/\/news.canadamotorjobs.com\/","logo":{"@type":"ImageObject","inLanguage":"fr-CA","@id":"https:\/\/news.canadamotorjobs.com\/#\/schema\/logo\/image\/","url":"https:\/\/news.canadamotorjobs.com\/wp-content\/uploads\/2022\/10\/logo-canada-motor-jobs-1.png","contentUrl":"https:\/\/news.canadamotorjobs.com\/wp-content\/uploads\/2022\/10\/logo-canada-motor-jobs-1.png","width":800,"height":400,"caption":"Canada Motor Jobs"},"image":{"@id":"https:\/\/news.canadamotorjobs.com\/#\/schema\/logo\/image\/"},"sameAs":["https:\/\/www.facebook.com\/canadamotorjobs\/","https:\/\/x.com\/canadamotorjobs","https:\/\/www.instagram.com\/canadamotorjobs\/","https:\/\/www.linkedin.com\/company\/canadamotorjobs"]},{"@type":"Person","@id":"https:\/\/news.canadamotorjobs.com\/#\/schema\/person\/51793d1f87d44011d7bcc2ed99269a90","name":"Benoit Charette","image":{"@type":"ImageObject","inLanguage":"fr-CA","@id":"https:\/\/news.canadamotorjobs.com\/#\/schema\/person\/image\/","url":"https:\/\/secure.gravatar.com\/avatar\/45f3d2eebcccd909668d7ce7ea7267b6?s=96&d=mm&r=g","contentUrl":"https:\/\/secure.gravatar.com\/avatar\/45f3d2eebcccd909668d7ce7ea7267b6?s=96&d=mm&r=g","caption":"Benoit Charette"},"description":"Benoit Charette \/ Propri\u00e9taire et r\u00e9dacteur en chef Benoit Charette pratique le journalisme automobile depuis bient\u00f4t 30 ans. Il a fait ses classes au c\u00f4t\u00e9 de Daniel H\u00e9raud et au Carnet de route de 1992 \u00e0 2001. Il est fondateur, copropri\u00e9taire et r\u00e9dacteur en chef de L\u2019Annuel de l\u2019automobile, qu\u2019il publie depuis 2001. Il a anim\u00e9 les \u00e9missions RPM et RPM+ sur V et les L\u00e9gendes de la route sur Historia. \u00c0 la radio depuis 1986, il reprend l\u2019antenne cette ann\u00e9e sur les ondes de Cogeco et participe pour la deuxi\u00e8me ann\u00e9e \u00e0 l\u2019\u00e9mission Passion Auto sur RDS en plus de mettre en ligne le site Web officiel de L\u2019Annuel de l\u2019automobile sur annuelauto.ca.","sameAs":["https:\/\/annuelauto.ca\/"],"url":"https:\/\/news.canadamotorjobs.com\/fr\/author\/benoit-charette\/"}]}},"_links":{"self":[{"href":"https:\/\/news.canadamotorjobs.com\/fr\/wp-json\/wp\/v2\/posts\/176892"}],"collection":[{"href":"https:\/\/news.canadamotorjobs.com\/fr\/wp-json\/wp\/v2\/posts"}],"about":[{"href":"https:\/\/news.canadamotorjobs.com\/fr\/wp-json\/wp\/v2\/types\/post"}],"author":[{"embeddable":true,"href":"https:\/\/news.canadamotorjobs.com\/fr\/wp-json\/wp\/v2\/users\/8"}],"replies":[{"embeddable":true,"href":"https:\/\/news.canadamotorjobs.com\/fr\/wp-json\/wp\/v2\/comments?post=176892"}],"version-history":[{"count":3,"href":"https:\/\/news.canadamotorjobs.com\/fr\/wp-json\/wp\/v2\/posts\/176892\/revisions"}],"predecessor-version":[{"id":176959,"href":"https:\/\/news.canadamotorjobs.com\/fr\/wp-json\/wp\/v2\/posts\/176892\/revisions\/176959"}],"wp:featuredmedia":[{"embeddable":true,"href":"https:\/\/news.canadamotorjobs.com\/fr\/wp-json\/wp\/v2\/media\/176894"}],"wp:attachment":[{"href":"https:\/\/news.canadamotorjobs.com\/fr\/wp-json\/wp\/v2\/media?parent=176892"}],"wp:term":[{"taxonomy":"category","embeddable":true,"href":"https:\/\/news.canadamotorjobs.com\/fr\/wp-json\/wp\/v2\/categories?post=176892"},{"taxonomy":"post_tag","embeddable":true,"href":"https:\/\/news.canadamotorjobs.com\/fr\/wp-json\/wp\/v2\/tags?post=176892"}],"curies":[{"name":"wp","href":"https:\/\/api.w.org\/{rel}","templated":true}]}}