{"id":176856,"date":"2024-10-11T15:24:28","date_gmt":"2024-10-11T19:24:28","guid":{"rendered":"https:\/\/news.canadamotorjobs.com\/?p=176856"},"modified":"2024-10-11T15:29:43","modified_gmt":"2024-10-11T19:29:43","slug":"acura-adx-2025-apparition-de-nouvelles-images","status":"publish","type":"post","link":"https:\/\/news.canadamotorjobs.com\/fr\/acura-adx-2025-apparition-de-nouvelles-images\/","title":{"rendered":"Acura ADX 2025 : apparition de nouvelles images"},"content":{"rendered":"<\/p>\n<p>Nous savons qu\u2019Acura se pr\u00e9pare \u00e0 introduire un nouveau petit VUS sur le march\u00e9 nord-am\u00e9ricain. L\u2019Acura ADX 2025 a \u00e9t\u00e9 confirm\u00e9 en avril dernier. Cette semaine, nous avons droit \u00e0 de nouvelles images du mod\u00e8le, qui va se positionner en entr\u00e9e de gamme, sous le RDX. Acura affirme qu\u2019elle pr\u00e9sentera l\u2019ADX \u00e0 l\u2019Am\u00e9rique du Nord plus tard cet automne, ce qui pourrait signifier un d\u00e9voilement au Salon de l\u2019auto de Los Angeles.<\/p>\n<p>Peu de choses ont \u00e9t\u00e9 confirm\u00e9es pour l\u2019ADX 2025. On s\u2019attend \u00e0 ce que le mod\u00e8le emprunte \u00e0 peu pr\u00e8s le m\u00eame format que celui de l\u2019Envista de Buick, et qu\u2019il partage sa plateforme avec le Honda HR-V. Le VUS h\u00e9ritera d\u2019un certain nombre de caract\u00e9ristiques et de composants de l\u2019Integra, dont son moteur 4-cylindres turbo de 1,5 litre, bien que rien n\u2019a encore \u00e9t\u00e9 confirm\u00e9 de ce c\u00f4t\u00e9. La transmission int\u00e9grale devrait faire partie de l\u2019\u00e9quation, du moins comme option, et peut-\u00eatre de s\u00e9rie avec les mod\u00e8les destin\u00e9s au Canada.<\/p>\n<p><\/p>\n<figure><img decoding=\"async\" src=\"https:\/\/news.canadamotorjobs.com\/wp-content\/uploads\/2024\/10\/04_2025_Acura_ADX-5.jpg\" alt=\"Acura ADX 2025, si\u00e8ges ventil\u00e9s\" \/><figcaption>Acura ADX 2025, si\u00e8ges ventil\u00e9s | Auto123.com<\/figcaption><\/figure>\n<p>Acura nous apprend aujourd\u2019hui que le mod\u00e8le va profiter d\u2019un \u00ab int\u00e9rieur haut de gamme et riche en fonctionnalit\u00e9s \u00bb, avec notamment un toit ouvrant panoramique de s\u00e9rie et, en option, des si\u00e8ges avant ventil\u00e9s, ainsi qu\u2019un syst\u00e8me audio Bang &amp; Olufsen.<\/p>\n<p>Les images montrent les si\u00e8ges et d\u2019autres d\u00e9tails de l\u2019int\u00e9rieur comme le toit panoramique, ainsi que des feux \u00e0 DEL. On peut s\u2019attendre \u00e0 recevoir plus de d\u00e9tails au cours des semaines \u00e0 venir, avant la pr\u00e9sentation du mod\u00e8le.<\/p>\n<p>L\u2019Acura ADX 2025 aura comme concurrence principale les BMW X1, Mercedes-Benz GLA et Volvo XC40.<\/p>\n<p><\/p>\n<figure><img decoding=\"async\" src=\"https:\/\/news.canadamotorjobs.com\/wp-content\/uploads\/2024\/10\/03_2025_Acura_ADX-1.jpg\" alt=\"Acura ADX 2025, logo Bang &amp; Olufsen\" \/><figcaption>Acura ADX 2025, logo Bang &amp; Olufsen | Auto123.com<\/figcaption><\/figure>\n<figure><img decoding=\"async\" src=\"https:\/\/news.canadamotorjobs.com\/wp-content\/uploads\/2024\/10\/01_2025_Acura_ADX-1.jpg\" alt=\"Acura ADX 2025, feux\" \/><figcaption>Acura ADX 2025, feux | Auto123.com<\/figcaption><\/figure>\n<p style=\"padding-top: 15px\">Contenu original de <a href=\"https:\/\/www.auto123.com\/fr\/actualites\/acura-adx-2025-images-teaser\/71925\/\">auto123<\/a>.<\/p>\n<p>Le texte <a rel=\"nofollow\" href=\"https:\/\/annuelauto.ca\/acura-adx-2025-apparition-de-nouvelles-images\/\">Acura ADX 2025 : apparition de nouvelles images<\/a> provient de <a rel=\"nofollow\" href=\"https:\/\/annuelauto.ca\">L&#8217;annuel de l&#8217;automobile &#8211; Actualit\u00e9 automobile<\/a><\/p>\n<p><\/p>\n","protected":false},"excerpt":{"rendered":"<p>Nous savons qu\u2019Acura se pr\u00e9pare \u00e0 introduire un nouveau petit VUS sur le march\u00e9 nord-am\u00e9ricain. L\u2019Acura ADX 2025 a \u00e9t\u00e9 confirm\u00e9 en avril dernier. Cette semaine, nous avons droit \u00e0 de nouvelles images du mod\u00e8le, qui va se positionner en entr\u00e9e de gamme, sous le RDX. Acura affirme qu\u2019elle pr\u00e9sentera l\u2019ADX \u00e0 l\u2019Am\u00e9rique du Nord [&hellip;]<\/p>\n","protected":false},"author":8,"featured_media":176858,"comment_status":"close","ping_status":"closed","sticky":false,"template":"","format":"standard","meta":{"_monsterinsights_skip_tracking":false,"_monsterinsights_sitenote_active":false,"_monsterinsights_sitenote_note":"","_monsterinsights_sitenote_category":0,"footnotes":""},"categories":[101],"tags":[],"yoast_head":"<!-- This site is optimized with the Yoast SEO plugin v23.2 - https:\/\/yoast.com\/wordpress\/plugins\/seo\/ -->\n<title>Acura ADX 2025 : apparition de nouvelles images - CanadaMotorJobs.com<\/title>\n<meta name=\"description\" content=\"Acura ADX 2025 : apparition de nouvelles images - Benoit Charette - Annuel automobile - CanadaMotorJobs.com.\" \/>\n<meta name=\"robots\" content=\"index, follow, max-snippet:-1, max-image-preview:large, max-video-preview:-1\" \/>\n<meta property=\"og:locale\" content=\"fr_CA\" \/>\n<meta property=\"og:type\" content=\"article\" \/>\n<meta property=\"og:title\" content=\"Acura ADX 2025 : apparition de nouvelles images - CanadaMotorJobs.com\" \/>\n<meta property=\"og:description\" content=\"Acura ADX 2025 : apparition de nouvelles images - Benoit Charette - Annuel automobile - CanadaMotorJobs.com.\" \/>\n<meta property=\"og:url\" content=\"https:\/\/news.canadamotorjobs.com\/fr\/acura-adx-2025-apparition-de-nouvelles-images\/\" \/>\n<meta property=\"og:site_name\" content=\"CanadaMotorJobs.com\" \/>\n<meta property=\"article:publisher\" content=\"https:\/\/www.facebook.com\/canadamotorjobs\/\" \/>\n<meta property=\"article:published_time\" content=\"2024-10-11T19:24:28+00:00\" \/>\n<meta property=\"article:modified_time\" content=\"2024-10-11T19:29:43+00:00\" \/>\n<meta property=\"og:image\" content=\"https:\/\/news.canadamotorjobs.com\/wp-content\/uploads\/2024\/10\/04_2025_Acura_ADX.jpg\" \/>\n\t<meta property=\"og:image:width\" content=\"1200\" \/>\n\t<meta property=\"og:image:height\" content=\"800\" \/>\n\t<meta property=\"og:image:type\" content=\"image\/jpeg\" \/>\n<meta name=\"author\" content=\"Benoit Charette\" \/>\n<meta name=\"twitter:card\" content=\"summary_large_image\" \/>\n<meta name=\"twitter:creator\" content=\"@canadamotorjobs\" \/>\n<meta name=\"twitter:site\" content=\"@canadamotorjobs\" \/>\n<meta name=\"twitter:label1\" content=\"\u00c9crit par\" \/>\n\t<meta name=\"twitter:data1\" content=\"Benoit Charette\" \/>\n\t<meta name=\"twitter:label2\" content=\"Estimation du temps de lecture\" \/>\n\t<meta name=\"twitter:data2\" content=\"2 minutes\" \/>\n<!-- \/ Yoast SEO plugin. -->","yoast_head_json":{"title":"Acura ADX 2025 : apparition de nouvelles images - CanadaMotorJobs.com","description":"Acura ADX 2025 : apparition de nouvelles images - Benoit Charette - Annuel automobile - CanadaMotorJobs.com.","robots":{"index":"index","follow":"follow","max-snippet":"max-snippet:-1","max-image-preview":"max-image-preview:large","max-video-preview":"max-video-preview:-1"},"og_locale":"fr_CA","og_type":"article","og_title":"Acura ADX 2025 : apparition de nouvelles images - CanadaMotorJobs.com","og_description":"Acura ADX 2025 : apparition de nouvelles images - Benoit Charette - Annuel automobile - CanadaMotorJobs.com.","og_url":"https:\/\/news.canadamotorjobs.com\/fr\/acura-adx-2025-apparition-de-nouvelles-images\/","og_site_name":"CanadaMotorJobs.com","article_publisher":"https:\/\/www.facebook.com\/canadamotorjobs\/","article_published_time":"2024-10-11T19:24:28+00:00","article_modified_time":"2024-10-11T19:29:43+00:00","og_image":[{"width":1200,"height":800,"url":"https:\/\/news.canadamotorjobs.com\/wp-content\/uploads\/2024\/10\/04_2025_Acura_ADX.jpg","type":"image\/jpeg"}],"author":"Benoit Charette","twitter_card":"summary_large_image","twitter_creator":"@canadamotorjobs","twitter_site":"@canadamotorjobs","twitter_misc":{"\u00c9crit par":"Benoit Charette","Estimation du temps de lecture":"2 minutes"},"schema":{"@context":"https:\/\/schema.org","@graph":[{"@type":"Article","@id":"https:\/\/news.canadamotorjobs.com\/fr\/acura-adx-2025-apparition-de-nouvelles-images\/#article","isPartOf":{"@id":"https:\/\/news.canadamotorjobs.com\/fr\/acura-adx-2025-apparition-de-nouvelles-images\/"},"author":{"name":"Benoit Charette","@id":"https:\/\/news.canadamotorjobs.com\/#\/schema\/person\/51793d1f87d44011d7bcc2ed99269a90"},"headline":"Acura ADX 2025 : apparition de nouvelles images","datePublished":"2024-10-11T19:24:28+00:00","dateModified":"2024-10-11T19:29:43+00:00","mainEntityOfPage":{"@id":"https:\/\/news.canadamotorjobs.com\/fr\/acura-adx-2025-apparition-de-nouvelles-images\/"},"wordCount":347,"publisher":{"@id":"https:\/\/news.canadamotorjobs.com\/#organization"},"image":{"@id":"https:\/\/news.canadamotorjobs.com\/fr\/acura-adx-2025-apparition-de-nouvelles-images\/#primaryimage"},"thumbnailUrl":"https:\/\/news.canadamotorjobs.com\/wp-content\/uploads\/2024\/10\/04_2025_Acura_ADX.jpg","articleSection":["Annuel automobile"],"inLanguage":"fr-CA"},{"@type":"WebPage","@id":"https:\/\/news.canadamotorjobs.com\/fr\/acura-adx-2025-apparition-de-nouvelles-images\/","url":"https:\/\/news.canadamotorjobs.com\/fr\/acura-adx-2025-apparition-de-nouvelles-images\/","name":"Acura ADX 2025 : apparition de nouvelles images - CanadaMotorJobs.com","isPartOf":{"@id":"https:\/\/news.canadamotorjobs.com\/#website"},"primaryImageOfPage":{"@id":"https:\/\/news.canadamotorjobs.com\/fr\/acura-adx-2025-apparition-de-nouvelles-images\/#primaryimage"},"image":{"@id":"https:\/\/news.canadamotorjobs.com\/fr\/acura-adx-2025-apparition-de-nouvelles-images\/#primaryimage"},"thumbnailUrl":"https:\/\/news.canadamotorjobs.com\/wp-content\/uploads\/2024\/10\/04_2025_Acura_ADX.jpg","datePublished":"2024-10-11T19:24:28+00:00","dateModified":"2024-10-11T19:29:43+00:00","description":"Acura ADX 2025 : apparition de nouvelles images - Benoit Charette - Annuel automobile - CanadaMotorJobs.com.","breadcrumb":{"@id":"https:\/\/news.canadamotorjobs.com\/fr\/acura-adx-2025-apparition-de-nouvelles-images\/#breadcrumb"},"inLanguage":"fr-CA","potentialAction":[{"@type":"ReadAction","target":["https:\/\/news.canadamotorjobs.com\/fr\/acura-adx-2025-apparition-de-nouvelles-images\/"]}]},{"@type":"ImageObject","inLanguage":"fr-CA","@id":"https:\/\/news.canadamotorjobs.com\/fr\/acura-adx-2025-apparition-de-nouvelles-images\/#primaryimage","url":"https:\/\/news.canadamotorjobs.com\/wp-content\/uploads\/2024\/10\/04_2025_Acura_ADX.jpg","contentUrl":"https:\/\/news.canadamotorjobs.com\/wp-content\/uploads\/2024\/10\/04_2025_Acura_ADX.jpg","width":1200,"height":800},{"@type":"BreadcrumbList","@id":"https:\/\/news.canadamotorjobs.com\/fr\/acura-adx-2025-apparition-de-nouvelles-images\/#breadcrumb","itemListElement":[{"@type":"ListItem","position":1,"name":"Home","item":"https:\/\/news.canadamotorjobs.com\/fr\/blog\/"},{"@type":"ListItem","position":2,"name":"Acura ADX 2025 : apparition de nouvelles images"}]},{"@type":"WebSite","@id":"https:\/\/news.canadamotorjobs.com\/#website","url":"https:\/\/news.canadamotorjobs.com\/","name":"CanadaMotorJobs.com","description":"Automotive Jobs","publisher":{"@id":"https:\/\/news.canadamotorjobs.com\/#organization"},"potentialAction":[{"@type":"SearchAction","target":{"@type":"EntryPoint","urlTemplate":"https:\/\/news.canadamotorjobs.com\/?s={search_term_string}"},"query-input":"required name=search_term_string"}],"inLanguage":"fr-CA"},{"@type":"Organization","@id":"https:\/\/news.canadamotorjobs.com\/#organization","name":"Canada Motor Jobs","url":"https:\/\/news.canadamotorjobs.com\/","logo":{"@type":"ImageObject","inLanguage":"fr-CA","@id":"https:\/\/news.canadamotorjobs.com\/#\/schema\/logo\/image\/","url":"https:\/\/news.canadamotorjobs.com\/wp-content\/uploads\/2022\/10\/logo-canada-motor-jobs-1.png","contentUrl":"https:\/\/news.canadamotorjobs.com\/wp-content\/uploads\/2022\/10\/logo-canada-motor-jobs-1.png","width":800,"height":400,"caption":"Canada Motor Jobs"},"image":{"@id":"https:\/\/news.canadamotorjobs.com\/#\/schema\/logo\/image\/"},"sameAs":["https:\/\/www.facebook.com\/canadamotorjobs\/","https:\/\/x.com\/canadamotorjobs","https:\/\/www.instagram.com\/canadamotorjobs\/","https:\/\/www.linkedin.com\/company\/canadamotorjobs"]},{"@type":"Person","@id":"https:\/\/news.canadamotorjobs.com\/#\/schema\/person\/51793d1f87d44011d7bcc2ed99269a90","name":"Benoit Charette","image":{"@type":"ImageObject","inLanguage":"fr-CA","@id":"https:\/\/news.canadamotorjobs.com\/#\/schema\/person\/image\/","url":"https:\/\/secure.gravatar.com\/avatar\/45f3d2eebcccd909668d7ce7ea7267b6?s=96&d=mm&r=g","contentUrl":"https:\/\/secure.gravatar.com\/avatar\/45f3d2eebcccd909668d7ce7ea7267b6?s=96&d=mm&r=g","caption":"Benoit Charette"},"description":"Benoit Charette \/ Propri\u00e9taire et r\u00e9dacteur en chef Benoit Charette pratique le journalisme automobile depuis bient\u00f4t 30 ans. Il a fait ses classes au c\u00f4t\u00e9 de Daniel H\u00e9raud et au Carnet de route de 1992 \u00e0 2001. Il est fondateur, copropri\u00e9taire et r\u00e9dacteur en chef de L\u2019Annuel de l\u2019automobile, qu\u2019il publie depuis 2001. Il a anim\u00e9 les \u00e9missions RPM et RPM+ sur V et les L\u00e9gendes de la route sur Historia. \u00c0 la radio depuis 1986, il reprend l\u2019antenne cette ann\u00e9e sur les ondes de Cogeco et participe pour la deuxi\u00e8me ann\u00e9e \u00e0 l\u2019\u00e9mission Passion Auto sur RDS en plus de mettre en ligne le site Web officiel de L\u2019Annuel de l\u2019automobile sur annuelauto.ca.","sameAs":["https:\/\/annuelauto.ca\/"],"url":"https:\/\/news.canadamotorjobs.com\/fr\/author\/benoit-charette\/"}]}},"_links":{"self":[{"href":"https:\/\/news.canadamotorjobs.com\/fr\/wp-json\/wp\/v2\/posts\/176856"}],"collection":[{"href":"https:\/\/news.canadamotorjobs.com\/fr\/wp-json\/wp\/v2\/posts"}],"about":[{"href":"https:\/\/news.canadamotorjobs.com\/fr\/wp-json\/wp\/v2\/types\/post"}],"author":[{"embeddable":true,"href":"https:\/\/news.canadamotorjobs.com\/fr\/wp-json\/wp\/v2\/users\/8"}],"replies":[{"embeddable":true,"href":"https:\/\/news.canadamotorjobs.com\/fr\/wp-json\/wp\/v2\/comments?post=176856"}],"version-history":[{"count":3,"href":"https:\/\/news.canadamotorjobs.com\/fr\/wp-json\/wp\/v2\/posts\/176856\/revisions"}],"predecessor-version":[{"id":176891,"href":"https:\/\/news.canadamotorjobs.com\/fr\/wp-json\/wp\/v2\/posts\/176856\/revisions\/176891"}],"wp:featuredmedia":[{"embeddable":true,"href":"https:\/\/news.canadamotorjobs.com\/fr\/wp-json\/wp\/v2\/media\/176858"}],"wp:attachment":[{"href":"https:\/\/news.canadamotorjobs.com\/fr\/wp-json\/wp\/v2\/media?parent=176856"}],"wp:term":[{"taxonomy":"category","embeddable":true,"href":"https:\/\/news.canadamotorjobs.com\/fr\/wp-json\/wp\/v2\/categories?post=176856"},{"taxonomy":"post_tag","embeddable":true,"href":"https:\/\/news.canadamotorjobs.com\/fr\/wp-json\/wp\/v2\/tags?post=176856"}],"curies":[{"name":"wp","href":"https:\/\/api.w.org\/{rel}","templated":true}]}}