{"id":176803,"date":"2024-10-11T08:43:16","date_gmt":"2024-10-11T12:43:16","guid":{"rendered":"https:\/\/news.canadamotorjobs.com\/?p=176803"},"modified":"2024-10-11T08:44:26","modified_gmt":"2024-10-11T12:44:26","slug":"volkswagen-annonce-un-taos-2025-a-moins-de-30-000","status":"publish","type":"post","link":"https:\/\/news.canadamotorjobs.com\/fr\/volkswagen-annonce-un-taos-2025-a-moins-de-30-000\/","title":{"rendered":"Volkswagen annonce un Taos 2025 \u00e0 moins de 30 000$"},"content":{"rendered":"<\/p>\n<p>Volkswagen Canada a annonc\u00e9 aujourd&#8217;hui les prix du Taos 2025,\u00a0 Le mod\u00e8le de base Trendline \u00e0 traction est offert \u00e0 partir de 29 795 $, tandis que la version 4MOTION \u00e0 traction int\u00e9grale commence \u00e0 31 795 $.<\/p>\n<h3><strong>Un style ext\u00e9rieur modernis\u00e9<\/strong><\/h3>\n<p>\nPour l\u2019ann\u00e9e-mod\u00e8le 2025, le Taos pr\u00e9sente un style ext\u00e9rieur r\u00e9vis\u00e9, avec une s\u00e9lection \u00e9largie de couleurs et de nouveaux designs de roues pour une allure encore plus s\u00e9duisante. Le design de l\u2019avant a \u00e9t\u00e9 revu avec un nouveau pare-chocs, une calandre redessin\u00e9e incluant une barre lumineuse, et des phares \u00e0 DEL de s\u00e9rie avec le syst\u00e8me d\u2019\u00e9clairage avant adaptatif (AFS) en option. \u00c0 l\u2019arri\u00e8re, des feux reli\u00e9s et un logo Volkswagen illumin\u00e9 renforcent l&#8217;esth\u00e9tique moderne.<\/p>\n<h3><strong>Un int\u00e9rieur connect\u00e9 et une m\u00e9canique plus puissante<\/strong><\/h3>\n<p>\n\u00c0 l\u2019int\u00e9rieur, le Taos propose un nouveau tableau de bord avec un \u00e9cran d\u2019infodivertissement flottant de 8 pouces. Sous le capot, le moteur 1,5 litre turbo voit sa puissance passer de 158 \u00e0 174 chevaux, tandis que la version \u00e0 quatre roues motrices est d\u00e9sormais \u00e9quip\u00e9e d\u2019une transmission automatique \u00e0 huit rapports, en remplacement de la bo\u00eete DSG \u00e0 double embrayage.<\/p>\n<h3><strong>Trendline<\/strong><\/h3>\n<p>\nLe mod\u00e8le d\u2019entr\u00e9e de gamme Trendline vient avec des jantes en alliage d\u2019aluminium de 17 pouces &#8220;Manali&#8221; (traction) ou de 18 pouces &#8220;Kentucky&#8221; (4MOTION), des phares \u00e0 DEL automatiques avec \u00e9clairage en virage, des rails de toit noirs, un volant multifonctions chauffant en similicuir, des si\u00e8ges avant chauffants avec r\u00e9glage manuel de la hauteur, des r\u00e9troviseurs lat\u00e9raux chauffants, et une int\u00e9gration pour smartphones (Android Auto et Apple CarPlay). C\u00f4t\u00e9 s\u00e9curit\u00e9, on retrouve l\u2019assistance \u00e0 la conduite semi-automatis\u00e9e, l\u2019Alerte de collision frontale avec freinage d\u2019urgence, le syst\u00e8me de surveillance des angles morts, le r\u00e9gulateur de vitesse adaptatif avec fonction Stop-and-Go, et l\u2019assistance en cas d\u2019urgence m\u00e9dicale.<\/p>\n<h3><strong>Comfortline<\/strong><\/h3>\n<p>\nLe mod\u00e8le Comfortline, qui repose sur la version Trendline, d\u00e9marre \u00e0 un prix de 35 295 $ et inclut la transmission int\u00e9grale 4MOTION. Il est disponible en huit couleurs, dont le Bleu Cornflower et le Vert Serrano, avec un int\u00e9rieur en similicuir noir Titan ou Mistral. Parmi les \u00e9quipements suppl\u00e9mentaires, on retrouve des jantes en alliage d\u2019aluminium de 18 pouces &#8220;Fiji&#8221;, des rails de toit argent\u00e9s, des vitres teint\u00e9es et des entourages de fen\u00eatres chrom\u00e9s. \u00c0 l\u2019int\u00e9rieur, le conducteur b\u00e9n\u00e9ficie d\u2019un si\u00e8ge \u00e0 r\u00e9glage \u00e9lectrique avec soutien lombaire et d\u2019un tableau de bord num\u00e9rique de 10,25 pouces. La recharge sans fil et la connectivit\u00e9 sans fil pour Android Auto et Apple CarPlay sont de s\u00e9rie. Un toit panoramique est disponible en option pour 1 200 $.<\/p>\n<h3><strong>Comfortline Black Edition<\/strong><\/h3>\n<p>\nBas\u00e9 sur le mod\u00e8le Comfortline, le Black Edition est propos\u00e9 \u00e0 partir de 36 995 $. Il se distingue par une finition ext\u00e9rieure noire avec des jantes en alliage de 19 pouces &#8220;Portland Black&#8221;, des r\u00e9troviseurs noirs, et un \u00e9clairage ext\u00e9rieur illumin\u00e9. \u00c0 l\u2019int\u00e9rieur, l\u2019\u00e9clairage d\u2019ambiance est personnalisable en dix couleurs diff\u00e9rentes, cr\u00e9ant une atmosph\u00e8re raffin\u00e9e.<\/p>\n<h3><strong>Highline<\/strong><\/h3>\n<p>\nLe mod\u00e8le haut de gamme Highline d\u00e9bute \u00e0 38 995 $. Il est disponible dans toutes les couleurs de la gamme avec un int\u00e9rieur en cuir noir Titan ou Bleu Nuit, selon la couleur ext\u00e9rieure choisie. Le mod\u00e8le Highline ajoute des jantes en alliage de 19 pouces, un syst\u00e8me de navigation par satellite, des si\u00e8ges avant ventil\u00e9s et un affichage dynamique des panneaux routiers.<\/p>\n<h3><strong>Disponibilit\u00e9<\/strong><\/h3>\n<p>\nLe nouveau Volkswagen Taos 2025 arrivera chez les concessionnaires plus tard cette ann\u00e9e.<\/p>\n<p>Le texte <a rel=\"nofollow\" href=\"https:\/\/annuelauto.ca\/volkswagen-annonce-un-taos-2025-a-moins-de-30-000\/\">Volkswagen annonce un Taos 2025 \u00e0 moins de 30 000$<\/a> provient de <a rel=\"nofollow\" href=\"https:\/\/annuelauto.ca\">L&#8217;annuel de l&#8217;automobile &#8211; Actualit\u00e9 automobile<\/a><\/p>\n<p><\/p>\n","protected":false},"excerpt":{"rendered":"<p>Volkswagen Canada a annonc\u00e9 aujourd&#8217;hui les prix du Taos 2025,\u00a0 Le mod\u00e8le de base Trendline \u00e0 traction est offert \u00e0 partir de 29 795 $, tandis que la version 4MOTION \u00e0 traction int\u00e9grale commence \u00e0 31 795 $. Un style ext\u00e9rieur modernis\u00e9 Pour l\u2019ann\u00e9e-mod\u00e8le 2025, le Taos pr\u00e9sente un style ext\u00e9rieur r\u00e9vis\u00e9, avec une s\u00e9lection [&hellip;]<\/p>\n","protected":false},"author":8,"featured_media":176805,"comment_status":"close","ping_status":"closed","sticky":false,"template":"","format":"standard","meta":{"_monsterinsights_skip_tracking":false,"_monsterinsights_sitenote_active":false,"_monsterinsights_sitenote_note":"","_monsterinsights_sitenote_category":0,"footnotes":""},"categories":[101],"tags":[],"yoast_head":"<!-- This site is optimized with the Yoast SEO plugin v23.2 - https:\/\/yoast.com\/wordpress\/plugins\/seo\/ -->\n<title>Volkswagen annonce un Taos 2025 \u00e0 moins de 30 000$ - CanadaMotorJobs.com<\/title>\n<meta name=\"description\" content=\"Volkswagen annonce un Taos 2025 \u00e0 moins de 30 000$ - Benoit Charette - Annuel automobile - CanadaMotorJobs.com.\" \/>\n<meta name=\"robots\" content=\"index, follow, max-snippet:-1, max-image-preview:large, max-video-preview:-1\" \/>\n<meta property=\"og:locale\" content=\"fr_CA\" \/>\n<meta property=\"og:type\" content=\"article\" \/>\n<meta property=\"og:title\" content=\"Volkswagen annonce un Taos 2025 \u00e0 moins de 30 000$ - CanadaMotorJobs.com\" \/>\n<meta property=\"og:description\" content=\"Volkswagen annonce un Taos 2025 \u00e0 moins de 30 000$ - Benoit Charette - Annuel automobile - CanadaMotorJobs.com.\" \/>\n<meta property=\"og:url\" content=\"https:\/\/news.canadamotorjobs.com\/fr\/volkswagen-annonce-un-taos-2025-a-moins-de-30-000\/\" \/>\n<meta property=\"og:site_name\" content=\"CanadaMotorJobs.com\" \/>\n<meta property=\"article:publisher\" content=\"https:\/\/www.facebook.com\/canadamotorjobs\/\" \/>\n<meta property=\"article:published_time\" content=\"2024-10-11T12:43:16+00:00\" \/>\n<meta property=\"article:modified_time\" content=\"2024-10-11T12:44:26+00:00\" \/>\n<meta property=\"og:image\" content=\"https:\/\/news.canadamotorjobs.com\/wp-content\/uploads\/2024\/10\/Small-18000-2025Taos.jpg\" \/>\n\t<meta property=\"og:image:width\" content=\"1500\" \/>\n\t<meta property=\"og:image:height\" content=\"1000\" \/>\n\t<meta property=\"og:image:type\" content=\"image\/jpeg\" \/>\n<meta name=\"author\" content=\"Benoit Charette\" \/>\n<meta name=\"twitter:card\" content=\"summary_large_image\" \/>\n<meta name=\"twitter:creator\" content=\"@canadamotorjobs\" \/>\n<meta name=\"twitter:site\" content=\"@canadamotorjobs\" \/>\n<meta name=\"twitter:label1\" content=\"\u00c9crit par\" \/>\n\t<meta name=\"twitter:data1\" content=\"Benoit Charette\" \/>\n\t<meta name=\"twitter:label2\" content=\"Estimation du temps de lecture\" \/>\n\t<meta name=\"twitter:data2\" content=\"3 minutes\" \/>\n<!-- \/ Yoast SEO plugin. -->","yoast_head_json":{"title":"Volkswagen annonce un Taos 2025 \u00e0 moins de 30 000$ - CanadaMotorJobs.com","description":"Volkswagen annonce un Taos 2025 \u00e0 moins de 30 000$ - Benoit Charette - Annuel automobile - CanadaMotorJobs.com.","robots":{"index":"index","follow":"follow","max-snippet":"max-snippet:-1","max-image-preview":"max-image-preview:large","max-video-preview":"max-video-preview:-1"},"og_locale":"fr_CA","og_type":"article","og_title":"Volkswagen annonce un Taos 2025 \u00e0 moins de 30 000$ - CanadaMotorJobs.com","og_description":"Volkswagen annonce un Taos 2025 \u00e0 moins de 30 000$ - Benoit Charette - Annuel automobile - CanadaMotorJobs.com.","og_url":"https:\/\/news.canadamotorjobs.com\/fr\/volkswagen-annonce-un-taos-2025-a-moins-de-30-000\/","og_site_name":"CanadaMotorJobs.com","article_publisher":"https:\/\/www.facebook.com\/canadamotorjobs\/","article_published_time":"2024-10-11T12:43:16+00:00","article_modified_time":"2024-10-11T12:44:26+00:00","og_image":[{"width":1500,"height":1000,"url":"https:\/\/news.canadamotorjobs.com\/wp-content\/uploads\/2024\/10\/Small-18000-2025Taos.jpg","type":"image\/jpeg"}],"author":"Benoit Charette","twitter_card":"summary_large_image","twitter_creator":"@canadamotorjobs","twitter_site":"@canadamotorjobs","twitter_misc":{"\u00c9crit par":"Benoit Charette","Estimation du temps de lecture":"3 minutes"},"schema":{"@context":"https:\/\/schema.org","@graph":[{"@type":"Article","@id":"https:\/\/news.canadamotorjobs.com\/fr\/volkswagen-annonce-un-taos-2025-a-moins-de-30-000\/#article","isPartOf":{"@id":"https:\/\/news.canadamotorjobs.com\/fr\/volkswagen-annonce-un-taos-2025-a-moins-de-30-000\/"},"author":{"name":"Benoit Charette","@id":"https:\/\/news.canadamotorjobs.com\/#\/schema\/person\/51793d1f87d44011d7bcc2ed99269a90"},"headline":"Volkswagen annonce un Taos 2025 \u00e0 moins de 30 000$","datePublished":"2024-10-11T12:43:16+00:00","dateModified":"2024-10-11T12:44:26+00:00","mainEntityOfPage":{"@id":"https:\/\/news.canadamotorjobs.com\/fr\/volkswagen-annonce-un-taos-2025-a-moins-de-30-000\/"},"wordCount":623,"publisher":{"@id":"https:\/\/news.canadamotorjobs.com\/#organization"},"image":{"@id":"https:\/\/news.canadamotorjobs.com\/fr\/volkswagen-annonce-un-taos-2025-a-moins-de-30-000\/#primaryimage"},"thumbnailUrl":"https:\/\/news.canadamotorjobs.com\/wp-content\/uploads\/2024\/10\/Small-18000-2025Taos.jpg","articleSection":["Annuel automobile"],"inLanguage":"fr-CA"},{"@type":"WebPage","@id":"https:\/\/news.canadamotorjobs.com\/fr\/volkswagen-annonce-un-taos-2025-a-moins-de-30-000\/","url":"https:\/\/news.canadamotorjobs.com\/fr\/volkswagen-annonce-un-taos-2025-a-moins-de-30-000\/","name":"Volkswagen annonce un Taos 2025 \u00e0 moins de 30 000$ - CanadaMotorJobs.com","isPartOf":{"@id":"https:\/\/news.canadamotorjobs.com\/#website"},"primaryImageOfPage":{"@id":"https:\/\/news.canadamotorjobs.com\/fr\/volkswagen-annonce-un-taos-2025-a-moins-de-30-000\/#primaryimage"},"image":{"@id":"https:\/\/news.canadamotorjobs.com\/fr\/volkswagen-annonce-un-taos-2025-a-moins-de-30-000\/#primaryimage"},"thumbnailUrl":"https:\/\/news.canadamotorjobs.com\/wp-content\/uploads\/2024\/10\/Small-18000-2025Taos.jpg","datePublished":"2024-10-11T12:43:16+00:00","dateModified":"2024-10-11T12:44:26+00:00","description":"Volkswagen annonce un Taos 2025 \u00e0 moins de 30 000$ - Benoit Charette - Annuel automobile - CanadaMotorJobs.com.","breadcrumb":{"@id":"https:\/\/news.canadamotorjobs.com\/fr\/volkswagen-annonce-un-taos-2025-a-moins-de-30-000\/#breadcrumb"},"inLanguage":"fr-CA","potentialAction":[{"@type":"ReadAction","target":["https:\/\/news.canadamotorjobs.com\/fr\/volkswagen-annonce-un-taos-2025-a-moins-de-30-000\/"]}]},{"@type":"ImageObject","inLanguage":"fr-CA","@id":"https:\/\/news.canadamotorjobs.com\/fr\/volkswagen-annonce-un-taos-2025-a-moins-de-30-000\/#primaryimage","url":"https:\/\/news.canadamotorjobs.com\/wp-content\/uploads\/2024\/10\/Small-18000-2025Taos.jpg","contentUrl":"https:\/\/news.canadamotorjobs.com\/wp-content\/uploads\/2024\/10\/Small-18000-2025Taos.jpg","width":1500,"height":1000},{"@type":"BreadcrumbList","@id":"https:\/\/news.canadamotorjobs.com\/fr\/volkswagen-annonce-un-taos-2025-a-moins-de-30-000\/#breadcrumb","itemListElement":[{"@type":"ListItem","position":1,"name":"Home","item":"https:\/\/news.canadamotorjobs.com\/fr\/blog\/"},{"@type":"ListItem","position":2,"name":"Volkswagen annonce un Taos 2025 \u00e0 moins de 30 000$"}]},{"@type":"WebSite","@id":"https:\/\/news.canadamotorjobs.com\/#website","url":"https:\/\/news.canadamotorjobs.com\/","name":"CanadaMotorJobs.com","description":"Automotive Jobs","publisher":{"@id":"https:\/\/news.canadamotorjobs.com\/#organization"},"potentialAction":[{"@type":"SearchAction","target":{"@type":"EntryPoint","urlTemplate":"https:\/\/news.canadamotorjobs.com\/?s={search_term_string}"},"query-input":"required name=search_term_string"}],"inLanguage":"fr-CA"},{"@type":"Organization","@id":"https:\/\/news.canadamotorjobs.com\/#organization","name":"Canada Motor Jobs","url":"https:\/\/news.canadamotorjobs.com\/","logo":{"@type":"ImageObject","inLanguage":"fr-CA","@id":"https:\/\/news.canadamotorjobs.com\/#\/schema\/logo\/image\/","url":"https:\/\/news.canadamotorjobs.com\/wp-content\/uploads\/2022\/10\/logo-canada-motor-jobs-1.png","contentUrl":"https:\/\/news.canadamotorjobs.com\/wp-content\/uploads\/2022\/10\/logo-canada-motor-jobs-1.png","width":800,"height":400,"caption":"Canada Motor Jobs"},"image":{"@id":"https:\/\/news.canadamotorjobs.com\/#\/schema\/logo\/image\/"},"sameAs":["https:\/\/www.facebook.com\/canadamotorjobs\/","https:\/\/x.com\/canadamotorjobs","https:\/\/www.instagram.com\/canadamotorjobs\/","https:\/\/www.linkedin.com\/company\/canadamotorjobs"]},{"@type":"Person","@id":"https:\/\/news.canadamotorjobs.com\/#\/schema\/person\/51793d1f87d44011d7bcc2ed99269a90","name":"Benoit Charette","image":{"@type":"ImageObject","inLanguage":"fr-CA","@id":"https:\/\/news.canadamotorjobs.com\/#\/schema\/person\/image\/","url":"https:\/\/secure.gravatar.com\/avatar\/45f3d2eebcccd909668d7ce7ea7267b6?s=96&d=mm&r=g","contentUrl":"https:\/\/secure.gravatar.com\/avatar\/45f3d2eebcccd909668d7ce7ea7267b6?s=96&d=mm&r=g","caption":"Benoit Charette"},"description":"Benoit Charette \/ Propri\u00e9taire et r\u00e9dacteur en chef Benoit Charette pratique le journalisme automobile depuis bient\u00f4t 30 ans. Il a fait ses classes au c\u00f4t\u00e9 de Daniel H\u00e9raud et au Carnet de route de 1992 \u00e0 2001. Il est fondateur, copropri\u00e9taire et r\u00e9dacteur en chef de L\u2019Annuel de l\u2019automobile, qu\u2019il publie depuis 2001. Il a anim\u00e9 les \u00e9missions RPM et RPM+ sur V et les L\u00e9gendes de la route sur Historia. \u00c0 la radio depuis 1986, il reprend l\u2019antenne cette ann\u00e9e sur les ondes de Cogeco et participe pour la deuxi\u00e8me ann\u00e9e \u00e0 l\u2019\u00e9mission Passion Auto sur RDS en plus de mettre en ligne le site Web officiel de L\u2019Annuel de l\u2019automobile sur annuelauto.ca.","sameAs":["https:\/\/annuelauto.ca\/"],"url":"https:\/\/news.canadamotorjobs.com\/fr\/author\/benoit-charette\/"}]}},"_links":{"self":[{"href":"https:\/\/news.canadamotorjobs.com\/fr\/wp-json\/wp\/v2\/posts\/176803"}],"collection":[{"href":"https:\/\/news.canadamotorjobs.com\/fr\/wp-json\/wp\/v2\/posts"}],"about":[{"href":"https:\/\/news.canadamotorjobs.com\/fr\/wp-json\/wp\/v2\/types\/post"}],"author":[{"embeddable":true,"href":"https:\/\/news.canadamotorjobs.com\/fr\/wp-json\/wp\/v2\/users\/8"}],"replies":[{"embeddable":true,"href":"https:\/\/news.canadamotorjobs.com\/fr\/wp-json\/wp\/v2\/comments?post=176803"}],"version-history":[{"count":2,"href":"https:\/\/news.canadamotorjobs.com\/fr\/wp-json\/wp\/v2\/posts\/176803\/revisions"}],"predecessor-version":[{"id":176807,"href":"https:\/\/news.canadamotorjobs.com\/fr\/wp-json\/wp\/v2\/posts\/176803\/revisions\/176807"}],"wp:featuredmedia":[{"embeddable":true,"href":"https:\/\/news.canadamotorjobs.com\/fr\/wp-json\/wp\/v2\/media\/176805"}],"wp:attachment":[{"href":"https:\/\/news.canadamotorjobs.com\/fr\/wp-json\/wp\/v2\/media?parent=176803"}],"wp:term":[{"taxonomy":"category","embeddable":true,"href":"https:\/\/news.canadamotorjobs.com\/fr\/wp-json\/wp\/v2\/categories?post=176803"},{"taxonomy":"post_tag","embeddable":true,"href":"https:\/\/news.canadamotorjobs.com\/fr\/wp-json\/wp\/v2\/tags?post=176803"}],"curies":[{"name":"wp","href":"https:\/\/api.w.org\/{rel}","templated":true}]}}