{"id":176740,"date":"2024-10-10T06:54:27","date_gmt":"2024-10-10T10:54:27","guid":{"rendered":"https:\/\/news.canadamotorjobs.com\/?p=176740"},"modified":"2024-10-10T06:59:12","modified_gmt":"2024-10-10T10:59:12","slug":"volvo-ex30-le-bonheur-sur-4-roues","status":"publish","type":"post","link":"https:\/\/news.canadamotorjobs.com\/fr\/volvo-ex30-le-bonheur-sur-4-roues\/","title":{"rendered":"Volvo EX30: Le bonheur sur 4 roues"},"content":{"rendered":"<\/p>\n<p>Volvo ne cache pas son jeu : le EX30 est son plus petit VUS jamais con\u00e7u. C&#8217;est \u00e9galement le plus abordable de ses mod\u00e8les \u00e9lectriques, avec un prix variant de 57 000 $ \u00e0 66 000 $. Bien que ce tarif puisse ne pas sembler &#8220;abordable&#8221; en soi, Volvo semble avoir bien \u00e9quilibr\u00e9 les attentes et la r\u00e9alit\u00e9.<\/p>\n<h3>L&#8217;esprit &#8220;Hygge&#8221; : simplicit\u00e9 et confort<\/h3>\n<p>\nD\u00e8s qu\u2019on s\u2019installe \u00e0 bord du EX30, un terme venu du nord de l&#8217;Europe traverse l\u2019esprit : <em>hygge<\/em>. Ce mot, qui trouve ses racines en Norv\u00e8ge et au Danemark, d\u00e9crit un sentiment de bien-\u00eatre par la simplicit\u00e9. Et c\u2019est exactement l\u2019esprit que Volvo a infus\u00e9 dans le EX30. En combinant minimalisme et confort, la marque su\u00e9doise a trouv\u00e9 une recette qui pourrait s\u00e9duire ceux qui cherchent \u00e0 \u00e9viter les extravagances tout en profitant d\u2019un certain raffinement.<\/p>\n<h3>Int\u00e9rieur \u00e9pur\u00e9, mais fonctionnel<\/h3>\n<p>\nLe design int\u00e9rieur du EX30 refl\u00e8te cette philosophie. Pas de cadrans traditionnels derri\u00e8re le volant : toutes les informations sont regroup\u00e9es dans un \u00e9cran tactile vertical au centre. Les commandes se trouvent sur le volant ou sur l&#8217;accoudoir central. Bien que cela puisse sembler d\u00e9routant au d\u00e9part, l\u2019utilisateur s\u2019y habitue. Toutefois, l&#8217;absence de boutons physiques peut agacer, surtout quand il faut fouiller dans les menus pour ajuster les r\u00e9troviseurs.<\/p>\n<p>Un d\u00e9tail qui montre cette approche ultra-optimis\u00e9e : l\u2019essuie-glace arri\u00e8re est activ\u00e9 par un minuscule bouton sur le levier des clignotants. Une ergonomie qui fr\u00f4le peut-\u00eatre un peu trop la <em>simplicit\u00e9<\/em>.<\/p>\n<h3>Confort scandinave&#8230; \u00e0 l&#8217;avant<\/h3>\n<p>\nLes si\u00e8ges avant sont confortables, et l\u2019environnement reste agr\u00e9ablement silencieux. Volvo a judicieusement \u00e9quip\u00e9 le v\u00e9hicule d&#8217;une barre de son Harman Kardon, situ\u00e9e \u00e0 la base du pare-brise, offrant une qualit\u00e9 sonore exceptionnelle. Cependant, \u00e0 l\u2019arri\u00e8re, l\u2019espace pour les jambes est un peu juste, limitant le confort des passagers lors de longs trajets.<\/p>\n<h3>Performances impressionnantes pour sa taille<\/h3>\n<p>\nSous le capot, le EX30 offre plusieurs configurations. Le mod\u00e8le de base, avec un moteur unique de 268 chevaux, anime les roues arri\u00e8re et procure une autonomie d\u2019environ 330 km par charge. Une version \u00e0 autonomie prolong\u00e9e peut atteindre 420 km, tandis qu&#8217;une version \u00e0 deux moteurs, d\u00e9veloppant 422 chevaux, catapulte ce petit VUS de 0 \u00e0 100 km\/h en seulement 3,4 secondes, ce qui est impressionnant pour un v\u00e9hicule de cette taille.<\/p>\n<h3>La meilleure option : un moteur et longue autonomie<\/h3>\n<p>\n\u00c0 mon avis, le mod\u00e8le \u00e0 moteur unique et \u00e0 longue autonomie repr\u00e9sente le choix optimal. Cependant, pour un suppl\u00e9ment de 3000 $, le rouage int\u00e9gral peut valoir la peine, surtout pour ceux vivant dans des r\u00e9gions aux hivers rigoureux.<\/p>\n<h3>Quelques compromis, mais un charme ind\u00e9niable<\/h3>\n<p>\nLe principal d\u00e9faut du EX30 r\u00e9side peut-\u00eatre dans son prix. Volvo avait initialement l\u2019intention de le vendre \u00e0 un tarif plus bas, mais a d\u00e9cid\u00e9 d\u2019augmenter ses marges de profit en cours de route. Cela dit, il reste un choix agr\u00e9able pour les citadins en qu\u00eate d\u2019un VUS compact, performant, et align\u00e9 sur les valeurs scandinaves de confort et de sobri\u00e9t\u00e9.<\/p>\n<p><strong>Conclusion<\/strong> : Avec son design minimaliste, ses performances surprenantes et son ambiance &#8220;hygge&#8221;, le Volvo EX30 se positionne comme un excellent choix pour ceux qui cherchent un petit VUS urbain tout \u00e9lectrique. C\u2019est un compagnon id\u00e9al pour les petites familles ou les couples actifs.<\/p>\n<p>\u00a0<\/p>\n<p>\u00a0<\/p>\n<p>Le texte <a rel=\"nofollow\" href=\"https:\/\/annuelauto.ca\/volvo-ex30-le-bonheur-sur-4-roues\/\">Volvo EX30: Le bonheur sur 4 roues<\/a> provient de <a rel=\"nofollow\" href=\"https:\/\/annuelauto.ca\">L&#8217;annuel de l&#8217;automobile &#8211; Actualit\u00e9 automobile<\/a><\/p>\n<p><\/p>\n","protected":false},"excerpt":{"rendered":"<p>Volvo ne cache pas son jeu : le EX30 est son plus petit VUS jamais con\u00e7u. C&#8217;est \u00e9galement le plus abordable de ses mod\u00e8les \u00e9lectriques, avec un prix variant de 57 000 $ \u00e0 66 000 $. Bien que ce tarif puisse ne pas sembler &#8220;abordable&#8221; en soi, Volvo semble avoir bien \u00e9quilibr\u00e9 les attentes [&hellip;]<\/p>\n","protected":false},"author":8,"featured_media":176742,"comment_status":"close","ping_status":"closed","sticky":false,"template":"","format":"standard","meta":{"_monsterinsights_skip_tracking":false,"_monsterinsights_sitenote_active":false,"_monsterinsights_sitenote_note":"","_monsterinsights_sitenote_category":0,"footnotes":""},"categories":[101],"tags":[],"yoast_head":"<!-- This site is optimized with the Yoast SEO plugin v23.2 - https:\/\/yoast.com\/wordpress\/plugins\/seo\/ -->\n<title>Volvo EX30: Le bonheur sur 4 roues - CanadaMotorJobs.com<\/title>\n<meta name=\"description\" content=\"Volvo EX30: Le bonheur sur 4 roues - Benoit Charette - Annuel automobile - CanadaMotorJobs.com.\" \/>\n<meta name=\"robots\" content=\"index, follow, max-snippet:-1, max-image-preview:large, max-video-preview:-1\" \/>\n<meta property=\"og:locale\" content=\"fr_CA\" \/>\n<meta property=\"og:type\" content=\"article\" \/>\n<meta property=\"og:title\" content=\"Volvo EX30: Le bonheur sur 4 roues - CanadaMotorJobs.com\" \/>\n<meta property=\"og:description\" content=\"Volvo EX30: Le bonheur sur 4 roues - Benoit Charette - Annuel automobile - CanadaMotorJobs.com.\" \/>\n<meta property=\"og:url\" content=\"https:\/\/news.canadamotorjobs.com\/fr\/volvo-ex30-le-bonheur-sur-4-roues\/\" \/>\n<meta property=\"og:site_name\" content=\"CanadaMotorJobs.com\" \/>\n<meta property=\"article:publisher\" content=\"https:\/\/www.facebook.com\/canadamotorjobs\/\" \/>\n<meta property=\"article:published_time\" content=\"2024-10-10T10:54:27+00:00\" \/>\n<meta property=\"article:modified_time\" content=\"2024-10-10T10:59:12+00:00\" \/>\n<meta property=\"og:image\" content=\"https:\/\/news.canadamotorjobs.com\/wp-content\/uploads\/2024\/10\/313307_Volvo_EX30_exterior.jpg\" \/>\n\t<meta property=\"og:image:width\" content=\"1067\" \/>\n\t<meta property=\"og:image:height\" content=\"800\" \/>\n\t<meta property=\"og:image:type\" content=\"image\/jpeg\" \/>\n<meta name=\"author\" content=\"Benoit Charette\" \/>\n<meta name=\"twitter:card\" content=\"summary_large_image\" \/>\n<meta name=\"twitter:creator\" content=\"@canadamotorjobs\" \/>\n<meta name=\"twitter:site\" content=\"@canadamotorjobs\" \/>\n<meta name=\"twitter:label1\" content=\"\u00c9crit par\" \/>\n\t<meta name=\"twitter:data1\" content=\"Benoit Charette\" \/>\n\t<meta name=\"twitter:label2\" content=\"Estimation du temps de lecture\" \/>\n\t<meta name=\"twitter:data2\" content=\"3 minutes\" \/>\n<!-- \/ Yoast SEO plugin. -->","yoast_head_json":{"title":"Volvo EX30: Le bonheur sur 4 roues - CanadaMotorJobs.com","description":"Volvo EX30: Le bonheur sur 4 roues - Benoit Charette - Annuel automobile - CanadaMotorJobs.com.","robots":{"index":"index","follow":"follow","max-snippet":"max-snippet:-1","max-image-preview":"max-image-preview:large","max-video-preview":"max-video-preview:-1"},"og_locale":"fr_CA","og_type":"article","og_title":"Volvo EX30: Le bonheur sur 4 roues - CanadaMotorJobs.com","og_description":"Volvo EX30: Le bonheur sur 4 roues - Benoit Charette - Annuel automobile - CanadaMotorJobs.com.","og_url":"https:\/\/news.canadamotorjobs.com\/fr\/volvo-ex30-le-bonheur-sur-4-roues\/","og_site_name":"CanadaMotorJobs.com","article_publisher":"https:\/\/www.facebook.com\/canadamotorjobs\/","article_published_time":"2024-10-10T10:54:27+00:00","article_modified_time":"2024-10-10T10:59:12+00:00","og_image":[{"width":1067,"height":800,"url":"https:\/\/news.canadamotorjobs.com\/wp-content\/uploads\/2024\/10\/313307_Volvo_EX30_exterior.jpg","type":"image\/jpeg"}],"author":"Benoit Charette","twitter_card":"summary_large_image","twitter_creator":"@canadamotorjobs","twitter_site":"@canadamotorjobs","twitter_misc":{"\u00c9crit par":"Benoit Charette","Estimation du temps de lecture":"3 minutes"},"schema":{"@context":"https:\/\/schema.org","@graph":[{"@type":"Article","@id":"https:\/\/news.canadamotorjobs.com\/fr\/volvo-ex30-le-bonheur-sur-4-roues\/#article","isPartOf":{"@id":"https:\/\/news.canadamotorjobs.com\/fr\/volvo-ex30-le-bonheur-sur-4-roues\/"},"author":{"name":"Benoit Charette","@id":"https:\/\/news.canadamotorjobs.com\/#\/schema\/person\/51793d1f87d44011d7bcc2ed99269a90"},"headline":"Volvo EX30: Le bonheur sur 4 roues","datePublished":"2024-10-10T10:54:27+00:00","dateModified":"2024-10-10T10:59:12+00:00","mainEntityOfPage":{"@id":"https:\/\/news.canadamotorjobs.com\/fr\/volvo-ex30-le-bonheur-sur-4-roues\/"},"wordCount":600,"publisher":{"@id":"https:\/\/news.canadamotorjobs.com\/#organization"},"image":{"@id":"https:\/\/news.canadamotorjobs.com\/fr\/volvo-ex30-le-bonheur-sur-4-roues\/#primaryimage"},"thumbnailUrl":"https:\/\/news.canadamotorjobs.com\/wp-content\/uploads\/2024\/10\/313307_Volvo_EX30_exterior.jpg","articleSection":["Annuel automobile"],"inLanguage":"fr-CA"},{"@type":"WebPage","@id":"https:\/\/news.canadamotorjobs.com\/fr\/volvo-ex30-le-bonheur-sur-4-roues\/","url":"https:\/\/news.canadamotorjobs.com\/fr\/volvo-ex30-le-bonheur-sur-4-roues\/","name":"Volvo EX30: Le bonheur sur 4 roues - CanadaMotorJobs.com","isPartOf":{"@id":"https:\/\/news.canadamotorjobs.com\/#website"},"primaryImageOfPage":{"@id":"https:\/\/news.canadamotorjobs.com\/fr\/volvo-ex30-le-bonheur-sur-4-roues\/#primaryimage"},"image":{"@id":"https:\/\/news.canadamotorjobs.com\/fr\/volvo-ex30-le-bonheur-sur-4-roues\/#primaryimage"},"thumbnailUrl":"https:\/\/news.canadamotorjobs.com\/wp-content\/uploads\/2024\/10\/313307_Volvo_EX30_exterior.jpg","datePublished":"2024-10-10T10:54:27+00:00","dateModified":"2024-10-10T10:59:12+00:00","description":"Volvo EX30: Le bonheur sur 4 roues - Benoit Charette - Annuel automobile - CanadaMotorJobs.com.","breadcrumb":{"@id":"https:\/\/news.canadamotorjobs.com\/fr\/volvo-ex30-le-bonheur-sur-4-roues\/#breadcrumb"},"inLanguage":"fr-CA","potentialAction":[{"@type":"ReadAction","target":["https:\/\/news.canadamotorjobs.com\/fr\/volvo-ex30-le-bonheur-sur-4-roues\/"]}]},{"@type":"ImageObject","inLanguage":"fr-CA","@id":"https:\/\/news.canadamotorjobs.com\/fr\/volvo-ex30-le-bonheur-sur-4-roues\/#primaryimage","url":"https:\/\/news.canadamotorjobs.com\/wp-content\/uploads\/2024\/10\/313307_Volvo_EX30_exterior.jpg","contentUrl":"https:\/\/news.canadamotorjobs.com\/wp-content\/uploads\/2024\/10\/313307_Volvo_EX30_exterior.jpg","width":1067,"height":800},{"@type":"BreadcrumbList","@id":"https:\/\/news.canadamotorjobs.com\/fr\/volvo-ex30-le-bonheur-sur-4-roues\/#breadcrumb","itemListElement":[{"@type":"ListItem","position":1,"name":"Home","item":"https:\/\/news.canadamotorjobs.com\/fr\/blog\/"},{"@type":"ListItem","position":2,"name":"Volvo EX30: Le bonheur sur 4 roues"}]},{"@type":"WebSite","@id":"https:\/\/news.canadamotorjobs.com\/#website","url":"https:\/\/news.canadamotorjobs.com\/","name":"CanadaMotorJobs.com","description":"Automotive Jobs","publisher":{"@id":"https:\/\/news.canadamotorjobs.com\/#organization"},"potentialAction":[{"@type":"SearchAction","target":{"@type":"EntryPoint","urlTemplate":"https:\/\/news.canadamotorjobs.com\/?s={search_term_string}"},"query-input":"required name=search_term_string"}],"inLanguage":"fr-CA"},{"@type":"Organization","@id":"https:\/\/news.canadamotorjobs.com\/#organization","name":"Canada Motor Jobs","url":"https:\/\/news.canadamotorjobs.com\/","logo":{"@type":"ImageObject","inLanguage":"fr-CA","@id":"https:\/\/news.canadamotorjobs.com\/#\/schema\/logo\/image\/","url":"https:\/\/news.canadamotorjobs.com\/wp-content\/uploads\/2022\/10\/logo-canada-motor-jobs-1.png","contentUrl":"https:\/\/news.canadamotorjobs.com\/wp-content\/uploads\/2022\/10\/logo-canada-motor-jobs-1.png","width":800,"height":400,"caption":"Canada Motor Jobs"},"image":{"@id":"https:\/\/news.canadamotorjobs.com\/#\/schema\/logo\/image\/"},"sameAs":["https:\/\/www.facebook.com\/canadamotorjobs\/","https:\/\/x.com\/canadamotorjobs","https:\/\/www.instagram.com\/canadamotorjobs\/","https:\/\/www.linkedin.com\/company\/canadamotorjobs"]},{"@type":"Person","@id":"https:\/\/news.canadamotorjobs.com\/#\/schema\/person\/51793d1f87d44011d7bcc2ed99269a90","name":"Benoit Charette","image":{"@type":"ImageObject","inLanguage":"fr-CA","@id":"https:\/\/news.canadamotorjobs.com\/#\/schema\/person\/image\/","url":"https:\/\/secure.gravatar.com\/avatar\/45f3d2eebcccd909668d7ce7ea7267b6?s=96&d=mm&r=g","contentUrl":"https:\/\/secure.gravatar.com\/avatar\/45f3d2eebcccd909668d7ce7ea7267b6?s=96&d=mm&r=g","caption":"Benoit Charette"},"description":"Benoit Charette \/ Propri\u00e9taire et r\u00e9dacteur en chef Benoit Charette pratique le journalisme automobile depuis bient\u00f4t 30 ans. Il a fait ses classes au c\u00f4t\u00e9 de Daniel H\u00e9raud et au Carnet de route de 1992 \u00e0 2001. Il est fondateur, copropri\u00e9taire et r\u00e9dacteur en chef de L\u2019Annuel de l\u2019automobile, qu\u2019il publie depuis 2001. Il a anim\u00e9 les \u00e9missions RPM et RPM+ sur V et les L\u00e9gendes de la route sur Historia. \u00c0 la radio depuis 1986, il reprend l\u2019antenne cette ann\u00e9e sur les ondes de Cogeco et participe pour la deuxi\u00e8me ann\u00e9e \u00e0 l\u2019\u00e9mission Passion Auto sur RDS en plus de mettre en ligne le site Web officiel de L\u2019Annuel de l\u2019automobile sur annuelauto.ca.","sameAs":["https:\/\/annuelauto.ca\/"],"url":"https:\/\/news.canadamotorjobs.com\/fr\/author\/benoit-charette\/"}]}},"_links":{"self":[{"href":"https:\/\/news.canadamotorjobs.com\/fr\/wp-json\/wp\/v2\/posts\/176740"}],"collection":[{"href":"https:\/\/news.canadamotorjobs.com\/fr\/wp-json\/wp\/v2\/posts"}],"about":[{"href":"https:\/\/news.canadamotorjobs.com\/fr\/wp-json\/wp\/v2\/types\/post"}],"author":[{"embeddable":true,"href":"https:\/\/news.canadamotorjobs.com\/fr\/wp-json\/wp\/v2\/users\/8"}],"replies":[{"embeddable":true,"href":"https:\/\/news.canadamotorjobs.com\/fr\/wp-json\/wp\/v2\/comments?post=176740"}],"version-history":[{"count":2,"href":"https:\/\/news.canadamotorjobs.com\/fr\/wp-json\/wp\/v2\/posts\/176740\/revisions"}],"predecessor-version":[{"id":176744,"href":"https:\/\/news.canadamotorjobs.com\/fr\/wp-json\/wp\/v2\/posts\/176740\/revisions\/176744"}],"wp:featuredmedia":[{"embeddable":true,"href":"https:\/\/news.canadamotorjobs.com\/fr\/wp-json\/wp\/v2\/media\/176742"}],"wp:attachment":[{"href":"https:\/\/news.canadamotorjobs.com\/fr\/wp-json\/wp\/v2\/media?parent=176740"}],"wp:term":[{"taxonomy":"category","embeddable":true,"href":"https:\/\/news.canadamotorjobs.com\/fr\/wp-json\/wp\/v2\/categories?post=176740"},{"taxonomy":"post_tag","embeddable":true,"href":"https:\/\/news.canadamotorjobs.com\/fr\/wp-json\/wp\/v2\/tags?post=176740"}],"curies":[{"name":"wp","href":"https:\/\/api.w.org\/{rel}","templated":true}]}}