{"id":176717,"date":"2024-10-10T06:37:45","date_gmt":"2024-10-10T10:37:45","guid":{"rendered":"https:\/\/news.canadamotorjobs.com\/?p=176717"},"modified":"2024-10-10T06:44:18","modified_gmt":"2024-10-10T10:44:18","slug":"apres-les-vehicules-electriques-une-surtaxe-pour-les-batteries-chinoises","status":"publish","type":"post","link":"https:\/\/news.canadamotorjobs.com\/fr\/apres-les-vehicules-electriques-une-surtaxe-pour-les-batteries-chinoises\/","title":{"rendered":"Apr\u00e8s les v\u00e9hicules \u00e9lectriques, une surtaxe pour les batteries chinoises?"},"content":{"rendered":"<\/p>\n<p>Le march\u00e9 automobile mondial \u00e9volue \u00e0 une vitesse fulgurante. Alors que les gouvernements imposent des restrictions environnementales toujours plus strictes, l&#8217;industrie automobile se tourne massivement vers l&#8217;\u00e9lectrification. Les v\u00e9hicules \u00e9lectriques (VE) ne sont plus une curiosit\u00e9 technologique, mais une r\u00e9alit\u00e9 commerciale. Toutefois, une nouvelle bataille se profile \u00e0 l&#8217;horizon : celle des batteries, et plus sp\u00e9cifiquement des batteries chinoises.<\/p>\n<h4>La d\u00e9pendance aux batteries chinoises<\/h4>\n<p>\nDepuis plusieurs ann\u00e9es, la Chine domine le march\u00e9 des batteries pour v\u00e9hicules \u00e9lectriques. Gr\u00e2ce \u00e0 des investissements massifs et une cha\u00eene d&#8217;approvisionnement bien rod\u00e9e, les entreprises chinoises, comme CATL et BYD, se sont impos\u00e9es comme des leaders mondiaux. Aujourd&#8217;hui, pr\u00e8s de 70 % des batteries lithium-ion utilis\u00e9es dans les V\u00c9S sont fabriqu\u00e9es en Chine. Cette d\u00e9pendance suscite de nombreuses inqui\u00e9tudes, tant sur le plan \u00e9conomique que g\u00e9opolitique.<\/p>\n<p>Les gouvernements occidentaux, notamment en Europe et en Am\u00e9rique du Nord, ont r\u00e9cemment manifest\u00e9 leur intention de r\u00e9duire cette d\u00e9pendance aux importations chinoises. L&#8217;id\u00e9e d&#8217;une surtaxe sur les batteries chinoises commence \u00e0 prendre de l&#8217;ampleur. La question se pose : apr\u00e8s les surtaxes impos\u00e9es sur les v\u00e9hicules \u00e9lectriques, faut-il \u00e9galement taxer les batteries chinoises?<\/p>\n<h4>Une question \u00e9conomique et environnementale<\/h4>\n<p>\nL&#8217;imposition d&#8217;une surtaxe sur les batteries chinoises aurait des r\u00e9percussions importantes sur l&#8217;industrie automobile. Les batteries repr\u00e9sentent en effet une partie significative du co\u00fbt total d&#8217;un v\u00e9hicule \u00e9lectrique. Selon certaines \u00e9tudes, elles repr\u00e9sentent environ 30 % du prix d&#8217;une voiture \u00e9lectrique. Une augmentation du co\u00fbt des batteries, via une surtaxe, pourrait freiner l&#8217;adoption des VE et p\u00e9naliser les consommateurs. En revanche, pour les gouvernements, cette taxe pourrait \u00eatre vue comme un levier pour encourager le d\u00e9veloppement de cha\u00eenes d&#8217;approvisionnement locales. L&#8217;Europe et les \u00c9tats-Unis tentent de stimuler la production de batteries sur leur territoire, en soutenant des projets comme Northvolt en Su\u00e8de ou Tesla aux \u00c9tats-Unis. Une surtaxe pourrait rendre ces projets plus comp\u00e9titifs face \u00e0 la domination chinoise. D&#8217;un point de vue environnemental, les batteries fabriqu\u00e9es en Chine sont souvent critiqu\u00e9es pour leur empreinte carbone \u00e9lev\u00e9e, en raison des m\u00e9thodes de production \u00e9nergivores. Promouvoir des batteries produites localement, avec des sources d&#8217;\u00e9nergie renouvelables, pourrait \u00e9galement contribuer \u00e0 r\u00e9duire l&#8217;empreinte \u00e9cologique de l&#8217;industrie des VE.<\/p>\n<h4>Un avenir incertain pour le march\u00e9 mondial des batteries<\/h4>\n<p>\nAlors que les n\u00e9gociations commerciales entre la Chine et les pays occidentaux sont de plus en plus tendues, l&#8217;id\u00e9e d&#8217;une surtaxe sur les batteries chinoises reste incertaine. Les constructeurs automobiles, d\u00e9j\u00e0 sous pression pour \u00e9lectrifier rapidement leurs gammes, craignent que cela ne complique encore davantage leurs plans. D&#8217;autres solutions sont \u00e9galement envisag\u00e9es, comme des subventions pour les entreprises locales ou des partenariats internationaux pour d\u00e9velopper des alternatives aux batteries chinoises. Quoi qu&#8217;il en soit, l&#8217;avenir de l&#8217;industrie des v\u00e9hicules \u00e9lectriques d\u00e9pendra en grande partie de la mani\u00e8re dont cette question sera r\u00e9solue.<\/p>\n<h3>Conclusion : Vers une nouvelle \u00e8re de taxation?<\/h3>\n<p>\nApr\u00e8s les surtaxes sur les v\u00e9hicules \u00e9lectriques, une surtaxe sur les batteries chinoises pourrait bien \u00eatre la prochaine \u00e9tape. Cette d\u00e9cision, si elle se concr\u00e9tise, aura un impact majeur sur le march\u00e9 automobile mondial, les prix des VE et l&#8217;adoption des technologies vertes. Les gouvernements devront peser soigneusement les cons\u00e9quences \u00e9conomiques et environnementales avant de franchir ce pas.<\/p>\n<p>Le texte <a rel=\"nofollow\" href=\"https:\/\/annuelauto.ca\/apres-les-vehicules-electriques-une-surtaxe-pour-les-batteries-chinoises\/\">Apr\u00e8s les v\u00e9hicules \u00e9lectriques, une surtaxe pour les batteries chinoises?<\/a> provient de <a rel=\"nofollow\" href=\"https:\/\/annuelauto.ca\">L&#8217;annuel de l&#8217;automobile &#8211; Actualit\u00e9 automobile<\/a><\/p>\n<p><\/p>\n","protected":false},"excerpt":{"rendered":"<p>Le march\u00e9 automobile mondial \u00e9volue \u00e0 une vitesse fulgurante. Alors que les gouvernements imposent des restrictions environnementales toujours plus strictes, l&#8217;industrie automobile se tourne massivement vers l&#8217;\u00e9lectrification. Les v\u00e9hicules \u00e9lectriques (VE) ne sont plus une curiosit\u00e9 technologique, mais une r\u00e9alit\u00e9 commerciale. Toutefois, une nouvelle bataille se profile \u00e0 l&#8217;horizon : celle des batteries, et plus [&hellip;]<\/p>\n","protected":false},"author":8,"featured_media":176719,"comment_status":"close","ping_status":"closed","sticky":false,"template":"","format":"standard","meta":{"_monsterinsights_skip_tracking":false,"_monsterinsights_sitenote_active":false,"_monsterinsights_sitenote_note":"","_monsterinsights_sitenote_category":0,"footnotes":""},"categories":[101],"tags":[],"yoast_head":"<!-- This site is optimized with the Yoast SEO plugin v23.2 - https:\/\/yoast.com\/wordpress\/plugins\/seo\/ -->\n<title>Apr\u00e8s les v\u00e9hicules \u00e9lectriques, une surtaxe pour les batteries chinoises? - CanadaMotorJobs.com<\/title>\n<meta name=\"description\" content=\"Apr\u00e8s les v\u00e9hicules \u00e9lectriques, une surtaxe pour les batteries chinoises? - Benoit Charette - Annuel automobile - CanadaMotorJobs.com.\" \/>\n<meta name=\"robots\" content=\"index, follow, max-snippet:-1, max-image-preview:large, max-video-preview:-1\" \/>\n<meta property=\"og:locale\" content=\"fr_CA\" \/>\n<meta property=\"og:type\" content=\"article\" \/>\n<meta property=\"og:title\" content=\"Apr\u00e8s les v\u00e9hicules \u00e9lectriques, une surtaxe pour les batteries chinoises? - CanadaMotorJobs.com\" \/>\n<meta property=\"og:description\" content=\"Apr\u00e8s les v\u00e9hicules \u00e9lectriques, une surtaxe pour les batteries chinoises? - Benoit Charette - Annuel automobile - CanadaMotorJobs.com.\" \/>\n<meta property=\"og:url\" content=\"https:\/\/news.canadamotorjobs.com\/fr\/apres-les-vehicules-electriques-une-surtaxe-pour-les-batteries-chinoises\/\" \/>\n<meta property=\"og:site_name\" content=\"CanadaMotorJobs.com\" \/>\n<meta property=\"article:publisher\" content=\"https:\/\/www.facebook.com\/canadamotorjobs\/\" \/>\n<meta property=\"article:published_time\" content=\"2024-10-10T10:37:45+00:00\" \/>\n<meta property=\"article:modified_time\" content=\"2024-10-10T10:44:18+00:00\" \/>\n<meta property=\"og:image\" content=\"https:\/\/news.canadamotorjobs.com\/wp-content\/uploads\/2024\/10\/20230614102713_r7rby8a4we.jpg\" \/>\n\t<meta property=\"og:image:width\" content=\"1269\" \/>\n\t<meta property=\"og:image:height\" content=\"714\" \/>\n\t<meta property=\"og:image:type\" content=\"image\/jpeg\" \/>\n<meta name=\"author\" content=\"Benoit Charette\" \/>\n<meta name=\"twitter:card\" content=\"summary_large_image\" \/>\n<meta name=\"twitter:creator\" content=\"@canadamotorjobs\" \/>\n<meta name=\"twitter:site\" content=\"@canadamotorjobs\" \/>\n<meta name=\"twitter:label1\" content=\"\u00c9crit par\" \/>\n\t<meta name=\"twitter:data1\" content=\"Benoit Charette\" \/>\n\t<meta name=\"twitter:label2\" content=\"Estimation du temps de lecture\" \/>\n\t<meta name=\"twitter:data2\" content=\"3 minutes\" \/>\n<!-- \/ Yoast SEO plugin. -->","yoast_head_json":{"title":"Apr\u00e8s les v\u00e9hicules \u00e9lectriques, une surtaxe pour les batteries chinoises? - CanadaMotorJobs.com","description":"Apr\u00e8s les v\u00e9hicules \u00e9lectriques, une surtaxe pour les batteries chinoises? - Benoit Charette - Annuel automobile - CanadaMotorJobs.com.","robots":{"index":"index","follow":"follow","max-snippet":"max-snippet:-1","max-image-preview":"max-image-preview:large","max-video-preview":"max-video-preview:-1"},"og_locale":"fr_CA","og_type":"article","og_title":"Apr\u00e8s les v\u00e9hicules \u00e9lectriques, une surtaxe pour les batteries chinoises? - CanadaMotorJobs.com","og_description":"Apr\u00e8s les v\u00e9hicules \u00e9lectriques, une surtaxe pour les batteries chinoises? - Benoit Charette - Annuel automobile - CanadaMotorJobs.com.","og_url":"https:\/\/news.canadamotorjobs.com\/fr\/apres-les-vehicules-electriques-une-surtaxe-pour-les-batteries-chinoises\/","og_site_name":"CanadaMotorJobs.com","article_publisher":"https:\/\/www.facebook.com\/canadamotorjobs\/","article_published_time":"2024-10-10T10:37:45+00:00","article_modified_time":"2024-10-10T10:44:18+00:00","og_image":[{"width":1269,"height":714,"url":"https:\/\/news.canadamotorjobs.com\/wp-content\/uploads\/2024\/10\/20230614102713_r7rby8a4we.jpg","type":"image\/jpeg"}],"author":"Benoit Charette","twitter_card":"summary_large_image","twitter_creator":"@canadamotorjobs","twitter_site":"@canadamotorjobs","twitter_misc":{"\u00c9crit par":"Benoit Charette","Estimation du temps de lecture":"3 minutes"},"schema":{"@context":"https:\/\/schema.org","@graph":[{"@type":"Article","@id":"https:\/\/news.canadamotorjobs.com\/fr\/apres-les-vehicules-electriques-une-surtaxe-pour-les-batteries-chinoises\/#article","isPartOf":{"@id":"https:\/\/news.canadamotorjobs.com\/fr\/apres-les-vehicules-electriques-une-surtaxe-pour-les-batteries-chinoises\/"},"author":{"name":"Benoit Charette","@id":"https:\/\/news.canadamotorjobs.com\/#\/schema\/person\/51793d1f87d44011d7bcc2ed99269a90"},"headline":"Apr\u00e8s les v\u00e9hicules \u00e9lectriques, une surtaxe pour les batteries chinoises?","datePublished":"2024-10-10T10:37:45+00:00","dateModified":"2024-10-10T10:44:18+00:00","mainEntityOfPage":{"@id":"https:\/\/news.canadamotorjobs.com\/fr\/apres-les-vehicules-electriques-une-surtaxe-pour-les-batteries-chinoises\/"},"wordCount":627,"publisher":{"@id":"https:\/\/news.canadamotorjobs.com\/#organization"},"image":{"@id":"https:\/\/news.canadamotorjobs.com\/fr\/apres-les-vehicules-electriques-une-surtaxe-pour-les-batteries-chinoises\/#primaryimage"},"thumbnailUrl":"https:\/\/news.canadamotorjobs.com\/wp-content\/uploads\/2024\/10\/20230614102713_r7rby8a4we.jpg","articleSection":["Annuel automobile"],"inLanguage":"fr-CA"},{"@type":"WebPage","@id":"https:\/\/news.canadamotorjobs.com\/fr\/apres-les-vehicules-electriques-une-surtaxe-pour-les-batteries-chinoises\/","url":"https:\/\/news.canadamotorjobs.com\/fr\/apres-les-vehicules-electriques-une-surtaxe-pour-les-batteries-chinoises\/","name":"Apr\u00e8s les v\u00e9hicules \u00e9lectriques, une surtaxe pour les batteries chinoises? - CanadaMotorJobs.com","isPartOf":{"@id":"https:\/\/news.canadamotorjobs.com\/#website"},"primaryImageOfPage":{"@id":"https:\/\/news.canadamotorjobs.com\/fr\/apres-les-vehicules-electriques-une-surtaxe-pour-les-batteries-chinoises\/#primaryimage"},"image":{"@id":"https:\/\/news.canadamotorjobs.com\/fr\/apres-les-vehicules-electriques-une-surtaxe-pour-les-batteries-chinoises\/#primaryimage"},"thumbnailUrl":"https:\/\/news.canadamotorjobs.com\/wp-content\/uploads\/2024\/10\/20230614102713_r7rby8a4we.jpg","datePublished":"2024-10-10T10:37:45+00:00","dateModified":"2024-10-10T10:44:18+00:00","description":"Apr\u00e8s les v\u00e9hicules \u00e9lectriques, une surtaxe pour les batteries chinoises? - Benoit Charette - Annuel automobile - CanadaMotorJobs.com.","breadcrumb":{"@id":"https:\/\/news.canadamotorjobs.com\/fr\/apres-les-vehicules-electriques-une-surtaxe-pour-les-batteries-chinoises\/#breadcrumb"},"inLanguage":"fr-CA","potentialAction":[{"@type":"ReadAction","target":["https:\/\/news.canadamotorjobs.com\/fr\/apres-les-vehicules-electriques-une-surtaxe-pour-les-batteries-chinoises\/"]}]},{"@type":"ImageObject","inLanguage":"fr-CA","@id":"https:\/\/news.canadamotorjobs.com\/fr\/apres-les-vehicules-electriques-une-surtaxe-pour-les-batteries-chinoises\/#primaryimage","url":"https:\/\/news.canadamotorjobs.com\/wp-content\/uploads\/2024\/10\/20230614102713_r7rby8a4we.jpg","contentUrl":"https:\/\/news.canadamotorjobs.com\/wp-content\/uploads\/2024\/10\/20230614102713_r7rby8a4we.jpg","width":1269,"height":714},{"@type":"BreadcrumbList","@id":"https:\/\/news.canadamotorjobs.com\/fr\/apres-les-vehicules-electriques-une-surtaxe-pour-les-batteries-chinoises\/#breadcrumb","itemListElement":[{"@type":"ListItem","position":1,"name":"Home","item":"https:\/\/news.canadamotorjobs.com\/fr\/blog\/"},{"@type":"ListItem","position":2,"name":"Apr\u00e8s les v\u00e9hicules \u00e9lectriques, une surtaxe pour les batteries chinoises?"}]},{"@type":"WebSite","@id":"https:\/\/news.canadamotorjobs.com\/#website","url":"https:\/\/news.canadamotorjobs.com\/","name":"CanadaMotorJobs.com","description":"Automotive Jobs","publisher":{"@id":"https:\/\/news.canadamotorjobs.com\/#organization"},"potentialAction":[{"@type":"SearchAction","target":{"@type":"EntryPoint","urlTemplate":"https:\/\/news.canadamotorjobs.com\/?s={search_term_string}"},"query-input":"required name=search_term_string"}],"inLanguage":"fr-CA"},{"@type":"Organization","@id":"https:\/\/news.canadamotorjobs.com\/#organization","name":"Canada Motor Jobs","url":"https:\/\/news.canadamotorjobs.com\/","logo":{"@type":"ImageObject","inLanguage":"fr-CA","@id":"https:\/\/news.canadamotorjobs.com\/#\/schema\/logo\/image\/","url":"https:\/\/news.canadamotorjobs.com\/wp-content\/uploads\/2022\/10\/logo-canada-motor-jobs-1.png","contentUrl":"https:\/\/news.canadamotorjobs.com\/wp-content\/uploads\/2022\/10\/logo-canada-motor-jobs-1.png","width":800,"height":400,"caption":"Canada Motor Jobs"},"image":{"@id":"https:\/\/news.canadamotorjobs.com\/#\/schema\/logo\/image\/"},"sameAs":["https:\/\/www.facebook.com\/canadamotorjobs\/","https:\/\/x.com\/canadamotorjobs","https:\/\/www.instagram.com\/canadamotorjobs\/","https:\/\/www.linkedin.com\/company\/canadamotorjobs"]},{"@type":"Person","@id":"https:\/\/news.canadamotorjobs.com\/#\/schema\/person\/51793d1f87d44011d7bcc2ed99269a90","name":"Benoit Charette","image":{"@type":"ImageObject","inLanguage":"fr-CA","@id":"https:\/\/news.canadamotorjobs.com\/#\/schema\/person\/image\/","url":"https:\/\/secure.gravatar.com\/avatar\/45f3d2eebcccd909668d7ce7ea7267b6?s=96&d=mm&r=g","contentUrl":"https:\/\/secure.gravatar.com\/avatar\/45f3d2eebcccd909668d7ce7ea7267b6?s=96&d=mm&r=g","caption":"Benoit Charette"},"description":"Benoit Charette \/ Propri\u00e9taire et r\u00e9dacteur en chef Benoit Charette pratique le journalisme automobile depuis bient\u00f4t 30 ans. Il a fait ses classes au c\u00f4t\u00e9 de Daniel H\u00e9raud et au Carnet de route de 1992 \u00e0 2001. Il est fondateur, copropri\u00e9taire et r\u00e9dacteur en chef de L\u2019Annuel de l\u2019automobile, qu\u2019il publie depuis 2001. Il a anim\u00e9 les \u00e9missions RPM et RPM+ sur V et les L\u00e9gendes de la route sur Historia. \u00c0 la radio depuis 1986, il reprend l\u2019antenne cette ann\u00e9e sur les ondes de Cogeco et participe pour la deuxi\u00e8me ann\u00e9e \u00e0 l\u2019\u00e9mission Passion Auto sur RDS en plus de mettre en ligne le site Web officiel de L\u2019Annuel de l\u2019automobile sur annuelauto.ca.","sameAs":["https:\/\/annuelauto.ca\/"],"url":"https:\/\/news.canadamotorjobs.com\/fr\/author\/benoit-charette\/"}]}},"_links":{"self":[{"href":"https:\/\/news.canadamotorjobs.com\/fr\/wp-json\/wp\/v2\/posts\/176717"}],"collection":[{"href":"https:\/\/news.canadamotorjobs.com\/fr\/wp-json\/wp\/v2\/posts"}],"about":[{"href":"https:\/\/news.canadamotorjobs.com\/fr\/wp-json\/wp\/v2\/types\/post"}],"author":[{"embeddable":true,"href":"https:\/\/news.canadamotorjobs.com\/fr\/wp-json\/wp\/v2\/users\/8"}],"replies":[{"embeddable":true,"href":"https:\/\/news.canadamotorjobs.com\/fr\/wp-json\/wp\/v2\/comments?post=176717"}],"version-history":[{"count":2,"href":"https:\/\/news.canadamotorjobs.com\/fr\/wp-json\/wp\/v2\/posts\/176717\/revisions"}],"predecessor-version":[{"id":176721,"href":"https:\/\/news.canadamotorjobs.com\/fr\/wp-json\/wp\/v2\/posts\/176717\/revisions\/176721"}],"wp:featuredmedia":[{"embeddable":true,"href":"https:\/\/news.canadamotorjobs.com\/fr\/wp-json\/wp\/v2\/media\/176719"}],"wp:attachment":[{"href":"https:\/\/news.canadamotorjobs.com\/fr\/wp-json\/wp\/v2\/media?parent=176717"}],"wp:term":[{"taxonomy":"category","embeddable":true,"href":"https:\/\/news.canadamotorjobs.com\/fr\/wp-json\/wp\/v2\/categories?post=176717"},{"taxonomy":"post_tag","embeddable":true,"href":"https:\/\/news.canadamotorjobs.com\/fr\/wp-json\/wp\/v2\/tags?post=176717"}],"curies":[{"name":"wp","href":"https:\/\/api.w.org\/{rel}","templated":true}]}}