{"id":176694,"date":"2024-10-10T06:23:20","date_gmt":"2024-10-10T10:23:20","guid":{"rendered":"https:\/\/news.canadamotorjobs.com\/?p=176694"},"modified":"2024-10-10T06:30:10","modified_gmt":"2024-10-10T10:30:10","slug":"10-octobre-1946-invention-de-lunimog","status":"publish","type":"post","link":"https:\/\/news.canadamotorjobs.com\/fr\/10-octobre-1946-invention-de-lunimog\/","title":{"rendered":"10 octobre 1946, invention de l\u2019Unimog"},"content":{"rendered":"<\/p>\n<p>Le 10 octobre 1946 marque une \u00e9tape historique pour l&#8217;Unimog, un v\u00e9hicule l\u00e9gendaire aux capacit\u00e9s tout-terrain. Son histoire commence dans l&#8217;Allemagne d&#8217;apr\u00e8s-guerre, alors que l&#8217;ing\u00e9nieur Albert Friedrich, ancien responsable du d\u00e9veloppement des moteurs d&#8217;avion chez Daimler-Benz, con\u00e7oit un projet pour aider \u00e0 la reconstruction agricole. L&#8217;id\u00e9e \u00e9tait de cr\u00e9er un v\u00e9hicule multifonctionnel capable de combiner les performances d\u2019un tracteur avec la mobilit\u00e9 d\u2019un camion tout-terrain.<\/p>\n<p>Le premier prototype, surnomm\u00e9 <em>Universal-Motor-Ger\u00e4t<\/em> (Unimog), a \u00e9t\u00e9 d\u00e9velopp\u00e9 en 1946 par Friedrich et son \u00e9quipe, avec des caract\u00e9ristiques novatrices : quatre roues motrices, une garde au sol impressionnante et des essieux souples qui permettaient au v\u00e9hicule de se d\u00e9placer facilement sur des terrains difficiles. Sa premi\u00e8re apparition publique en 1946 le positionne d\u00e9j\u00e0 comme une solution r\u00e9volutionnaire pour les agriculteurs allemands.<\/p>\n<p>Daimler-Benz prend rapidement part \u00e0 la production de l\u2019Unimog. En 1951, la production officielle est lanc\u00e9e sous la marque Mercedes-Benz, et le v\u00e9hicule d\u00e9passe rapidement son cadre agricole initial. Utilis\u00e9 dans des domaines vari\u00e9s comme les services publics, les secours d\u2019urgence, l\u2019arm\u00e9e, et m\u00eame l\u2019exploration, l\u2019Unimog est devenu synonyme de robustesse et de fiabilit\u00e9.<\/p>\n<p>Aujourd\u2019hui, l\u2019Unimog continue d\u2019\u00e9voluer et d\u2019\u00eatre utilis\u00e9 partout dans le monde, prouvant ainsi l\u2019excellence de son concept original.<\/p>\n<p>Le texte <a rel=\"nofollow\" href=\"https:\/\/annuelauto.ca\/10-octobre-1946-invention-de-lunimog\/\">10 octobre 1946, invention de l\u2019Unimog<\/a> provient de <a rel=\"nofollow\" href=\"https:\/\/annuelauto.ca\">L&#8217;annuel de l&#8217;automobile &#8211; Actualit\u00e9 automobile<\/a><\/p>\n<p><\/p>\n","protected":false},"excerpt":{"rendered":"<p>Le 10 octobre 1946 marque une \u00e9tape historique pour l&#8217;Unimog, un v\u00e9hicule l\u00e9gendaire aux capacit\u00e9s tout-terrain. Son histoire commence dans l&#8217;Allemagne d&#8217;apr\u00e8s-guerre, alors que l&#8217;ing\u00e9nieur Albert Friedrich, ancien responsable du d\u00e9veloppement des moteurs d&#8217;avion chez Daimler-Benz, con\u00e7oit un projet pour aider \u00e0 la reconstruction agricole. L&#8217;id\u00e9e \u00e9tait de cr\u00e9er un v\u00e9hicule multifonctionnel capable de combiner [&hellip;]<\/p>\n","protected":false},"author":8,"featured_media":176696,"comment_status":"close","ping_status":"closed","sticky":false,"template":"","format":"standard","meta":{"_monsterinsights_skip_tracking":false,"_monsterinsights_sitenote_active":false,"_monsterinsights_sitenote_note":"","_monsterinsights_sitenote_category":0,"footnotes":""},"categories":[101],"tags":[],"yoast_head":"<!-- This site is optimized with the Yoast SEO plugin v23.2 - https:\/\/yoast.com\/wordpress\/plugins\/seo\/ -->\n<title>10 octobre 1946, invention de l\u2019Unimog - CanadaMotorJobs.com<\/title>\n<meta name=\"description\" content=\"10 octobre 1946, invention de l\u2019Unimog - Benoit Charette - Annuel automobile - CanadaMotorJobs.com.\" \/>\n<meta name=\"robots\" content=\"index, follow, max-snippet:-1, max-image-preview:large, max-video-preview:-1\" \/>\n<meta property=\"og:locale\" content=\"fr_CA\" \/>\n<meta property=\"og:type\" content=\"article\" \/>\n<meta property=\"og:title\" content=\"10 octobre 1946, invention de l\u2019Unimog - CanadaMotorJobs.com\" \/>\n<meta property=\"og:description\" content=\"10 octobre 1946, invention de l\u2019Unimog - Benoit Charette - Annuel automobile - CanadaMotorJobs.com.\" \/>\n<meta property=\"og:url\" content=\"https:\/\/news.canadamotorjobs.com\/fr\/10-octobre-1946-invention-de-lunimog\/\" \/>\n<meta property=\"og:site_name\" content=\"CanadaMotorJobs.com\" \/>\n<meta property=\"article:publisher\" content=\"https:\/\/www.facebook.com\/canadamotorjobs\/\" \/>\n<meta property=\"article:published_time\" content=\"2024-10-10T10:23:20+00:00\" \/>\n<meta property=\"article:modified_time\" content=\"2024-10-10T10:30:10+00:00\" \/>\n<meta property=\"og:image\" content=\"https:\/\/news.canadamotorjobs.com\/wp-content\/uploads\/2024\/10\/BG_U_History-1946-1955_3.jpg\" \/>\n\t<meta property=\"og:image:width\" content=\"1180\" \/>\n\t<meta property=\"og:image:height\" content=\"590\" \/>\n\t<meta property=\"og:image:type\" content=\"image\/jpeg\" \/>\n<meta name=\"author\" content=\"Benoit Charette\" \/>\n<meta name=\"twitter:card\" content=\"summary_large_image\" \/>\n<meta name=\"twitter:creator\" content=\"@canadamotorjobs\" \/>\n<meta name=\"twitter:site\" content=\"@canadamotorjobs\" \/>\n<meta name=\"twitter:label1\" content=\"\u00c9crit par\" \/>\n\t<meta name=\"twitter:data1\" content=\"Benoit Charette\" \/>\n\t<meta name=\"twitter:label2\" content=\"Estimation du temps de lecture\" \/>\n\t<meta name=\"twitter:data2\" content=\"1 minute\" \/>\n<!-- \/ Yoast SEO plugin. -->","yoast_head_json":{"title":"10 octobre 1946, invention de l\u2019Unimog - CanadaMotorJobs.com","description":"10 octobre 1946, invention de l\u2019Unimog - Benoit Charette - Annuel automobile - CanadaMotorJobs.com.","robots":{"index":"index","follow":"follow","max-snippet":"max-snippet:-1","max-image-preview":"max-image-preview:large","max-video-preview":"max-video-preview:-1"},"og_locale":"fr_CA","og_type":"article","og_title":"10 octobre 1946, invention de l\u2019Unimog - CanadaMotorJobs.com","og_description":"10 octobre 1946, invention de l\u2019Unimog - Benoit Charette - Annuel automobile - CanadaMotorJobs.com.","og_url":"https:\/\/news.canadamotorjobs.com\/fr\/10-octobre-1946-invention-de-lunimog\/","og_site_name":"CanadaMotorJobs.com","article_publisher":"https:\/\/www.facebook.com\/canadamotorjobs\/","article_published_time":"2024-10-10T10:23:20+00:00","article_modified_time":"2024-10-10T10:30:10+00:00","og_image":[{"width":1180,"height":590,"url":"https:\/\/news.canadamotorjobs.com\/wp-content\/uploads\/2024\/10\/BG_U_History-1946-1955_3.jpg","type":"image\/jpeg"}],"author":"Benoit Charette","twitter_card":"summary_large_image","twitter_creator":"@canadamotorjobs","twitter_site":"@canadamotorjobs","twitter_misc":{"\u00c9crit par":"Benoit Charette","Estimation du temps de lecture":"1 minute"},"schema":{"@context":"https:\/\/schema.org","@graph":[{"@type":"Article","@id":"https:\/\/news.canadamotorjobs.com\/fr\/10-octobre-1946-invention-de-lunimog\/#article","isPartOf":{"@id":"https:\/\/news.canadamotorjobs.com\/fr\/10-octobre-1946-invention-de-lunimog\/"},"author":{"name":"Benoit Charette","@id":"https:\/\/news.canadamotorjobs.com\/#\/schema\/person\/51793d1f87d44011d7bcc2ed99269a90"},"headline":"10 octobre 1946, invention de l\u2019Unimog","datePublished":"2024-10-10T10:23:20+00:00","dateModified":"2024-10-10T10:30:10+00:00","mainEntityOfPage":{"@id":"https:\/\/news.canadamotorjobs.com\/fr\/10-octobre-1946-invention-de-lunimog\/"},"wordCount":255,"publisher":{"@id":"https:\/\/news.canadamotorjobs.com\/#organization"},"image":{"@id":"https:\/\/news.canadamotorjobs.com\/fr\/10-octobre-1946-invention-de-lunimog\/#primaryimage"},"thumbnailUrl":"https:\/\/news.canadamotorjobs.com\/wp-content\/uploads\/2024\/10\/BG_U_History-1946-1955_3.jpg","articleSection":["Annuel automobile"],"inLanguage":"fr-CA"},{"@type":"WebPage","@id":"https:\/\/news.canadamotorjobs.com\/fr\/10-octobre-1946-invention-de-lunimog\/","url":"https:\/\/news.canadamotorjobs.com\/fr\/10-octobre-1946-invention-de-lunimog\/","name":"10 octobre 1946, invention de l\u2019Unimog - CanadaMotorJobs.com","isPartOf":{"@id":"https:\/\/news.canadamotorjobs.com\/#website"},"primaryImageOfPage":{"@id":"https:\/\/news.canadamotorjobs.com\/fr\/10-octobre-1946-invention-de-lunimog\/#primaryimage"},"image":{"@id":"https:\/\/news.canadamotorjobs.com\/fr\/10-octobre-1946-invention-de-lunimog\/#primaryimage"},"thumbnailUrl":"https:\/\/news.canadamotorjobs.com\/wp-content\/uploads\/2024\/10\/BG_U_History-1946-1955_3.jpg","datePublished":"2024-10-10T10:23:20+00:00","dateModified":"2024-10-10T10:30:10+00:00","description":"10 octobre 1946, invention de l\u2019Unimog - Benoit Charette - Annuel automobile - CanadaMotorJobs.com.","breadcrumb":{"@id":"https:\/\/news.canadamotorjobs.com\/fr\/10-octobre-1946-invention-de-lunimog\/#breadcrumb"},"inLanguage":"fr-CA","potentialAction":[{"@type":"ReadAction","target":["https:\/\/news.canadamotorjobs.com\/fr\/10-octobre-1946-invention-de-lunimog\/"]}]},{"@type":"ImageObject","inLanguage":"fr-CA","@id":"https:\/\/news.canadamotorjobs.com\/fr\/10-octobre-1946-invention-de-lunimog\/#primaryimage","url":"https:\/\/news.canadamotorjobs.com\/wp-content\/uploads\/2024\/10\/BG_U_History-1946-1955_3.jpg","contentUrl":"https:\/\/news.canadamotorjobs.com\/wp-content\/uploads\/2024\/10\/BG_U_History-1946-1955_3.jpg","width":1180,"height":590},{"@type":"BreadcrumbList","@id":"https:\/\/news.canadamotorjobs.com\/fr\/10-octobre-1946-invention-de-lunimog\/#breadcrumb","itemListElement":[{"@type":"ListItem","position":1,"name":"Home","item":"https:\/\/news.canadamotorjobs.com\/fr\/blog\/"},{"@type":"ListItem","position":2,"name":"10 octobre 1946, invention de l\u2019Unimog"}]},{"@type":"WebSite","@id":"https:\/\/news.canadamotorjobs.com\/#website","url":"https:\/\/news.canadamotorjobs.com\/","name":"CanadaMotorJobs.com","description":"Automotive Jobs","publisher":{"@id":"https:\/\/news.canadamotorjobs.com\/#organization"},"potentialAction":[{"@type":"SearchAction","target":{"@type":"EntryPoint","urlTemplate":"https:\/\/news.canadamotorjobs.com\/?s={search_term_string}"},"query-input":"required name=search_term_string"}],"inLanguage":"fr-CA"},{"@type":"Organization","@id":"https:\/\/news.canadamotorjobs.com\/#organization","name":"Canada Motor Jobs","url":"https:\/\/news.canadamotorjobs.com\/","logo":{"@type":"ImageObject","inLanguage":"fr-CA","@id":"https:\/\/news.canadamotorjobs.com\/#\/schema\/logo\/image\/","url":"https:\/\/news.canadamotorjobs.com\/wp-content\/uploads\/2022\/10\/logo-canada-motor-jobs-1.png","contentUrl":"https:\/\/news.canadamotorjobs.com\/wp-content\/uploads\/2022\/10\/logo-canada-motor-jobs-1.png","width":800,"height":400,"caption":"Canada Motor Jobs"},"image":{"@id":"https:\/\/news.canadamotorjobs.com\/#\/schema\/logo\/image\/"},"sameAs":["https:\/\/www.facebook.com\/canadamotorjobs\/","https:\/\/x.com\/canadamotorjobs","https:\/\/www.instagram.com\/canadamotorjobs\/","https:\/\/www.linkedin.com\/company\/canadamotorjobs"]},{"@type":"Person","@id":"https:\/\/news.canadamotorjobs.com\/#\/schema\/person\/51793d1f87d44011d7bcc2ed99269a90","name":"Benoit Charette","image":{"@type":"ImageObject","inLanguage":"fr-CA","@id":"https:\/\/news.canadamotorjobs.com\/#\/schema\/person\/image\/","url":"https:\/\/secure.gravatar.com\/avatar\/45f3d2eebcccd909668d7ce7ea7267b6?s=96&d=mm&r=g","contentUrl":"https:\/\/secure.gravatar.com\/avatar\/45f3d2eebcccd909668d7ce7ea7267b6?s=96&d=mm&r=g","caption":"Benoit Charette"},"description":"Benoit Charette \/ Propri\u00e9taire et r\u00e9dacteur en chef Benoit Charette pratique le journalisme automobile depuis bient\u00f4t 30 ans. Il a fait ses classes au c\u00f4t\u00e9 de Daniel H\u00e9raud et au Carnet de route de 1992 \u00e0 2001. Il est fondateur, copropri\u00e9taire et r\u00e9dacteur en chef de L\u2019Annuel de l\u2019automobile, qu\u2019il publie depuis 2001. Il a anim\u00e9 les \u00e9missions RPM et RPM+ sur V et les L\u00e9gendes de la route sur Historia. \u00c0 la radio depuis 1986, il reprend l\u2019antenne cette ann\u00e9e sur les ondes de Cogeco et participe pour la deuxi\u00e8me ann\u00e9e \u00e0 l\u2019\u00e9mission Passion Auto sur RDS en plus de mettre en ligne le site Web officiel de L\u2019Annuel de l\u2019automobile sur annuelauto.ca.","sameAs":["https:\/\/annuelauto.ca\/"],"url":"https:\/\/news.canadamotorjobs.com\/fr\/author\/benoit-charette\/"}]}},"_links":{"self":[{"href":"https:\/\/news.canadamotorjobs.com\/fr\/wp-json\/wp\/v2\/posts\/176694"}],"collection":[{"href":"https:\/\/news.canadamotorjobs.com\/fr\/wp-json\/wp\/v2\/posts"}],"about":[{"href":"https:\/\/news.canadamotorjobs.com\/fr\/wp-json\/wp\/v2\/types\/post"}],"author":[{"embeddable":true,"href":"https:\/\/news.canadamotorjobs.com\/fr\/wp-json\/wp\/v2\/users\/8"}],"replies":[{"embeddable":true,"href":"https:\/\/news.canadamotorjobs.com\/fr\/wp-json\/wp\/v2\/comments?post=176694"}],"version-history":[{"count":2,"href":"https:\/\/news.canadamotorjobs.com\/fr\/wp-json\/wp\/v2\/posts\/176694\/revisions"}],"predecessor-version":[{"id":176698,"href":"https:\/\/news.canadamotorjobs.com\/fr\/wp-json\/wp\/v2\/posts\/176694\/revisions\/176698"}],"wp:featuredmedia":[{"embeddable":true,"href":"https:\/\/news.canadamotorjobs.com\/fr\/wp-json\/wp\/v2\/media\/176696"}],"wp:attachment":[{"href":"https:\/\/news.canadamotorjobs.com\/fr\/wp-json\/wp\/v2\/media?parent=176694"}],"wp:term":[{"taxonomy":"category","embeddable":true,"href":"https:\/\/news.canadamotorjobs.com\/fr\/wp-json\/wp\/v2\/categories?post=176694"},{"taxonomy":"post_tag","embeddable":true,"href":"https:\/\/news.canadamotorjobs.com\/fr\/wp-json\/wp\/v2\/tags?post=176694"}],"curies":[{"name":"wp","href":"https:\/\/api.w.org\/{rel}","templated":true}]}}