{"id":176671,"date":"2024-10-10T06:29:29","date_gmt":"2024-10-10T10:29:29","guid":{"rendered":"https:\/\/news.canadamotorjobs.com\/?p=176671"},"modified":"2024-10-10T06:30:03","modified_gmt":"2024-10-10T10:30:03","slug":"acheteriez-vous-ce-vus-de-reve-dun-constructeur-douzbekistan","status":"publish","type":"post","link":"https:\/\/news.canadamotorjobs.com\/fr\/acheteriez-vous-ce-vus-de-reve-dun-constructeur-douzbekistan\/","title":{"rendered":"Ach\u00e8teriez-vous ce VUS de r\u00eave d\u2019un constructeur d\u2019Ouzb\u00e9kistan?"},"content":{"rendered":"<\/p>\n<p>On a assist\u00e9 un peu malgr\u00e9 nous plus t\u00f4t cette semaine au lancement mondial du S09 de la marque Soueast. Il s\u2019agit d\u2019un tout nouveau VUS haut de gamme et intelligent qui nous vient directement\u2026 d\u2019Ouzb\u00e9kistan.<\/p>\n<p>Mais attention! Car ce n\u2019est pas la caract\u00e9ristique la plus surprenante du Soueast S09. C\u2019est son prix, qui risque de retenir beaucoup l\u2019attention. Il n\u2019a pas \u00e9t\u00e9 officiellement annonc\u00e9, mais il risque d\u2019\u00eatre extr\u00eamement bas. En tout, on trouve trois mod\u00e8les list\u00e9s dans le catalogue de Soueast, les S06, S07 et S09, et aucun des trois n\u2019a encore pris la route. Mais les prix dont on entend parler oscillent entre 10\u00a0000\u00a0$ et 22\u00a0000 $.<\/p>\n<p>Avouez qu\u2019un VUS de luxe qui co\u00fbterait moins de 25\u00a0000 $ canadiens, \u00e7a vous intriguerait pas mal, non? Sa fiche technique semble aussi assez int\u00e9ressante. Le S09 est un peu plus grand qu\u2019un Toyota Rav4, et lui aussi est anim\u00e9 par un moteur hybride branchable. Il g\u00e9n\u00e8re une puissance de 266 chevaux et un couple de 291 livres-pied.<\/p>\n<p>\u00c9videmment, il reste \u00e0 Soueast \u00e0 mettre ses v\u00e9hicules en march\u00e9. On ne sait pas trop comment \u00e7a va se passer. L\u2019Ouzb\u00e9kistan est un petit pays d\u2019Asie centrale qui compte 35 millions d\u2019habitants et dont le PIB annuel, \u00e0 80 milliards $US est cinq fois plus petit que celui du Qu\u00e9bec.<\/p>\n<p>Est-ce qu\u2019un constructeur automobile dans ce pays peut esp\u00e9rer proc\u00e9der au lancement international d\u2019une nouvelle gamme de v\u00e9hicules? Apr\u00e8s tout, Soueast a publi\u00e9 un communiqu\u00e9 dans plusieurs march\u00e9s, y compris au Canada. Mais on doute qu\u2019on le verra chez nous. Car la marque ouzb\u00e8ke Soueast est en r\u00e9alit\u00e9 une filiale du constructeur chinois Chery Automobile, qui construit et qui vend, bon an mal an, un peu moins de 2 millions de v\u00e9hicules.<\/p>\n<p>Mais en tant que marque chinoise, Chery \u2013 y compris ses filiales, on pr\u00e9sume \u2013 devrait composer avec la surtaxe de 100% sur ses produits impos\u00e9e au Canada, ainsi qu\u2019aux \u00c9tats-Unis.<\/p>\n<p>Cela dit, on risque de voir les VUS Soueast en Am\u00e9rique du Nord, puisque le constructeur a des op\u00e9rations au Mexique. On n\u2019est peut-\u00eatre qu\u2019\u00e0 quelques ann\u00e9es de poser la question pour vrai, et le plus s\u00e9rieusement du monde\u00a0: ach\u00e8teriez-vous un VUS haut de gamme ouzb\u00e8ke?<\/p>\n<p>Le texte <a rel=\"nofollow\" href=\"https:\/\/annuelauto.ca\/acheteriez-vous-ce-vus-de-reve-dun-constructeur-douzbekistan\/\">Ach\u00e8teriez-vous ce VUS de r\u00eave d\u2019un constructeur d\u2019Ouzb\u00e9kistan?<\/a> provient de <a rel=\"nofollow\" href=\"https:\/\/annuelauto.ca\">L&#8217;annuel de l&#8217;automobile &#8211; Actualit\u00e9 automobile<\/a><\/p>\n<p><\/p>\n","protected":false},"excerpt":{"rendered":"<p>On a assist\u00e9 un peu malgr\u00e9 nous plus t\u00f4t cette semaine au lancement mondial du S09 de la marque Soueast. Il s\u2019agit d\u2019un tout nouveau VUS haut de gamme et intelligent qui nous vient directement\u2026 d\u2019Ouzb\u00e9kistan. Mais attention! Car ce n\u2019est pas la caract\u00e9ristique la plus surprenante du Soueast S09. C\u2019est son prix, qui risque [&hellip;]<\/p>\n","protected":false},"author":8,"featured_media":176673,"comment_status":"close","ping_status":"closed","sticky":false,"template":"","format":"standard","meta":{"_monsterinsights_skip_tracking":false,"_monsterinsights_sitenote_active":false,"_monsterinsights_sitenote_note":"","_monsterinsights_sitenote_category":0,"footnotes":""},"categories":[101],"tags":[],"yoast_head":"<!-- This site is optimized with the Yoast SEO plugin v23.2 - https:\/\/yoast.com\/wordpress\/plugins\/seo\/ -->\n<title>Ach\u00e8teriez-vous ce VUS de r\u00eave d\u2019un constructeur d\u2019Ouzb\u00e9kistan? - CanadaMotorJobs.com<\/title>\n<meta name=\"description\" content=\"Ach\u00e8teriez-vous ce VUS de r\u00eave d\u2019un constructeur d\u2019Ouzb\u00e9kistan? - Benoit Charette - Annuel automobile - CanadaMotorJobs.com.\" \/>\n<meta name=\"robots\" content=\"index, follow, max-snippet:-1, max-image-preview:large, max-video-preview:-1\" \/>\n<meta property=\"og:locale\" content=\"fr_CA\" \/>\n<meta property=\"og:type\" content=\"article\" \/>\n<meta property=\"og:title\" content=\"Ach\u00e8teriez-vous ce VUS de r\u00eave d\u2019un constructeur d\u2019Ouzb\u00e9kistan? - CanadaMotorJobs.com\" \/>\n<meta property=\"og:description\" content=\"Ach\u00e8teriez-vous ce VUS de r\u00eave d\u2019un constructeur d\u2019Ouzb\u00e9kistan? - Benoit Charette - Annuel automobile - CanadaMotorJobs.com.\" \/>\n<meta property=\"og:url\" content=\"https:\/\/news.canadamotorjobs.com\/fr\/acheteriez-vous-ce-vus-de-reve-dun-constructeur-douzbekistan\/\" \/>\n<meta property=\"og:site_name\" content=\"CanadaMotorJobs.com\" \/>\n<meta property=\"article:publisher\" content=\"https:\/\/www.facebook.com\/canadamotorjobs\/\" \/>\n<meta property=\"article:published_time\" content=\"2024-10-10T10:29:29+00:00\" \/>\n<meta property=\"article:modified_time\" content=\"2024-10-10T10:30:03+00:00\" \/>\n<meta property=\"og:image\" content=\"https:\/\/news.canadamotorjobs.com\/wp-content\/uploads\/2024\/10\/SOUEAST.jpg\" \/>\n\t<meta property=\"og:image:width\" content=\"1276\" \/>\n\t<meta property=\"og:image:height\" content=\"688\" \/>\n\t<meta property=\"og:image:type\" content=\"image\/jpeg\" \/>\n<meta name=\"author\" content=\"Benoit Charette\" \/>\n<meta name=\"twitter:card\" content=\"summary_large_image\" \/>\n<meta name=\"twitter:creator\" content=\"@canadamotorjobs\" \/>\n<meta name=\"twitter:site\" content=\"@canadamotorjobs\" \/>\n<meta name=\"twitter:label1\" content=\"\u00c9crit par\" \/>\n\t<meta name=\"twitter:data1\" content=\"Benoit Charette\" \/>\n\t<meta name=\"twitter:label2\" content=\"Estimation du temps de lecture\" \/>\n\t<meta name=\"twitter:data2\" content=\"2 minutes\" \/>\n<!-- \/ Yoast SEO plugin. -->","yoast_head_json":{"title":"Ach\u00e8teriez-vous ce VUS de r\u00eave d\u2019un constructeur d\u2019Ouzb\u00e9kistan? - CanadaMotorJobs.com","description":"Ach\u00e8teriez-vous ce VUS de r\u00eave d\u2019un constructeur d\u2019Ouzb\u00e9kistan? - Benoit Charette - Annuel automobile - CanadaMotorJobs.com.","robots":{"index":"index","follow":"follow","max-snippet":"max-snippet:-1","max-image-preview":"max-image-preview:large","max-video-preview":"max-video-preview:-1"},"og_locale":"fr_CA","og_type":"article","og_title":"Ach\u00e8teriez-vous ce VUS de r\u00eave d\u2019un constructeur d\u2019Ouzb\u00e9kistan? - CanadaMotorJobs.com","og_description":"Ach\u00e8teriez-vous ce VUS de r\u00eave d\u2019un constructeur d\u2019Ouzb\u00e9kistan? - Benoit Charette - Annuel automobile - CanadaMotorJobs.com.","og_url":"https:\/\/news.canadamotorjobs.com\/fr\/acheteriez-vous-ce-vus-de-reve-dun-constructeur-douzbekistan\/","og_site_name":"CanadaMotorJobs.com","article_publisher":"https:\/\/www.facebook.com\/canadamotorjobs\/","article_published_time":"2024-10-10T10:29:29+00:00","article_modified_time":"2024-10-10T10:30:03+00:00","og_image":[{"width":1276,"height":688,"url":"https:\/\/news.canadamotorjobs.com\/wp-content\/uploads\/2024\/10\/SOUEAST.jpg","type":"image\/jpeg"}],"author":"Benoit Charette","twitter_card":"summary_large_image","twitter_creator":"@canadamotorjobs","twitter_site":"@canadamotorjobs","twitter_misc":{"\u00c9crit par":"Benoit Charette","Estimation du temps de lecture":"2 minutes"},"schema":{"@context":"https:\/\/schema.org","@graph":[{"@type":"Article","@id":"https:\/\/news.canadamotorjobs.com\/fr\/acheteriez-vous-ce-vus-de-reve-dun-constructeur-douzbekistan\/#article","isPartOf":{"@id":"https:\/\/news.canadamotorjobs.com\/fr\/acheteriez-vous-ce-vus-de-reve-dun-constructeur-douzbekistan\/"},"author":{"name":"Benoit Charette","@id":"https:\/\/news.canadamotorjobs.com\/#\/schema\/person\/51793d1f87d44011d7bcc2ed99269a90"},"headline":"Ach\u00e8teriez-vous ce VUS de r\u00eave d\u2019un constructeur d\u2019Ouzb\u00e9kistan?","datePublished":"2024-10-10T10:29:29+00:00","dateModified":"2024-10-10T10:30:03+00:00","mainEntityOfPage":{"@id":"https:\/\/news.canadamotorjobs.com\/fr\/acheteriez-vous-ce-vus-de-reve-dun-constructeur-douzbekistan\/"},"wordCount":439,"publisher":{"@id":"https:\/\/news.canadamotorjobs.com\/#organization"},"image":{"@id":"https:\/\/news.canadamotorjobs.com\/fr\/acheteriez-vous-ce-vus-de-reve-dun-constructeur-douzbekistan\/#primaryimage"},"thumbnailUrl":"https:\/\/news.canadamotorjobs.com\/wp-content\/uploads\/2024\/10\/SOUEAST.jpg","articleSection":["Annuel automobile"],"inLanguage":"fr-CA"},{"@type":"WebPage","@id":"https:\/\/news.canadamotorjobs.com\/fr\/acheteriez-vous-ce-vus-de-reve-dun-constructeur-douzbekistan\/","url":"https:\/\/news.canadamotorjobs.com\/fr\/acheteriez-vous-ce-vus-de-reve-dun-constructeur-douzbekistan\/","name":"Ach\u00e8teriez-vous ce VUS de r\u00eave d\u2019un constructeur d\u2019Ouzb\u00e9kistan? - CanadaMotorJobs.com","isPartOf":{"@id":"https:\/\/news.canadamotorjobs.com\/#website"},"primaryImageOfPage":{"@id":"https:\/\/news.canadamotorjobs.com\/fr\/acheteriez-vous-ce-vus-de-reve-dun-constructeur-douzbekistan\/#primaryimage"},"image":{"@id":"https:\/\/news.canadamotorjobs.com\/fr\/acheteriez-vous-ce-vus-de-reve-dun-constructeur-douzbekistan\/#primaryimage"},"thumbnailUrl":"https:\/\/news.canadamotorjobs.com\/wp-content\/uploads\/2024\/10\/SOUEAST.jpg","datePublished":"2024-10-10T10:29:29+00:00","dateModified":"2024-10-10T10:30:03+00:00","description":"Ach\u00e8teriez-vous ce VUS de r\u00eave d\u2019un constructeur d\u2019Ouzb\u00e9kistan? - Benoit Charette - Annuel automobile - CanadaMotorJobs.com.","breadcrumb":{"@id":"https:\/\/news.canadamotorjobs.com\/fr\/acheteriez-vous-ce-vus-de-reve-dun-constructeur-douzbekistan\/#breadcrumb"},"inLanguage":"fr-CA","potentialAction":[{"@type":"ReadAction","target":["https:\/\/news.canadamotorjobs.com\/fr\/acheteriez-vous-ce-vus-de-reve-dun-constructeur-douzbekistan\/"]}]},{"@type":"ImageObject","inLanguage":"fr-CA","@id":"https:\/\/news.canadamotorjobs.com\/fr\/acheteriez-vous-ce-vus-de-reve-dun-constructeur-douzbekistan\/#primaryimage","url":"https:\/\/news.canadamotorjobs.com\/wp-content\/uploads\/2024\/10\/SOUEAST.jpg","contentUrl":"https:\/\/news.canadamotorjobs.com\/wp-content\/uploads\/2024\/10\/SOUEAST.jpg","width":1276,"height":688},{"@type":"BreadcrumbList","@id":"https:\/\/news.canadamotorjobs.com\/fr\/acheteriez-vous-ce-vus-de-reve-dun-constructeur-douzbekistan\/#breadcrumb","itemListElement":[{"@type":"ListItem","position":1,"name":"Home","item":"https:\/\/news.canadamotorjobs.com\/fr\/blog\/"},{"@type":"ListItem","position":2,"name":"Ach\u00e8teriez-vous ce VUS de r\u00eave d\u2019un constructeur d\u2019Ouzb\u00e9kistan?"}]},{"@type":"WebSite","@id":"https:\/\/news.canadamotorjobs.com\/#website","url":"https:\/\/news.canadamotorjobs.com\/","name":"CanadaMotorJobs.com","description":"Automotive Jobs","publisher":{"@id":"https:\/\/news.canadamotorjobs.com\/#organization"},"potentialAction":[{"@type":"SearchAction","target":{"@type":"EntryPoint","urlTemplate":"https:\/\/news.canadamotorjobs.com\/?s={search_term_string}"},"query-input":"required name=search_term_string"}],"inLanguage":"fr-CA"},{"@type":"Organization","@id":"https:\/\/news.canadamotorjobs.com\/#organization","name":"Canada Motor Jobs","url":"https:\/\/news.canadamotorjobs.com\/","logo":{"@type":"ImageObject","inLanguage":"fr-CA","@id":"https:\/\/news.canadamotorjobs.com\/#\/schema\/logo\/image\/","url":"https:\/\/news.canadamotorjobs.com\/wp-content\/uploads\/2022\/10\/logo-canada-motor-jobs-1.png","contentUrl":"https:\/\/news.canadamotorjobs.com\/wp-content\/uploads\/2022\/10\/logo-canada-motor-jobs-1.png","width":800,"height":400,"caption":"Canada Motor Jobs"},"image":{"@id":"https:\/\/news.canadamotorjobs.com\/#\/schema\/logo\/image\/"},"sameAs":["https:\/\/www.facebook.com\/canadamotorjobs\/","https:\/\/x.com\/canadamotorjobs","https:\/\/www.instagram.com\/canadamotorjobs\/","https:\/\/www.linkedin.com\/company\/canadamotorjobs"]},{"@type":"Person","@id":"https:\/\/news.canadamotorjobs.com\/#\/schema\/person\/51793d1f87d44011d7bcc2ed99269a90","name":"Benoit Charette","image":{"@type":"ImageObject","inLanguage":"fr-CA","@id":"https:\/\/news.canadamotorjobs.com\/#\/schema\/person\/image\/","url":"https:\/\/secure.gravatar.com\/avatar\/45f3d2eebcccd909668d7ce7ea7267b6?s=96&d=mm&r=g","contentUrl":"https:\/\/secure.gravatar.com\/avatar\/45f3d2eebcccd909668d7ce7ea7267b6?s=96&d=mm&r=g","caption":"Benoit Charette"},"description":"Benoit Charette \/ Propri\u00e9taire et r\u00e9dacteur en chef Benoit Charette pratique le journalisme automobile depuis bient\u00f4t 30 ans. Il a fait ses classes au c\u00f4t\u00e9 de Daniel H\u00e9raud et au Carnet de route de 1992 \u00e0 2001. Il est fondateur, copropri\u00e9taire et r\u00e9dacteur en chef de L\u2019Annuel de l\u2019automobile, qu\u2019il publie depuis 2001. Il a anim\u00e9 les \u00e9missions RPM et RPM+ sur V et les L\u00e9gendes de la route sur Historia. \u00c0 la radio depuis 1986, il reprend l\u2019antenne cette ann\u00e9e sur les ondes de Cogeco et participe pour la deuxi\u00e8me ann\u00e9e \u00e0 l\u2019\u00e9mission Passion Auto sur RDS en plus de mettre en ligne le site Web officiel de L\u2019Annuel de l\u2019automobile sur annuelauto.ca.","sameAs":["https:\/\/annuelauto.ca\/"],"url":"https:\/\/news.canadamotorjobs.com\/fr\/author\/benoit-charette\/"}]}},"_links":{"self":[{"href":"https:\/\/news.canadamotorjobs.com\/fr\/wp-json\/wp\/v2\/posts\/176671"}],"collection":[{"href":"https:\/\/news.canadamotorjobs.com\/fr\/wp-json\/wp\/v2\/posts"}],"about":[{"href":"https:\/\/news.canadamotorjobs.com\/fr\/wp-json\/wp\/v2\/types\/post"}],"author":[{"embeddable":true,"href":"https:\/\/news.canadamotorjobs.com\/fr\/wp-json\/wp\/v2\/users\/8"}],"replies":[{"embeddable":true,"href":"https:\/\/news.canadamotorjobs.com\/fr\/wp-json\/wp\/v2\/comments?post=176671"}],"version-history":[{"count":2,"href":"https:\/\/news.canadamotorjobs.com\/fr\/wp-json\/wp\/v2\/posts\/176671\/revisions"}],"predecessor-version":[{"id":176675,"href":"https:\/\/news.canadamotorjobs.com\/fr\/wp-json\/wp\/v2\/posts\/176671\/revisions\/176675"}],"wp:featuredmedia":[{"embeddable":true,"href":"https:\/\/news.canadamotorjobs.com\/fr\/wp-json\/wp\/v2\/media\/176673"}],"wp:attachment":[{"href":"https:\/\/news.canadamotorjobs.com\/fr\/wp-json\/wp\/v2\/media?parent=176671"}],"wp:term":[{"taxonomy":"category","embeddable":true,"href":"https:\/\/news.canadamotorjobs.com\/fr\/wp-json\/wp\/v2\/categories?post=176671"},{"taxonomy":"post_tag","embeddable":true,"href":"https:\/\/news.canadamotorjobs.com\/fr\/wp-json\/wp\/v2\/tags?post=176671"}],"curies":[{"name":"wp","href":"https:\/\/api.w.org\/{rel}","templated":true}]}}