{"id":176631,"date":"2024-10-10T03:25:24","date_gmt":"2024-10-10T07:25:24","guid":{"rendered":"https:\/\/news.canadamotorjobs.com\/?p=176631"},"modified":"2024-10-10T03:30:29","modified_gmt":"2024-10-10T07:30:29","slug":"mark-zuckerberg-fait-transformer-un-porsche-cayenne-en-fourgonnette","status":"publish","type":"post","link":"https:\/\/news.canadamotorjobs.com\/fr\/mark-zuckerberg-fait-transformer-un-porsche-cayenne-en-fourgonnette\/","title":{"rendered":"Mark Zuckerberg fait transformer un Porsche Cayenne en fourgonnette"},"content":{"rendered":"<\/p>\n<p>Lorsqu\u2019on a les moyens de ses ambitions, il n\u2019y a rien que l\u2019on ne puisse pas r\u00e9aliser. Mark Zuckerberg, le p\u00e8re de Facebook, dont la fortune se compte dans les milliards, vient d\u2019en fournir une preuve \u00e9loquente avec une excentricit\u00e9 qui ne passera pas inaper\u00e7ue sur la route : une fourgonnette Porsche Cayenne.<\/p>\n<p>De fait, lorsque son \u00e9pouse, Pricilla Chan, a mentionn\u00e9 vouloir une fourgonnette, Mark Zuckerberg s\u2019est associ\u00e9 \u00e0 la firme West Coast Customs, qui est bas\u00e9e \u00e0 Los Angeles, pour modifier un Porsche Cayenne Turbo GT afin d\u2019en faire une fourgonnette.<\/p>\n<p>Et oui, le v\u00e9hicule est \u00e9quip\u00e9 de portes coulissantes \u00e0 d\u00e9ploiement \u00e9lectrique.<\/p>\n<p>Il est clair qu\u2019il sera facile \u00e0 identifier sur la route, car bien entendu, Porsche ne propose rien qui ressemble \u00e0 une fourgonnette. Ironiquement cependant, on se souviendra qu\u2019au tournant de la pr\u00e9sente d\u00e9cennie, la compagnie avait mis au monde un concept nomm\u00e9 Porsche Vision Renndienst, un mod\u00e8le familial qui pouvait recevoir jusqu\u2019\u00e0 six personnes.<\/p>\n<p><\/p>\n<figure><img decoding=\"async\" src=\"https:\/\/news.canadamotorjobs.com\/wp-content\/uploads\/2024\/10\/porsche-vision-race-service-001-5.jpg\" alt=\"Le concept Porsche Vision Renndienst, 2020\" \/><figcaption>Le concept Porsche Vision Renndienst, 2020 | Auto123.com<\/figcaption><\/figure>\n<figure><img decoding=\"async\" src=\"https:\/\/news.canadamotorjobs.com\/wp-content\/uploads\/2024\/10\/porsche-cayenne-zuck-000-1.jpg\" alt=\"Le Porsche Cayenne modifi\u00e9 de Mark Zuckerberg\" \/><figcaption>Le Porsche Cayenne modifi\u00e9 de Mark Zuckerberg | Auto123.com<\/figcaption><\/figure>\n<p>Ce prototype est unique, mais n\u2019a pas la gueule du Cayenne allong\u00e9.<\/p>\n<p>Mark Zuckerberg n\u2019en est pas au premier cadeau plus excentrique pour son \u00e9pouse. Au d\u00e9but de l\u2019\u00e9t\u00e9, dans une d\u00e9marche jug\u00e9e \u00e9trange par certains, il a command\u00e9 une statue de jardin de deux m\u00e8tres\u2026 \u00e0 l\u2019effigie de sa femme. Dans ce contexte, une fourgonnette Porsche semble tout \u00e0 fait banale.<\/p>\n<p>Et tant qu\u2019\u00e0 y \u00eatre, le milliardaire a demand\u00e9 \u00e0 West Coast Customs de personnaliser une Porsche GT3 Touring en la dotant de la m\u00eame couleur gris ardoise, pour un duo de v\u00e9hicules qui ne passera pas inaper\u00e7u dans une entr\u00e9e de garage.<\/p>\n<p><\/p>\n<figure><img decoding=\"async\" src=\"https:\/\/news.canadamotorjobs.com\/wp-content\/uploads\/2024\/10\/porsche-cayenne-zuck-004-1.jpg\" alt=\"Les Porsche Cayenne et GT3 Touring modifi\u00e9s\" \/><figcaption>Les Porsche Cayenne et GT3 Touring modifi\u00e9s | Auto123.com<\/figcaption><\/figure>\n<figure><img decoding=\"async\" src=\"https:\/\/news.canadamotorjobs.com\/wp-content\/uploads\/2024\/10\/porsche-cayenne-zuck-003-1.jpg\" alt=\"Les Porsche Cayenne et GT3 Touring modifi\u00e9s\" \/><figcaption>Les Porsche Cayenne et GT3 Touring modifi\u00e9s | Auto123.com<\/figcaption><\/figure>\n<p style=\"padding-top: 15px\">Contenu original de <a href=\"https:\/\/www.auto123.com\/fr\/actualites\/porsche-cayenne-fourgonnette-mark-zuckerberg\/71923\/\">auto123<\/a>.<\/p>\n<p>Le texte <a rel=\"nofollow\" href=\"https:\/\/annuelauto.ca\/mark-zuckerberg-fait-transformer-un-porsche-cayenne-en-fourgonnette\/\">Mark Zuckerberg fait transformer un Porsche Cayenne en fourgonnette<\/a> provient de <a rel=\"nofollow\" href=\"https:\/\/annuelauto.ca\">L&#8217;annuel de l&#8217;automobile &#8211; Actualit\u00e9 automobile<\/a><\/p>\n<p><\/p>\n","protected":false},"excerpt":{"rendered":"<p>Lorsqu\u2019on a les moyens de ses ambitions, il n\u2019y a rien que l\u2019on ne puisse pas r\u00e9aliser. Mark Zuckerberg, le p\u00e8re de Facebook, dont la fortune se compte dans les milliards, vient d\u2019en fournir une preuve \u00e9loquente avec une excentricit\u00e9 qui ne passera pas inaper\u00e7ue sur la route : une fourgonnette Porsche Cayenne. De fait, [&hellip;]<\/p>\n","protected":false},"author":8,"featured_media":176633,"comment_status":"close","ping_status":"closed","sticky":false,"template":"","format":"standard","meta":{"_monsterinsights_skip_tracking":false,"_monsterinsights_sitenote_active":false,"_monsterinsights_sitenote_note":"","_monsterinsights_sitenote_category":0,"footnotes":""},"categories":[101],"tags":[],"yoast_head":"<!-- This site is optimized with the Yoast SEO plugin v23.2 - https:\/\/yoast.com\/wordpress\/plugins\/seo\/ -->\n<title>Mark Zuckerberg fait transformer un Porsche Cayenne en fourgonnette - CanadaMotorJobs.com<\/title>\n<meta name=\"description\" content=\"Mark Zuckerberg fait transformer un Porsche Cayenne en fourgonnette - Benoit Charette - Annuel automobile - CanadaMotorJobs.com.\" \/>\n<meta name=\"robots\" content=\"index, follow, max-snippet:-1, max-image-preview:large, max-video-preview:-1\" \/>\n<meta property=\"og:locale\" content=\"fr_CA\" \/>\n<meta property=\"og:type\" content=\"article\" \/>\n<meta property=\"og:title\" content=\"Mark Zuckerberg fait transformer un Porsche Cayenne en fourgonnette - CanadaMotorJobs.com\" \/>\n<meta property=\"og:description\" content=\"Mark Zuckerberg fait transformer un Porsche Cayenne en fourgonnette - Benoit Charette - Annuel automobile - CanadaMotorJobs.com.\" \/>\n<meta property=\"og:url\" content=\"https:\/\/news.canadamotorjobs.com\/fr\/mark-zuckerberg-fait-transformer-un-porsche-cayenne-en-fourgonnette\/\" \/>\n<meta property=\"og:site_name\" content=\"CanadaMotorJobs.com\" \/>\n<meta property=\"article:publisher\" content=\"https:\/\/www.facebook.com\/canadamotorjobs\/\" \/>\n<meta property=\"article:published_time\" content=\"2024-10-10T07:25:24+00:00\" \/>\n<meta property=\"article:modified_time\" content=\"2024-10-10T07:30:29+00:00\" \/>\n<meta property=\"og:image\" content=\"https:\/\/news.canadamotorjobs.com\/wp-content\/uploads\/2024\/10\/porsche-vision-race-service-001.jpg\" \/>\n\t<meta property=\"og:image:width\" content=\"1200\" \/>\n\t<meta property=\"og:image:height\" content=\"675\" \/>\n\t<meta property=\"og:image:type\" content=\"image\/jpeg\" \/>\n<meta name=\"author\" content=\"Benoit Charette\" \/>\n<meta name=\"twitter:card\" content=\"summary_large_image\" \/>\n<meta name=\"twitter:creator\" content=\"@canadamotorjobs\" \/>\n<meta name=\"twitter:site\" content=\"@canadamotorjobs\" \/>\n<meta name=\"twitter:label1\" content=\"\u00c9crit par\" \/>\n\t<meta name=\"twitter:data1\" content=\"Benoit Charette\" \/>\n\t<meta name=\"twitter:label2\" content=\"Estimation du temps de lecture\" \/>\n\t<meta name=\"twitter:data2\" content=\"2 minutes\" \/>\n<!-- \/ Yoast SEO plugin. -->","yoast_head_json":{"title":"Mark Zuckerberg fait transformer un Porsche Cayenne en fourgonnette - CanadaMotorJobs.com","description":"Mark Zuckerberg fait transformer un Porsche Cayenne en fourgonnette - Benoit Charette - Annuel automobile - CanadaMotorJobs.com.","robots":{"index":"index","follow":"follow","max-snippet":"max-snippet:-1","max-image-preview":"max-image-preview:large","max-video-preview":"max-video-preview:-1"},"og_locale":"fr_CA","og_type":"article","og_title":"Mark Zuckerberg fait transformer un Porsche Cayenne en fourgonnette - CanadaMotorJobs.com","og_description":"Mark Zuckerberg fait transformer un Porsche Cayenne en fourgonnette - Benoit Charette - Annuel automobile - CanadaMotorJobs.com.","og_url":"https:\/\/news.canadamotorjobs.com\/fr\/mark-zuckerberg-fait-transformer-un-porsche-cayenne-en-fourgonnette\/","og_site_name":"CanadaMotorJobs.com","article_publisher":"https:\/\/www.facebook.com\/canadamotorjobs\/","article_published_time":"2024-10-10T07:25:24+00:00","article_modified_time":"2024-10-10T07:30:29+00:00","og_image":[{"width":1200,"height":675,"url":"https:\/\/news.canadamotorjobs.com\/wp-content\/uploads\/2024\/10\/porsche-vision-race-service-001.jpg","type":"image\/jpeg"}],"author":"Benoit Charette","twitter_card":"summary_large_image","twitter_creator":"@canadamotorjobs","twitter_site":"@canadamotorjobs","twitter_misc":{"\u00c9crit par":"Benoit Charette","Estimation du temps de lecture":"2 minutes"},"schema":{"@context":"https:\/\/schema.org","@graph":[{"@type":"Article","@id":"https:\/\/news.canadamotorjobs.com\/fr\/mark-zuckerberg-fait-transformer-un-porsche-cayenne-en-fourgonnette\/#article","isPartOf":{"@id":"https:\/\/news.canadamotorjobs.com\/fr\/mark-zuckerberg-fait-transformer-un-porsche-cayenne-en-fourgonnette\/"},"author":{"name":"Benoit Charette","@id":"https:\/\/news.canadamotorjobs.com\/#\/schema\/person\/51793d1f87d44011d7bcc2ed99269a90"},"headline":"Mark Zuckerberg fait transformer un Porsche Cayenne en fourgonnette","datePublished":"2024-10-10T07:25:24+00:00","dateModified":"2024-10-10T07:30:29+00:00","mainEntityOfPage":{"@id":"https:\/\/news.canadamotorjobs.com\/fr\/mark-zuckerberg-fait-transformer-un-porsche-cayenne-en-fourgonnette\/"},"wordCount":355,"publisher":{"@id":"https:\/\/news.canadamotorjobs.com\/#organization"},"image":{"@id":"https:\/\/news.canadamotorjobs.com\/fr\/mark-zuckerberg-fait-transformer-un-porsche-cayenne-en-fourgonnette\/#primaryimage"},"thumbnailUrl":"https:\/\/news.canadamotorjobs.com\/wp-content\/uploads\/2024\/10\/porsche-vision-race-service-001.jpg","articleSection":["Annuel automobile"],"inLanguage":"fr-CA"},{"@type":"WebPage","@id":"https:\/\/news.canadamotorjobs.com\/fr\/mark-zuckerberg-fait-transformer-un-porsche-cayenne-en-fourgonnette\/","url":"https:\/\/news.canadamotorjobs.com\/fr\/mark-zuckerberg-fait-transformer-un-porsche-cayenne-en-fourgonnette\/","name":"Mark Zuckerberg fait transformer un Porsche Cayenne en fourgonnette - CanadaMotorJobs.com","isPartOf":{"@id":"https:\/\/news.canadamotorjobs.com\/#website"},"primaryImageOfPage":{"@id":"https:\/\/news.canadamotorjobs.com\/fr\/mark-zuckerberg-fait-transformer-un-porsche-cayenne-en-fourgonnette\/#primaryimage"},"image":{"@id":"https:\/\/news.canadamotorjobs.com\/fr\/mark-zuckerberg-fait-transformer-un-porsche-cayenne-en-fourgonnette\/#primaryimage"},"thumbnailUrl":"https:\/\/news.canadamotorjobs.com\/wp-content\/uploads\/2024\/10\/porsche-vision-race-service-001.jpg","datePublished":"2024-10-10T07:25:24+00:00","dateModified":"2024-10-10T07:30:29+00:00","description":"Mark Zuckerberg fait transformer un Porsche Cayenne en fourgonnette - Benoit Charette - Annuel automobile - CanadaMotorJobs.com.","breadcrumb":{"@id":"https:\/\/news.canadamotorjobs.com\/fr\/mark-zuckerberg-fait-transformer-un-porsche-cayenne-en-fourgonnette\/#breadcrumb"},"inLanguage":"fr-CA","potentialAction":[{"@type":"ReadAction","target":["https:\/\/news.canadamotorjobs.com\/fr\/mark-zuckerberg-fait-transformer-un-porsche-cayenne-en-fourgonnette\/"]}]},{"@type":"ImageObject","inLanguage":"fr-CA","@id":"https:\/\/news.canadamotorjobs.com\/fr\/mark-zuckerberg-fait-transformer-un-porsche-cayenne-en-fourgonnette\/#primaryimage","url":"https:\/\/news.canadamotorjobs.com\/wp-content\/uploads\/2024\/10\/porsche-vision-race-service-001.jpg","contentUrl":"https:\/\/news.canadamotorjobs.com\/wp-content\/uploads\/2024\/10\/porsche-vision-race-service-001.jpg","width":1200,"height":675},{"@type":"BreadcrumbList","@id":"https:\/\/news.canadamotorjobs.com\/fr\/mark-zuckerberg-fait-transformer-un-porsche-cayenne-en-fourgonnette\/#breadcrumb","itemListElement":[{"@type":"ListItem","position":1,"name":"Home","item":"https:\/\/news.canadamotorjobs.com\/fr\/blog\/"},{"@type":"ListItem","position":2,"name":"Mark Zuckerberg fait transformer un Porsche Cayenne en fourgonnette"}]},{"@type":"WebSite","@id":"https:\/\/news.canadamotorjobs.com\/#website","url":"https:\/\/news.canadamotorjobs.com\/","name":"CanadaMotorJobs.com","description":"Automotive Jobs","publisher":{"@id":"https:\/\/news.canadamotorjobs.com\/#organization"},"potentialAction":[{"@type":"SearchAction","target":{"@type":"EntryPoint","urlTemplate":"https:\/\/news.canadamotorjobs.com\/?s={search_term_string}"},"query-input":"required name=search_term_string"}],"inLanguage":"fr-CA"},{"@type":"Organization","@id":"https:\/\/news.canadamotorjobs.com\/#organization","name":"Canada Motor Jobs","url":"https:\/\/news.canadamotorjobs.com\/","logo":{"@type":"ImageObject","inLanguage":"fr-CA","@id":"https:\/\/news.canadamotorjobs.com\/#\/schema\/logo\/image\/","url":"https:\/\/news.canadamotorjobs.com\/wp-content\/uploads\/2022\/10\/logo-canada-motor-jobs-1.png","contentUrl":"https:\/\/news.canadamotorjobs.com\/wp-content\/uploads\/2022\/10\/logo-canada-motor-jobs-1.png","width":800,"height":400,"caption":"Canada Motor Jobs"},"image":{"@id":"https:\/\/news.canadamotorjobs.com\/#\/schema\/logo\/image\/"},"sameAs":["https:\/\/www.facebook.com\/canadamotorjobs\/","https:\/\/x.com\/canadamotorjobs","https:\/\/www.instagram.com\/canadamotorjobs\/","https:\/\/www.linkedin.com\/company\/canadamotorjobs"]},{"@type":"Person","@id":"https:\/\/news.canadamotorjobs.com\/#\/schema\/person\/51793d1f87d44011d7bcc2ed99269a90","name":"Benoit Charette","image":{"@type":"ImageObject","inLanguage":"fr-CA","@id":"https:\/\/news.canadamotorjobs.com\/#\/schema\/person\/image\/","url":"https:\/\/secure.gravatar.com\/avatar\/45f3d2eebcccd909668d7ce7ea7267b6?s=96&d=mm&r=g","contentUrl":"https:\/\/secure.gravatar.com\/avatar\/45f3d2eebcccd909668d7ce7ea7267b6?s=96&d=mm&r=g","caption":"Benoit Charette"},"description":"Benoit Charette \/ Propri\u00e9taire et r\u00e9dacteur en chef Benoit Charette pratique le journalisme automobile depuis bient\u00f4t 30 ans. Il a fait ses classes au c\u00f4t\u00e9 de Daniel H\u00e9raud et au Carnet de route de 1992 \u00e0 2001. Il est fondateur, copropri\u00e9taire et r\u00e9dacteur en chef de L\u2019Annuel de l\u2019automobile, qu\u2019il publie depuis 2001. Il a anim\u00e9 les \u00e9missions RPM et RPM+ sur V et les L\u00e9gendes de la route sur Historia. \u00c0 la radio depuis 1986, il reprend l\u2019antenne cette ann\u00e9e sur les ondes de Cogeco et participe pour la deuxi\u00e8me ann\u00e9e \u00e0 l\u2019\u00e9mission Passion Auto sur RDS en plus de mettre en ligne le site Web officiel de L\u2019Annuel de l\u2019automobile sur annuelauto.ca.","sameAs":["https:\/\/annuelauto.ca\/"],"url":"https:\/\/news.canadamotorjobs.com\/fr\/author\/benoit-charette\/"}]}},"_links":{"self":[{"href":"https:\/\/news.canadamotorjobs.com\/fr\/wp-json\/wp\/v2\/posts\/176631"}],"collection":[{"href":"https:\/\/news.canadamotorjobs.com\/fr\/wp-json\/wp\/v2\/posts"}],"about":[{"href":"https:\/\/news.canadamotorjobs.com\/fr\/wp-json\/wp\/v2\/types\/post"}],"author":[{"embeddable":true,"href":"https:\/\/news.canadamotorjobs.com\/fr\/wp-json\/wp\/v2\/users\/8"}],"replies":[{"embeddable":true,"href":"https:\/\/news.canadamotorjobs.com\/fr\/wp-json\/wp\/v2\/comments?post=176631"}],"version-history":[{"count":3,"href":"https:\/\/news.canadamotorjobs.com\/fr\/wp-json\/wp\/v2\/posts\/176631\/revisions"}],"predecessor-version":[{"id":176670,"href":"https:\/\/news.canadamotorjobs.com\/fr\/wp-json\/wp\/v2\/posts\/176631\/revisions\/176670"}],"wp:featuredmedia":[{"embeddable":true,"href":"https:\/\/news.canadamotorjobs.com\/fr\/wp-json\/wp\/v2\/media\/176633"}],"wp:attachment":[{"href":"https:\/\/news.canadamotorjobs.com\/fr\/wp-json\/wp\/v2\/media?parent=176631"}],"wp:term":[{"taxonomy":"category","embeddable":true,"href":"https:\/\/news.canadamotorjobs.com\/fr\/wp-json\/wp\/v2\/categories?post=176631"},{"taxonomy":"post_tag","embeddable":true,"href":"https:\/\/news.canadamotorjobs.com\/fr\/wp-json\/wp\/v2\/tags?post=176631"}],"curies":[{"name":"wp","href":"https:\/\/api.w.org\/{rel}","templated":true}]}}