{"id":176603,"date":"2024-10-10T03:25:25","date_gmt":"2024-10-10T07:25:25","guid":{"rendered":"https:\/\/news.canadamotorjobs.com\/?p=176603"},"modified":"2024-10-10T03:30:14","modified_gmt":"2024-10-10T07:30:14","slug":"toyota-et-subaru-travaillent-sur-un-autre-modele-electrique","status":"publish","type":"post","link":"https:\/\/news.canadamotorjobs.com\/fr\/toyota-et-subaru-travaillent-sur-un-autre-modele-electrique\/","title":{"rendered":"Toyota et Subaru travaillent sur un autre mod\u00e8le \u00e9lectrique"},"content":{"rendered":"<\/p>\n<p>Tous ceux int\u00e9ress\u00e9s par la chose automobile le savent, Toyota et Subaru ont collabor\u00e9 pour nous offrir les VUS \u00e9lectriques bZ4X et Solterra. Depuis, quantit\u00e9 de rumeurs ont fait surface concernant d\u2019autres collaborations entre les constructeurs, mais rien de concret n\u2019avait \u00e9t\u00e9 annonc\u00e9.<\/p>\n<p>Eh bien, sans avoir re\u00e7u de confirmation, les rumeurs se confirment selon le fait que les deux entreprises travaillent pour nous donner un autre VUS tout \u00e9lectrique. En effet, selon ce que rapporte le journal Nikkei Asia, les deux firmes vont lancer un nouveau v\u00e9hicule dont le d\u00e9but de la production serait pr\u00e9vu pour janvier 2026.<\/p>\n<p>Cette fois, plut\u00f4t que de voir le mod\u00e8le sortir d\u2019une usine op\u00e9r\u00e9e par Toyota, il serait assembl\u00e9 sur une cha\u00eene de montage du site de Subaru situ\u00e9 \u00e0 Yajima.<\/p>\n<p>Ce qui est int\u00e9ressant pour les deux entreprises cette fois, c\u2019est qu\u2019on ne part pas \u00e0 partir d\u2019une feuille blanche. Autrement dit, les nouveaux mod\u00e8les vont emprunter des \u00e9l\u00e9ments aux cr\u00e9ations d\u00e9j\u00e0 existantes. Cela va permettre d\u2019acc\u00e9l\u00e9rer le d\u00e9veloppement et de r\u00e9duire les co\u00fbts.<\/p>\n<p>L\u2019objectif est de produire entre 15 000 et 20 000 unit\u00e9s par mois.<\/p>\n<p><\/p>\n<figure><img decoding=\"async\" src=\"https:\/\/news.canadamotorjobs.com\/wp-content\/uploads\/2024\/10\/Toyota-bZ4X-2023-08-7.jpg\" alt=\"Le Toyota bZ4X\" \/><figcaption>Le Toyota bZ4X | Auto123.com<\/figcaption><\/figure>\n<p>Et bonne nouvelle pour notre march\u00e9, les deux mod\u00e8les seraient destin\u00e9s \u00e0 l\u2019Am\u00e9rique du Nord, \u00e0 l\u2019Europe et au Japon. Ils pourraient \u00e9galement \u00eatre vendus sur d\u2019autres march\u00e9s.<\/p>\n<p>Ce qu\u2019on ne sait pas pour le moment, c\u2019est le positionnement des produits dans leur gamme respective. On ne peut que souhaiter un mod\u00e8le d\u2019entr\u00e9e de gamme moins cher.<\/p>\n<p>Il sera aussi souhaitable que les v\u00e9hicules se montrent plus efficaces en mati\u00e8re d\u2019autononmie notamment, en regard de la concurrence. Au chapitre des ventes, les chiffres suivants nous indiquent bien o\u00f9 se situent les entreprises sur le march\u00e9 ; Toyota a vendu 13 577 unit\u00e9s du bZ4X au cours des neuf premiers mois de l\u2019ann\u00e9e, alors qu\u2019on en a \u00e9coul\u00e9 9137 chez Subaru. Les Hyundai Ioniq 5 (30 818), le Kia EV6 (15 985) et le Prologue (14 179) ont jusqu\u2019ici fait mieux.<\/p>\n<p>Mais tout \u00e7a ne pourrait \u00eatre qu\u2019un d\u00e9but. Au d\u00e9but de la pr\u00e9sente ann\u00e9e, Toyota et Subaru ont indiqu\u00e9 qu\u2019ils travailleraient sur trois autres v\u00e9hicules \u00e9lectriques en plus du bZ4X\/Solterra. Tout comme le nouveau mod\u00e8le \u00e0 venir en 2026, les deux autres seront \u00e9galement des VUS. Si la production du nouveau produit commence effectivement en janvier 2026, les r\u00e9v\u00e9lations officielles de Toyota et Subaru devraient avoir lieu au cours de la deuxi\u00e8me moiti\u00e9 de l\u2019ann\u00e9e prochaine.<\/p>\n<p>Dans l&#8217;intervalle, les constructeurs automobiles continueront de s&#8217;int\u00e9resser aux moteurs \u00e0 combustion. Il y a quelques mois, une conf\u00e9rence commune &#8211; \u00e0 laquelle participait \u00e9galement Mazda &#8211; a permis d&#8217;annoncer des moteurs \u00e0 combustion interne nouveaux et am\u00e9lior\u00e9s.<\/p>\n<p><\/p>\n<p style=\"padding-top: 15px\">Contenu original de <a href=\"https:\/\/www.auto123.com\/fr\/actualites\/toyota-subaru-modeles-electriques-collaboration\/71922\/\">auto123<\/a>.<\/p>\n<p>Le texte <a rel=\"nofollow\" href=\"https:\/\/annuelauto.ca\/toyota-et-subaru-travaillent-sur-un-autre-modele-electrique\/\">Toyota et Subaru travaillent sur un autre mod\u00e8le \u00e9lectrique<\/a> provient de <a rel=\"nofollow\" href=\"https:\/\/annuelauto.ca\">L&#8217;annuel de l&#8217;automobile &#8211; Actualit\u00e9 automobile<\/a><\/p>\n<p><\/p>\n","protected":false},"excerpt":{"rendered":"<p>Tous ceux int\u00e9ress\u00e9s par la chose automobile le savent, Toyota et Subaru ont collabor\u00e9 pour nous offrir les VUS \u00e9lectriques bZ4X et Solterra. Depuis, quantit\u00e9 de rumeurs ont fait surface concernant d\u2019autres collaborations entre les constructeurs, mais rien de concret n\u2019avait \u00e9t\u00e9 annonc\u00e9. Eh bien, sans avoir re\u00e7u de confirmation, les rumeurs se confirment selon [&hellip;]<\/p>\n","protected":false},"author":8,"featured_media":176605,"comment_status":"close","ping_status":"closed","sticky":false,"template":"","format":"standard","meta":{"_monsterinsights_skip_tracking":false,"_monsterinsights_sitenote_active":false,"_monsterinsights_sitenote_note":"","_monsterinsights_sitenote_category":0,"footnotes":""},"categories":[101],"tags":[],"yoast_head":"<!-- This site is optimized with the Yoast SEO plugin v23.2 - https:\/\/yoast.com\/wordpress\/plugins\/seo\/ -->\n<title>Toyota et Subaru travaillent sur un autre mod\u00e8le \u00e9lectrique - CanadaMotorJobs.com<\/title>\n<meta name=\"description\" content=\"Toyota et Subaru travaillent sur un autre mod\u00e8le \u00e9lectrique - Benoit Charette - Annuel automobile - CanadaMotorJobs.com.\" \/>\n<meta name=\"robots\" content=\"index, follow, max-snippet:-1, max-image-preview:large, max-video-preview:-1\" \/>\n<meta property=\"og:locale\" content=\"fr_CA\" \/>\n<meta property=\"og:type\" content=\"article\" \/>\n<meta property=\"og:title\" content=\"Toyota et Subaru travaillent sur un autre mod\u00e8le \u00e9lectrique - CanadaMotorJobs.com\" \/>\n<meta property=\"og:description\" content=\"Toyota et Subaru travaillent sur un autre mod\u00e8le \u00e9lectrique - Benoit Charette - Annuel automobile - CanadaMotorJobs.com.\" \/>\n<meta property=\"og:url\" content=\"https:\/\/news.canadamotorjobs.com\/fr\/toyota-et-subaru-travaillent-sur-un-autre-modele-electrique\/\" \/>\n<meta property=\"og:site_name\" content=\"CanadaMotorJobs.com\" \/>\n<meta property=\"article:publisher\" content=\"https:\/\/www.facebook.com\/canadamotorjobs\/\" \/>\n<meta property=\"article:published_time\" content=\"2024-10-10T07:25:25+00:00\" \/>\n<meta property=\"article:modified_time\" content=\"2024-10-10T07:30:14+00:00\" \/>\n<meta property=\"og:image\" content=\"https:\/\/news.canadamotorjobs.com\/wp-content\/uploads\/2024\/10\/Toyota-bZ4X-2023-08-2.jpg\" \/>\n\t<meta property=\"og:image:width\" content=\"1200\" \/>\n\t<meta property=\"og:image:height\" content=\"800\" \/>\n\t<meta property=\"og:image:type\" content=\"image\/jpeg\" \/>\n<meta name=\"author\" content=\"Benoit Charette\" \/>\n<meta name=\"twitter:card\" content=\"summary_large_image\" \/>\n<meta name=\"twitter:creator\" content=\"@canadamotorjobs\" \/>\n<meta name=\"twitter:site\" content=\"@canadamotorjobs\" \/>\n<meta name=\"twitter:label1\" content=\"\u00c9crit par\" \/>\n\t<meta name=\"twitter:data1\" content=\"Benoit Charette\" \/>\n\t<meta name=\"twitter:label2\" content=\"Estimation du temps de lecture\" \/>\n\t<meta name=\"twitter:data2\" content=\"3 minutes\" \/>\n<!-- \/ Yoast SEO plugin. -->","yoast_head_json":{"title":"Toyota et Subaru travaillent sur un autre mod\u00e8le \u00e9lectrique - CanadaMotorJobs.com","description":"Toyota et Subaru travaillent sur un autre mod\u00e8le \u00e9lectrique - Benoit Charette - Annuel automobile - CanadaMotorJobs.com.","robots":{"index":"index","follow":"follow","max-snippet":"max-snippet:-1","max-image-preview":"max-image-preview:large","max-video-preview":"max-video-preview:-1"},"og_locale":"fr_CA","og_type":"article","og_title":"Toyota et Subaru travaillent sur un autre mod\u00e8le \u00e9lectrique - CanadaMotorJobs.com","og_description":"Toyota et Subaru travaillent sur un autre mod\u00e8le \u00e9lectrique - Benoit Charette - Annuel automobile - CanadaMotorJobs.com.","og_url":"https:\/\/news.canadamotorjobs.com\/fr\/toyota-et-subaru-travaillent-sur-un-autre-modele-electrique\/","og_site_name":"CanadaMotorJobs.com","article_publisher":"https:\/\/www.facebook.com\/canadamotorjobs\/","article_published_time":"2024-10-10T07:25:25+00:00","article_modified_time":"2024-10-10T07:30:14+00:00","og_image":[{"width":1200,"height":800,"url":"https:\/\/news.canadamotorjobs.com\/wp-content\/uploads\/2024\/10\/Toyota-bZ4X-2023-08-2.jpg","type":"image\/jpeg"}],"author":"Benoit Charette","twitter_card":"summary_large_image","twitter_creator":"@canadamotorjobs","twitter_site":"@canadamotorjobs","twitter_misc":{"\u00c9crit par":"Benoit Charette","Estimation du temps de lecture":"3 minutes"},"schema":{"@context":"https:\/\/schema.org","@graph":[{"@type":"Article","@id":"https:\/\/news.canadamotorjobs.com\/fr\/toyota-et-subaru-travaillent-sur-un-autre-modele-electrique\/#article","isPartOf":{"@id":"https:\/\/news.canadamotorjobs.com\/fr\/toyota-et-subaru-travaillent-sur-un-autre-modele-electrique\/"},"author":{"name":"Benoit Charette","@id":"https:\/\/news.canadamotorjobs.com\/#\/schema\/person\/51793d1f87d44011d7bcc2ed99269a90"},"headline":"Toyota et Subaru travaillent sur un autre mod\u00e8le \u00e9lectrique","datePublished":"2024-10-10T07:25:25+00:00","dateModified":"2024-10-10T07:30:14+00:00","mainEntityOfPage":{"@id":"https:\/\/news.canadamotorjobs.com\/fr\/toyota-et-subaru-travaillent-sur-un-autre-modele-electrique\/"},"wordCount":529,"publisher":{"@id":"https:\/\/news.canadamotorjobs.com\/#organization"},"image":{"@id":"https:\/\/news.canadamotorjobs.com\/fr\/toyota-et-subaru-travaillent-sur-un-autre-modele-electrique\/#primaryimage"},"thumbnailUrl":"https:\/\/news.canadamotorjobs.com\/wp-content\/uploads\/2024\/10\/Toyota-bZ4X-2023-08-2.jpg","articleSection":["Annuel automobile"],"inLanguage":"fr-CA"},{"@type":"WebPage","@id":"https:\/\/news.canadamotorjobs.com\/fr\/toyota-et-subaru-travaillent-sur-un-autre-modele-electrique\/","url":"https:\/\/news.canadamotorjobs.com\/fr\/toyota-et-subaru-travaillent-sur-un-autre-modele-electrique\/","name":"Toyota et Subaru travaillent sur un autre mod\u00e8le \u00e9lectrique - CanadaMotorJobs.com","isPartOf":{"@id":"https:\/\/news.canadamotorjobs.com\/#website"},"primaryImageOfPage":{"@id":"https:\/\/news.canadamotorjobs.com\/fr\/toyota-et-subaru-travaillent-sur-un-autre-modele-electrique\/#primaryimage"},"image":{"@id":"https:\/\/news.canadamotorjobs.com\/fr\/toyota-et-subaru-travaillent-sur-un-autre-modele-electrique\/#primaryimage"},"thumbnailUrl":"https:\/\/news.canadamotorjobs.com\/wp-content\/uploads\/2024\/10\/Toyota-bZ4X-2023-08-2.jpg","datePublished":"2024-10-10T07:25:25+00:00","dateModified":"2024-10-10T07:30:14+00:00","description":"Toyota et Subaru travaillent sur un autre mod\u00e8le \u00e9lectrique - Benoit Charette - Annuel automobile - CanadaMotorJobs.com.","breadcrumb":{"@id":"https:\/\/news.canadamotorjobs.com\/fr\/toyota-et-subaru-travaillent-sur-un-autre-modele-electrique\/#breadcrumb"},"inLanguage":"fr-CA","potentialAction":[{"@type":"ReadAction","target":["https:\/\/news.canadamotorjobs.com\/fr\/toyota-et-subaru-travaillent-sur-un-autre-modele-electrique\/"]}]},{"@type":"ImageObject","inLanguage":"fr-CA","@id":"https:\/\/news.canadamotorjobs.com\/fr\/toyota-et-subaru-travaillent-sur-un-autre-modele-electrique\/#primaryimage","url":"https:\/\/news.canadamotorjobs.com\/wp-content\/uploads\/2024\/10\/Toyota-bZ4X-2023-08-2.jpg","contentUrl":"https:\/\/news.canadamotorjobs.com\/wp-content\/uploads\/2024\/10\/Toyota-bZ4X-2023-08-2.jpg","width":1200,"height":800},{"@type":"BreadcrumbList","@id":"https:\/\/news.canadamotorjobs.com\/fr\/toyota-et-subaru-travaillent-sur-un-autre-modele-electrique\/#breadcrumb","itemListElement":[{"@type":"ListItem","position":1,"name":"Home","item":"https:\/\/news.canadamotorjobs.com\/fr\/blog\/"},{"@type":"ListItem","position":2,"name":"Toyota et Subaru travaillent sur un autre mod\u00e8le \u00e9lectrique"}]},{"@type":"WebSite","@id":"https:\/\/news.canadamotorjobs.com\/#website","url":"https:\/\/news.canadamotorjobs.com\/","name":"CanadaMotorJobs.com","description":"Automotive Jobs","publisher":{"@id":"https:\/\/news.canadamotorjobs.com\/#organization"},"potentialAction":[{"@type":"SearchAction","target":{"@type":"EntryPoint","urlTemplate":"https:\/\/news.canadamotorjobs.com\/?s={search_term_string}"},"query-input":"required name=search_term_string"}],"inLanguage":"fr-CA"},{"@type":"Organization","@id":"https:\/\/news.canadamotorjobs.com\/#organization","name":"Canada Motor Jobs","url":"https:\/\/news.canadamotorjobs.com\/","logo":{"@type":"ImageObject","inLanguage":"fr-CA","@id":"https:\/\/news.canadamotorjobs.com\/#\/schema\/logo\/image\/","url":"https:\/\/news.canadamotorjobs.com\/wp-content\/uploads\/2022\/10\/logo-canada-motor-jobs-1.png","contentUrl":"https:\/\/news.canadamotorjobs.com\/wp-content\/uploads\/2022\/10\/logo-canada-motor-jobs-1.png","width":800,"height":400,"caption":"Canada Motor Jobs"},"image":{"@id":"https:\/\/news.canadamotorjobs.com\/#\/schema\/logo\/image\/"},"sameAs":["https:\/\/www.facebook.com\/canadamotorjobs\/","https:\/\/x.com\/canadamotorjobs","https:\/\/www.instagram.com\/canadamotorjobs\/","https:\/\/www.linkedin.com\/company\/canadamotorjobs"]},{"@type":"Person","@id":"https:\/\/news.canadamotorjobs.com\/#\/schema\/person\/51793d1f87d44011d7bcc2ed99269a90","name":"Benoit Charette","image":{"@type":"ImageObject","inLanguage":"fr-CA","@id":"https:\/\/news.canadamotorjobs.com\/#\/schema\/person\/image\/","url":"https:\/\/secure.gravatar.com\/avatar\/45f3d2eebcccd909668d7ce7ea7267b6?s=96&d=mm&r=g","contentUrl":"https:\/\/secure.gravatar.com\/avatar\/45f3d2eebcccd909668d7ce7ea7267b6?s=96&d=mm&r=g","caption":"Benoit Charette"},"description":"Benoit Charette \/ Propri\u00e9taire et r\u00e9dacteur en chef Benoit Charette pratique le journalisme automobile depuis bient\u00f4t 30 ans. Il a fait ses classes au c\u00f4t\u00e9 de Daniel H\u00e9raud et au Carnet de route de 1992 \u00e0 2001. Il est fondateur, copropri\u00e9taire et r\u00e9dacteur en chef de L\u2019Annuel de l\u2019automobile, qu\u2019il publie depuis 2001. Il a anim\u00e9 les \u00e9missions RPM et RPM+ sur V et les L\u00e9gendes de la route sur Historia. \u00c0 la radio depuis 1986, il reprend l\u2019antenne cette ann\u00e9e sur les ondes de Cogeco et participe pour la deuxi\u00e8me ann\u00e9e \u00e0 l\u2019\u00e9mission Passion Auto sur RDS en plus de mettre en ligne le site Web officiel de L\u2019Annuel de l\u2019automobile sur annuelauto.ca.","sameAs":["https:\/\/annuelauto.ca\/"],"url":"https:\/\/news.canadamotorjobs.com\/fr\/author\/benoit-charette\/"}]}},"_links":{"self":[{"href":"https:\/\/news.canadamotorjobs.com\/fr\/wp-json\/wp\/v2\/posts\/176603"}],"collection":[{"href":"https:\/\/news.canadamotorjobs.com\/fr\/wp-json\/wp\/v2\/posts"}],"about":[{"href":"https:\/\/news.canadamotorjobs.com\/fr\/wp-json\/wp\/v2\/types\/post"}],"author":[{"embeddable":true,"href":"https:\/\/news.canadamotorjobs.com\/fr\/wp-json\/wp\/v2\/users\/8"}],"replies":[{"embeddable":true,"href":"https:\/\/news.canadamotorjobs.com\/fr\/wp-json\/wp\/v2\/comments?post=176603"}],"version-history":[{"count":3,"href":"https:\/\/news.canadamotorjobs.com\/fr\/wp-json\/wp\/v2\/posts\/176603\/revisions"}],"predecessor-version":[{"id":176630,"href":"https:\/\/news.canadamotorjobs.com\/fr\/wp-json\/wp\/v2\/posts\/176603\/revisions\/176630"}],"wp:featuredmedia":[{"embeddable":true,"href":"https:\/\/news.canadamotorjobs.com\/fr\/wp-json\/wp\/v2\/media\/176605"}],"wp:attachment":[{"href":"https:\/\/news.canadamotorjobs.com\/fr\/wp-json\/wp\/v2\/media?parent=176603"}],"wp:term":[{"taxonomy":"category","embeddable":true,"href":"https:\/\/news.canadamotorjobs.com\/fr\/wp-json\/wp\/v2\/categories?post=176603"},{"taxonomy":"post_tag","embeddable":true,"href":"https:\/\/news.canadamotorjobs.com\/fr\/wp-json\/wp\/v2\/tags?post=176603"}],"curies":[{"name":"wp","href":"https:\/\/api.w.org\/{rel}","templated":true}]}}