{"id":176571,"date":"2024-10-10T03:25:25","date_gmt":"2024-10-10T07:25:25","guid":{"rendered":"https:\/\/news.canadamotorjobs.com\/?p=176571"},"modified":"2024-10-10T03:30:02","modified_gmt":"2024-10-10T07:30:02","slug":"nissan-rejoint-le-reseau-chargescape","status":"publish","type":"post","link":"https:\/\/news.canadamotorjobs.com\/fr\/nissan-rejoint-le-reseau-chargescape\/","title":{"rendered":"Nissan rejoint le r\u00e9seau ChargeScape"},"content":{"rendered":"<\/p>\n<p>Nissan a annonc\u00e9 qu\u2019elle rejoignait le r\u00e9seau ChargeScape, l\u2019alliance cr\u00e9\u00e9e l\u2019automne dernier par trois de ses concurrents, soit Ford, Honda et BMW.<\/p>\n<p>ChargeScape a cr\u00e9\u00e9 une plateforme unique qui relie les fournisseurs d\u2019\u00e9lectricit\u00e9, les constructeurs d\u2019automobiles et les conducteurs de v\u00e9hicules \u00e9lectriques et aide \u00e0 g\u00e9rer la consommation d\u2019\u00e9nergie aux \u00c9tats-Unis et au Canada. Le logiciel a \u00e9t\u00e9 mis en service en septembre et int\u00e8gre sans fil les v\u00e9hicules dans le r\u00e9seau \u00e9lectrique, am\u00e9liorant ainsi la stabilit\u00e9 du r\u00e9seau et permettant aux conducteurs d\u2019\u00e9conomiser de l\u2019argent sur les frais de recharge, selon les dires de l\u2019entreprise.<\/p>\n<p>La nouvelle de Nissan nous arrive alors que l\u2019un des \u00e9v\u00e9nements les plus importants de l\u2019industrie des v\u00e9hicules \u00e9lectriques, le Battery Show, a fait ses d\u00e9buts hier, le 7 octobre.<\/p>\n<p>En prenant des parts \u00e9quivalentes \u00e0 25 % dans ChargeScape, Nissan devient un partenaire \u00e0 part enti\u00e8re. Une fois la transaction finalis\u00e9e, la firme japonaise d\u00e9clare qu\u2019elle va commencer \u00e0 offrir les services de ChargeScape aux propri\u00e9taires de v\u00e9hicules \u00e9lectriques aux \u00c9tats-Unis et au Canada.<\/p>\n<p>Parmi les fonctionnalit\u00e9s offertes par le syst\u00e8me, les utilisateurs peuvent choisir d\u2019interrompre la recharge lorsque la demande d\u2019\u00e9lectricit\u00e9 est forte et que le r\u00e9seau est pr\u00e8s de sa capacit\u00e9. Les conducteurs de v\u00e9hicules \u00e9lectriques peuvent choisir de r\u00e9injecter dans le r\u00e9seau l\u2019\u00e9lectricit\u00e9 dont ils n\u2019ont pas besoin gr\u00e2ce au logiciel, ce qui permet de r\u00e9duire encore les co\u00fbts de recharge.<\/p>\n<p>\u00a0<\/p>\n<p><\/p>\n<figure><img decoding=\"async\" src=\"https:\/\/news.canadamotorjobs.com\/wp-content\/uploads\/2024\/10\/ChargeScape-logo-001-5.jpg\" alt=\"Chargepoint comprend maintenant quatre partenaires \u00e0 part \u00e9gal : Ford, Honda, BMW et Nissan\" \/><figcaption>Chargepoint comprend maintenant quatre partenaires \u00e0 part \u00e9gal : Ford, Honda, BMW et Nissan | Auto123.com<\/figcaption><\/figure>\n<p>Le groupe ChargeScape a annonc\u00e9 deux nominations en septembre, soit celle de Joseph Vellone au poste de chef de la direction, ainsi que celle de Kalidindi Raju au poste de directeur de la technologie. Joseph Vellone a rejoint l\u2019entreprise ev.energy, qui travaillait \u00e9galement dans le domaine des services publics et de la recharge des v\u00e9hicules. Kalidindi Raju travaillait derni\u00e8rement au Boston Consulting Group, o\u00f9 il faisait partie de l\u2019\u00e9quipe charg\u00e9e de l\u2019\u00e9nergie et de l\u2019environnement.<\/p>\n<p>\u00ab La d\u00e9cision de Nissan de nous rejoindre souligne son engagement \u00e0 aider la client\u00e8le \u00e0 effectuer des recharges \u00e0 moindre co\u00fbt et de mani\u00e8re durable, et met en \u00e9vidence la position centrale de ChargeScape dans le domaine de l\u2019int\u00e9gration v\u00e9hicule r\u00e9seau \u00bb, a d\u00e9clar\u00e9 Joseph Vellone via un communiqu\u00e9.<\/p>\n<p>En comptant la berline compacte LEAC, lanc\u00e9e en 2011, ainsi que le nouveau VUS Ariya, Nissan a vendu plus de 200 000 VE aux \u00c9tats-Unis. \u00c0 travers le monde, on parle de plus de 500 000 v\u00e9hicules tout \u00e9lectriques \u00e9coul\u00e9s par l\u2019entreprise.<\/p>\n<p>\u00ab ChargeScape nous aide \u00e0 mettre en relation de mani\u00e8re plus pratique et plus efficace les services publics et les conducteurs de VE, ce qui rend l&#8217;exp\u00e9rience de la propri\u00e9t\u00e9 plus int\u00e9ressante pour les conducteurs en leur offrant des incitations \u00e0 participer \u00e0 des programmes de gestion de la charge et de v\u00e9hicules connect\u00e9s au r\u00e9seau \u00bb, a d\u00e9clar\u00e9 Kent O&#8217;Hara, pr\u00e9sident de l&#8217;activit\u00e9 batteries 4R de Nissan, dans un communiqu\u00e9. \u00ab En rejoignant ChargeScape, nous contribuons \u00e0 la r\u00e9duction des \u00e9missions de CO2 \u00e0 l&#8217;\u00e9chelle nationale en permettant aux services publics d&#8217;utiliser le stockage d&#8217;\u00e9nergie des batteries de VE pour \u00e9quilibrer les pics de demande du r\u00e9seau tout en optimisant l&#8217;utilisation des sources d&#8217;\u00e9lectricit\u00e9 renouvelables. \u00bb<\/p>\n<p><\/p>\n<figure><img decoding=\"async\" src=\"https:\/\/news.canadamotorjobs.com\/wp-content\/uploads\/2024\/10\/nissan-ariya-2023_12a-1.jpg\" alt=\"Le Nissan Ariya\" \/><figcaption>Le Nissan Ariya | Auto123.com<\/figcaption><\/figure>\n<p style=\"padding-top: 15px\">Contenu original de <a href=\"https:\/\/www.auto123.com\/fr\/actualites\/nissan-chargescape-ford-bmw-honda\/71921\/\">auto123<\/a>.<\/p>\n<p>Le texte <a rel=\"nofollow\" href=\"https:\/\/annuelauto.ca\/nissan-rejoint-le-reseau-chargescape\/\">Nissan rejoint le r\u00e9seau ChargeScape<\/a> provient de <a rel=\"nofollow\" href=\"https:\/\/annuelauto.ca\">L&#8217;annuel de l&#8217;automobile &#8211; Actualit\u00e9 automobile<\/a><\/p>\n<p><\/p>\n","protected":false},"excerpt":{"rendered":"<p>Nissan a annonc\u00e9 qu\u2019elle rejoignait le r\u00e9seau ChargeScape, l\u2019alliance cr\u00e9\u00e9e l\u2019automne dernier par trois de ses concurrents, soit Ford, Honda et BMW. ChargeScape a cr\u00e9\u00e9 une plateforme unique qui relie les fournisseurs d\u2019\u00e9lectricit\u00e9, les constructeurs d\u2019automobiles et les conducteurs de v\u00e9hicules \u00e9lectriques et aide \u00e0 g\u00e9rer la consommation d\u2019\u00e9nergie aux \u00c9tats-Unis et au Canada. Le [&hellip;]<\/p>\n","protected":false},"author":8,"featured_media":176573,"comment_status":"close","ping_status":"closed","sticky":false,"template":"","format":"standard","meta":{"_monsterinsights_skip_tracking":false,"_monsterinsights_sitenote_active":false,"_monsterinsights_sitenote_note":"","_monsterinsights_sitenote_category":0,"footnotes":""},"categories":[101],"tags":[],"yoast_head":"<!-- This site is optimized with the Yoast SEO plugin v23.2 - https:\/\/yoast.com\/wordpress\/plugins\/seo\/ -->\n<title>Nissan rejoint le r\u00e9seau ChargeScape - CanadaMotorJobs.com<\/title>\n<meta name=\"description\" content=\"Nissan rejoint le r\u00e9seau ChargeScape - Benoit Charette - Annuel automobile - CanadaMotorJobs.com.\" \/>\n<meta name=\"robots\" content=\"index, follow, max-snippet:-1, max-image-preview:large, max-video-preview:-1\" \/>\n<meta property=\"og:locale\" content=\"fr_CA\" \/>\n<meta property=\"og:type\" content=\"article\" \/>\n<meta property=\"og:title\" content=\"Nissan rejoint le r\u00e9seau ChargeScape - CanadaMotorJobs.com\" \/>\n<meta property=\"og:description\" content=\"Nissan rejoint le r\u00e9seau ChargeScape - Benoit Charette - Annuel automobile - CanadaMotorJobs.com.\" \/>\n<meta property=\"og:url\" content=\"https:\/\/news.canadamotorjobs.com\/fr\/nissan-rejoint-le-reseau-chargescape\/\" \/>\n<meta property=\"og:site_name\" content=\"CanadaMotorJobs.com\" \/>\n<meta property=\"article:publisher\" content=\"https:\/\/www.facebook.com\/canadamotorjobs\/\" \/>\n<meta property=\"article:published_time\" content=\"2024-10-10T07:25:25+00:00\" \/>\n<meta property=\"article:modified_time\" content=\"2024-10-10T07:30:02+00:00\" \/>\n<meta property=\"og:image\" content=\"https:\/\/news.canadamotorjobs.com\/wp-content\/uploads\/2024\/10\/ChargeScape-logo-001.jpg\" \/>\n\t<meta property=\"og:image:width\" content=\"1200\" \/>\n\t<meta property=\"og:image:height\" content=\"538\" \/>\n\t<meta property=\"og:image:type\" content=\"image\/jpeg\" \/>\n<meta name=\"author\" content=\"Benoit Charette\" \/>\n<meta name=\"twitter:card\" content=\"summary_large_image\" \/>\n<meta name=\"twitter:creator\" content=\"@canadamotorjobs\" \/>\n<meta name=\"twitter:site\" content=\"@canadamotorjobs\" \/>\n<meta name=\"twitter:label1\" content=\"\u00c9crit par\" \/>\n\t<meta name=\"twitter:data1\" content=\"Benoit Charette\" \/>\n\t<meta name=\"twitter:label2\" content=\"Estimation du temps de lecture\" \/>\n\t<meta name=\"twitter:data2\" content=\"3 minutes\" \/>\n<!-- \/ Yoast SEO plugin. -->","yoast_head_json":{"title":"Nissan rejoint le r\u00e9seau ChargeScape - CanadaMotorJobs.com","description":"Nissan rejoint le r\u00e9seau ChargeScape - Benoit Charette - Annuel automobile - CanadaMotorJobs.com.","robots":{"index":"index","follow":"follow","max-snippet":"max-snippet:-1","max-image-preview":"max-image-preview:large","max-video-preview":"max-video-preview:-1"},"og_locale":"fr_CA","og_type":"article","og_title":"Nissan rejoint le r\u00e9seau ChargeScape - CanadaMotorJobs.com","og_description":"Nissan rejoint le r\u00e9seau ChargeScape - Benoit Charette - Annuel automobile - CanadaMotorJobs.com.","og_url":"https:\/\/news.canadamotorjobs.com\/fr\/nissan-rejoint-le-reseau-chargescape\/","og_site_name":"CanadaMotorJobs.com","article_publisher":"https:\/\/www.facebook.com\/canadamotorjobs\/","article_published_time":"2024-10-10T07:25:25+00:00","article_modified_time":"2024-10-10T07:30:02+00:00","og_image":[{"width":1200,"height":538,"url":"https:\/\/news.canadamotorjobs.com\/wp-content\/uploads\/2024\/10\/ChargeScape-logo-001.jpg","type":"image\/jpeg"}],"author":"Benoit Charette","twitter_card":"summary_large_image","twitter_creator":"@canadamotorjobs","twitter_site":"@canadamotorjobs","twitter_misc":{"\u00c9crit par":"Benoit Charette","Estimation du temps de lecture":"3 minutes"},"schema":{"@context":"https:\/\/schema.org","@graph":[{"@type":"Article","@id":"https:\/\/news.canadamotorjobs.com\/fr\/nissan-rejoint-le-reseau-chargescape\/#article","isPartOf":{"@id":"https:\/\/news.canadamotorjobs.com\/fr\/nissan-rejoint-le-reseau-chargescape\/"},"author":{"name":"Benoit Charette","@id":"https:\/\/news.canadamotorjobs.com\/#\/schema\/person\/51793d1f87d44011d7bcc2ed99269a90"},"headline":"Nissan rejoint le r\u00e9seau ChargeScape","datePublished":"2024-10-10T07:25:25+00:00","dateModified":"2024-10-10T07:30:02+00:00","mainEntityOfPage":{"@id":"https:\/\/news.canadamotorjobs.com\/fr\/nissan-rejoint-le-reseau-chargescape\/"},"wordCount":618,"publisher":{"@id":"https:\/\/news.canadamotorjobs.com\/#organization"},"image":{"@id":"https:\/\/news.canadamotorjobs.com\/fr\/nissan-rejoint-le-reseau-chargescape\/#primaryimage"},"thumbnailUrl":"https:\/\/news.canadamotorjobs.com\/wp-content\/uploads\/2024\/10\/ChargeScape-logo-001.jpg","articleSection":["Annuel automobile"],"inLanguage":"fr-CA"},{"@type":"WebPage","@id":"https:\/\/news.canadamotorjobs.com\/fr\/nissan-rejoint-le-reseau-chargescape\/","url":"https:\/\/news.canadamotorjobs.com\/fr\/nissan-rejoint-le-reseau-chargescape\/","name":"Nissan rejoint le r\u00e9seau ChargeScape - CanadaMotorJobs.com","isPartOf":{"@id":"https:\/\/news.canadamotorjobs.com\/#website"},"primaryImageOfPage":{"@id":"https:\/\/news.canadamotorjobs.com\/fr\/nissan-rejoint-le-reseau-chargescape\/#primaryimage"},"image":{"@id":"https:\/\/news.canadamotorjobs.com\/fr\/nissan-rejoint-le-reseau-chargescape\/#primaryimage"},"thumbnailUrl":"https:\/\/news.canadamotorjobs.com\/wp-content\/uploads\/2024\/10\/ChargeScape-logo-001.jpg","datePublished":"2024-10-10T07:25:25+00:00","dateModified":"2024-10-10T07:30:02+00:00","description":"Nissan rejoint le r\u00e9seau ChargeScape - Benoit Charette - Annuel automobile - CanadaMotorJobs.com.","breadcrumb":{"@id":"https:\/\/news.canadamotorjobs.com\/fr\/nissan-rejoint-le-reseau-chargescape\/#breadcrumb"},"inLanguage":"fr-CA","potentialAction":[{"@type":"ReadAction","target":["https:\/\/news.canadamotorjobs.com\/fr\/nissan-rejoint-le-reseau-chargescape\/"]}]},{"@type":"ImageObject","inLanguage":"fr-CA","@id":"https:\/\/news.canadamotorjobs.com\/fr\/nissan-rejoint-le-reseau-chargescape\/#primaryimage","url":"https:\/\/news.canadamotorjobs.com\/wp-content\/uploads\/2024\/10\/ChargeScape-logo-001.jpg","contentUrl":"https:\/\/news.canadamotorjobs.com\/wp-content\/uploads\/2024\/10\/ChargeScape-logo-001.jpg","width":1200,"height":538},{"@type":"BreadcrumbList","@id":"https:\/\/news.canadamotorjobs.com\/fr\/nissan-rejoint-le-reseau-chargescape\/#breadcrumb","itemListElement":[{"@type":"ListItem","position":1,"name":"Home","item":"https:\/\/news.canadamotorjobs.com\/fr\/blog\/"},{"@type":"ListItem","position":2,"name":"Nissan rejoint le r\u00e9seau ChargeScape"}]},{"@type":"WebSite","@id":"https:\/\/news.canadamotorjobs.com\/#website","url":"https:\/\/news.canadamotorjobs.com\/","name":"CanadaMotorJobs.com","description":"Automotive Jobs","publisher":{"@id":"https:\/\/news.canadamotorjobs.com\/#organization"},"potentialAction":[{"@type":"SearchAction","target":{"@type":"EntryPoint","urlTemplate":"https:\/\/news.canadamotorjobs.com\/?s={search_term_string}"},"query-input":"required name=search_term_string"}],"inLanguage":"fr-CA"},{"@type":"Organization","@id":"https:\/\/news.canadamotorjobs.com\/#organization","name":"Canada Motor Jobs","url":"https:\/\/news.canadamotorjobs.com\/","logo":{"@type":"ImageObject","inLanguage":"fr-CA","@id":"https:\/\/news.canadamotorjobs.com\/#\/schema\/logo\/image\/","url":"https:\/\/news.canadamotorjobs.com\/wp-content\/uploads\/2022\/10\/logo-canada-motor-jobs-1.png","contentUrl":"https:\/\/news.canadamotorjobs.com\/wp-content\/uploads\/2022\/10\/logo-canada-motor-jobs-1.png","width":800,"height":400,"caption":"Canada Motor Jobs"},"image":{"@id":"https:\/\/news.canadamotorjobs.com\/#\/schema\/logo\/image\/"},"sameAs":["https:\/\/www.facebook.com\/canadamotorjobs\/","https:\/\/x.com\/canadamotorjobs","https:\/\/www.instagram.com\/canadamotorjobs\/","https:\/\/www.linkedin.com\/company\/canadamotorjobs"]},{"@type":"Person","@id":"https:\/\/news.canadamotorjobs.com\/#\/schema\/person\/51793d1f87d44011d7bcc2ed99269a90","name":"Benoit Charette","image":{"@type":"ImageObject","inLanguage":"fr-CA","@id":"https:\/\/news.canadamotorjobs.com\/#\/schema\/person\/image\/","url":"https:\/\/secure.gravatar.com\/avatar\/45f3d2eebcccd909668d7ce7ea7267b6?s=96&d=mm&r=g","contentUrl":"https:\/\/secure.gravatar.com\/avatar\/45f3d2eebcccd909668d7ce7ea7267b6?s=96&d=mm&r=g","caption":"Benoit Charette"},"description":"Benoit Charette \/ Propri\u00e9taire et r\u00e9dacteur en chef Benoit Charette pratique le journalisme automobile depuis bient\u00f4t 30 ans. Il a fait ses classes au c\u00f4t\u00e9 de Daniel H\u00e9raud et au Carnet de route de 1992 \u00e0 2001. Il est fondateur, copropri\u00e9taire et r\u00e9dacteur en chef de L\u2019Annuel de l\u2019automobile, qu\u2019il publie depuis 2001. Il a anim\u00e9 les \u00e9missions RPM et RPM+ sur V et les L\u00e9gendes de la route sur Historia. \u00c0 la radio depuis 1986, il reprend l\u2019antenne cette ann\u00e9e sur les ondes de Cogeco et participe pour la deuxi\u00e8me ann\u00e9e \u00e0 l\u2019\u00e9mission Passion Auto sur RDS en plus de mettre en ligne le site Web officiel de L\u2019Annuel de l\u2019automobile sur annuelauto.ca.","sameAs":["https:\/\/annuelauto.ca\/"],"url":"https:\/\/news.canadamotorjobs.com\/fr\/author\/benoit-charette\/"}]}},"_links":{"self":[{"href":"https:\/\/news.canadamotorjobs.com\/fr\/wp-json\/wp\/v2\/posts\/176571"}],"collection":[{"href":"https:\/\/news.canadamotorjobs.com\/fr\/wp-json\/wp\/v2\/posts"}],"about":[{"href":"https:\/\/news.canadamotorjobs.com\/fr\/wp-json\/wp\/v2\/types\/post"}],"author":[{"embeddable":true,"href":"https:\/\/news.canadamotorjobs.com\/fr\/wp-json\/wp\/v2\/users\/8"}],"replies":[{"embeddable":true,"href":"https:\/\/news.canadamotorjobs.com\/fr\/wp-json\/wp\/v2\/comments?post=176571"}],"version-history":[{"count":3,"href":"https:\/\/news.canadamotorjobs.com\/fr\/wp-json\/wp\/v2\/posts\/176571\/revisions"}],"predecessor-version":[{"id":176602,"href":"https:\/\/news.canadamotorjobs.com\/fr\/wp-json\/wp\/v2\/posts\/176571\/revisions\/176602"}],"wp:featuredmedia":[{"embeddable":true,"href":"https:\/\/news.canadamotorjobs.com\/fr\/wp-json\/wp\/v2\/media\/176573"}],"wp:attachment":[{"href":"https:\/\/news.canadamotorjobs.com\/fr\/wp-json\/wp\/v2\/media?parent=176571"}],"wp:term":[{"taxonomy":"category","embeddable":true,"href":"https:\/\/news.canadamotorjobs.com\/fr\/wp-json\/wp\/v2\/categories?post=176571"},{"taxonomy":"post_tag","embeddable":true,"href":"https:\/\/news.canadamotorjobs.com\/fr\/wp-json\/wp\/v2\/tags?post=176571"}],"curies":[{"name":"wp","href":"https:\/\/api.w.org\/{rel}","templated":true}]}}