{"id":176535,"date":"2024-10-10T03:25:25","date_gmt":"2024-10-10T07:25:25","guid":{"rendered":"https:\/\/news.canadamotorjobs.com\/?p=176535"},"modified":"2024-10-10T03:29:51","modified_gmt":"2024-10-10T07:29:51","slug":"keanu-reeves-pilote-professionnel-a-60-ans","status":"publish","type":"post","link":"https:\/\/news.canadamotorjobs.com\/fr\/keanu-reeves-pilote-professionnel-a-60-ans\/","title":{"rendered":"Keanu Reeves, pilote professionnel \u00e0 60 ans"},"content":{"rendered":"<\/p>\n<p>\u00c0 60 ans, Keanu Reeves vient d\u2019ajouter une corde \u00e0 son arc dans ce qui est une fructueuse carri\u00e8re. Le 5 octobre 2024, l\u2019acteur et musicien est devenu pilote de course professionnel lors des 13e et 14e manches de la Toyota GR Cup, sur le c\u00e9l\u00e8bre circuit Indianapolis Motor Speedway. Ce qui rend cet exploit encore plus impressionnant, c\u2019est que Reeves avait donn\u00e9 un concert avec son groupe Dogstar \u00e0 l\u2019Ohana Music Festival, \u00e0 Dana Point, en Californie, seulement une semaine avant.<\/p>\n<p><strong>\u00ab Le dernier tour \u00e9tait incroyable. \u00bb<\/strong><\/p>\n<p>Keanu Reeves pilotait la voiture num\u00e9ro 92 BRZRKR, sp\u00e9cialement d\u00e9cor\u00e9e pour promouvoir son roman \u00ab The Book of Elsewhere \u00bb. Un nouvel exploit sur sa liste de r\u00eaves . Son bolide, une Toyota GR86, a \u00e9t\u00e9 pr\u00e9par\u00e9 pour la course par Eagles Canyon Racing via Fast Track. Apr\u00e8s s\u2019\u00eatre qualifi\u00e9 \u00e0 la 31e place, Keanu Reeves a termin\u00e9 25e lors de la course du samedi 5 octobre, techniquement le dernier parmi les pilotes encore en lice.<\/p>\n<p>\u00a0<\/p>\n<p><\/p>\n<figure><img decoding=\"async\" src=\"https:\/\/news.canadamotorjobs.com\/wp-content\/uploads\/2024\/10\/keanu-reeves-003-5.jpeg\" alt=\"La Toyota 86 pilot\u00e9e par Keanu Reeves, sur la piste\" \/><figcaption>La Toyota 86 pilot\u00e9e par Keanu Reeves, sur la piste | Auto123.com<\/figcaption><\/figure>\n<p><strong>Un t\u00eate-\u00e0-queue, mais pas de panique<\/strong><\/p>\n<p>Pendant la premi\u00e8re course du week-end, l\u2019acteur a fait un l\u00e9ger t\u00eate-\u00e0-queue en abordant un virage serr\u00e9. Pas de panique. Avec son calme typique, Keanu Reeves a remis sa voiture sur la bonne voie et a repris la course sans difficult\u00e9.<\/p>\n<p><strong>\u00ab La course, c\u2019est amusant. \u00bb<\/strong><\/p>\n<p>Apr\u00e8s l\u2019\u00e9v\u00e9nement, lors d\u2019une br\u00e8ve entrevue diffus\u00e9e sur les r\u00e9seaux sociaux, Reeves a gard\u00e9 ses r\u00e9ponses simples, mais enthousiastes. \u00c0 la question \u00ab Pourquoi la course ? \u00bb, il a simplement r\u00e9pondu en haussant les \u00e9paules : \u00ab Je ne sais pas\u2026 c\u2019est amusant. \u00bb<\/p>\n<p><strong>Un deuxi\u00e8me jour r\u00e9ussi<\/strong><\/p>\n<p>Le lendemain, Keanu Reeves a particip\u00e9 \u00e0 la deuxi\u00e8me course du week-end, o\u00f9 il a finalement r\u00e9ussi \u00e0 d\u00e9passer son co\u00e9quipier Cody Jones, membre du groupe \u00ab Dude Perfect \u00bb, qui avait fait un t\u00eate-\u00e0-queue.<\/p>\n<p><\/p>\n<figure><img decoding=\"async\" src=\"https:\/\/news.canadamotorjobs.com\/wp-content\/uploads\/2024\/10\/keanu-reeves-004-1.jpeg\" alt=\"La voiture pilot\u00e9e par Keanu Reeves\" \/><figcaption>La voiture pilot\u00e9e par Keanu Reeves | Auto123.com<\/figcaption><\/figure>\n<figure><img decoding=\"async\" src=\"https:\/\/news.canadamotorjobs.com\/wp-content\/uploads\/2024\/10\/keanu-reeves-002-1.jpeg\" alt=\"Keanu Reeves\" \/><figcaption>Keanu Reeves | Auto123.com<\/figcaption><\/figure>\n<p style=\"padding-top: 15px\">Contenu original de <a href=\"https:\/\/www.auto123.com\/fr\/actualites\/keanu-reeves-pilote-toyota-86-indianapolis\/71920\/\">auto123<\/a>.<\/p>\n<p>Le texte <a rel=\"nofollow\" href=\"https:\/\/annuelauto.ca\/keanu-reeves-pilote-professionnel-a-60-ans\/\">Keanu Reeves, pilote professionnel \u00e0 60 ans<\/a> provient de <a rel=\"nofollow\" href=\"https:\/\/annuelauto.ca\">L&#8217;annuel de l&#8217;automobile &#8211; Actualit\u00e9 automobile<\/a><\/p>\n<p><\/p>\n","protected":false},"excerpt":{"rendered":"<p>\u00c0 60 ans, Keanu Reeves vient d\u2019ajouter une corde \u00e0 son arc dans ce qui est une fructueuse carri\u00e8re. Le 5 octobre 2024, l\u2019acteur et musicien est devenu pilote de course professionnel lors des 13e et 14e manches de la Toyota GR Cup, sur le c\u00e9l\u00e8bre circuit Indianapolis Motor Speedway. Ce qui rend cet exploit [&hellip;]<\/p>\n","protected":false},"author":8,"featured_media":176537,"comment_status":"close","ping_status":"closed","sticky":false,"template":"","format":"standard","meta":{"_monsterinsights_skip_tracking":false,"_monsterinsights_sitenote_active":false,"_monsterinsights_sitenote_note":"","_monsterinsights_sitenote_category":0,"footnotes":""},"categories":[101],"tags":[],"yoast_head":"<!-- This site is optimized with the Yoast SEO plugin v23.2 - https:\/\/yoast.com\/wordpress\/plugins\/seo\/ -->\n<title>Keanu Reeves, pilote professionnel \u00e0 60 ans - CanadaMotorJobs.com<\/title>\n<meta name=\"description\" content=\"Keanu Reeves, pilote professionnel \u00e0 60 ans - Benoit Charette - Annuel automobile - CanadaMotorJobs.com.\" \/>\n<meta name=\"robots\" content=\"index, follow, max-snippet:-1, max-image-preview:large, max-video-preview:-1\" \/>\n<meta property=\"og:locale\" content=\"fr_CA\" \/>\n<meta property=\"og:type\" content=\"article\" \/>\n<meta property=\"og:title\" content=\"Keanu Reeves, pilote professionnel \u00e0 60 ans - CanadaMotorJobs.com\" \/>\n<meta property=\"og:description\" content=\"Keanu Reeves, pilote professionnel \u00e0 60 ans - Benoit Charette - Annuel automobile - CanadaMotorJobs.com.\" \/>\n<meta property=\"og:url\" content=\"https:\/\/news.canadamotorjobs.com\/fr\/keanu-reeves-pilote-professionnel-a-60-ans\/\" \/>\n<meta property=\"og:site_name\" content=\"CanadaMotorJobs.com\" \/>\n<meta property=\"article:publisher\" content=\"https:\/\/www.facebook.com\/canadamotorjobs\/\" \/>\n<meta property=\"article:published_time\" content=\"2024-10-10T07:25:25+00:00\" \/>\n<meta property=\"article:modified_time\" content=\"2024-10-10T07:29:51+00:00\" \/>\n<meta property=\"og:image\" content=\"https:\/\/news.canadamotorjobs.com\/wp-content\/uploads\/2024\/10\/keanu-reeves-003.jpeg\" \/>\n\t<meta property=\"og:image:width\" content=\"1200\" \/>\n\t<meta property=\"og:image:height\" content=\"800\" \/>\n\t<meta property=\"og:image:type\" content=\"image\/jpeg\" \/>\n<meta name=\"author\" content=\"Benoit Charette\" \/>\n<meta name=\"twitter:card\" content=\"summary_large_image\" \/>\n<meta name=\"twitter:creator\" content=\"@canadamotorjobs\" \/>\n<meta name=\"twitter:site\" content=\"@canadamotorjobs\" \/>\n<meta name=\"twitter:label1\" content=\"\u00c9crit par\" \/>\n\t<meta name=\"twitter:data1\" content=\"Benoit Charette\" \/>\n\t<meta name=\"twitter:label2\" content=\"Estimation du temps de lecture\" \/>\n\t<meta name=\"twitter:data2\" content=\"2 minutes\" \/>\n<!-- \/ Yoast SEO plugin. -->","yoast_head_json":{"title":"Keanu Reeves, pilote professionnel \u00e0 60 ans - CanadaMotorJobs.com","description":"Keanu Reeves, pilote professionnel \u00e0 60 ans - Benoit Charette - Annuel automobile - CanadaMotorJobs.com.","robots":{"index":"index","follow":"follow","max-snippet":"max-snippet:-1","max-image-preview":"max-image-preview:large","max-video-preview":"max-video-preview:-1"},"og_locale":"fr_CA","og_type":"article","og_title":"Keanu Reeves, pilote professionnel \u00e0 60 ans - CanadaMotorJobs.com","og_description":"Keanu Reeves, pilote professionnel \u00e0 60 ans - Benoit Charette - Annuel automobile - CanadaMotorJobs.com.","og_url":"https:\/\/news.canadamotorjobs.com\/fr\/keanu-reeves-pilote-professionnel-a-60-ans\/","og_site_name":"CanadaMotorJobs.com","article_publisher":"https:\/\/www.facebook.com\/canadamotorjobs\/","article_published_time":"2024-10-10T07:25:25+00:00","article_modified_time":"2024-10-10T07:29:51+00:00","og_image":[{"width":1200,"height":800,"url":"https:\/\/news.canadamotorjobs.com\/wp-content\/uploads\/2024\/10\/keanu-reeves-003.jpeg","type":"image\/jpeg"}],"author":"Benoit Charette","twitter_card":"summary_large_image","twitter_creator":"@canadamotorjobs","twitter_site":"@canadamotorjobs","twitter_misc":{"\u00c9crit par":"Benoit Charette","Estimation du temps de lecture":"2 minutes"},"schema":{"@context":"https:\/\/schema.org","@graph":[{"@type":"Article","@id":"https:\/\/news.canadamotorjobs.com\/fr\/keanu-reeves-pilote-professionnel-a-60-ans\/#article","isPartOf":{"@id":"https:\/\/news.canadamotorjobs.com\/fr\/keanu-reeves-pilote-professionnel-a-60-ans\/"},"author":{"name":"Benoit Charette","@id":"https:\/\/news.canadamotorjobs.com\/#\/schema\/person\/51793d1f87d44011d7bcc2ed99269a90"},"headline":"Keanu Reeves, pilote professionnel \u00e0 60 ans","datePublished":"2024-10-10T07:25:25+00:00","dateModified":"2024-10-10T07:29:51+00:00","mainEntityOfPage":{"@id":"https:\/\/news.canadamotorjobs.com\/fr\/keanu-reeves-pilote-professionnel-a-60-ans\/"},"wordCount":366,"publisher":{"@id":"https:\/\/news.canadamotorjobs.com\/#organization"},"image":{"@id":"https:\/\/news.canadamotorjobs.com\/fr\/keanu-reeves-pilote-professionnel-a-60-ans\/#primaryimage"},"thumbnailUrl":"https:\/\/news.canadamotorjobs.com\/wp-content\/uploads\/2024\/10\/keanu-reeves-003.jpeg","articleSection":["Annuel automobile"],"inLanguage":"fr-CA"},{"@type":"WebPage","@id":"https:\/\/news.canadamotorjobs.com\/fr\/keanu-reeves-pilote-professionnel-a-60-ans\/","url":"https:\/\/news.canadamotorjobs.com\/fr\/keanu-reeves-pilote-professionnel-a-60-ans\/","name":"Keanu Reeves, pilote professionnel \u00e0 60 ans - CanadaMotorJobs.com","isPartOf":{"@id":"https:\/\/news.canadamotorjobs.com\/#website"},"primaryImageOfPage":{"@id":"https:\/\/news.canadamotorjobs.com\/fr\/keanu-reeves-pilote-professionnel-a-60-ans\/#primaryimage"},"image":{"@id":"https:\/\/news.canadamotorjobs.com\/fr\/keanu-reeves-pilote-professionnel-a-60-ans\/#primaryimage"},"thumbnailUrl":"https:\/\/news.canadamotorjobs.com\/wp-content\/uploads\/2024\/10\/keanu-reeves-003.jpeg","datePublished":"2024-10-10T07:25:25+00:00","dateModified":"2024-10-10T07:29:51+00:00","description":"Keanu Reeves, pilote professionnel \u00e0 60 ans - Benoit Charette - Annuel automobile - CanadaMotorJobs.com.","breadcrumb":{"@id":"https:\/\/news.canadamotorjobs.com\/fr\/keanu-reeves-pilote-professionnel-a-60-ans\/#breadcrumb"},"inLanguage":"fr-CA","potentialAction":[{"@type":"ReadAction","target":["https:\/\/news.canadamotorjobs.com\/fr\/keanu-reeves-pilote-professionnel-a-60-ans\/"]}]},{"@type":"ImageObject","inLanguage":"fr-CA","@id":"https:\/\/news.canadamotorjobs.com\/fr\/keanu-reeves-pilote-professionnel-a-60-ans\/#primaryimage","url":"https:\/\/news.canadamotorjobs.com\/wp-content\/uploads\/2024\/10\/keanu-reeves-003.jpeg","contentUrl":"https:\/\/news.canadamotorjobs.com\/wp-content\/uploads\/2024\/10\/keanu-reeves-003.jpeg","width":1200,"height":800},{"@type":"BreadcrumbList","@id":"https:\/\/news.canadamotorjobs.com\/fr\/keanu-reeves-pilote-professionnel-a-60-ans\/#breadcrumb","itemListElement":[{"@type":"ListItem","position":1,"name":"Home","item":"https:\/\/news.canadamotorjobs.com\/fr\/blog\/"},{"@type":"ListItem","position":2,"name":"Keanu Reeves, pilote professionnel \u00e0 60 ans"}]},{"@type":"WebSite","@id":"https:\/\/news.canadamotorjobs.com\/#website","url":"https:\/\/news.canadamotorjobs.com\/","name":"CanadaMotorJobs.com","description":"Automotive Jobs","publisher":{"@id":"https:\/\/news.canadamotorjobs.com\/#organization"},"potentialAction":[{"@type":"SearchAction","target":{"@type":"EntryPoint","urlTemplate":"https:\/\/news.canadamotorjobs.com\/?s={search_term_string}"},"query-input":"required name=search_term_string"}],"inLanguage":"fr-CA"},{"@type":"Organization","@id":"https:\/\/news.canadamotorjobs.com\/#organization","name":"Canada Motor Jobs","url":"https:\/\/news.canadamotorjobs.com\/","logo":{"@type":"ImageObject","inLanguage":"fr-CA","@id":"https:\/\/news.canadamotorjobs.com\/#\/schema\/logo\/image\/","url":"https:\/\/news.canadamotorjobs.com\/wp-content\/uploads\/2022\/10\/logo-canada-motor-jobs-1.png","contentUrl":"https:\/\/news.canadamotorjobs.com\/wp-content\/uploads\/2022\/10\/logo-canada-motor-jobs-1.png","width":800,"height":400,"caption":"Canada Motor Jobs"},"image":{"@id":"https:\/\/news.canadamotorjobs.com\/#\/schema\/logo\/image\/"},"sameAs":["https:\/\/www.facebook.com\/canadamotorjobs\/","https:\/\/x.com\/canadamotorjobs","https:\/\/www.instagram.com\/canadamotorjobs\/","https:\/\/www.linkedin.com\/company\/canadamotorjobs"]},{"@type":"Person","@id":"https:\/\/news.canadamotorjobs.com\/#\/schema\/person\/51793d1f87d44011d7bcc2ed99269a90","name":"Benoit Charette","image":{"@type":"ImageObject","inLanguage":"fr-CA","@id":"https:\/\/news.canadamotorjobs.com\/#\/schema\/person\/image\/","url":"https:\/\/secure.gravatar.com\/avatar\/45f3d2eebcccd909668d7ce7ea7267b6?s=96&d=mm&r=g","contentUrl":"https:\/\/secure.gravatar.com\/avatar\/45f3d2eebcccd909668d7ce7ea7267b6?s=96&d=mm&r=g","caption":"Benoit Charette"},"description":"Benoit Charette \/ Propri\u00e9taire et r\u00e9dacteur en chef Benoit Charette pratique le journalisme automobile depuis bient\u00f4t 30 ans. Il a fait ses classes au c\u00f4t\u00e9 de Daniel H\u00e9raud et au Carnet de route de 1992 \u00e0 2001. Il est fondateur, copropri\u00e9taire et r\u00e9dacteur en chef de L\u2019Annuel de l\u2019automobile, qu\u2019il publie depuis 2001. Il a anim\u00e9 les \u00e9missions RPM et RPM+ sur V et les L\u00e9gendes de la route sur Historia. \u00c0 la radio depuis 1986, il reprend l\u2019antenne cette ann\u00e9e sur les ondes de Cogeco et participe pour la deuxi\u00e8me ann\u00e9e \u00e0 l\u2019\u00e9mission Passion Auto sur RDS en plus de mettre en ligne le site Web officiel de L\u2019Annuel de l\u2019automobile sur annuelauto.ca.","sameAs":["https:\/\/annuelauto.ca\/"],"url":"https:\/\/news.canadamotorjobs.com\/fr\/author\/benoit-charette\/"}]}},"_links":{"self":[{"href":"https:\/\/news.canadamotorjobs.com\/fr\/wp-json\/wp\/v2\/posts\/176535"}],"collection":[{"href":"https:\/\/news.canadamotorjobs.com\/fr\/wp-json\/wp\/v2\/posts"}],"about":[{"href":"https:\/\/news.canadamotorjobs.com\/fr\/wp-json\/wp\/v2\/types\/post"}],"author":[{"embeddable":true,"href":"https:\/\/news.canadamotorjobs.com\/fr\/wp-json\/wp\/v2\/users\/8"}],"replies":[{"embeddable":true,"href":"https:\/\/news.canadamotorjobs.com\/fr\/wp-json\/wp\/v2\/comments?post=176535"}],"version-history":[{"count":3,"href":"https:\/\/news.canadamotorjobs.com\/fr\/wp-json\/wp\/v2\/posts\/176535\/revisions"}],"predecessor-version":[{"id":176570,"href":"https:\/\/news.canadamotorjobs.com\/fr\/wp-json\/wp\/v2\/posts\/176535\/revisions\/176570"}],"wp:featuredmedia":[{"embeddable":true,"href":"https:\/\/news.canadamotorjobs.com\/fr\/wp-json\/wp\/v2\/media\/176537"}],"wp:attachment":[{"href":"https:\/\/news.canadamotorjobs.com\/fr\/wp-json\/wp\/v2\/media?parent=176535"}],"wp:term":[{"taxonomy":"category","embeddable":true,"href":"https:\/\/news.canadamotorjobs.com\/fr\/wp-json\/wp\/v2\/categories?post=176535"},{"taxonomy":"post_tag","embeddable":true,"href":"https:\/\/news.canadamotorjobs.com\/fr\/wp-json\/wp\/v2\/tags?post=176535"}],"curies":[{"name":"wp","href":"https:\/\/api.w.org\/{rel}","templated":true}]}}