{"id":176507,"date":"2024-10-10T03:25:26","date_gmt":"2024-10-10T07:25:26","guid":{"rendered":"https:\/\/news.canadamotorjobs.com\/?p=176507"},"modified":"2024-10-10T03:29:36","modified_gmt":"2024-10-10T07:29:36","slug":"ram-rappelle-129-313-camionnettes-pour-un-probleme-de-clignotants","status":"publish","type":"post","link":"https:\/\/news.canadamotorjobs.com\/fr\/ram-rappelle-129-313-camionnettes-pour-un-probleme-de-clignotants\/","title":{"rendered":"Ram rappelle 129\u2009313 camionnettes pour un probl\u00e8me de clignotants"},"content":{"rendered":"<\/p>\n<p>Ram doit rappeler pr\u00e8s de 130 000 camionnettes de sa s\u00e9rie 1500 en raison d\u2019un probl\u00e8me avec les clignotants. Les mod\u00e8les vis\u00e9s ont \u00e9t\u00e9 construits entre le 24 mars 2023 et le 27 d\u00e9cembre de la m\u00eame ann\u00e9e, si bien que les unit\u00e9s vis\u00e9es couvrent les ann\u00e9es mod\u00e8les 2023 et 2024.<\/p>\n<p>Le probl\u00e8me se situe \u00e0 la hauteur du module de commande de la colonne de direction. Selon le rapport de la NHTSA (National Highway Traffic Safety Administration) am\u00e9ricaine, l\u2019\u00e9quivalent de Transports Canada, le probl\u00e8me avec le module cr\u00e9e une situation o\u00f9 les clignotants, lorsqu\u2019activ\u00e9s lors d\u2019un virage, ne sont pas automatiquement \u00e9teints avec le retour du volant \u00e0 son point central.<\/p>\n<p>L\u2019origine du probl\u00e8me serait attribuable \u00e0 une interf\u00e9rence \u00e0 l\u2019int\u00e9rieur du m\u00e9canisme des clignotants, qui d\u00e9sactive la fonction d\u2019annulation automatique.<\/p>\n<p>Cons\u00e9quemment, si le clignotant demeure en fonction, les conducteurs des mod\u00e8les aux prises avec le probl\u00e8me envoient des signaux erron\u00e9s aux autres usagers de la route, ce qui peut augmenter les risques de confusion et entra\u00eener des collisions.<\/p>\n<p><\/p>\n<figure><img decoding=\"async\" src=\"https:\/\/news.canadamotorjobs.com\/wp-content\/uploads\/2024\/10\/2023-ram-1500-laramie_3-5.jpg\" alt=\"Ram 1500 Laramie 2023\" \/><figcaption>Ram 1500 Laramie 2023 | Auto123.com<\/figcaption><\/figure>\n<p>Notons que certains n\u2019ont pas besoin d\u2019un probl\u00e8me pour laisser leurs clignotants actifs\u2026 De fait, il serait int\u00e9ressant d\u2019avoir un rappel pour les conducteurs qui n\u2019activent pas leurs clignotants lorsque n\u00e9cessaire, mais \u00e7a, c\u2019est une autre histoire.<\/p>\n<p>Plus s\u00e9rieusement, il est mentionn\u00e9 que le rappel ne concerne que 5 % des mod\u00e8les vis\u00e9s. Si vous \u00eates propri\u00e9taires de l\u2019un d\u2019eux, Ram va inspecter votre v\u00e9hicule et, si n\u00e9cessaire, remplacera le module de commande de la colonne de direction.<\/p>\n<p>Les propri\u00e9taires devraient recevoir une lettre par courrier vers la fin du mois d\u2019octobre. Les concessionnaires seront inform\u00e9s de la proc\u00e9dure \u00e0 suivre \u00e0 partir d\u2019aujourd\u2019hui, le 8 octobre 2024.<\/p>\n<p><\/p>\n<p style=\"padding-top: 15px\">Contenu original de <a href=\"https:\/\/www.auto123.com\/fr\/actualites\/rappel-ram-1500-probleme-clignotants\/71919\/\">auto123<\/a>.<\/p>\n<p>Le texte <a rel=\"nofollow\" href=\"https:\/\/annuelauto.ca\/ram-rappelle-129%e2%80%89313-camionnettes-pour-un-probleme-de-clignotants\/\">Ram rappelle 129\u2009313 camionnettes pour un probl\u00e8me de clignotants<\/a> provient de <a rel=\"nofollow\" href=\"https:\/\/annuelauto.ca\">L&#8217;annuel de l&#8217;automobile &#8211; Actualit\u00e9 automobile<\/a><\/p>\n<p><\/p>\n","protected":false},"excerpt":{"rendered":"<p>Ram doit rappeler pr\u00e8s de 130 000 camionnettes de sa s\u00e9rie 1500 en raison d\u2019un probl\u00e8me avec les clignotants. Les mod\u00e8les vis\u00e9s ont \u00e9t\u00e9 construits entre le 24 mars 2023 et le 27 d\u00e9cembre de la m\u00eame ann\u00e9e, si bien que les unit\u00e9s vis\u00e9es couvrent les ann\u00e9es mod\u00e8les 2023 et 2024. Le probl\u00e8me se situe [&hellip;]<\/p>\n","protected":false},"author":8,"featured_media":176509,"comment_status":"close","ping_status":"closed","sticky":false,"template":"","format":"standard","meta":{"_monsterinsights_skip_tracking":false,"_monsterinsights_sitenote_active":false,"_monsterinsights_sitenote_note":"","_monsterinsights_sitenote_category":0,"footnotes":""},"categories":[101],"tags":[],"yoast_head":"<!-- This site is optimized with the Yoast SEO plugin v23.2 - https:\/\/yoast.com\/wordpress\/plugins\/seo\/ -->\n<title>Ram rappelle 129\u2009313 camionnettes pour un probl\u00e8me de clignotants - CanadaMotorJobs.com<\/title>\n<meta name=\"description\" content=\"Ram rappelle 129\u2009313 camionnettes pour un probl\u00e8me de clignotants - Benoit Charette - Annuel automobile - CanadaMotorJobs.com.\" \/>\n<meta name=\"robots\" content=\"index, follow, max-snippet:-1, max-image-preview:large, max-video-preview:-1\" \/>\n<meta property=\"og:locale\" content=\"fr_CA\" \/>\n<meta property=\"og:type\" content=\"article\" \/>\n<meta property=\"og:title\" content=\"Ram rappelle 129\u2009313 camionnettes pour un probl\u00e8me de clignotants - CanadaMotorJobs.com\" \/>\n<meta property=\"og:description\" content=\"Ram rappelle 129\u2009313 camionnettes pour un probl\u00e8me de clignotants - Benoit Charette - Annuel automobile - CanadaMotorJobs.com.\" \/>\n<meta property=\"og:url\" content=\"https:\/\/news.canadamotorjobs.com\/fr\/ram-rappelle-129-313-camionnettes-pour-un-probleme-de-clignotants\/\" \/>\n<meta property=\"og:site_name\" content=\"CanadaMotorJobs.com\" \/>\n<meta property=\"article:publisher\" content=\"https:\/\/www.facebook.com\/canadamotorjobs\/\" \/>\n<meta property=\"article:published_time\" content=\"2024-10-10T07:25:26+00:00\" \/>\n<meta property=\"article:modified_time\" content=\"2024-10-10T07:29:36+00:00\" \/>\n<meta property=\"og:image\" content=\"https:\/\/news.canadamotorjobs.com\/wp-content\/uploads\/2024\/10\/2023-ram-1500-laramie_3.jpg\" \/>\n\t<meta property=\"og:image:width\" content=\"1200\" \/>\n\t<meta property=\"og:image:height\" content=\"800\" \/>\n\t<meta property=\"og:image:type\" content=\"image\/jpeg\" \/>\n<meta name=\"author\" content=\"Benoit Charette\" \/>\n<meta name=\"twitter:card\" content=\"summary_large_image\" \/>\n<meta name=\"twitter:creator\" content=\"@canadamotorjobs\" \/>\n<meta name=\"twitter:site\" content=\"@canadamotorjobs\" \/>\n<meta name=\"twitter:label1\" content=\"\u00c9crit par\" \/>\n\t<meta name=\"twitter:data1\" content=\"Benoit Charette\" \/>\n\t<meta name=\"twitter:label2\" content=\"Estimation du temps de lecture\" \/>\n\t<meta name=\"twitter:data2\" content=\"2 minutes\" \/>\n<!-- \/ Yoast SEO plugin. -->","yoast_head_json":{"title":"Ram rappelle 129\u2009313 camionnettes pour un probl\u00e8me de clignotants - CanadaMotorJobs.com","description":"Ram rappelle 129\u2009313 camionnettes pour un probl\u00e8me de clignotants - Benoit Charette - Annuel automobile - CanadaMotorJobs.com.","robots":{"index":"index","follow":"follow","max-snippet":"max-snippet:-1","max-image-preview":"max-image-preview:large","max-video-preview":"max-video-preview:-1"},"og_locale":"fr_CA","og_type":"article","og_title":"Ram rappelle 129\u2009313 camionnettes pour un probl\u00e8me de clignotants - CanadaMotorJobs.com","og_description":"Ram rappelle 129\u2009313 camionnettes pour un probl\u00e8me de clignotants - Benoit Charette - Annuel automobile - CanadaMotorJobs.com.","og_url":"https:\/\/news.canadamotorjobs.com\/fr\/ram-rappelle-129-313-camionnettes-pour-un-probleme-de-clignotants\/","og_site_name":"CanadaMotorJobs.com","article_publisher":"https:\/\/www.facebook.com\/canadamotorjobs\/","article_published_time":"2024-10-10T07:25:26+00:00","article_modified_time":"2024-10-10T07:29:36+00:00","og_image":[{"width":1200,"height":800,"url":"https:\/\/news.canadamotorjobs.com\/wp-content\/uploads\/2024\/10\/2023-ram-1500-laramie_3.jpg","type":"image\/jpeg"}],"author":"Benoit Charette","twitter_card":"summary_large_image","twitter_creator":"@canadamotorjobs","twitter_site":"@canadamotorjobs","twitter_misc":{"\u00c9crit par":"Benoit Charette","Estimation du temps de lecture":"2 minutes"},"schema":{"@context":"https:\/\/schema.org","@graph":[{"@type":"Article","@id":"https:\/\/news.canadamotorjobs.com\/fr\/ram-rappelle-129-313-camionnettes-pour-un-probleme-de-clignotants\/#article","isPartOf":{"@id":"https:\/\/news.canadamotorjobs.com\/fr\/ram-rappelle-129-313-camionnettes-pour-un-probleme-de-clignotants\/"},"author":{"name":"Benoit Charette","@id":"https:\/\/news.canadamotorjobs.com\/#\/schema\/person\/51793d1f87d44011d7bcc2ed99269a90"},"headline":"Ram rappelle 129\u2009313 camionnettes pour un probl\u00e8me de clignotants","datePublished":"2024-10-10T07:25:26+00:00","dateModified":"2024-10-10T07:29:36+00:00","mainEntityOfPage":{"@id":"https:\/\/news.canadamotorjobs.com\/fr\/ram-rappelle-129-313-camionnettes-pour-un-probleme-de-clignotants\/"},"wordCount":354,"publisher":{"@id":"https:\/\/news.canadamotorjobs.com\/#organization"},"image":{"@id":"https:\/\/news.canadamotorjobs.com\/fr\/ram-rappelle-129-313-camionnettes-pour-un-probleme-de-clignotants\/#primaryimage"},"thumbnailUrl":"https:\/\/news.canadamotorjobs.com\/wp-content\/uploads\/2024\/10\/2023-ram-1500-laramie_3.jpg","articleSection":["Annuel automobile"],"inLanguage":"fr-CA"},{"@type":"WebPage","@id":"https:\/\/news.canadamotorjobs.com\/fr\/ram-rappelle-129-313-camionnettes-pour-un-probleme-de-clignotants\/","url":"https:\/\/news.canadamotorjobs.com\/fr\/ram-rappelle-129-313-camionnettes-pour-un-probleme-de-clignotants\/","name":"Ram rappelle 129\u2009313 camionnettes pour un probl\u00e8me de clignotants - CanadaMotorJobs.com","isPartOf":{"@id":"https:\/\/news.canadamotorjobs.com\/#website"},"primaryImageOfPage":{"@id":"https:\/\/news.canadamotorjobs.com\/fr\/ram-rappelle-129-313-camionnettes-pour-un-probleme-de-clignotants\/#primaryimage"},"image":{"@id":"https:\/\/news.canadamotorjobs.com\/fr\/ram-rappelle-129-313-camionnettes-pour-un-probleme-de-clignotants\/#primaryimage"},"thumbnailUrl":"https:\/\/news.canadamotorjobs.com\/wp-content\/uploads\/2024\/10\/2023-ram-1500-laramie_3.jpg","datePublished":"2024-10-10T07:25:26+00:00","dateModified":"2024-10-10T07:29:36+00:00","description":"Ram rappelle 129\u2009313 camionnettes pour un probl\u00e8me de clignotants - Benoit Charette - Annuel automobile - CanadaMotorJobs.com.","breadcrumb":{"@id":"https:\/\/news.canadamotorjobs.com\/fr\/ram-rappelle-129-313-camionnettes-pour-un-probleme-de-clignotants\/#breadcrumb"},"inLanguage":"fr-CA","potentialAction":[{"@type":"ReadAction","target":["https:\/\/news.canadamotorjobs.com\/fr\/ram-rappelle-129-313-camionnettes-pour-un-probleme-de-clignotants\/"]}]},{"@type":"ImageObject","inLanguage":"fr-CA","@id":"https:\/\/news.canadamotorjobs.com\/fr\/ram-rappelle-129-313-camionnettes-pour-un-probleme-de-clignotants\/#primaryimage","url":"https:\/\/news.canadamotorjobs.com\/wp-content\/uploads\/2024\/10\/2023-ram-1500-laramie_3.jpg","contentUrl":"https:\/\/news.canadamotorjobs.com\/wp-content\/uploads\/2024\/10\/2023-ram-1500-laramie_3.jpg","width":1200,"height":800},{"@type":"BreadcrumbList","@id":"https:\/\/news.canadamotorjobs.com\/fr\/ram-rappelle-129-313-camionnettes-pour-un-probleme-de-clignotants\/#breadcrumb","itemListElement":[{"@type":"ListItem","position":1,"name":"Home","item":"https:\/\/news.canadamotorjobs.com\/fr\/blog\/"},{"@type":"ListItem","position":2,"name":"Ram rappelle 129\u2009313 camionnettes pour un probl\u00e8me de clignotants"}]},{"@type":"WebSite","@id":"https:\/\/news.canadamotorjobs.com\/#website","url":"https:\/\/news.canadamotorjobs.com\/","name":"CanadaMotorJobs.com","description":"Automotive Jobs","publisher":{"@id":"https:\/\/news.canadamotorjobs.com\/#organization"},"potentialAction":[{"@type":"SearchAction","target":{"@type":"EntryPoint","urlTemplate":"https:\/\/news.canadamotorjobs.com\/?s={search_term_string}"},"query-input":"required name=search_term_string"}],"inLanguage":"fr-CA"},{"@type":"Organization","@id":"https:\/\/news.canadamotorjobs.com\/#organization","name":"Canada Motor Jobs","url":"https:\/\/news.canadamotorjobs.com\/","logo":{"@type":"ImageObject","inLanguage":"fr-CA","@id":"https:\/\/news.canadamotorjobs.com\/#\/schema\/logo\/image\/","url":"https:\/\/news.canadamotorjobs.com\/wp-content\/uploads\/2022\/10\/logo-canada-motor-jobs-1.png","contentUrl":"https:\/\/news.canadamotorjobs.com\/wp-content\/uploads\/2022\/10\/logo-canada-motor-jobs-1.png","width":800,"height":400,"caption":"Canada Motor Jobs"},"image":{"@id":"https:\/\/news.canadamotorjobs.com\/#\/schema\/logo\/image\/"},"sameAs":["https:\/\/www.facebook.com\/canadamotorjobs\/","https:\/\/x.com\/canadamotorjobs","https:\/\/www.instagram.com\/canadamotorjobs\/","https:\/\/www.linkedin.com\/company\/canadamotorjobs"]},{"@type":"Person","@id":"https:\/\/news.canadamotorjobs.com\/#\/schema\/person\/51793d1f87d44011d7bcc2ed99269a90","name":"Benoit Charette","image":{"@type":"ImageObject","inLanguage":"fr-CA","@id":"https:\/\/news.canadamotorjobs.com\/#\/schema\/person\/image\/","url":"https:\/\/secure.gravatar.com\/avatar\/45f3d2eebcccd909668d7ce7ea7267b6?s=96&d=mm&r=g","contentUrl":"https:\/\/secure.gravatar.com\/avatar\/45f3d2eebcccd909668d7ce7ea7267b6?s=96&d=mm&r=g","caption":"Benoit Charette"},"description":"Benoit Charette \/ Propri\u00e9taire et r\u00e9dacteur en chef Benoit Charette pratique le journalisme automobile depuis bient\u00f4t 30 ans. Il a fait ses classes au c\u00f4t\u00e9 de Daniel H\u00e9raud et au Carnet de route de 1992 \u00e0 2001. Il est fondateur, copropri\u00e9taire et r\u00e9dacteur en chef de L\u2019Annuel de l\u2019automobile, qu\u2019il publie depuis 2001. Il a anim\u00e9 les \u00e9missions RPM et RPM+ sur V et les L\u00e9gendes de la route sur Historia. \u00c0 la radio depuis 1986, il reprend l\u2019antenne cette ann\u00e9e sur les ondes de Cogeco et participe pour la deuxi\u00e8me ann\u00e9e \u00e0 l\u2019\u00e9mission Passion Auto sur RDS en plus de mettre en ligne le site Web officiel de L\u2019Annuel de l\u2019automobile sur annuelauto.ca.","sameAs":["https:\/\/annuelauto.ca\/"],"url":"https:\/\/news.canadamotorjobs.com\/fr\/author\/benoit-charette\/"}]}},"_links":{"self":[{"href":"https:\/\/news.canadamotorjobs.com\/fr\/wp-json\/wp\/v2\/posts\/176507"}],"collection":[{"href":"https:\/\/news.canadamotorjobs.com\/fr\/wp-json\/wp\/v2\/posts"}],"about":[{"href":"https:\/\/news.canadamotorjobs.com\/fr\/wp-json\/wp\/v2\/types\/post"}],"author":[{"embeddable":true,"href":"https:\/\/news.canadamotorjobs.com\/fr\/wp-json\/wp\/v2\/users\/8"}],"replies":[{"embeddable":true,"href":"https:\/\/news.canadamotorjobs.com\/fr\/wp-json\/wp\/v2\/comments?post=176507"}],"version-history":[{"count":3,"href":"https:\/\/news.canadamotorjobs.com\/fr\/wp-json\/wp\/v2\/posts\/176507\/revisions"}],"predecessor-version":[{"id":176534,"href":"https:\/\/news.canadamotorjobs.com\/fr\/wp-json\/wp\/v2\/posts\/176507\/revisions\/176534"}],"wp:featuredmedia":[{"embeddable":true,"href":"https:\/\/news.canadamotorjobs.com\/fr\/wp-json\/wp\/v2\/media\/176509"}],"wp:attachment":[{"href":"https:\/\/news.canadamotorjobs.com\/fr\/wp-json\/wp\/v2\/media?parent=176507"}],"wp:term":[{"taxonomy":"category","embeddable":true,"href":"https:\/\/news.canadamotorjobs.com\/fr\/wp-json\/wp\/v2\/categories?post=176507"},{"taxonomy":"post_tag","embeddable":true,"href":"https:\/\/news.canadamotorjobs.com\/fr\/wp-json\/wp\/v2\/tags?post=176507"}],"curies":[{"name":"wp","href":"https:\/\/api.w.org\/{rel}","templated":true}]}}