{"id":176457,"date":"2024-10-09T06:49:36","date_gmt":"2024-10-09T10:49:36","guid":{"rendered":"https:\/\/news.canadamotorjobs.com\/?p=176457"},"modified":"2024-10-09T06:59:14","modified_gmt":"2024-10-09T10:59:14","slug":"honda-rappelle-environ-17-million-de-vehicules-aux-etats-unis","status":"publish","type":"post","link":"https:\/\/news.canadamotorjobs.com\/fr\/honda-rappelle-environ-17-million-de-vehicules-aux-etats-unis\/","title":{"rendered":"Honda rappelle environ 1,7 million de v\u00e9hicules aux \u00c9tats-Unis"},"content":{"rendered":"<\/p>\n<p>Honda proc\u00e8de au rappel de pr\u00e8s de 1,7 million de v\u00e9hicules aux \u00c9tats-Unis, a annonc\u00e9 mercredi la National Highway Traffic Safety Administration (NHTSA). Ce rappel est motiv\u00e9 par un probl\u00e8me de bo\u00eete de direction sur certains mod\u00e8les, pouvant entra\u00eener des difficult\u00e9s \u00e0 man\u0153uvrer le volant, augmentant ainsi le risque d&#8217;accident.<\/p>\n<h3><strong>Mod\u00e8les concern\u00e9s et ann\u00e9es de production<\/strong><\/h3>\n<p>\nParmi les mod\u00e8les concern\u00e9s figurent des v\u00e9hicules embl\u00e9matiques de la marque japonaise, tels que la <strong>Civic Type R<\/strong>, l\u2019<strong>Acura Integra<\/strong> et le <strong>CR-V<\/strong>, produits entre les ann\u00e9es mod\u00e8les 2022 et 2025.<\/p>\n<h3><strong>Probl\u00e8me li\u00e9 \u00e0 la bo\u00eete de direction<\/strong><\/h3>\n<p>\nSelon la NHTSA, l&#8217;assemblage de la bo\u00eete de direction pourrait avoir \u00e9t\u00e9 mal fabriqu\u00e9, ce qui peut provoquer une friction interne excessive, rendant la direction plus difficile. Ce d\u00e9faut pourrait compromettre la s\u00e9curit\u00e9 des conducteurs et des passagers.<\/p>\n<h3><strong>Solution : intervention gratuite chez les concessionnaires<\/strong><\/h3>\n<p>\nPour r\u00e9soudre ce probl\u00e8me, les concessionnaires remplaceront gratuitement le ressort de pignon us\u00e9 et ajusteront ou ajouteront de la graisse si n\u00e9cessaire. Honda a indiqu\u00e9 que cette mesure vise \u00e0 garantir la s\u00e9curit\u00e9 des v\u00e9hicules rappel\u00e9s.<\/p>\n<p>Avec des renseignements de Reuters<\/p>\n<p>Le texte <a rel=\"nofollow\" href=\"https:\/\/annuelauto.ca\/honda-rappelle-environ-17-million-de-vehicules-aux-etats-unis\/\">Honda rappelle environ 1,7 million de v\u00e9hicules aux \u00c9tats-Unis<\/a> provient de <a rel=\"nofollow\" href=\"https:\/\/annuelauto.ca\">L&#8217;annuel de l&#8217;automobile &#8211; Actualit\u00e9 automobile<\/a><\/p>\n<p><\/p>\n","protected":false},"excerpt":{"rendered":"<p>Honda proc\u00e8de au rappel de pr\u00e8s de 1,7 million de v\u00e9hicules aux \u00c9tats-Unis, a annonc\u00e9 mercredi la National Highway Traffic Safety Administration (NHTSA). Ce rappel est motiv\u00e9 par un probl\u00e8me de bo\u00eete de direction sur certains mod\u00e8les, pouvant entra\u00eener des difficult\u00e9s \u00e0 man\u0153uvrer le volant, augmentant ainsi le risque d&#8217;accident. Mod\u00e8les concern\u00e9s et ann\u00e9es de [&hellip;]<\/p>\n","protected":false},"author":8,"featured_media":176459,"comment_status":"close","ping_status":"closed","sticky":false,"template":"","format":"standard","meta":{"_monsterinsights_skip_tracking":false,"_monsterinsights_sitenote_active":false,"_monsterinsights_sitenote_note":"","_monsterinsights_sitenote_category":0,"footnotes":""},"categories":[101],"tags":[],"yoast_head":"<!-- This site is optimized with the Yoast SEO plugin v23.2 - https:\/\/yoast.com\/wordpress\/plugins\/seo\/ -->\n<title>Honda rappelle environ 1,7 million de v\u00e9hicules aux \u00c9tats-Unis - CanadaMotorJobs.com<\/title>\n<meta name=\"description\" content=\"Honda rappelle environ 1,7 million de v\u00e9hicules aux \u00c9tats-Unis - Benoit Charette - Annuel automobile - CanadaMotorJobs.com.\" \/>\n<meta name=\"robots\" content=\"index, follow, max-snippet:-1, max-image-preview:large, max-video-preview:-1\" \/>\n<meta property=\"og:locale\" content=\"fr_CA\" \/>\n<meta property=\"og:type\" content=\"article\" \/>\n<meta property=\"og:title\" content=\"Honda rappelle environ 1,7 million de v\u00e9hicules aux \u00c9tats-Unis - CanadaMotorJobs.com\" \/>\n<meta property=\"og:description\" content=\"Honda rappelle environ 1,7 million de v\u00e9hicules aux \u00c9tats-Unis - Benoit Charette - Annuel automobile - CanadaMotorJobs.com.\" \/>\n<meta property=\"og:url\" content=\"https:\/\/news.canadamotorjobs.com\/fr\/honda-rappelle-environ-17-million-de-vehicules-aux-etats-unis\/\" \/>\n<meta property=\"og:site_name\" content=\"CanadaMotorJobs.com\" \/>\n<meta property=\"article:publisher\" content=\"https:\/\/www.facebook.com\/canadamotorjobs\/\" \/>\n<meta property=\"article:published_time\" content=\"2024-10-09T10:49:36+00:00\" \/>\n<meta property=\"article:modified_time\" content=\"2024-10-09T10:59:14+00:00\" \/>\n<meta property=\"og:image\" content=\"https:\/\/news.canadamotorjobs.com\/wp-content\/uploads\/2024\/10\/01-2023-Honda-CR-V-EX-L-1-1024x689-1.jpg\" \/>\n\t<meta property=\"og:image:width\" content=\"1024\" \/>\n\t<meta property=\"og:image:height\" content=\"689\" \/>\n\t<meta property=\"og:image:type\" content=\"image\/jpeg\" \/>\n<meta name=\"author\" content=\"Benoit Charette\" \/>\n<meta name=\"twitter:card\" content=\"summary_large_image\" \/>\n<meta name=\"twitter:creator\" content=\"@canadamotorjobs\" \/>\n<meta name=\"twitter:site\" content=\"@canadamotorjobs\" \/>\n<meta name=\"twitter:label1\" content=\"\u00c9crit par\" \/>\n\t<meta name=\"twitter:data1\" content=\"Benoit Charette\" \/>\n\t<meta name=\"twitter:label2\" content=\"Estimation du temps de lecture\" \/>\n\t<meta name=\"twitter:data2\" content=\"1 minute\" \/>\n<!-- \/ Yoast SEO plugin. -->","yoast_head_json":{"title":"Honda rappelle environ 1,7 million de v\u00e9hicules aux \u00c9tats-Unis - CanadaMotorJobs.com","description":"Honda rappelle environ 1,7 million de v\u00e9hicules aux \u00c9tats-Unis - Benoit Charette - Annuel automobile - CanadaMotorJobs.com.","robots":{"index":"index","follow":"follow","max-snippet":"max-snippet:-1","max-image-preview":"max-image-preview:large","max-video-preview":"max-video-preview:-1"},"og_locale":"fr_CA","og_type":"article","og_title":"Honda rappelle environ 1,7 million de v\u00e9hicules aux \u00c9tats-Unis - CanadaMotorJobs.com","og_description":"Honda rappelle environ 1,7 million de v\u00e9hicules aux \u00c9tats-Unis - Benoit Charette - Annuel automobile - CanadaMotorJobs.com.","og_url":"https:\/\/news.canadamotorjobs.com\/fr\/honda-rappelle-environ-17-million-de-vehicules-aux-etats-unis\/","og_site_name":"CanadaMotorJobs.com","article_publisher":"https:\/\/www.facebook.com\/canadamotorjobs\/","article_published_time":"2024-10-09T10:49:36+00:00","article_modified_time":"2024-10-09T10:59:14+00:00","og_image":[{"width":1024,"height":689,"url":"https:\/\/news.canadamotorjobs.com\/wp-content\/uploads\/2024\/10\/01-2023-Honda-CR-V-EX-L-1-1024x689-1.jpg","type":"image\/jpeg"}],"author":"Benoit Charette","twitter_card":"summary_large_image","twitter_creator":"@canadamotorjobs","twitter_site":"@canadamotorjobs","twitter_misc":{"\u00c9crit par":"Benoit Charette","Estimation du temps de lecture":"1 minute"},"schema":{"@context":"https:\/\/schema.org","@graph":[{"@type":"Article","@id":"https:\/\/news.canadamotorjobs.com\/fr\/honda-rappelle-environ-17-million-de-vehicules-aux-etats-unis\/#article","isPartOf":{"@id":"https:\/\/news.canadamotorjobs.com\/fr\/honda-rappelle-environ-17-million-de-vehicules-aux-etats-unis\/"},"author":{"name":"Benoit Charette","@id":"https:\/\/news.canadamotorjobs.com\/#\/schema\/person\/51793d1f87d44011d7bcc2ed99269a90"},"headline":"Honda rappelle environ 1,7 million de v\u00e9hicules aux \u00c9tats-Unis","datePublished":"2024-10-09T10:49:36+00:00","dateModified":"2024-10-09T10:59:14+00:00","mainEntityOfPage":{"@id":"https:\/\/news.canadamotorjobs.com\/fr\/honda-rappelle-environ-17-million-de-vehicules-aux-etats-unis\/"},"wordCount":234,"publisher":{"@id":"https:\/\/news.canadamotorjobs.com\/#organization"},"image":{"@id":"https:\/\/news.canadamotorjobs.com\/fr\/honda-rappelle-environ-17-million-de-vehicules-aux-etats-unis\/#primaryimage"},"thumbnailUrl":"https:\/\/news.canadamotorjobs.com\/wp-content\/uploads\/2024\/10\/01-2023-Honda-CR-V-EX-L-1-1024x689-1.jpg","articleSection":["Annuel automobile"],"inLanguage":"fr-CA"},{"@type":"WebPage","@id":"https:\/\/news.canadamotorjobs.com\/fr\/honda-rappelle-environ-17-million-de-vehicules-aux-etats-unis\/","url":"https:\/\/news.canadamotorjobs.com\/fr\/honda-rappelle-environ-17-million-de-vehicules-aux-etats-unis\/","name":"Honda rappelle environ 1,7 million de v\u00e9hicules aux \u00c9tats-Unis - CanadaMotorJobs.com","isPartOf":{"@id":"https:\/\/news.canadamotorjobs.com\/#website"},"primaryImageOfPage":{"@id":"https:\/\/news.canadamotorjobs.com\/fr\/honda-rappelle-environ-17-million-de-vehicules-aux-etats-unis\/#primaryimage"},"image":{"@id":"https:\/\/news.canadamotorjobs.com\/fr\/honda-rappelle-environ-17-million-de-vehicules-aux-etats-unis\/#primaryimage"},"thumbnailUrl":"https:\/\/news.canadamotorjobs.com\/wp-content\/uploads\/2024\/10\/01-2023-Honda-CR-V-EX-L-1-1024x689-1.jpg","datePublished":"2024-10-09T10:49:36+00:00","dateModified":"2024-10-09T10:59:14+00:00","description":"Honda rappelle environ 1,7 million de v\u00e9hicules aux \u00c9tats-Unis - Benoit Charette - Annuel automobile - CanadaMotorJobs.com.","breadcrumb":{"@id":"https:\/\/news.canadamotorjobs.com\/fr\/honda-rappelle-environ-17-million-de-vehicules-aux-etats-unis\/#breadcrumb"},"inLanguage":"fr-CA","potentialAction":[{"@type":"ReadAction","target":["https:\/\/news.canadamotorjobs.com\/fr\/honda-rappelle-environ-17-million-de-vehicules-aux-etats-unis\/"]}]},{"@type":"ImageObject","inLanguage":"fr-CA","@id":"https:\/\/news.canadamotorjobs.com\/fr\/honda-rappelle-environ-17-million-de-vehicules-aux-etats-unis\/#primaryimage","url":"https:\/\/news.canadamotorjobs.com\/wp-content\/uploads\/2024\/10\/01-2023-Honda-CR-V-EX-L-1-1024x689-1.jpg","contentUrl":"https:\/\/news.canadamotorjobs.com\/wp-content\/uploads\/2024\/10\/01-2023-Honda-CR-V-EX-L-1-1024x689-1.jpg","width":1024,"height":689},{"@type":"BreadcrumbList","@id":"https:\/\/news.canadamotorjobs.com\/fr\/honda-rappelle-environ-17-million-de-vehicules-aux-etats-unis\/#breadcrumb","itemListElement":[{"@type":"ListItem","position":1,"name":"Home","item":"https:\/\/news.canadamotorjobs.com\/fr\/blog\/"},{"@type":"ListItem","position":2,"name":"Honda rappelle environ 1,7 million de v\u00e9hicules aux \u00c9tats-Unis"}]},{"@type":"WebSite","@id":"https:\/\/news.canadamotorjobs.com\/#website","url":"https:\/\/news.canadamotorjobs.com\/","name":"CanadaMotorJobs.com","description":"Automotive Jobs","publisher":{"@id":"https:\/\/news.canadamotorjobs.com\/#organization"},"potentialAction":[{"@type":"SearchAction","target":{"@type":"EntryPoint","urlTemplate":"https:\/\/news.canadamotorjobs.com\/?s={search_term_string}"},"query-input":"required name=search_term_string"}],"inLanguage":"fr-CA"},{"@type":"Organization","@id":"https:\/\/news.canadamotorjobs.com\/#organization","name":"Canada Motor Jobs","url":"https:\/\/news.canadamotorjobs.com\/","logo":{"@type":"ImageObject","inLanguage":"fr-CA","@id":"https:\/\/news.canadamotorjobs.com\/#\/schema\/logo\/image\/","url":"https:\/\/news.canadamotorjobs.com\/wp-content\/uploads\/2022\/10\/logo-canada-motor-jobs-1.png","contentUrl":"https:\/\/news.canadamotorjobs.com\/wp-content\/uploads\/2022\/10\/logo-canada-motor-jobs-1.png","width":800,"height":400,"caption":"Canada Motor Jobs"},"image":{"@id":"https:\/\/news.canadamotorjobs.com\/#\/schema\/logo\/image\/"},"sameAs":["https:\/\/www.facebook.com\/canadamotorjobs\/","https:\/\/x.com\/canadamotorjobs","https:\/\/www.instagram.com\/canadamotorjobs\/","https:\/\/www.linkedin.com\/company\/canadamotorjobs"]},{"@type":"Person","@id":"https:\/\/news.canadamotorjobs.com\/#\/schema\/person\/51793d1f87d44011d7bcc2ed99269a90","name":"Benoit Charette","image":{"@type":"ImageObject","inLanguage":"fr-CA","@id":"https:\/\/news.canadamotorjobs.com\/#\/schema\/person\/image\/","url":"https:\/\/secure.gravatar.com\/avatar\/45f3d2eebcccd909668d7ce7ea7267b6?s=96&d=mm&r=g","contentUrl":"https:\/\/secure.gravatar.com\/avatar\/45f3d2eebcccd909668d7ce7ea7267b6?s=96&d=mm&r=g","caption":"Benoit Charette"},"description":"Benoit Charette \/ Propri\u00e9taire et r\u00e9dacteur en chef Benoit Charette pratique le journalisme automobile depuis bient\u00f4t 30 ans. Il a fait ses classes au c\u00f4t\u00e9 de Daniel H\u00e9raud et au Carnet de route de 1992 \u00e0 2001. Il est fondateur, copropri\u00e9taire et r\u00e9dacteur en chef de L\u2019Annuel de l\u2019automobile, qu\u2019il publie depuis 2001. Il a anim\u00e9 les \u00e9missions RPM et RPM+ sur V et les L\u00e9gendes de la route sur Historia. \u00c0 la radio depuis 1986, il reprend l\u2019antenne cette ann\u00e9e sur les ondes de Cogeco et participe pour la deuxi\u00e8me ann\u00e9e \u00e0 l\u2019\u00e9mission Passion Auto sur RDS en plus de mettre en ligne le site Web officiel de L\u2019Annuel de l\u2019automobile sur annuelauto.ca.","sameAs":["https:\/\/annuelauto.ca\/"],"url":"https:\/\/news.canadamotorjobs.com\/fr\/author\/benoit-charette\/"}]}},"_links":{"self":[{"href":"https:\/\/news.canadamotorjobs.com\/fr\/wp-json\/wp\/v2\/posts\/176457"}],"collection":[{"href":"https:\/\/news.canadamotorjobs.com\/fr\/wp-json\/wp\/v2\/posts"}],"about":[{"href":"https:\/\/news.canadamotorjobs.com\/fr\/wp-json\/wp\/v2\/types\/post"}],"author":[{"embeddable":true,"href":"https:\/\/news.canadamotorjobs.com\/fr\/wp-json\/wp\/v2\/users\/8"}],"replies":[{"embeddable":true,"href":"https:\/\/news.canadamotorjobs.com\/fr\/wp-json\/wp\/v2\/comments?post=176457"}],"version-history":[{"count":2,"href":"https:\/\/news.canadamotorjobs.com\/fr\/wp-json\/wp\/v2\/posts\/176457\/revisions"}],"predecessor-version":[{"id":176461,"href":"https:\/\/news.canadamotorjobs.com\/fr\/wp-json\/wp\/v2\/posts\/176457\/revisions\/176461"}],"wp:featuredmedia":[{"embeddable":true,"href":"https:\/\/news.canadamotorjobs.com\/fr\/wp-json\/wp\/v2\/media\/176459"}],"wp:attachment":[{"href":"https:\/\/news.canadamotorjobs.com\/fr\/wp-json\/wp\/v2\/media?parent=176457"}],"wp:term":[{"taxonomy":"category","embeddable":true,"href":"https:\/\/news.canadamotorjobs.com\/fr\/wp-json\/wp\/v2\/categories?post=176457"},{"taxonomy":"post_tag","embeddable":true,"href":"https:\/\/news.canadamotorjobs.com\/fr\/wp-json\/wp\/v2\/tags?post=176457"}],"curies":[{"name":"wp","href":"https:\/\/api.w.org\/{rel}","templated":true}]}}