{"id":176434,"date":"2024-10-09T06:33:21","date_gmt":"2024-10-09T10:33:21","guid":{"rendered":"https:\/\/news.canadamotorjobs.com\/?p=176434"},"modified":"2024-10-09T06:44:13","modified_gmt":"2024-10-09T10:44:13","slug":"gm-abandonne-le-nom-ultium-pour-ses-vehicules-electriques-en-2025","status":"publish","type":"post","link":"https:\/\/news.canadamotorjobs.com\/fr\/gm-abandonne-le-nom-ultium-pour-ses-vehicules-electriques-en-2025\/","title":{"rendered":"GM abandonne le nom Ultium pour ses v\u00e9hicules \u00e9lectriques en 2025"},"content":{"rendered":"<\/p>\n<p>General Motors (GM) anticipe une r\u00e9duction significative des pertes li\u00e9es aux v\u00e9hicules \u00e9lectriques (VE) d\u2019ici 2025, estim\u00e9e entre 2 et 4 milliards de dollars, selon les d\u00e9clarations des dirigeants lors de la journ\u00e9e des investisseurs du 8 octobre \u00e0 Spring Hill, Tennessee. Bien que les dirigeants n\u2019aient pas confirm\u00e9 la rentabilit\u00e9 des V\u00c9S pour cette p\u00e9riode, ils soulignent une trajectoire d\u2019am\u00e9lioration qui t\u00e9moigne de l\u2019avanc\u00e9e de la strat\u00e9gie \u00e9lectrique du constructeur. Les gains seront soutenus par une augmentation des volumes de ventes, avec une ann\u00e9e compl\u00e8te de commercialisation des nouveaux mod\u00e8les r\u00e9cemment lanc\u00e9s, ainsi que des versions moins co\u00fbteuses de v\u00e9hicules existants.<\/p>\n<h3><strong>Des cr\u00e9dits f\u00e9d\u00e9raux et des \u00e9conomies de batterie en soutien<\/strong><\/h3>\n<p>\nLe directeur financier, Paul Jacobson, a pr\u00e9cis\u00e9 que pr\u00e8s de la moiti\u00e9 des b\u00e9n\u00e9fices pr\u00e9vus proviendront de l\u2019\u00e9chelle de production, des cr\u00e9dits d&#8217;\u00e9missions f\u00e9d\u00e9raux et des avantages fiscaux de l\u2019Inflation Reduction Act. Des r\u00e9ductions dans les co\u00fbts des batteries et des mat\u00e9riaux devraient \u00e9galement compenser des prix plus mod\u00e9r\u00e9s.<\/p>\n<h3><strong>L\u2019abandon de la marque Ultium<\/strong><\/h3>\n<p>\nGM ne marquera plus ses v\u00e9hicules \u00e9lectriques avec la marque Ultium, initialement utilis\u00e9e pour d\u00e9signer sa plateforme d\u00e9di\u00e9e aux VE et la fabrication de cellules de batterie. Toutefois, les usines de batteries communes Ultium Cells conserveront ce nom. L\u2019entreprise cherche \u00e0 optimiser sa strat\u00e9gie en adoptant diverses formes de batteries et technologies chimiques, et en abandonnant l\u2019approche &#8220;taille unique&#8221; pour des solutions sp\u00e9cifiques \u00e0 chaque programme.<\/p>\n<h3><strong>Progr\u00e8s vers la rentabilit\u00e9 variable<\/strong><\/h3>\n<p>\nLes dirigeants de GM pr\u00e9voient une rentabilit\u00e9 variable positive sur leurs V\u00c9S d&#8217;ici le quatri\u00e8me trimestre de cette ann\u00e9e, bien que cela exclue les co\u00fbts fixes. La direction n\u2019a pas mentionn\u00e9 l\u2019objectif pr\u00e9c\u00e9demment annonc\u00e9 d\u2019une marge b\u00e9n\u00e9ficiaire \u00e0 chiffre unique moyen pour les VE en 2025.<\/p>\n<h3><strong>Un ajustement face \u00e0 la demande<\/strong><\/h3>\n<p>\nMary Barra, PDG de GM, a \u00e9voqu\u00e9 un point d\u2019inflexion vers la rentabilit\u00e9 des VE, plus rapide que pr\u00e9vu, gr\u00e2ce \u00e0 la strat\u00e9gie amorc\u00e9e en 2018. Malgr\u00e9 un ajustement \u00e0 la baisse des investissements li\u00e9s aux VE, en raison d&#8217;une demande moins forte qu\u2019anticip\u00e9e, la baisse des co\u00fbts des cellules de batterie et l&#8217;expansion des usines Ultium permettent \u00e0 GM de maintenir ses objectifs.<\/p>\n<h3><strong>L\u2019expansion des batteries \u00e0 faible co\u00fbt<\/strong><\/h3>\n<p>\nKurt Kelty, vice-pr\u00e9sident des batteries chez GM, a annonc\u00e9 que la marque privil\u00e9giera l\u2019utilisation de batteries au phosphate de fer lithium (LFP), moins co\u00fbteuses, pour les v\u00e9hicules standards en Am\u00e9rique du Nord, tout en r\u00e9servant des formules riches en nickel pour les mod\u00e8les premium et \u00e0 haute performance. Gr\u00e2ce \u00e0 des \u00e9conomies continues, GM s&#8217;attend \u00e0 r\u00e9duire les co\u00fbts des packs batteries de 6 000 $ suppl\u00e9mentaires par v\u00e9hicule \u00e0 court terme.<\/p>\n<h3><strong>Conclusion : un avenir plus stable pour les V\u00c9S de GM<\/strong><\/h3>\n<p>\nGM adopte une approche plus prudente, ne cherchant pas \u00e0 surproduire des VE pour atteindre des objectifs \u00e0 court terme. L&#8217;entreprise met l&#8217;accent sur la constance et la stabilit\u00e9 de ses progr\u00e8s, une strat\u00e9gie qui devrait porter ses fruits \u00e0 long terme.<\/p>\n<p>Avec des renseignements d&#8217;Automotive News<\/p>\n<p>Le texte <a rel=\"nofollow\" href=\"https:\/\/annuelauto.ca\/gm-abandonne-le-nom-ultium-pour-ses-vehicules-electriques-en-2025\/\">GM abandonne le nom Ultium pour ses v\u00e9hicules \u00e9lectriques en 2025<\/a> provient de <a rel=\"nofollow\" href=\"https:\/\/annuelauto.ca\">L&#8217;annuel de l&#8217;automobile &#8211; Actualit\u00e9 automobile<\/a><\/p>\n<p><\/p>\n","protected":false},"excerpt":{"rendered":"<p>General Motors (GM) anticipe une r\u00e9duction significative des pertes li\u00e9es aux v\u00e9hicules \u00e9lectriques (VE) d\u2019ici 2025, estim\u00e9e entre 2 et 4 milliards de dollars, selon les d\u00e9clarations des dirigeants lors de la journ\u00e9e des investisseurs du 8 octobre \u00e0 Spring Hill, Tennessee. Bien que les dirigeants n\u2019aient pas confirm\u00e9 la rentabilit\u00e9 des V\u00c9S pour cette [&hellip;]<\/p>\n","protected":false},"author":8,"featured_media":176436,"comment_status":"close","ping_status":"closed","sticky":false,"template":"","format":"standard","meta":{"_monsterinsights_skip_tracking":false,"_monsterinsights_sitenote_active":false,"_monsterinsights_sitenote_note":"","_monsterinsights_sitenote_category":0,"footnotes":""},"categories":[101],"tags":[],"yoast_head":"<!-- This site is optimized with the Yoast SEO plugin v23.2 - https:\/\/yoast.com\/wordpress\/plugins\/seo\/ -->\n<title>GM abandonne le nom Ultium pour ses v\u00e9hicules \u00e9lectriques en 2025 - CanadaMotorJobs.com<\/title>\n<meta name=\"description\" content=\"GM abandonne le nom Ultium pour ses v\u00e9hicules \u00e9lectriques en 2025 - Benoit Charette - Annuel automobile - CanadaMotorJobs.com.\" \/>\n<meta name=\"robots\" content=\"index, follow, max-snippet:-1, max-image-preview:large, max-video-preview:-1\" \/>\n<meta property=\"og:locale\" content=\"fr_CA\" \/>\n<meta property=\"og:type\" content=\"article\" \/>\n<meta property=\"og:title\" content=\"GM abandonne le nom Ultium pour ses v\u00e9hicules \u00e9lectriques en 2025 - CanadaMotorJobs.com\" \/>\n<meta property=\"og:description\" content=\"GM abandonne le nom Ultium pour ses v\u00e9hicules \u00e9lectriques en 2025 - Benoit Charette - Annuel automobile - CanadaMotorJobs.com.\" \/>\n<meta property=\"og:url\" content=\"https:\/\/news.canadamotorjobs.com\/fr\/gm-abandonne-le-nom-ultium-pour-ses-vehicules-electriques-en-2025\/\" \/>\n<meta property=\"og:site_name\" content=\"CanadaMotorJobs.com\" \/>\n<meta property=\"article:publisher\" content=\"https:\/\/www.facebook.com\/canadamotorjobs\/\" \/>\n<meta property=\"article:published_time\" content=\"2024-10-09T10:33:21+00:00\" \/>\n<meta property=\"article:modified_time\" content=\"2024-10-09T10:44:13+00:00\" \/>\n<meta property=\"og:image\" content=\"https:\/\/news.canadamotorjobs.com\/wp-content\/uploads\/2024\/10\/chevrolet-equinox-ev-2024-031652972210487.jpg\" \/>\n\t<meta property=\"og:image:width\" content=\"1080\" \/>\n\t<meta property=\"og:image:height\" content=\"518\" \/>\n\t<meta property=\"og:image:type\" content=\"image\/jpeg\" \/>\n<meta name=\"author\" content=\"Benoit Charette\" \/>\n<meta name=\"twitter:card\" content=\"summary_large_image\" \/>\n<meta name=\"twitter:creator\" content=\"@canadamotorjobs\" \/>\n<meta name=\"twitter:site\" content=\"@canadamotorjobs\" \/>\n<meta name=\"twitter:label1\" content=\"\u00c9crit par\" \/>\n\t<meta name=\"twitter:data1\" content=\"Benoit Charette\" \/>\n\t<meta name=\"twitter:label2\" content=\"Estimation du temps de lecture\" \/>\n\t<meta name=\"twitter:data2\" content=\"3 minutes\" \/>\n<!-- \/ Yoast SEO plugin. -->","yoast_head_json":{"title":"GM abandonne le nom Ultium pour ses v\u00e9hicules \u00e9lectriques en 2025 - CanadaMotorJobs.com","description":"GM abandonne le nom Ultium pour ses v\u00e9hicules \u00e9lectriques en 2025 - Benoit Charette - Annuel automobile - CanadaMotorJobs.com.","robots":{"index":"index","follow":"follow","max-snippet":"max-snippet:-1","max-image-preview":"max-image-preview:large","max-video-preview":"max-video-preview:-1"},"og_locale":"fr_CA","og_type":"article","og_title":"GM abandonne le nom Ultium pour ses v\u00e9hicules \u00e9lectriques en 2025 - CanadaMotorJobs.com","og_description":"GM abandonne le nom Ultium pour ses v\u00e9hicules \u00e9lectriques en 2025 - Benoit Charette - Annuel automobile - CanadaMotorJobs.com.","og_url":"https:\/\/news.canadamotorjobs.com\/fr\/gm-abandonne-le-nom-ultium-pour-ses-vehicules-electriques-en-2025\/","og_site_name":"CanadaMotorJobs.com","article_publisher":"https:\/\/www.facebook.com\/canadamotorjobs\/","article_published_time":"2024-10-09T10:33:21+00:00","article_modified_time":"2024-10-09T10:44:13+00:00","og_image":[{"width":1080,"height":518,"url":"https:\/\/news.canadamotorjobs.com\/wp-content\/uploads\/2024\/10\/chevrolet-equinox-ev-2024-031652972210487.jpg","type":"image\/jpeg"}],"author":"Benoit Charette","twitter_card":"summary_large_image","twitter_creator":"@canadamotorjobs","twitter_site":"@canadamotorjobs","twitter_misc":{"\u00c9crit par":"Benoit Charette","Estimation du temps de lecture":"3 minutes"},"schema":{"@context":"https:\/\/schema.org","@graph":[{"@type":"Article","@id":"https:\/\/news.canadamotorjobs.com\/fr\/gm-abandonne-le-nom-ultium-pour-ses-vehicules-electriques-en-2025\/#article","isPartOf":{"@id":"https:\/\/news.canadamotorjobs.com\/fr\/gm-abandonne-le-nom-ultium-pour-ses-vehicules-electriques-en-2025\/"},"author":{"name":"Benoit Charette","@id":"https:\/\/news.canadamotorjobs.com\/#\/schema\/person\/51793d1f87d44011d7bcc2ed99269a90"},"headline":"GM abandonne le nom Ultium pour ses v\u00e9hicules \u00e9lectriques en 2025","datePublished":"2024-10-09T10:33:21+00:00","dateModified":"2024-10-09T10:44:13+00:00","mainEntityOfPage":{"@id":"https:\/\/news.canadamotorjobs.com\/fr\/gm-abandonne-le-nom-ultium-pour-ses-vehicules-electriques-en-2025\/"},"wordCount":595,"publisher":{"@id":"https:\/\/news.canadamotorjobs.com\/#organization"},"image":{"@id":"https:\/\/news.canadamotorjobs.com\/fr\/gm-abandonne-le-nom-ultium-pour-ses-vehicules-electriques-en-2025\/#primaryimage"},"thumbnailUrl":"https:\/\/news.canadamotorjobs.com\/wp-content\/uploads\/2024\/10\/chevrolet-equinox-ev-2024-031652972210487.jpg","articleSection":["Annuel automobile"],"inLanguage":"fr-CA"},{"@type":"WebPage","@id":"https:\/\/news.canadamotorjobs.com\/fr\/gm-abandonne-le-nom-ultium-pour-ses-vehicules-electriques-en-2025\/","url":"https:\/\/news.canadamotorjobs.com\/fr\/gm-abandonne-le-nom-ultium-pour-ses-vehicules-electriques-en-2025\/","name":"GM abandonne le nom Ultium pour ses v\u00e9hicules \u00e9lectriques en 2025 - CanadaMotorJobs.com","isPartOf":{"@id":"https:\/\/news.canadamotorjobs.com\/#website"},"primaryImageOfPage":{"@id":"https:\/\/news.canadamotorjobs.com\/fr\/gm-abandonne-le-nom-ultium-pour-ses-vehicules-electriques-en-2025\/#primaryimage"},"image":{"@id":"https:\/\/news.canadamotorjobs.com\/fr\/gm-abandonne-le-nom-ultium-pour-ses-vehicules-electriques-en-2025\/#primaryimage"},"thumbnailUrl":"https:\/\/news.canadamotorjobs.com\/wp-content\/uploads\/2024\/10\/chevrolet-equinox-ev-2024-031652972210487.jpg","datePublished":"2024-10-09T10:33:21+00:00","dateModified":"2024-10-09T10:44:13+00:00","description":"GM abandonne le nom Ultium pour ses v\u00e9hicules \u00e9lectriques en 2025 - Benoit Charette - Annuel automobile - CanadaMotorJobs.com.","breadcrumb":{"@id":"https:\/\/news.canadamotorjobs.com\/fr\/gm-abandonne-le-nom-ultium-pour-ses-vehicules-electriques-en-2025\/#breadcrumb"},"inLanguage":"fr-CA","potentialAction":[{"@type":"ReadAction","target":["https:\/\/news.canadamotorjobs.com\/fr\/gm-abandonne-le-nom-ultium-pour-ses-vehicules-electriques-en-2025\/"]}]},{"@type":"ImageObject","inLanguage":"fr-CA","@id":"https:\/\/news.canadamotorjobs.com\/fr\/gm-abandonne-le-nom-ultium-pour-ses-vehicules-electriques-en-2025\/#primaryimage","url":"https:\/\/news.canadamotorjobs.com\/wp-content\/uploads\/2024\/10\/chevrolet-equinox-ev-2024-031652972210487.jpg","contentUrl":"https:\/\/news.canadamotorjobs.com\/wp-content\/uploads\/2024\/10\/chevrolet-equinox-ev-2024-031652972210487.jpg","width":1080,"height":518},{"@type":"BreadcrumbList","@id":"https:\/\/news.canadamotorjobs.com\/fr\/gm-abandonne-le-nom-ultium-pour-ses-vehicules-electriques-en-2025\/#breadcrumb","itemListElement":[{"@type":"ListItem","position":1,"name":"Home","item":"https:\/\/news.canadamotorjobs.com\/fr\/blog\/"},{"@type":"ListItem","position":2,"name":"GM abandonne le nom Ultium pour ses v\u00e9hicules \u00e9lectriques en 2025"}]},{"@type":"WebSite","@id":"https:\/\/news.canadamotorjobs.com\/#website","url":"https:\/\/news.canadamotorjobs.com\/","name":"CanadaMotorJobs.com","description":"Automotive Jobs","publisher":{"@id":"https:\/\/news.canadamotorjobs.com\/#organization"},"potentialAction":[{"@type":"SearchAction","target":{"@type":"EntryPoint","urlTemplate":"https:\/\/news.canadamotorjobs.com\/?s={search_term_string}"},"query-input":"required name=search_term_string"}],"inLanguage":"fr-CA"},{"@type":"Organization","@id":"https:\/\/news.canadamotorjobs.com\/#organization","name":"Canada Motor Jobs","url":"https:\/\/news.canadamotorjobs.com\/","logo":{"@type":"ImageObject","inLanguage":"fr-CA","@id":"https:\/\/news.canadamotorjobs.com\/#\/schema\/logo\/image\/","url":"https:\/\/news.canadamotorjobs.com\/wp-content\/uploads\/2022\/10\/logo-canada-motor-jobs-1.png","contentUrl":"https:\/\/news.canadamotorjobs.com\/wp-content\/uploads\/2022\/10\/logo-canada-motor-jobs-1.png","width":800,"height":400,"caption":"Canada Motor Jobs"},"image":{"@id":"https:\/\/news.canadamotorjobs.com\/#\/schema\/logo\/image\/"},"sameAs":["https:\/\/www.facebook.com\/canadamotorjobs\/","https:\/\/x.com\/canadamotorjobs","https:\/\/www.instagram.com\/canadamotorjobs\/","https:\/\/www.linkedin.com\/company\/canadamotorjobs"]},{"@type":"Person","@id":"https:\/\/news.canadamotorjobs.com\/#\/schema\/person\/51793d1f87d44011d7bcc2ed99269a90","name":"Benoit Charette","image":{"@type":"ImageObject","inLanguage":"fr-CA","@id":"https:\/\/news.canadamotorjobs.com\/#\/schema\/person\/image\/","url":"https:\/\/secure.gravatar.com\/avatar\/45f3d2eebcccd909668d7ce7ea7267b6?s=96&d=mm&r=g","contentUrl":"https:\/\/secure.gravatar.com\/avatar\/45f3d2eebcccd909668d7ce7ea7267b6?s=96&d=mm&r=g","caption":"Benoit Charette"},"description":"Benoit Charette \/ Propri\u00e9taire et r\u00e9dacteur en chef Benoit Charette pratique le journalisme automobile depuis bient\u00f4t 30 ans. Il a fait ses classes au c\u00f4t\u00e9 de Daniel H\u00e9raud et au Carnet de route de 1992 \u00e0 2001. Il est fondateur, copropri\u00e9taire et r\u00e9dacteur en chef de L\u2019Annuel de l\u2019automobile, qu\u2019il publie depuis 2001. Il a anim\u00e9 les \u00e9missions RPM et RPM+ sur V et les L\u00e9gendes de la route sur Historia. \u00c0 la radio depuis 1986, il reprend l\u2019antenne cette ann\u00e9e sur les ondes de Cogeco et participe pour la deuxi\u00e8me ann\u00e9e \u00e0 l\u2019\u00e9mission Passion Auto sur RDS en plus de mettre en ligne le site Web officiel de L\u2019Annuel de l\u2019automobile sur annuelauto.ca.","sameAs":["https:\/\/annuelauto.ca\/"],"url":"https:\/\/news.canadamotorjobs.com\/fr\/author\/benoit-charette\/"}]}},"_links":{"self":[{"href":"https:\/\/news.canadamotorjobs.com\/fr\/wp-json\/wp\/v2\/posts\/176434"}],"collection":[{"href":"https:\/\/news.canadamotorjobs.com\/fr\/wp-json\/wp\/v2\/posts"}],"about":[{"href":"https:\/\/news.canadamotorjobs.com\/fr\/wp-json\/wp\/v2\/types\/post"}],"author":[{"embeddable":true,"href":"https:\/\/news.canadamotorjobs.com\/fr\/wp-json\/wp\/v2\/users\/8"}],"replies":[{"embeddable":true,"href":"https:\/\/news.canadamotorjobs.com\/fr\/wp-json\/wp\/v2\/comments?post=176434"}],"version-history":[{"count":2,"href":"https:\/\/news.canadamotorjobs.com\/fr\/wp-json\/wp\/v2\/posts\/176434\/revisions"}],"predecessor-version":[{"id":176438,"href":"https:\/\/news.canadamotorjobs.com\/fr\/wp-json\/wp\/v2\/posts\/176434\/revisions\/176438"}],"wp:featuredmedia":[{"embeddable":true,"href":"https:\/\/news.canadamotorjobs.com\/fr\/wp-json\/wp\/v2\/media\/176436"}],"wp:attachment":[{"href":"https:\/\/news.canadamotorjobs.com\/fr\/wp-json\/wp\/v2\/media?parent=176434"}],"wp:term":[{"taxonomy":"category","embeddable":true,"href":"https:\/\/news.canadamotorjobs.com\/fr\/wp-json\/wp\/v2\/categories?post=176434"},{"taxonomy":"post_tag","embeddable":true,"href":"https:\/\/news.canadamotorjobs.com\/fr\/wp-json\/wp\/v2\/tags?post=176434"}],"curies":[{"name":"wp","href":"https:\/\/api.w.org\/{rel}","templated":true}]}}