{"id":176402,"date":"2024-10-09T06:18:19","date_gmt":"2024-10-09T10:18:19","guid":{"rendered":"https:\/\/news.canadamotorjobs.com\/?p=176402"},"modified":"2024-10-09T06:29:23","modified_gmt":"2024-10-09T10:29:23","slug":"ameliorer-leclairage-de-son-vehicule","status":"publish","type":"post","link":"https:\/\/news.canadamotorjobs.com\/fr\/ameliorer-leclairage-de-son-vehicule\/","title":{"rendered":"Am\u00e9liorer l\u2019\u00e9clairage de son v\u00e9hicule"},"content":{"rendered":"<\/p>\n<p>L&#8217;\u00e9clairage est un \u00e9l\u00e9ment essentiel de la s\u00e9curit\u00e9 routi\u00e8re, mais c&#8217;est aussi un aspect o\u00f9 de nombreux v\u00e9hicules peuvent \u00eatre am\u00e9lior\u00e9s. Que vous soyez conducteur d&#8217;un v\u00e9hicule de tous les jours, d&#8217;un 4&#215;4 tout-terrain, ou d&#8217;un VTT Powersport, une meilleure visibilit\u00e9 vous assure une conduite plus s\u00e9curitaire et plus agr\u00e9able. Chez <a href=\"https:\/\/pasuper.com\/\">Pi\u00e8ces d&#8217;auto Super<\/a>, nous offrons une gamme d&#8217;\u00e9quipements d&#8217;\u00e9clairage DEL (diodes \u00e9lectroluminescentes) de la marque Arenco qui r\u00e9pondront aux besoins de chaque conducteur.<\/p>\n<p><img loading=\"lazy\" decoding=\"async\" class=\"alignnone size-medium wp-image-699473\" src=\"https:\/\/news.canadamotorjobs.com\/wp-content\/uploads\/2024\/10\/970x250-pasuper-500x129-2.gif\" alt=\"\" width=\"500\" height=\"129\" \/><\/p>\n<p>Dans cet article, nous allons explorer les avantages des ensembles de conversion DEL, ainsi que les options suppl\u00e9mentaires comme les barres DEL pour camions, machinerie et VTT.<\/p>\n<h3><strong>Pourquoi passer aux DEL ?<\/strong><\/h3>\n<p>\nLes ampoules traditionnelles comme les halog\u00e8nes offrent une dur\u00e9e de vie limit\u00e9e et consomment plus d&#8217;\u00e9nergie par rapport \u00e0 l&#8217;\u00e9clairage DEL. Voici quelques avantages clairs du passage aux DEL :<\/p>\n<p>Dur\u00e9e de vie accrue : Les ampoules DEL peuvent durer jusqu&#8217;\u00e0 25 000 heures, bien plus que les ampoules halog\u00e8nes classiques.<\/p>\n<p>Efficacit\u00e9 \u00e9nerg\u00e9tique : Elles consomment beaucoup moins d&#8217;\u00e9lectricit\u00e9, ce qui r\u00e9duit la charge sur votre batterie.<\/p>\n<p>Meilleure visibilit\u00e9 : Un \u00e9clairage plus net, plus blanc, et qui illumine davantage la route, ce qui am\u00e9liore la visibilit\u00e9 de nuit ou dans des conditions m\u00e9t\u00e9orologiques difficiles.<\/p>\n<p>R\u00e9sistance aux vibrations : Contrairement aux ampoules classiques, les DEL sont plus r\u00e9sistantes aux chocs et vibrations, parfait pour les routes accident\u00e9es ou les aventures tout-terrain.<\/p>\n<h3><strong>Ensembles de conversion au DEL Arenco<\/strong><\/h3>\n<p>\nChez Pi\u00e8ces d&#8217;auto Super, nous proposons des ensembles de conversion au DEL de la marque Arenco, reconnus pour leur performance et leur facilit\u00e9 d&#8217;installation. Ces kits vous permettent de remplacer directement vos anciennes ampoules halog\u00e8nes par des DEL plus efficaces.<\/p>\n<p>\u00a0<\/p>\n<h3><strong>Principaux avantages des kits DEL Arenco :<\/strong><\/h3>\n<p>\nInstallation facile : Les kits Arenco sont con\u00e7us pour \u00eatre install\u00e9s sans modifications importantes sur la plupart des v\u00e9hicules.<\/p>\n<p>Puissance d&#8217;\u00e9clairage : Les DEL Arenco offrent un faisceau lumineux intense, parfait pour am\u00e9liorer la visibilit\u00e9 lors de la conduite nocturne ou dans des conditions m\u00e9t\u00e9orologiques difficiles.<\/p>\n<p>Large compatibilit\u00e9 : Disponibles pour une large gamme de v\u00e9hicules, que ce soit pour des voitures classiques, des camions ou des v\u00e9hicules utilitaires.<\/p>\n<p>En optant pour un kit de conversion DEL, vous optimisez non seulement la visibilit\u00e9, mais vous r\u00e9duisez \u00e9galement les besoins en entretien, gr\u00e2ce \u00e0 la durabilit\u00e9 des DEL.<\/p>\n<p>\u00a0<\/p>\n<h3><strong>Barres DEL pour camions 4&#215;4 et machinerie<\/strong><\/h3>\n<p>\nPour les amateurs de conduite hors route ou ceux qui travaillent avec des v\u00e9hicules lourds comme la machinerie agricole ou industrielle, les barres DEL offrent une solution d\u2019\u00e9clairage puissante et robuste.<\/p>\n<p>\u00a0<\/p>\n<h3><strong>Avantages des barres DEL :<\/strong><\/h3>\n<p>\nPort\u00e9e \u00e9tendue : Ces barres offrent un faisceau lumineux large et longue port\u00e9e, id\u00e9al pour les aventures nocturnes en 4&#215;4 ou pour \u00e9clairer une zone de travail sur un chantier.<\/p>\n<p>Robustesse : Con\u00e7ues pour r\u00e9sister aux conditions difficiles, les barres DEL sont r\u00e9sistantes \u00e0 l&#8217;eau, aux chocs et aux vibrations.<\/p>\n<p>Personnalisation : Disponibles en diff\u00e9rentes tailles et intensit\u00e9s, vous pouvez facilement trouver la barre DEL qui convient le mieux \u00e0 votre v\u00e9hicule et \u00e0 vos besoins sp\u00e9cifiques.<\/p>\n<p>Que vous rouliez en tout-terrain avec votre camion ou que vous utilisiez de la machinerie lourde, les barres DEL sont l&#8217;alli\u00e9 parfait pour voir et \u00eatre vu.<\/p>\n<p>\u00a0<\/p>\n<h3><strong>\u00c9clairage pour VTT et Powersport<\/strong><\/h3>\n<p>\nLes amateurs de VTT ou de v\u00e9hicules powersport savent que l&#8217;\u00e9clairage est crucial pour des aventures en toute s\u00e9curit\u00e9, surtout lors des sorties de nuit ou dans des conditions m\u00e9t\u00e9orologiques changeantes. Nos barres DEL compactes et puissantes sont id\u00e9ales pour les VTT et autres v\u00e9hicules powersport.<\/p>\n<p>\u00a0<\/p>\n<h3><strong>Pourquoi \u00e9quiper son VTT de barres DEL ?<\/strong><\/h3>\n<p>\nVisibilit\u00e9 am\u00e9lior\u00e9e : Les barres DEL augmentent la visibilit\u00e9 dans les terrains accident\u00e9s ou dans des environnements avec peu de lumi\u00e8re.<\/p>\n<p>Style et personnalisation : Outre la fonctionnalit\u00e9, les barres DEL apportent un look moderne et sportif \u00e0 votre VTT.<\/p>\n<p>R\u00e9sistance aux intemp\u00e9ries : Les barres DEL disponibles chez Pi\u00e8ces d&#8217;auto Super sont con\u00e7ues pour r\u00e9sister aux \u00e9l\u00e9ments, que ce soit la boue, la pluie ou la poussi\u00e8re.<\/p>\n<h3><strong>Conclusion<\/strong><\/h3>\n<p>\nAm\u00e9liorer l\u2019\u00e9clairage de votre v\u00e9hicule, qu&#8217;il s&#8217;agisse d&#8217;une voiture, d&#8217;un camion 4&#215;4 ou d&#8217;un VTT, est une mani\u00e8re simple d&#8217;augmenter votre s\u00e9curit\u00e9 et de rendre vos trajets plus confortables. Chez <a href=\"https:\/\/pasuper.com\/\">Pi\u00e8ces d&#8217;auto Super<\/a>, nous proposons une large gamme de solutions d&#8217;\u00e9clairage DEL Arenco adapt\u00e9es \u00e0 tous vos besoins.<\/p>\n<p>Que vous souhaitiez installer un kit de conversion DEL, ajouter des barres d&#8217;\u00e9clairage sur votre camion ou VTT, ou simplement explorer des options pour votre v\u00e9hicule, notre \u00e9quipe est l\u00e0 pour vous aider \u00e0 choisir les \u00e9quipements adapt\u00e9s.<\/p>\n<p>N&#8217;h\u00e9sitez pas \u00e0 passer en magasin pour d\u00e9couvrir notre gamme de produits d&#8217;\u00e9clairage ou visiter notre site web pour plus d&#8217;informations.<\/p>\n<p>Boostez votre visibilit\u00e9, am\u00e9liorez votre s\u00e9curit\u00e9, et profitez de vos trajets avec les solutions DEL chez <a href=\"https:\/\/pasuper.com\/\">Pi\u00e8ces d&#8217;auto Super !<\/a><\/p>\n<p>\u00a0<\/p>\n<p>Le texte <a rel=\"nofollow\" href=\"https:\/\/annuelauto.ca\/ameliorer-leclairage-de-son-vehicule\/\">Am\u00e9liorer l\u2019\u00e9clairage de son v\u00e9hicule<\/a> provient de <a rel=\"nofollow\" href=\"https:\/\/annuelauto.ca\">L&#8217;annuel de l&#8217;automobile &#8211; Actualit\u00e9 automobile<\/a><\/p>\n<p><\/p>\n","protected":false},"excerpt":{"rendered":"<p>L&#8217;\u00e9clairage est un \u00e9l\u00e9ment essentiel de la s\u00e9curit\u00e9 routi\u00e8re, mais c&#8217;est aussi un aspect o\u00f9 de nombreux v\u00e9hicules peuvent \u00eatre am\u00e9lior\u00e9s. Que vous soyez conducteur d&#8217;un v\u00e9hicule de tous les jours, d&#8217;un 4&#215;4 tout-terrain, ou d&#8217;un VTT Powersport, une meilleure visibilit\u00e9 vous assure une conduite plus s\u00e9curitaire et plus agr\u00e9able. Chez Pi\u00e8ces d&#8217;auto Super, nous [&hellip;]<\/p>\n","protected":false},"author":8,"featured_media":176404,"comment_status":"close","ping_status":"closed","sticky":false,"template":"","format":"standard","meta":{"_monsterinsights_skip_tracking":false,"_monsterinsights_sitenote_active":false,"_monsterinsights_sitenote_note":"","_monsterinsights_sitenote_category":0,"footnotes":""},"categories":[101],"tags":[],"yoast_head":"<!-- This site is optimized with the Yoast SEO plugin v23.2 - https:\/\/yoast.com\/wordpress\/plugins\/seo\/ -->\n<title>Am\u00e9liorer l\u2019\u00e9clairage de son v\u00e9hicule - CanadaMotorJobs.com<\/title>\n<meta name=\"description\" content=\"Am\u00e9liorer l\u2019\u00e9clairage de son v\u00e9hicule - Benoit Charette - Annuel automobile - CanadaMotorJobs.com.\" \/>\n<meta name=\"robots\" content=\"index, follow, max-snippet:-1, max-image-preview:large, max-video-preview:-1\" \/>\n<meta property=\"og:locale\" content=\"fr_CA\" \/>\n<meta property=\"og:type\" content=\"article\" \/>\n<meta property=\"og:title\" content=\"Am\u00e9liorer l\u2019\u00e9clairage de son v\u00e9hicule - CanadaMotorJobs.com\" \/>\n<meta property=\"og:description\" content=\"Am\u00e9liorer l\u2019\u00e9clairage de son v\u00e9hicule - Benoit Charette - Annuel automobile - CanadaMotorJobs.com.\" \/>\n<meta property=\"og:url\" content=\"https:\/\/news.canadamotorjobs.com\/fr\/ameliorer-leclairage-de-son-vehicule\/\" \/>\n<meta property=\"og:site_name\" content=\"CanadaMotorJobs.com\" \/>\n<meta property=\"article:publisher\" content=\"https:\/\/www.facebook.com\/canadamotorjobs\/\" \/>\n<meta property=\"article:published_time\" content=\"2024-10-09T10:18:19+00:00\" \/>\n<meta property=\"article:modified_time\" content=\"2024-10-09T10:29:23+00:00\" \/>\n<meta property=\"og:image\" content=\"https:\/\/news.canadamotorjobs.com\/wp-content\/uploads\/2024\/10\/Header_Duotone-Blue-Headlight.jpg\" \/>\n\t<meta property=\"og:image:width\" content=\"1920\" \/>\n\t<meta property=\"og:image:height\" content=\"720\" \/>\n\t<meta property=\"og:image:type\" content=\"image\/jpeg\" \/>\n<meta name=\"author\" content=\"Benoit Charette\" \/>\n<meta name=\"twitter:card\" content=\"summary_large_image\" \/>\n<meta name=\"twitter:creator\" content=\"@canadamotorjobs\" \/>\n<meta name=\"twitter:site\" content=\"@canadamotorjobs\" \/>\n<meta name=\"twitter:label1\" content=\"\u00c9crit par\" \/>\n\t<meta name=\"twitter:data1\" content=\"Benoit Charette\" \/>\n\t<meta name=\"twitter:label2\" content=\"Estimation du temps de lecture\" \/>\n\t<meta name=\"twitter:data2\" content=\"4 minutes\" \/>\n<!-- \/ Yoast SEO plugin. -->","yoast_head_json":{"title":"Am\u00e9liorer l\u2019\u00e9clairage de son v\u00e9hicule - CanadaMotorJobs.com","description":"Am\u00e9liorer l\u2019\u00e9clairage de son v\u00e9hicule - Benoit Charette - Annuel automobile - CanadaMotorJobs.com.","robots":{"index":"index","follow":"follow","max-snippet":"max-snippet:-1","max-image-preview":"max-image-preview:large","max-video-preview":"max-video-preview:-1"},"og_locale":"fr_CA","og_type":"article","og_title":"Am\u00e9liorer l\u2019\u00e9clairage de son v\u00e9hicule - CanadaMotorJobs.com","og_description":"Am\u00e9liorer l\u2019\u00e9clairage de son v\u00e9hicule - Benoit Charette - Annuel automobile - CanadaMotorJobs.com.","og_url":"https:\/\/news.canadamotorjobs.com\/fr\/ameliorer-leclairage-de-son-vehicule\/","og_site_name":"CanadaMotorJobs.com","article_publisher":"https:\/\/www.facebook.com\/canadamotorjobs\/","article_published_time":"2024-10-09T10:18:19+00:00","article_modified_time":"2024-10-09T10:29:23+00:00","og_image":[{"width":1920,"height":720,"url":"https:\/\/news.canadamotorjobs.com\/wp-content\/uploads\/2024\/10\/Header_Duotone-Blue-Headlight.jpg","type":"image\/jpeg"}],"author":"Benoit Charette","twitter_card":"summary_large_image","twitter_creator":"@canadamotorjobs","twitter_site":"@canadamotorjobs","twitter_misc":{"\u00c9crit par":"Benoit Charette","Estimation du temps de lecture":"4 minutes"},"schema":{"@context":"https:\/\/schema.org","@graph":[{"@type":"Article","@id":"https:\/\/news.canadamotorjobs.com\/fr\/ameliorer-leclairage-de-son-vehicule\/#article","isPartOf":{"@id":"https:\/\/news.canadamotorjobs.com\/fr\/ameliorer-leclairage-de-son-vehicule\/"},"author":{"name":"Benoit Charette","@id":"https:\/\/news.canadamotorjobs.com\/#\/schema\/person\/51793d1f87d44011d7bcc2ed99269a90"},"headline":"Am\u00e9liorer l\u2019\u00e9clairage de son v\u00e9hicule","datePublished":"2024-10-09T10:18:19+00:00","dateModified":"2024-10-09T10:29:23+00:00","mainEntityOfPage":{"@id":"https:\/\/news.canadamotorjobs.com\/fr\/ameliorer-leclairage-de-son-vehicule\/"},"wordCount":888,"publisher":{"@id":"https:\/\/news.canadamotorjobs.com\/#organization"},"image":{"@id":"https:\/\/news.canadamotorjobs.com\/fr\/ameliorer-leclairage-de-son-vehicule\/#primaryimage"},"thumbnailUrl":"https:\/\/news.canadamotorjobs.com\/wp-content\/uploads\/2024\/10\/Header_Duotone-Blue-Headlight.jpg","articleSection":["Annuel automobile"],"inLanguage":"fr-CA"},{"@type":"WebPage","@id":"https:\/\/news.canadamotorjobs.com\/fr\/ameliorer-leclairage-de-son-vehicule\/","url":"https:\/\/news.canadamotorjobs.com\/fr\/ameliorer-leclairage-de-son-vehicule\/","name":"Am\u00e9liorer l\u2019\u00e9clairage de son v\u00e9hicule - CanadaMotorJobs.com","isPartOf":{"@id":"https:\/\/news.canadamotorjobs.com\/#website"},"primaryImageOfPage":{"@id":"https:\/\/news.canadamotorjobs.com\/fr\/ameliorer-leclairage-de-son-vehicule\/#primaryimage"},"image":{"@id":"https:\/\/news.canadamotorjobs.com\/fr\/ameliorer-leclairage-de-son-vehicule\/#primaryimage"},"thumbnailUrl":"https:\/\/news.canadamotorjobs.com\/wp-content\/uploads\/2024\/10\/Header_Duotone-Blue-Headlight.jpg","datePublished":"2024-10-09T10:18:19+00:00","dateModified":"2024-10-09T10:29:23+00:00","description":"Am\u00e9liorer l\u2019\u00e9clairage de son v\u00e9hicule - Benoit Charette - Annuel automobile - CanadaMotorJobs.com.","breadcrumb":{"@id":"https:\/\/news.canadamotorjobs.com\/fr\/ameliorer-leclairage-de-son-vehicule\/#breadcrumb"},"inLanguage":"fr-CA","potentialAction":[{"@type":"ReadAction","target":["https:\/\/news.canadamotorjobs.com\/fr\/ameliorer-leclairage-de-son-vehicule\/"]}]},{"@type":"ImageObject","inLanguage":"fr-CA","@id":"https:\/\/news.canadamotorjobs.com\/fr\/ameliorer-leclairage-de-son-vehicule\/#primaryimage","url":"https:\/\/news.canadamotorjobs.com\/wp-content\/uploads\/2024\/10\/Header_Duotone-Blue-Headlight.jpg","contentUrl":"https:\/\/news.canadamotorjobs.com\/wp-content\/uploads\/2024\/10\/Header_Duotone-Blue-Headlight.jpg","width":1920,"height":720},{"@type":"BreadcrumbList","@id":"https:\/\/news.canadamotorjobs.com\/fr\/ameliorer-leclairage-de-son-vehicule\/#breadcrumb","itemListElement":[{"@type":"ListItem","position":1,"name":"Home","item":"https:\/\/news.canadamotorjobs.com\/fr\/blog\/"},{"@type":"ListItem","position":2,"name":"Am\u00e9liorer l\u2019\u00e9clairage de son v\u00e9hicule"}]},{"@type":"WebSite","@id":"https:\/\/news.canadamotorjobs.com\/#website","url":"https:\/\/news.canadamotorjobs.com\/","name":"CanadaMotorJobs.com","description":"Automotive Jobs","publisher":{"@id":"https:\/\/news.canadamotorjobs.com\/#organization"},"potentialAction":[{"@type":"SearchAction","target":{"@type":"EntryPoint","urlTemplate":"https:\/\/news.canadamotorjobs.com\/?s={search_term_string}"},"query-input":"required name=search_term_string"}],"inLanguage":"fr-CA"},{"@type":"Organization","@id":"https:\/\/news.canadamotorjobs.com\/#organization","name":"Canada Motor Jobs","url":"https:\/\/news.canadamotorjobs.com\/","logo":{"@type":"ImageObject","inLanguage":"fr-CA","@id":"https:\/\/news.canadamotorjobs.com\/#\/schema\/logo\/image\/","url":"https:\/\/news.canadamotorjobs.com\/wp-content\/uploads\/2022\/10\/logo-canada-motor-jobs-1.png","contentUrl":"https:\/\/news.canadamotorjobs.com\/wp-content\/uploads\/2022\/10\/logo-canada-motor-jobs-1.png","width":800,"height":400,"caption":"Canada Motor Jobs"},"image":{"@id":"https:\/\/news.canadamotorjobs.com\/#\/schema\/logo\/image\/"},"sameAs":["https:\/\/www.facebook.com\/canadamotorjobs\/","https:\/\/x.com\/canadamotorjobs","https:\/\/www.instagram.com\/canadamotorjobs\/","https:\/\/www.linkedin.com\/company\/canadamotorjobs"]},{"@type":"Person","@id":"https:\/\/news.canadamotorjobs.com\/#\/schema\/person\/51793d1f87d44011d7bcc2ed99269a90","name":"Benoit Charette","image":{"@type":"ImageObject","inLanguage":"fr-CA","@id":"https:\/\/news.canadamotorjobs.com\/#\/schema\/person\/image\/","url":"https:\/\/secure.gravatar.com\/avatar\/45f3d2eebcccd909668d7ce7ea7267b6?s=96&d=mm&r=g","contentUrl":"https:\/\/secure.gravatar.com\/avatar\/45f3d2eebcccd909668d7ce7ea7267b6?s=96&d=mm&r=g","caption":"Benoit Charette"},"description":"Benoit Charette \/ Propri\u00e9taire et r\u00e9dacteur en chef Benoit Charette pratique le journalisme automobile depuis bient\u00f4t 30 ans. Il a fait ses classes au c\u00f4t\u00e9 de Daniel H\u00e9raud et au Carnet de route de 1992 \u00e0 2001. Il est fondateur, copropri\u00e9taire et r\u00e9dacteur en chef de L\u2019Annuel de l\u2019automobile, qu\u2019il publie depuis 2001. Il a anim\u00e9 les \u00e9missions RPM et RPM+ sur V et les L\u00e9gendes de la route sur Historia. \u00c0 la radio depuis 1986, il reprend l\u2019antenne cette ann\u00e9e sur les ondes de Cogeco et participe pour la deuxi\u00e8me ann\u00e9e \u00e0 l\u2019\u00e9mission Passion Auto sur RDS en plus de mettre en ligne le site Web officiel de L\u2019Annuel de l\u2019automobile sur annuelauto.ca.","sameAs":["https:\/\/annuelauto.ca\/"],"url":"https:\/\/news.canadamotorjobs.com\/fr\/author\/benoit-charette\/"}]}},"_links":{"self":[{"href":"https:\/\/news.canadamotorjobs.com\/fr\/wp-json\/wp\/v2\/posts\/176402"}],"collection":[{"href":"https:\/\/news.canadamotorjobs.com\/fr\/wp-json\/wp\/v2\/posts"}],"about":[{"href":"https:\/\/news.canadamotorjobs.com\/fr\/wp-json\/wp\/v2\/types\/post"}],"author":[{"embeddable":true,"href":"https:\/\/news.canadamotorjobs.com\/fr\/wp-json\/wp\/v2\/users\/8"}],"replies":[{"embeddable":true,"href":"https:\/\/news.canadamotorjobs.com\/fr\/wp-json\/wp\/v2\/comments?post=176402"}],"version-history":[{"count":3,"href":"https:\/\/news.canadamotorjobs.com\/fr\/wp-json\/wp\/v2\/posts\/176402\/revisions"}],"predecessor-version":[{"id":176433,"href":"https:\/\/news.canadamotorjobs.com\/fr\/wp-json\/wp\/v2\/posts\/176402\/revisions\/176433"}],"wp:featuredmedia":[{"embeddable":true,"href":"https:\/\/news.canadamotorjobs.com\/fr\/wp-json\/wp\/v2\/media\/176404"}],"wp:attachment":[{"href":"https:\/\/news.canadamotorjobs.com\/fr\/wp-json\/wp\/v2\/media?parent=176402"}],"wp:term":[{"taxonomy":"category","embeddable":true,"href":"https:\/\/news.canadamotorjobs.com\/fr\/wp-json\/wp\/v2\/categories?post=176402"},{"taxonomy":"post_tag","embeddable":true,"href":"https:\/\/news.canadamotorjobs.com\/fr\/wp-json\/wp\/v2\/tags?post=176402"}],"curies":[{"name":"wp","href":"https:\/\/api.w.org\/{rel}","templated":true}]}}