{"id":176342,"date":"2024-10-09T03:24:32","date_gmt":"2024-10-09T07:24:32","guid":{"rendered":"https:\/\/news.canadamotorjobs.com\/?p=176342"},"modified":"2024-10-09T03:29:34","modified_gmt":"2024-10-09T07:29:34","slug":"jeep-partage-une-image-de-son-compass-2026","status":"publish","type":"post","link":"https:\/\/news.canadamotorjobs.com\/fr\/jeep-partage-une-image-de-son-compass-2026\/","title":{"rendered":"Jeep partage une image de son Compass 2026"},"content":{"rendered":"<\/p>\n<p>Jeep a profit\u00e9 du d\u00e9but de cette semaine pour nous livrer un premier aper\u00e7u de la prochaine g\u00e9n\u00e9ration de son mod\u00e8le Compass, qui devrait faire ses d\u00e9buts l\u2019ann\u00e9e prochaine comme produit 2026.<\/p>\n<p><strong>L\u2019Europe d\u2019abord<\/strong><\/p>\n<p>Le VUS va d\u2019abord faire ses d\u00e9buts en sol europ\u00e9en, avant d\u2019\u00eatre ensuite propos\u00e9 \u00e0 l\u2019Am\u00e9rique du Nord, puis \u00e0 d\u2019autres march\u00e9s en 2026. Voil\u00e0 pourquoi on s\u2019attend \u00e0 ce que le v\u00e9hicule soit un mill\u00e9sime 2026 de ce c\u00f4t\u00e9-ci de l\u2019Atlantique.<\/p>\n<p>\u00a0<\/p>\n<p><\/p>\n<figure><img decoding=\"async\" src=\"https:\/\/news.canadamotorjobs.com\/wp-content\/uploads\/2024\/10\/2026-jeep-compass-teaser-001-5.jpg\" alt=\"Le futur Jeep Compass 2026\" \/><figcaption>Le futur Jeep Compass 2026 | Auto123.com<\/figcaption><\/figure>\n<p>L\u2019image partag\u00e9e est une esquisse qui ne montre que tr\u00e8s peu de choses, outre une ligne aux contours marqu\u00e9s par la robustesse. Les passages de roues sont prononc\u00e9s, et les porte-\u00e0-faux sont cours. On reconna\u00eet, tant \u00e0 l\u2019avant qu\u2019\u00e0 l\u2019arri\u00e8re, la signature de Jeep avec les phares et les feux, m\u00eame si l\u2019on voit peu ces derniers. Le montant C\u2019est aussi noirci, ce qui est \u00e0 la mode et donne l\u2019effet d\u2019un toit flottant.<\/p>\n<p><strong>La suite des choses<\/strong><\/p>\n<p>La production aura lieu \u00e0 l\u2019une des usines du groupe qui est situ\u00e9 \u00e0 Melfi, en Italie. Elle fait partie de celles qui produisent la g\u00e9n\u00e9ration actuelle du Compass.<\/p>\n<p>La nouvelle cuv\u00e9e sera construite sur la plateforme <em>STLA Medium<\/em> de Stellantis. Cette derni\u00e8re est con\u00e7ue pour les v\u00e9hicules \u00e9lectriques de formats compacts et interm\u00e9diaires, mais elle peut aussi recevoir des groupes motopropulseurs \u00e0 essence et hybrides rechargeables.<\/p>\n<p><\/p>\n<figure><img decoding=\"async\" src=\"https:\/\/news.canadamotorjobs.com\/wp-content\/uploads\/2024\/10\/2026-jeep-compass-teaser-002-1.jpg\" alt=\"La plateforme STLA Medium de Stellantis\" \/><figcaption>La plateforme STLA Medium de Stellantis | Auto123.com<\/figcaption><\/figure>\n<p>\u00c0 ce titre, Jeep a d\u00e9j\u00e0 d\u00e9clar\u00e9 que son Compass offrirait diff\u00e9rents syst\u00e8mes de propulsion, ce qui sugg\u00e8re que des versions \u00e0 essence et hybrides rechargeables seront lanc\u00e9es en m\u00eame temps qu\u2019une solution tout \u00e9lectrique.<\/p>\n<p>Opel, une autre marque de Stellantis, a d\u00e9voil\u00e9 en d\u00e9but d\u2019ann\u00e9e un VUS compact nomm\u00e9 Grandland, qui est bas\u00e9 sur la plateforme STLA Medium. Ce v\u00e9hicule propose des motorisations \u00e0 essence, hybrides rechargeables et \u00e9lectriques. Dans la version \u00e9lectrique, la plus grosse batterie a une capacit\u00e9 de 98 kWh. Reste \u00e0 voir si c\u2019est elle qu\u2019on r\u00e9servera pour l\u2019\u00e9ventuel Compass \u00e9lectrique.<\/p>\n<p>La g\u00e9n\u00e9ration actuelle du Compass est en vente depuis l\u2019ann\u00e9e-mod\u00e8le 2017. Le mod\u00e8le, malgr\u00e9 ses d\u00e9fauts et son prix sal\u00e9, est le troisi\u00e8me v\u00e9hicule le plus vendu chez Jeep, derri\u00e8re le Wrangler et le Grand Cherokee. Malgr\u00e9 son \u00e2ge, les ventes du Compass ont augment\u00e9 de 12 % l\u2019ann\u00e9e derni\u00e8re aux \u00c9tats-Unis pour atteindre 96 173 unit\u00e9s.<\/p>\n<p>L\u2019an dernier, au Canada, il s\u2019est vendu 6206 Compass, soit 16,5 % de plus qu\u2019en 2022. (5328 unit\u00e9s).<\/p>\n<p><\/p>\n<p style=\"padding-top: 15px\">Contenu original de <a href=\"https:\/\/www.auto123.com\/fr\/actualites\/jeep-compass-2026-images-profil\/71917\/\">auto123<\/a>.<\/p>\n<p>Le texte <a rel=\"nofollow\" href=\"https:\/\/annuelauto.ca\/jeep-partage-une-image-de-son-compass-2026\/\">Jeep partage une image de son Compass 2026<\/a> provient de <a rel=\"nofollow\" href=\"https:\/\/annuelauto.ca\">L&#8217;annuel de l&#8217;automobile &#8211; Actualit\u00e9 automobile<\/a><\/p>\n<p><\/p>\n","protected":false},"excerpt":{"rendered":"<p>Jeep a profit\u00e9 du d\u00e9but de cette semaine pour nous livrer un premier aper\u00e7u de la prochaine g\u00e9n\u00e9ration de son mod\u00e8le Compass, qui devrait faire ses d\u00e9buts l\u2019ann\u00e9e prochaine comme produit 2026. L\u2019Europe d\u2019abord Le VUS va d\u2019abord faire ses d\u00e9buts en sol europ\u00e9en, avant d\u2019\u00eatre ensuite propos\u00e9 \u00e0 l\u2019Am\u00e9rique du Nord, puis \u00e0 d\u2019autres [&hellip;]<\/p>\n","protected":false},"author":8,"featured_media":176344,"comment_status":"close","ping_status":"closed","sticky":false,"template":"","format":"standard","meta":{"_monsterinsights_skip_tracking":false,"_monsterinsights_sitenote_active":false,"_monsterinsights_sitenote_note":"","_monsterinsights_sitenote_category":0,"footnotes":""},"categories":[101],"tags":[],"yoast_head":"<!-- This site is optimized with the Yoast SEO plugin v23.2 - https:\/\/yoast.com\/wordpress\/plugins\/seo\/ -->\n<title>Jeep partage une image de son Compass 2026 - CanadaMotorJobs.com<\/title>\n<meta name=\"description\" content=\"Jeep partage une image de son Compass 2026 - Benoit Charette - Annuel automobile - CanadaMotorJobs.com.\" \/>\n<meta name=\"robots\" content=\"index, follow, max-snippet:-1, max-image-preview:large, max-video-preview:-1\" \/>\n<meta property=\"og:locale\" content=\"fr_CA\" \/>\n<meta property=\"og:type\" content=\"article\" \/>\n<meta property=\"og:title\" content=\"Jeep partage une image de son Compass 2026 - CanadaMotorJobs.com\" \/>\n<meta property=\"og:description\" content=\"Jeep partage une image de son Compass 2026 - Benoit Charette - Annuel automobile - CanadaMotorJobs.com.\" \/>\n<meta property=\"og:url\" content=\"https:\/\/news.canadamotorjobs.com\/fr\/jeep-partage-une-image-de-son-compass-2026\/\" \/>\n<meta property=\"og:site_name\" content=\"CanadaMotorJobs.com\" \/>\n<meta property=\"article:publisher\" content=\"https:\/\/www.facebook.com\/canadamotorjobs\/\" \/>\n<meta property=\"article:published_time\" content=\"2024-10-09T07:24:32+00:00\" \/>\n<meta property=\"article:modified_time\" content=\"2024-10-09T07:29:34+00:00\" \/>\n<meta property=\"og:image\" content=\"https:\/\/news.canadamotorjobs.com\/wp-content\/uploads\/2024\/10\/2026-jeep-compass-teaser-001.jpg\" \/>\n\t<meta property=\"og:image:width\" content=\"1200\" \/>\n\t<meta property=\"og:image:height\" content=\"675\" \/>\n\t<meta property=\"og:image:type\" content=\"image\/jpeg\" \/>\n<meta name=\"author\" content=\"Benoit Charette\" \/>\n<meta name=\"twitter:card\" content=\"summary_large_image\" \/>\n<meta name=\"twitter:creator\" content=\"@canadamotorjobs\" \/>\n<meta name=\"twitter:site\" content=\"@canadamotorjobs\" \/>\n<meta name=\"twitter:label1\" content=\"\u00c9crit par\" \/>\n\t<meta name=\"twitter:data1\" content=\"Benoit Charette\" \/>\n\t<meta name=\"twitter:label2\" content=\"Estimation du temps de lecture\" \/>\n\t<meta name=\"twitter:data2\" content=\"2 minutes\" \/>\n<!-- \/ Yoast SEO plugin. -->","yoast_head_json":{"title":"Jeep partage une image de son Compass 2026 - CanadaMotorJobs.com","description":"Jeep partage une image de son Compass 2026 - Benoit Charette - Annuel automobile - CanadaMotorJobs.com.","robots":{"index":"index","follow":"follow","max-snippet":"max-snippet:-1","max-image-preview":"max-image-preview:large","max-video-preview":"max-video-preview:-1"},"og_locale":"fr_CA","og_type":"article","og_title":"Jeep partage une image de son Compass 2026 - CanadaMotorJobs.com","og_description":"Jeep partage une image de son Compass 2026 - Benoit Charette - Annuel automobile - CanadaMotorJobs.com.","og_url":"https:\/\/news.canadamotorjobs.com\/fr\/jeep-partage-une-image-de-son-compass-2026\/","og_site_name":"CanadaMotorJobs.com","article_publisher":"https:\/\/www.facebook.com\/canadamotorjobs\/","article_published_time":"2024-10-09T07:24:32+00:00","article_modified_time":"2024-10-09T07:29:34+00:00","og_image":[{"width":1200,"height":675,"url":"https:\/\/news.canadamotorjobs.com\/wp-content\/uploads\/2024\/10\/2026-jeep-compass-teaser-001.jpg","type":"image\/jpeg"}],"author":"Benoit Charette","twitter_card":"summary_large_image","twitter_creator":"@canadamotorjobs","twitter_site":"@canadamotorjobs","twitter_misc":{"\u00c9crit par":"Benoit Charette","Estimation du temps de lecture":"2 minutes"},"schema":{"@context":"https:\/\/schema.org","@graph":[{"@type":"Article","@id":"https:\/\/news.canadamotorjobs.com\/fr\/jeep-partage-une-image-de-son-compass-2026\/#article","isPartOf":{"@id":"https:\/\/news.canadamotorjobs.com\/fr\/jeep-partage-une-image-de-son-compass-2026\/"},"author":{"name":"Benoit Charette","@id":"https:\/\/news.canadamotorjobs.com\/#\/schema\/person\/51793d1f87d44011d7bcc2ed99269a90"},"headline":"Jeep partage une image de son Compass 2026","datePublished":"2024-10-09T07:24:32+00:00","dateModified":"2024-10-09T07:29:34+00:00","mainEntityOfPage":{"@id":"https:\/\/news.canadamotorjobs.com\/fr\/jeep-partage-une-image-de-son-compass-2026\/"},"wordCount":492,"publisher":{"@id":"https:\/\/news.canadamotorjobs.com\/#organization"},"image":{"@id":"https:\/\/news.canadamotorjobs.com\/fr\/jeep-partage-une-image-de-son-compass-2026\/#primaryimage"},"thumbnailUrl":"https:\/\/news.canadamotorjobs.com\/wp-content\/uploads\/2024\/10\/2026-jeep-compass-teaser-001.jpg","articleSection":["Annuel automobile"],"inLanguage":"fr-CA"},{"@type":"WebPage","@id":"https:\/\/news.canadamotorjobs.com\/fr\/jeep-partage-une-image-de-son-compass-2026\/","url":"https:\/\/news.canadamotorjobs.com\/fr\/jeep-partage-une-image-de-son-compass-2026\/","name":"Jeep partage une image de son Compass 2026 - CanadaMotorJobs.com","isPartOf":{"@id":"https:\/\/news.canadamotorjobs.com\/#website"},"primaryImageOfPage":{"@id":"https:\/\/news.canadamotorjobs.com\/fr\/jeep-partage-une-image-de-son-compass-2026\/#primaryimage"},"image":{"@id":"https:\/\/news.canadamotorjobs.com\/fr\/jeep-partage-une-image-de-son-compass-2026\/#primaryimage"},"thumbnailUrl":"https:\/\/news.canadamotorjobs.com\/wp-content\/uploads\/2024\/10\/2026-jeep-compass-teaser-001.jpg","datePublished":"2024-10-09T07:24:32+00:00","dateModified":"2024-10-09T07:29:34+00:00","description":"Jeep partage une image de son Compass 2026 - Benoit Charette - Annuel automobile - CanadaMotorJobs.com.","breadcrumb":{"@id":"https:\/\/news.canadamotorjobs.com\/fr\/jeep-partage-une-image-de-son-compass-2026\/#breadcrumb"},"inLanguage":"fr-CA","potentialAction":[{"@type":"ReadAction","target":["https:\/\/news.canadamotorjobs.com\/fr\/jeep-partage-une-image-de-son-compass-2026\/"]}]},{"@type":"ImageObject","inLanguage":"fr-CA","@id":"https:\/\/news.canadamotorjobs.com\/fr\/jeep-partage-une-image-de-son-compass-2026\/#primaryimage","url":"https:\/\/news.canadamotorjobs.com\/wp-content\/uploads\/2024\/10\/2026-jeep-compass-teaser-001.jpg","contentUrl":"https:\/\/news.canadamotorjobs.com\/wp-content\/uploads\/2024\/10\/2026-jeep-compass-teaser-001.jpg","width":1200,"height":675},{"@type":"BreadcrumbList","@id":"https:\/\/news.canadamotorjobs.com\/fr\/jeep-partage-une-image-de-son-compass-2026\/#breadcrumb","itemListElement":[{"@type":"ListItem","position":1,"name":"Home","item":"https:\/\/news.canadamotorjobs.com\/fr\/blog\/"},{"@type":"ListItem","position":2,"name":"Jeep partage une image de son Compass 2026"}]},{"@type":"WebSite","@id":"https:\/\/news.canadamotorjobs.com\/#website","url":"https:\/\/news.canadamotorjobs.com\/","name":"CanadaMotorJobs.com","description":"Automotive Jobs","publisher":{"@id":"https:\/\/news.canadamotorjobs.com\/#organization"},"potentialAction":[{"@type":"SearchAction","target":{"@type":"EntryPoint","urlTemplate":"https:\/\/news.canadamotorjobs.com\/?s={search_term_string}"},"query-input":"required name=search_term_string"}],"inLanguage":"fr-CA"},{"@type":"Organization","@id":"https:\/\/news.canadamotorjobs.com\/#organization","name":"Canada Motor Jobs","url":"https:\/\/news.canadamotorjobs.com\/","logo":{"@type":"ImageObject","inLanguage":"fr-CA","@id":"https:\/\/news.canadamotorjobs.com\/#\/schema\/logo\/image\/","url":"https:\/\/news.canadamotorjobs.com\/wp-content\/uploads\/2022\/10\/logo-canada-motor-jobs-1.png","contentUrl":"https:\/\/news.canadamotorjobs.com\/wp-content\/uploads\/2022\/10\/logo-canada-motor-jobs-1.png","width":800,"height":400,"caption":"Canada Motor Jobs"},"image":{"@id":"https:\/\/news.canadamotorjobs.com\/#\/schema\/logo\/image\/"},"sameAs":["https:\/\/www.facebook.com\/canadamotorjobs\/","https:\/\/x.com\/canadamotorjobs","https:\/\/www.instagram.com\/canadamotorjobs\/","https:\/\/www.linkedin.com\/company\/canadamotorjobs"]},{"@type":"Person","@id":"https:\/\/news.canadamotorjobs.com\/#\/schema\/person\/51793d1f87d44011d7bcc2ed99269a90","name":"Benoit Charette","image":{"@type":"ImageObject","inLanguage":"fr-CA","@id":"https:\/\/news.canadamotorjobs.com\/#\/schema\/person\/image\/","url":"https:\/\/secure.gravatar.com\/avatar\/45f3d2eebcccd909668d7ce7ea7267b6?s=96&d=mm&r=g","contentUrl":"https:\/\/secure.gravatar.com\/avatar\/45f3d2eebcccd909668d7ce7ea7267b6?s=96&d=mm&r=g","caption":"Benoit Charette"},"description":"Benoit Charette \/ Propri\u00e9taire et r\u00e9dacteur en chef Benoit Charette pratique le journalisme automobile depuis bient\u00f4t 30 ans. Il a fait ses classes au c\u00f4t\u00e9 de Daniel H\u00e9raud et au Carnet de route de 1992 \u00e0 2001. Il est fondateur, copropri\u00e9taire et r\u00e9dacteur en chef de L\u2019Annuel de l\u2019automobile, qu\u2019il publie depuis 2001. Il a anim\u00e9 les \u00e9missions RPM et RPM+ sur V et les L\u00e9gendes de la route sur Historia. \u00c0 la radio depuis 1986, il reprend l\u2019antenne cette ann\u00e9e sur les ondes de Cogeco et participe pour la deuxi\u00e8me ann\u00e9e \u00e0 l\u2019\u00e9mission Passion Auto sur RDS en plus de mettre en ligne le site Web officiel de L\u2019Annuel de l\u2019automobile sur annuelauto.ca.","sameAs":["https:\/\/annuelauto.ca\/"],"url":"https:\/\/news.canadamotorjobs.com\/fr\/author\/benoit-charette\/"}]}},"_links":{"self":[{"href":"https:\/\/news.canadamotorjobs.com\/fr\/wp-json\/wp\/v2\/posts\/176342"}],"collection":[{"href":"https:\/\/news.canadamotorjobs.com\/fr\/wp-json\/wp\/v2\/posts"}],"about":[{"href":"https:\/\/news.canadamotorjobs.com\/fr\/wp-json\/wp\/v2\/types\/post"}],"author":[{"embeddable":true,"href":"https:\/\/news.canadamotorjobs.com\/fr\/wp-json\/wp\/v2\/users\/8"}],"replies":[{"embeddable":true,"href":"https:\/\/news.canadamotorjobs.com\/fr\/wp-json\/wp\/v2\/comments?post=176342"}],"version-history":[{"count":3,"href":"https:\/\/news.canadamotorjobs.com\/fr\/wp-json\/wp\/v2\/posts\/176342\/revisions"}],"predecessor-version":[{"id":176373,"href":"https:\/\/news.canadamotorjobs.com\/fr\/wp-json\/wp\/v2\/posts\/176342\/revisions\/176373"}],"wp:featuredmedia":[{"embeddable":true,"href":"https:\/\/news.canadamotorjobs.com\/fr\/wp-json\/wp\/v2\/media\/176344"}],"wp:attachment":[{"href":"https:\/\/news.canadamotorjobs.com\/fr\/wp-json\/wp\/v2\/media?parent=176342"}],"wp:term":[{"taxonomy":"category","embeddable":true,"href":"https:\/\/news.canadamotorjobs.com\/fr\/wp-json\/wp\/v2\/categories?post=176342"},{"taxonomy":"post_tag","embeddable":true,"href":"https:\/\/news.canadamotorjobs.com\/fr\/wp-json\/wp\/v2\/tags?post=176342"}],"curies":[{"name":"wp","href":"https:\/\/api.w.org\/{rel}","templated":true}]}}