{"id":176279,"date":"2024-10-08T14:31:52","date_gmt":"2024-10-08T18:31:52","guid":{"rendered":"https:\/\/news.canadamotorjobs.com\/?p=176279"},"modified":"2024-10-08T14:43:58","modified_gmt":"2024-10-08T18:43:58","slug":"on-vole-moins-de-voitures-au-quebec-et-en-ontario-mais-plus-dans-les-maritimes","status":"publish","type":"post","link":"https:\/\/news.canadamotorjobs.com\/fr\/on-vole-moins-de-voitures-au-quebec-et-en-ontario-mais-plus-dans-les-maritimes\/","title":{"rendered":"On vole moins de voitures au Qu\u00e9bec et en Ontario, mais plus dans les maritimes"},"content":{"rendered":"<\/p>\n<p>De nouvelles donn\u00e9es publi\u00e9es par le Bureau d\u2019assurance du Canada (BAC) r\u00e9v\u00e8lent que les taux de vols de voitures au Canada continuent de grimper bien au-dessus des niveaux historiques. Bien qu&#8217;une l\u00e9g\u00e8re baisse de 19 % des r\u00e9clamations d\u2019assurance li\u00e9es au vol d&#8217;automobiles ait \u00e9t\u00e9 observ\u00e9e au cours du premier semestre 2024, les r\u00e9clamations pour vol de voitures ont augment\u00e9 de 138 % au cours de la derni\u00e8re d\u00e9cennie. Pire encore, la valeur des r\u00e9clamations a explos\u00e9 de 442 % pendant la m\u00eame p\u00e9riode.<\/p>\n<table><\/p>\n<thead><\/p>\n<tr><\/p>\n<td><strong>Nombre de r\u00e9clamations<\/strong><\/td>\n<p><\/p>\n<td><strong>Co\u00fbts des r\u00e9clamations<\/strong><\/td>\n<p>\n<\/tr>\n<p>\n<\/thead>\n<p><\/p>\n<tbody><\/p>\n<tr><\/p>\n<td>Premier semestre 2014<\/td>\n<p><\/p>\n<td>7 406<\/td>\n<p>\n<\/tr>\n<p><\/p>\n<tr><\/p>\n<td>Premier semestre 2023<\/td>\n<p><\/p>\n<td>21 907<\/td>\n<p>\n<\/tr>\n<p><\/p>\n<tr><\/p>\n<td>Premier semestre 2024<\/td>\n<p><\/p>\n<td>17 647<\/td>\n<p>\n<\/tr>\n<p><\/p>\n<tr><\/p>\n<td>% de changement (2023-2024)<\/td>\n<p><\/p>\n<td>-19.4 %<\/td>\n<p>\n<\/tr>\n<p><\/p>\n<tr><\/p>\n<td>% de changement (2014-2024)<\/td>\n<p><\/p>\n<td>138 %<\/td>\n<p>\n<\/tr>\n<p>\n<\/tbody>\n<p>\n<\/table>\n<p><\/p>\n<h3>Disparit\u00e9s r\u00e9gionales marqu\u00e9es<\/h3>\n<p>\nLe rapport du BAC souligne des diff\u00e9rences significatives entre les provinces. Par exemple, l&#8217;Ontario (-16 %) et le Qu\u00e9bec (-41 %) ont enregistr\u00e9 des baisses du nombre de r\u00e9clamations pour vol au premier semestre 2024. En revanche, l&#8217;Alberta (1 %), le Nouveau-Brunswick (14 %) et la Nouvelle-\u00c9cosse (27 %) ont connu des hausses. En Alberta, la valeur des r\u00e9clamations pour vol d\u2019automobiles a augment\u00e9 de 11 % par rapport \u00e0 2023, et de 179 % au cours des 10 derni\u00e8res ann\u00e9es. Selon les experts, ces diff\u00e9rences r\u00e9gionales pourraient s\u2019expliquer par le caract\u00e8re opportuniste des voleurs de voitures, qui se tourneraient vers des provinces o\u00f9 les efforts de lutte sont moins intensifs.<\/p>\n<table><\/p>\n<thead><\/p>\n<tr><\/p>\n<td width=\"53\"><strong>Ontario<\/strong><\/td>\n<p><\/p>\n<td width=\"53\"><strong>Qu\u00e9bec<\/strong><\/td>\n<p><\/p>\n<td><strong>Alberta<\/strong><\/td>\n<p><\/p>\n<td><strong>Nouvelle-\u00c9cosse<\/strong><\/td>\n<p><\/p>\n<td><strong>Nouveau-Brunswick<\/strong><\/td>\n<p>\n<\/tr>\n<p>\n<\/thead>\n<p><\/p>\n<tbody><\/p>\n<tr><\/p>\n<td width=\"53\">-16 %<\/td>\n<p><\/p>\n<td width=\"53\">-41 %<\/td>\n<p><\/p>\n<td>0.7 %<\/td>\n<p><\/p>\n<td>27 %<\/td>\n<p><\/p>\n<td>14 %<\/td>\n<p>\n<\/tr>\n<p>\n<\/tbody>\n<p>\n<\/table>\n<p><\/p>\n<h3>Les v\u00e9hicules de luxe en ligne de mire<\/h3>\n<p>\nLes v\u00e9hicules de luxe continuent de s\u00e9duire les voleurs d\u2019automobiles, en raison de leur forte demande sur les march\u00e9s internationaux ill\u00e9gaux. Dans de nombreux cas, les voitures vol\u00e9es sont export\u00e9es par des organisations criminelles, nationales et internationales, pour financer des activit\u00e9s comme le trafic de drogue, le commerce d\u2019armes ou m\u00eame le terrorisme.<\/p>\n<h3>Des efforts soutenus, mais encore insuffisants<\/h3>\n<p>\nLe BAC souligne les impacts positifs des investissements f\u00e9d\u00e9raux et provinciaux dans la lutte contre le vol d\u2019automobiles, tout en appelant \u00e0 un renforcement des actions. L\u2019organisme r\u00e9clame des mesures imm\u00e9diates pour emp\u00eacher l\u2019exportation des v\u00e9hicules vol\u00e9s, lutter contre le \u00ab re-VINing \u00bb frauduleux et mettre \u00e0 jour les normes de s\u00e9curit\u00e9 des v\u00e9hicules au Canada afin de pr\u00e9venir les vols. \u00ab La lutte contre le vol d&#8217;automobiles n\u00e9cessite une approche globale \u00bb, souligne le BAC. \u00ab Ce n\u2019est pas le moment de lever le pied. La crise du vol de voitures continue de peser sur les finances des Canadiens et leur sentiment de s\u00e9curit\u00e9. L\u2019industrie de l\u2019assurance reste d\u00e9termin\u00e9e \u00e0 travailler aux c\u00f4t\u00e9s des gouvernements et des parties prenantes pour r\u00e9soudre cette crise nationale. \u00bb<\/p>\n<h3>Conclusion : Une crise qui persiste<\/h3>\n<p>\nMalgr\u00e9 des r\u00e9sultats encourageants dans certaines r\u00e9gions du pays, la lutte contre le vol d\u2019automobiles reste un enjeu majeur au Canada. Les efforts conjugu\u00e9s des diff\u00e9rents acteurs doivent se poursuivre pour r\u00e9duire la fr\u00e9quence et les co\u00fbts associ\u00e9s \u00e0 ce fl\u00e9au, qui affecte non seulement les primes d\u2019assurance, mais aussi la s\u00e9curit\u00e9 publique.<\/p>\n<p>Source\u00a0: Bureau d\u2019Assurances du Canada<\/p>\n<p>Le texte <a rel=\"nofollow\" href=\"https:\/\/annuelauto.ca\/on-vole-moins-de-voitures-au-quebec-et-en-ontario-mais-plus-dans-les-maritimes\/\">On vole moins de voitures au Qu\u00e9bec et en Ontario, mais plus dans les maritimes<\/a> provient de <a rel=\"nofollow\" href=\"https:\/\/annuelauto.ca\">L&#8217;annuel de l&#8217;automobile &#8211; Actualit\u00e9 automobile<\/a><\/p>\n<p><\/p>\n","protected":false},"excerpt":{"rendered":"<p>De nouvelles donn\u00e9es publi\u00e9es par le Bureau d\u2019assurance du Canada (BAC) r\u00e9v\u00e8lent que les taux de vols de voitures au Canada continuent de grimper bien au-dessus des niveaux historiques. Bien qu&#8217;une l\u00e9g\u00e8re baisse de 19 % des r\u00e9clamations d\u2019assurance li\u00e9es au vol d&#8217;automobiles ait \u00e9t\u00e9 observ\u00e9e au cours du premier semestre 2024, les r\u00e9clamations pour [&hellip;]<\/p>\n","protected":false},"author":8,"featured_media":176281,"comment_status":"close","ping_status":"closed","sticky":false,"template":"","format":"standard","meta":{"_monsterinsights_skip_tracking":false,"_monsterinsights_sitenote_active":false,"_monsterinsights_sitenote_note":"","_monsterinsights_sitenote_category":0,"footnotes":""},"categories":[101],"tags":[],"yoast_head":"<!-- This site is optimized with the Yoast SEO plugin v23.2 - https:\/\/yoast.com\/wordpress\/plugins\/seo\/ -->\n<title>On vole moins de voitures au Qu\u00e9bec et en Ontario, mais plus dans les maritimes - CanadaMotorJobs.com<\/title>\n<meta name=\"description\" content=\"On vole moins de voitures au Qu\u00e9bec et en Ontario, mais plus dans les maritimes - Benoit Charette - Annuel automobile - CanadaMotorJobs.com.\" \/>\n<meta name=\"robots\" content=\"index, follow, max-snippet:-1, max-image-preview:large, max-video-preview:-1\" \/>\n<meta property=\"og:locale\" content=\"fr_CA\" \/>\n<meta property=\"og:type\" content=\"article\" \/>\n<meta property=\"og:title\" content=\"On vole moins de voitures au Qu\u00e9bec et en Ontario, mais plus dans les maritimes - CanadaMotorJobs.com\" \/>\n<meta property=\"og:description\" content=\"On vole moins de voitures au Qu\u00e9bec et en Ontario, mais plus dans les maritimes - Benoit Charette - Annuel automobile - CanadaMotorJobs.com.\" \/>\n<meta property=\"og:url\" content=\"https:\/\/news.canadamotorjobs.com\/fr\/on-vole-moins-de-voitures-au-quebec-et-en-ontario-mais-plus-dans-les-maritimes\/\" \/>\n<meta property=\"og:site_name\" content=\"CanadaMotorJobs.com\" \/>\n<meta property=\"article:publisher\" content=\"https:\/\/www.facebook.com\/canadamotorjobs\/\" \/>\n<meta property=\"article:published_time\" content=\"2024-10-08T18:31:52+00:00\" \/>\n<meta property=\"article:modified_time\" content=\"2024-10-08T18:43:58+00:00\" \/>\n<meta property=\"og:image\" content=\"https:\/\/news.canadamotorjobs.com\/wp-content\/uploads\/2024\/10\/COLOURBOX118250038.jpg\" \/>\n\t<meta property=\"og:image:width\" content=\"2500\" \/>\n\t<meta property=\"og:image:height\" content=\"1500\" \/>\n\t<meta property=\"og:image:type\" content=\"image\/jpeg\" \/>\n<meta name=\"author\" content=\"Benoit Charette\" \/>\n<meta name=\"twitter:card\" content=\"summary_large_image\" \/>\n<meta name=\"twitter:creator\" content=\"@canadamotorjobs\" \/>\n<meta name=\"twitter:site\" content=\"@canadamotorjobs\" \/>\n<meta name=\"twitter:label1\" content=\"\u00c9crit par\" \/>\n\t<meta name=\"twitter:data1\" content=\"Benoit Charette\" \/>\n\t<meta name=\"twitter:label2\" content=\"Estimation du temps de lecture\" \/>\n\t<meta name=\"twitter:data2\" content=\"3 minutes\" \/>\n<!-- \/ Yoast SEO plugin. -->","yoast_head_json":{"title":"On vole moins de voitures au Qu\u00e9bec et en Ontario, mais plus dans les maritimes - CanadaMotorJobs.com","description":"On vole moins de voitures au Qu\u00e9bec et en Ontario, mais plus dans les maritimes - Benoit Charette - Annuel automobile - CanadaMotorJobs.com.","robots":{"index":"index","follow":"follow","max-snippet":"max-snippet:-1","max-image-preview":"max-image-preview:large","max-video-preview":"max-video-preview:-1"},"og_locale":"fr_CA","og_type":"article","og_title":"On vole moins de voitures au Qu\u00e9bec et en Ontario, mais plus dans les maritimes - CanadaMotorJobs.com","og_description":"On vole moins de voitures au Qu\u00e9bec et en Ontario, mais plus dans les maritimes - Benoit Charette - Annuel automobile - CanadaMotorJobs.com.","og_url":"https:\/\/news.canadamotorjobs.com\/fr\/on-vole-moins-de-voitures-au-quebec-et-en-ontario-mais-plus-dans-les-maritimes\/","og_site_name":"CanadaMotorJobs.com","article_publisher":"https:\/\/www.facebook.com\/canadamotorjobs\/","article_published_time":"2024-10-08T18:31:52+00:00","article_modified_time":"2024-10-08T18:43:58+00:00","og_image":[{"width":2500,"height":1500,"url":"https:\/\/news.canadamotorjobs.com\/wp-content\/uploads\/2024\/10\/COLOURBOX118250038.jpg","type":"image\/jpeg"}],"author":"Benoit Charette","twitter_card":"summary_large_image","twitter_creator":"@canadamotorjobs","twitter_site":"@canadamotorjobs","twitter_misc":{"\u00c9crit par":"Benoit Charette","Estimation du temps de lecture":"3 minutes"},"schema":{"@context":"https:\/\/schema.org","@graph":[{"@type":"Article","@id":"https:\/\/news.canadamotorjobs.com\/fr\/on-vole-moins-de-voitures-au-quebec-et-en-ontario-mais-plus-dans-les-maritimes\/#article","isPartOf":{"@id":"https:\/\/news.canadamotorjobs.com\/fr\/on-vole-moins-de-voitures-au-quebec-et-en-ontario-mais-plus-dans-les-maritimes\/"},"author":{"name":"Benoit Charette","@id":"https:\/\/news.canadamotorjobs.com\/#\/schema\/person\/51793d1f87d44011d7bcc2ed99269a90"},"headline":"On vole moins de voitures au Qu\u00e9bec et en Ontario, mais plus dans les maritimes","datePublished":"2024-10-08T18:31:52+00:00","dateModified":"2024-10-08T18:43:58+00:00","mainEntityOfPage":{"@id":"https:\/\/news.canadamotorjobs.com\/fr\/on-vole-moins-de-voitures-au-quebec-et-en-ontario-mais-plus-dans-les-maritimes\/"},"wordCount":579,"publisher":{"@id":"https:\/\/news.canadamotorjobs.com\/#organization"},"image":{"@id":"https:\/\/news.canadamotorjobs.com\/fr\/on-vole-moins-de-voitures-au-quebec-et-en-ontario-mais-plus-dans-les-maritimes\/#primaryimage"},"thumbnailUrl":"https:\/\/news.canadamotorjobs.com\/wp-content\/uploads\/2024\/10\/COLOURBOX118250038.jpg","articleSection":["Annuel automobile"],"inLanguage":"fr-CA"},{"@type":"WebPage","@id":"https:\/\/news.canadamotorjobs.com\/fr\/on-vole-moins-de-voitures-au-quebec-et-en-ontario-mais-plus-dans-les-maritimes\/","url":"https:\/\/news.canadamotorjobs.com\/fr\/on-vole-moins-de-voitures-au-quebec-et-en-ontario-mais-plus-dans-les-maritimes\/","name":"On vole moins de voitures au Qu\u00e9bec et en Ontario, mais plus dans les maritimes - CanadaMotorJobs.com","isPartOf":{"@id":"https:\/\/news.canadamotorjobs.com\/#website"},"primaryImageOfPage":{"@id":"https:\/\/news.canadamotorjobs.com\/fr\/on-vole-moins-de-voitures-au-quebec-et-en-ontario-mais-plus-dans-les-maritimes\/#primaryimage"},"image":{"@id":"https:\/\/news.canadamotorjobs.com\/fr\/on-vole-moins-de-voitures-au-quebec-et-en-ontario-mais-plus-dans-les-maritimes\/#primaryimage"},"thumbnailUrl":"https:\/\/news.canadamotorjobs.com\/wp-content\/uploads\/2024\/10\/COLOURBOX118250038.jpg","datePublished":"2024-10-08T18:31:52+00:00","dateModified":"2024-10-08T18:43:58+00:00","description":"On vole moins de voitures au Qu\u00e9bec et en Ontario, mais plus dans les maritimes - Benoit Charette - Annuel automobile - CanadaMotorJobs.com.","breadcrumb":{"@id":"https:\/\/news.canadamotorjobs.com\/fr\/on-vole-moins-de-voitures-au-quebec-et-en-ontario-mais-plus-dans-les-maritimes\/#breadcrumb"},"inLanguage":"fr-CA","potentialAction":[{"@type":"ReadAction","target":["https:\/\/news.canadamotorjobs.com\/fr\/on-vole-moins-de-voitures-au-quebec-et-en-ontario-mais-plus-dans-les-maritimes\/"]}]},{"@type":"ImageObject","inLanguage":"fr-CA","@id":"https:\/\/news.canadamotorjobs.com\/fr\/on-vole-moins-de-voitures-au-quebec-et-en-ontario-mais-plus-dans-les-maritimes\/#primaryimage","url":"https:\/\/news.canadamotorjobs.com\/wp-content\/uploads\/2024\/10\/COLOURBOX118250038.jpg","contentUrl":"https:\/\/news.canadamotorjobs.com\/wp-content\/uploads\/2024\/10\/COLOURBOX118250038.jpg","width":2500,"height":1500},{"@type":"BreadcrumbList","@id":"https:\/\/news.canadamotorjobs.com\/fr\/on-vole-moins-de-voitures-au-quebec-et-en-ontario-mais-plus-dans-les-maritimes\/#breadcrumb","itemListElement":[{"@type":"ListItem","position":1,"name":"Home","item":"https:\/\/news.canadamotorjobs.com\/fr\/blog\/"},{"@type":"ListItem","position":2,"name":"On vole moins de voitures au Qu\u00e9bec et en Ontario, mais plus dans les maritimes"}]},{"@type":"WebSite","@id":"https:\/\/news.canadamotorjobs.com\/#website","url":"https:\/\/news.canadamotorjobs.com\/","name":"CanadaMotorJobs.com","description":"Automotive Jobs","publisher":{"@id":"https:\/\/news.canadamotorjobs.com\/#organization"},"potentialAction":[{"@type":"SearchAction","target":{"@type":"EntryPoint","urlTemplate":"https:\/\/news.canadamotorjobs.com\/?s={search_term_string}"},"query-input":"required name=search_term_string"}],"inLanguage":"fr-CA"},{"@type":"Organization","@id":"https:\/\/news.canadamotorjobs.com\/#organization","name":"Canada Motor Jobs","url":"https:\/\/news.canadamotorjobs.com\/","logo":{"@type":"ImageObject","inLanguage":"fr-CA","@id":"https:\/\/news.canadamotorjobs.com\/#\/schema\/logo\/image\/","url":"https:\/\/news.canadamotorjobs.com\/wp-content\/uploads\/2022\/10\/logo-canada-motor-jobs-1.png","contentUrl":"https:\/\/news.canadamotorjobs.com\/wp-content\/uploads\/2022\/10\/logo-canada-motor-jobs-1.png","width":800,"height":400,"caption":"Canada Motor Jobs"},"image":{"@id":"https:\/\/news.canadamotorjobs.com\/#\/schema\/logo\/image\/"},"sameAs":["https:\/\/www.facebook.com\/canadamotorjobs\/","https:\/\/x.com\/canadamotorjobs","https:\/\/www.instagram.com\/canadamotorjobs\/","https:\/\/www.linkedin.com\/company\/canadamotorjobs"]},{"@type":"Person","@id":"https:\/\/news.canadamotorjobs.com\/#\/schema\/person\/51793d1f87d44011d7bcc2ed99269a90","name":"Benoit Charette","image":{"@type":"ImageObject","inLanguage":"fr-CA","@id":"https:\/\/news.canadamotorjobs.com\/#\/schema\/person\/image\/","url":"https:\/\/secure.gravatar.com\/avatar\/45f3d2eebcccd909668d7ce7ea7267b6?s=96&d=mm&r=g","contentUrl":"https:\/\/secure.gravatar.com\/avatar\/45f3d2eebcccd909668d7ce7ea7267b6?s=96&d=mm&r=g","caption":"Benoit Charette"},"description":"Benoit Charette \/ Propri\u00e9taire et r\u00e9dacteur en chef Benoit Charette pratique le journalisme automobile depuis bient\u00f4t 30 ans. Il a fait ses classes au c\u00f4t\u00e9 de Daniel H\u00e9raud et au Carnet de route de 1992 \u00e0 2001. Il est fondateur, copropri\u00e9taire et r\u00e9dacteur en chef de L\u2019Annuel de l\u2019automobile, qu\u2019il publie depuis 2001. Il a anim\u00e9 les \u00e9missions RPM et RPM+ sur V et les L\u00e9gendes de la route sur Historia. \u00c0 la radio depuis 1986, il reprend l\u2019antenne cette ann\u00e9e sur les ondes de Cogeco et participe pour la deuxi\u00e8me ann\u00e9e \u00e0 l\u2019\u00e9mission Passion Auto sur RDS en plus de mettre en ligne le site Web officiel de L\u2019Annuel de l\u2019automobile sur annuelauto.ca.","sameAs":["https:\/\/annuelauto.ca\/"],"url":"https:\/\/news.canadamotorjobs.com\/fr\/author\/benoit-charette\/"}]}},"_links":{"self":[{"href":"https:\/\/news.canadamotorjobs.com\/fr\/wp-json\/wp\/v2\/posts\/176279"}],"collection":[{"href":"https:\/\/news.canadamotorjobs.com\/fr\/wp-json\/wp\/v2\/posts"}],"about":[{"href":"https:\/\/news.canadamotorjobs.com\/fr\/wp-json\/wp\/v2\/types\/post"}],"author":[{"embeddable":true,"href":"https:\/\/news.canadamotorjobs.com\/fr\/wp-json\/wp\/v2\/users\/8"}],"replies":[{"embeddable":true,"href":"https:\/\/news.canadamotorjobs.com\/fr\/wp-json\/wp\/v2\/comments?post=176279"}],"version-history":[{"count":2,"href":"https:\/\/news.canadamotorjobs.com\/fr\/wp-json\/wp\/v2\/posts\/176279\/revisions"}],"predecessor-version":[{"id":176283,"href":"https:\/\/news.canadamotorjobs.com\/fr\/wp-json\/wp\/v2\/posts\/176279\/revisions\/176283"}],"wp:featuredmedia":[{"embeddable":true,"href":"https:\/\/news.canadamotorjobs.com\/fr\/wp-json\/wp\/v2\/media\/176281"}],"wp:attachment":[{"href":"https:\/\/news.canadamotorjobs.com\/fr\/wp-json\/wp\/v2\/media?parent=176279"}],"wp:term":[{"taxonomy":"category","embeddable":true,"href":"https:\/\/news.canadamotorjobs.com\/fr\/wp-json\/wp\/v2\/categories?post=176279"},{"taxonomy":"post_tag","embeddable":true,"href":"https:\/\/news.canadamotorjobs.com\/fr\/wp-json\/wp\/v2\/tags?post=176279"}],"curies":[{"name":"wp","href":"https:\/\/api.w.org\/{rel}","templated":true}]}}