{"id":176229,"date":"2024-10-08T09:19:46","date_gmt":"2024-10-08T13:19:46","guid":{"rendered":"https:\/\/news.canadamotorjobs.com\/?p=176229"},"modified":"2024-10-08T09:29:45","modified_gmt":"2024-10-08T13:29:45","slug":"porsche-rappelle-plus-de-27-000-taycan-aux-etats-unis","status":"publish","type":"post","link":"https:\/\/news.canadamotorjobs.com\/fr\/porsche-rappelle-plus-de-27-000-taycan-aux-etats-unis\/","title":{"rendered":"Porsche rappelle plus de 27 000 Taycan aux \u00c9tats-Unis"},"content":{"rendered":"<\/p>\n<p>Le constructeur allemand Porsche a annonc\u00e9 le rappel de 27 527 Taycan aux \u00c9tats-Unis en raison d\u2019un risque potentiel de court-circuit dans le module de batterie, a d\u00e9clar\u00e9 la National Highway Traffic Safety Administration (NHTSA) ce mardi.<\/p>\n<h3>Mod\u00e8les concern\u00e9s par le rappel<\/h3>\n<p>\nLe rappel concerne les mod\u00e8les Porsche Taycan 2021 \u00e0 2024, selon les informations fournies par la NHTSA. Un court-circuit dans la batterie haute tension de ces v\u00e9hicules pourrait augmenter le risque d\u2019incendie, a pr\u00e9cis\u00e9 l&#8217;agence de r\u00e9gulation.<\/p>\n<h3>Mesures prises par Porsche<\/h3>\n<p>\nPour r\u00e9soudre ce probl\u00e8me, Porsche a indiqu\u00e9 que les concessionnaires installeront un logiciel de diagnostic dans les v\u00e9hicules concern\u00e9s et effectueront des r\u00e9parations gratuites si n\u00e9cessaire. Les propri\u00e9taires des mod\u00e8les Taycan seront donc pris en charge pour \u00e9viter tout risque li\u00e9 \u00e0 ce d\u00e9faut technique.<\/p>\n<h3>Conclusion<\/h3>\n<p>\nUn rappel n\u00e9cessaire pour la s\u00e9curit\u00e9 des conducteurs de v\u00e9hicules \u00e9lectriques de luxe. Les propri\u00e9taires concern\u00e9s sont invit\u00e9s \u00e0 se rendre chez leur concessionnaire pour des v\u00e9rifications et r\u00e9parations pr\u00e9ventives, assurant ainsi une s\u00e9curit\u00e9 optimale sur les routes. Pour le moment, ce rappel n&#8217;est pas encore effectif pour le Canada, mais cela ne devrait pas tarder.<\/p>\n<p>Avec des renseignements de Reuters<\/p>\n<p>Le texte <a rel=\"nofollow\" href=\"https:\/\/annuelauto.ca\/porsche-rappelle-plus-de-27-000-taycan-aux-etats\/\">Porsche rappelle plus de 27 000 Taycan aux \u00c9tats-Unis<\/a> provient de <a rel=\"nofollow\" href=\"https:\/\/annuelauto.ca\">L&#8217;annuel de l&#8217;automobile &#8211; Actualit\u00e9 automobile<\/a><\/p>\n<p><\/p>\n","protected":false},"excerpt":{"rendered":"<p>Le constructeur allemand Porsche a annonc\u00e9 le rappel de 27 527 Taycan aux \u00c9tats-Unis en raison d\u2019un risque potentiel de court-circuit dans le module de batterie, a d\u00e9clar\u00e9 la National Highway Traffic Safety Administration (NHTSA) ce mardi. Mod\u00e8les concern\u00e9s par le rappel Le rappel concerne les mod\u00e8les Porsche Taycan 2021 \u00e0 2024, selon les informations [&hellip;]<\/p>\n","protected":false},"author":8,"featured_media":176231,"comment_status":"close","ping_status":"closed","sticky":false,"template":"","format":"standard","meta":{"_monsterinsights_skip_tracking":false,"_monsterinsights_sitenote_active":false,"_monsterinsights_sitenote_note":"","_monsterinsights_sitenote_category":0,"footnotes":""},"categories":[101],"tags":[],"yoast_head":"<!-- This site is optimized with the Yoast SEO plugin v23.2 - https:\/\/yoast.com\/wordpress\/plugins\/seo\/ -->\n<title>Porsche rappelle plus de 27 000 Taycan aux \u00c9tats-Unis - CanadaMotorJobs.com<\/title>\n<meta name=\"description\" content=\"Porsche rappelle plus de 27 000 Taycan aux \u00c9tats-Unis - Benoit Charette - Annuel automobile - CanadaMotorJobs.com.\" \/>\n<meta name=\"robots\" content=\"index, follow, max-snippet:-1, max-image-preview:large, max-video-preview:-1\" \/>\n<meta property=\"og:locale\" content=\"fr_CA\" \/>\n<meta property=\"og:type\" content=\"article\" \/>\n<meta property=\"og:title\" content=\"Porsche rappelle plus de 27 000 Taycan aux \u00c9tats-Unis - CanadaMotorJobs.com\" \/>\n<meta property=\"og:description\" content=\"Porsche rappelle plus de 27 000 Taycan aux \u00c9tats-Unis - Benoit Charette - Annuel automobile - CanadaMotorJobs.com.\" \/>\n<meta property=\"og:url\" content=\"https:\/\/news.canadamotorjobs.com\/fr\/porsche-rappelle-plus-de-27-000-taycan-aux-etats-unis\/\" \/>\n<meta property=\"og:site_name\" content=\"CanadaMotorJobs.com\" \/>\n<meta property=\"article:publisher\" content=\"https:\/\/www.facebook.com\/canadamotorjobs\/\" \/>\n<meta property=\"article:published_time\" content=\"2024-10-08T13:19:46+00:00\" \/>\n<meta property=\"article:modified_time\" content=\"2024-10-08T13:29:45+00:00\" \/>\n<meta property=\"og:image\" content=\"https:\/\/news.canadamotorjobs.com\/wp-content\/uploads\/2024\/10\/Teaser_Taycan_2022_sternrubin.jpg\" \/>\n\t<meta property=\"og:image:width\" content=\"1935\" \/>\n\t<meta property=\"og:image:height\" content=\"1089\" \/>\n\t<meta property=\"og:image:type\" content=\"image\/jpeg\" \/>\n<meta name=\"author\" content=\"Benoit Charette\" \/>\n<meta name=\"twitter:card\" content=\"summary_large_image\" \/>\n<meta name=\"twitter:creator\" content=\"@canadamotorjobs\" \/>\n<meta name=\"twitter:site\" content=\"@canadamotorjobs\" \/>\n<meta name=\"twitter:label1\" content=\"\u00c9crit par\" \/>\n\t<meta name=\"twitter:data1\" content=\"Benoit Charette\" \/>\n\t<meta name=\"twitter:label2\" content=\"Estimation du temps de lecture\" \/>\n\t<meta name=\"twitter:data2\" content=\"1 minute\" \/>\n<!-- \/ Yoast SEO plugin. -->","yoast_head_json":{"title":"Porsche rappelle plus de 27 000 Taycan aux \u00c9tats-Unis - CanadaMotorJobs.com","description":"Porsche rappelle plus de 27 000 Taycan aux \u00c9tats-Unis - Benoit Charette - Annuel automobile - CanadaMotorJobs.com.","robots":{"index":"index","follow":"follow","max-snippet":"max-snippet:-1","max-image-preview":"max-image-preview:large","max-video-preview":"max-video-preview:-1"},"og_locale":"fr_CA","og_type":"article","og_title":"Porsche rappelle plus de 27 000 Taycan aux \u00c9tats-Unis - CanadaMotorJobs.com","og_description":"Porsche rappelle plus de 27 000 Taycan aux \u00c9tats-Unis - Benoit Charette - Annuel automobile - CanadaMotorJobs.com.","og_url":"https:\/\/news.canadamotorjobs.com\/fr\/porsche-rappelle-plus-de-27-000-taycan-aux-etats-unis\/","og_site_name":"CanadaMotorJobs.com","article_publisher":"https:\/\/www.facebook.com\/canadamotorjobs\/","article_published_time":"2024-10-08T13:19:46+00:00","article_modified_time":"2024-10-08T13:29:45+00:00","og_image":[{"width":1935,"height":1089,"url":"https:\/\/news.canadamotorjobs.com\/wp-content\/uploads\/2024\/10\/Teaser_Taycan_2022_sternrubin.jpg","type":"image\/jpeg"}],"author":"Benoit Charette","twitter_card":"summary_large_image","twitter_creator":"@canadamotorjobs","twitter_site":"@canadamotorjobs","twitter_misc":{"\u00c9crit par":"Benoit Charette","Estimation du temps de lecture":"1 minute"},"schema":{"@context":"https:\/\/schema.org","@graph":[{"@type":"Article","@id":"https:\/\/news.canadamotorjobs.com\/fr\/porsche-rappelle-plus-de-27-000-taycan-aux-etats-unis\/#article","isPartOf":{"@id":"https:\/\/news.canadamotorjobs.com\/fr\/porsche-rappelle-plus-de-27-000-taycan-aux-etats-unis\/"},"author":{"name":"Benoit Charette","@id":"https:\/\/news.canadamotorjobs.com\/#\/schema\/person\/51793d1f87d44011d7bcc2ed99269a90"},"headline":"Porsche rappelle plus de 27 000 Taycan aux \u00c9tats-Unis","datePublished":"2024-10-08T13:19:46+00:00","dateModified":"2024-10-08T13:29:45+00:00","mainEntityOfPage":{"@id":"https:\/\/news.canadamotorjobs.com\/fr\/porsche-rappelle-plus-de-27-000-taycan-aux-etats-unis\/"},"wordCount":238,"publisher":{"@id":"https:\/\/news.canadamotorjobs.com\/#organization"},"image":{"@id":"https:\/\/news.canadamotorjobs.com\/fr\/porsche-rappelle-plus-de-27-000-taycan-aux-etats-unis\/#primaryimage"},"thumbnailUrl":"https:\/\/news.canadamotorjobs.com\/wp-content\/uploads\/2024\/10\/Teaser_Taycan_2022_sternrubin.jpg","articleSection":["Annuel automobile"],"inLanguage":"fr-CA"},{"@type":"WebPage","@id":"https:\/\/news.canadamotorjobs.com\/fr\/porsche-rappelle-plus-de-27-000-taycan-aux-etats-unis\/","url":"https:\/\/news.canadamotorjobs.com\/fr\/porsche-rappelle-plus-de-27-000-taycan-aux-etats-unis\/","name":"Porsche rappelle plus de 27 000 Taycan aux \u00c9tats-Unis - CanadaMotorJobs.com","isPartOf":{"@id":"https:\/\/news.canadamotorjobs.com\/#website"},"primaryImageOfPage":{"@id":"https:\/\/news.canadamotorjobs.com\/fr\/porsche-rappelle-plus-de-27-000-taycan-aux-etats-unis\/#primaryimage"},"image":{"@id":"https:\/\/news.canadamotorjobs.com\/fr\/porsche-rappelle-plus-de-27-000-taycan-aux-etats-unis\/#primaryimage"},"thumbnailUrl":"https:\/\/news.canadamotorjobs.com\/wp-content\/uploads\/2024\/10\/Teaser_Taycan_2022_sternrubin.jpg","datePublished":"2024-10-08T13:19:46+00:00","dateModified":"2024-10-08T13:29:45+00:00","description":"Porsche rappelle plus de 27 000 Taycan aux \u00c9tats-Unis - Benoit Charette - Annuel automobile - CanadaMotorJobs.com.","breadcrumb":{"@id":"https:\/\/news.canadamotorjobs.com\/fr\/porsche-rappelle-plus-de-27-000-taycan-aux-etats-unis\/#breadcrumb"},"inLanguage":"fr-CA","potentialAction":[{"@type":"ReadAction","target":["https:\/\/news.canadamotorjobs.com\/fr\/porsche-rappelle-plus-de-27-000-taycan-aux-etats-unis\/"]}]},{"@type":"ImageObject","inLanguage":"fr-CA","@id":"https:\/\/news.canadamotorjobs.com\/fr\/porsche-rappelle-plus-de-27-000-taycan-aux-etats-unis\/#primaryimage","url":"https:\/\/news.canadamotorjobs.com\/wp-content\/uploads\/2024\/10\/Teaser_Taycan_2022_sternrubin.jpg","contentUrl":"https:\/\/news.canadamotorjobs.com\/wp-content\/uploads\/2024\/10\/Teaser_Taycan_2022_sternrubin.jpg","width":1935,"height":1089},{"@type":"BreadcrumbList","@id":"https:\/\/news.canadamotorjobs.com\/fr\/porsche-rappelle-plus-de-27-000-taycan-aux-etats-unis\/#breadcrumb","itemListElement":[{"@type":"ListItem","position":1,"name":"Home","item":"https:\/\/news.canadamotorjobs.com\/fr\/blog\/"},{"@type":"ListItem","position":2,"name":"Porsche rappelle plus de 27 000 Taycan aux \u00c9tats-Unis"}]},{"@type":"WebSite","@id":"https:\/\/news.canadamotorjobs.com\/#website","url":"https:\/\/news.canadamotorjobs.com\/","name":"CanadaMotorJobs.com","description":"Automotive Jobs","publisher":{"@id":"https:\/\/news.canadamotorjobs.com\/#organization"},"potentialAction":[{"@type":"SearchAction","target":{"@type":"EntryPoint","urlTemplate":"https:\/\/news.canadamotorjobs.com\/?s={search_term_string}"},"query-input":"required name=search_term_string"}],"inLanguage":"fr-CA"},{"@type":"Organization","@id":"https:\/\/news.canadamotorjobs.com\/#organization","name":"Canada Motor Jobs","url":"https:\/\/news.canadamotorjobs.com\/","logo":{"@type":"ImageObject","inLanguage":"fr-CA","@id":"https:\/\/news.canadamotorjobs.com\/#\/schema\/logo\/image\/","url":"https:\/\/news.canadamotorjobs.com\/wp-content\/uploads\/2022\/10\/logo-canada-motor-jobs-1.png","contentUrl":"https:\/\/news.canadamotorjobs.com\/wp-content\/uploads\/2022\/10\/logo-canada-motor-jobs-1.png","width":800,"height":400,"caption":"Canada Motor Jobs"},"image":{"@id":"https:\/\/news.canadamotorjobs.com\/#\/schema\/logo\/image\/"},"sameAs":["https:\/\/www.facebook.com\/canadamotorjobs\/","https:\/\/x.com\/canadamotorjobs","https:\/\/www.instagram.com\/canadamotorjobs\/","https:\/\/www.linkedin.com\/company\/canadamotorjobs"]},{"@type":"Person","@id":"https:\/\/news.canadamotorjobs.com\/#\/schema\/person\/51793d1f87d44011d7bcc2ed99269a90","name":"Benoit Charette","image":{"@type":"ImageObject","inLanguage":"fr-CA","@id":"https:\/\/news.canadamotorjobs.com\/#\/schema\/person\/image\/","url":"https:\/\/secure.gravatar.com\/avatar\/45f3d2eebcccd909668d7ce7ea7267b6?s=96&d=mm&r=g","contentUrl":"https:\/\/secure.gravatar.com\/avatar\/45f3d2eebcccd909668d7ce7ea7267b6?s=96&d=mm&r=g","caption":"Benoit Charette"},"description":"Benoit Charette \/ Propri\u00e9taire et r\u00e9dacteur en chef Benoit Charette pratique le journalisme automobile depuis bient\u00f4t 30 ans. Il a fait ses classes au c\u00f4t\u00e9 de Daniel H\u00e9raud et au Carnet de route de 1992 \u00e0 2001. Il est fondateur, copropri\u00e9taire et r\u00e9dacteur en chef de L\u2019Annuel de l\u2019automobile, qu\u2019il publie depuis 2001. Il a anim\u00e9 les \u00e9missions RPM et RPM+ sur V et les L\u00e9gendes de la route sur Historia. \u00c0 la radio depuis 1986, il reprend l\u2019antenne cette ann\u00e9e sur les ondes de Cogeco et participe pour la deuxi\u00e8me ann\u00e9e \u00e0 l\u2019\u00e9mission Passion Auto sur RDS en plus de mettre en ligne le site Web officiel de L\u2019Annuel de l\u2019automobile sur annuelauto.ca.","sameAs":["https:\/\/annuelauto.ca\/"],"url":"https:\/\/news.canadamotorjobs.com\/fr\/author\/benoit-charette\/"}]}},"_links":{"self":[{"href":"https:\/\/news.canadamotorjobs.com\/fr\/wp-json\/wp\/v2\/posts\/176229"}],"collection":[{"href":"https:\/\/news.canadamotorjobs.com\/fr\/wp-json\/wp\/v2\/posts"}],"about":[{"href":"https:\/\/news.canadamotorjobs.com\/fr\/wp-json\/wp\/v2\/types\/post"}],"author":[{"embeddable":true,"href":"https:\/\/news.canadamotorjobs.com\/fr\/wp-json\/wp\/v2\/users\/8"}],"replies":[{"embeddable":true,"href":"https:\/\/news.canadamotorjobs.com\/fr\/wp-json\/wp\/v2\/comments?post=176229"}],"version-history":[{"count":2,"href":"https:\/\/news.canadamotorjobs.com\/fr\/wp-json\/wp\/v2\/posts\/176229\/revisions"}],"predecessor-version":[{"id":176233,"href":"https:\/\/news.canadamotorjobs.com\/fr\/wp-json\/wp\/v2\/posts\/176229\/revisions\/176233"}],"wp:featuredmedia":[{"embeddable":true,"href":"https:\/\/news.canadamotorjobs.com\/fr\/wp-json\/wp\/v2\/media\/176231"}],"wp:attachment":[{"href":"https:\/\/news.canadamotorjobs.com\/fr\/wp-json\/wp\/v2\/media?parent=176229"}],"wp:term":[{"taxonomy":"category","embeddable":true,"href":"https:\/\/news.canadamotorjobs.com\/fr\/wp-json\/wp\/v2\/categories?post=176229"},{"taxonomy":"post_tag","embeddable":true,"href":"https:\/\/news.canadamotorjobs.com\/fr\/wp-json\/wp\/v2\/tags?post=176229"}],"curies":[{"name":"wp","href":"https:\/\/api.w.org\/{rel}","templated":true}]}}