{"id":176210,"date":"2024-10-08T08:43:20","date_gmt":"2024-10-08T12:43:20","guid":{"rendered":"https:\/\/news.canadamotorjobs.com\/?p=176210"},"modified":"2024-10-08T08:44:12","modified_gmt":"2024-10-08T12:44:12","slug":"toyota-et-subaru-vont-presenter-un-autre-vehicule-electrique-conjoint-en-2026","status":"publish","type":"post","link":"https:\/\/news.canadamotorjobs.com\/fr\/toyota-et-subaru-vont-presenter-un-autre-vehicule-electrique-conjoint-en-2026\/","title":{"rendered":"Toyota et Subaru vont pr\u00e9senter un autre v\u00e9hicule \u00e9lectrique conjoint en 2026"},"content":{"rendered":"<\/p>\n<p>Apr\u00e8s les mod\u00e8les mod\u00e8les \u00e9lectriques bZ4X et Solterra, Toyota et Subaru pr\u00e9parent un nouveau VUS \u00e9lectrique commun qui sera lanc\u00e9 en 2026. Ce nouveau mod\u00e8le reprendra de nombreux composants du bZ4X ainsi que d&#8217;autres mod\u00e8les Toyota afin de limiter les co\u00fbts de production.<\/p>\n<h3>Production en s\u00e9rie au Japon<\/h3>\n<p>\nLa production de ce nouveau v\u00e9hicule \u00e9lectrique (VE) se fera dans l&#8217;usine de Yajima, situ\u00e9e dans la pr\u00e9fecture de Gunma au Japon. Selon un rapport \u00e9manant du Japon, Subaru pr\u00e9voit de produire entre 15 000 et 20 000 unit\u00e9s par mois. Ce nouveau VUS visera principalement les march\u00e9s nord-am\u00e9ricain, europ\u00e9en et japonais.<\/p>\n<h3>Des ressemblances avec le bZ4X et le Solterra<\/h3>\n<p>\nComme pour le bZ4X et le Solterra, il est probable que ces nouveaux mod\u00e8les Toyota et Subaru se ressemblent beaucoup, avec seulement quelques diff\u00e9rences esth\u00e9tiques mineures pour distinguer les deux marques, \u00e0 l&#8217;image des Toyota GR 86 et Subaru BRZ. La strat\u00e9gie de co-d\u00e9veloppement entre les deux constructeurs vise \u00e0 maximiser la flexibilit\u00e9 tout en partageant les risques.<\/p>\n<h3>Un ambitieux plan pour Subaru<\/h3>\n<p>\nSubaru pr\u00e9voit d&#8217;acc\u00e9l\u00e9rer sa gamme de VUS \u00e9lectriques. La marque pr\u00e9voit le lancement de trois nouveaux VUS enti\u00e8rement \u00e9lectriques, d\u00e9velopp\u00e9s conjointement avec Toyota, d&#8217;ici 2026, et quatre autres d&#8217;ici 2028. Un des mod\u00e8les les plus attendus est un VUS \u00e9lectrique \u00e0 trois rang\u00e9es qui sera construit aux \u00c9tats-Unis. Toutefois, la production de ce dernier, initialement pr\u00e9vue pour l&#8217;ann\u00e9e prochaine, a \u00e9t\u00e9 retard\u00e9e pour permettre des modifications de conception.<\/p>\n<h3>Subaru en retard sur ses objectifs de vente de V\u00c9S<\/h3>\n<p>\nSubaru a des objectifs ambitieux pour les v\u00e9hicules \u00e9lectriques, visant \u00e0 ce qu&#8217;ils repr\u00e9sentent 50 % de ses ventes mondiales \u00e0 l&#8217;avenir. Cependant, en 2023, le mod\u00e8le Solterra \u2013 son seul VE actuellement disponible \u2013 n&#8217;a repr\u00e9sent\u00e9 que 0,02 % de ses ventes totales. Avec ces nouveaux mod\u00e8les en pr\u00e9paration, Subaru esp\u00e8re attirer davantage de clients vers les v\u00e9hicules \u00e9lectriques.<\/p>\n<h3>Un partenariat solide avec Toyota<\/h3>\n<p>\nLe PDG de Subaru, Atsushi Osaki, a soulign\u00e9 en mai l&#8217;importance de ce partenariat avec Toyota dans le d\u00e9veloppement de v\u00e9hicules \u00e9lectriques. Il a d\u00e9clar\u00e9 que &#8220;gr\u00e2ce \u00e0 cette approche de d\u00e9veloppement, production et fourniture conjoints, nous assurerons une flexibilit\u00e9 dans les domaines du d\u00e9veloppement et de la production, tout en att\u00e9nuant les risques avec Toyota, \u00e0 un moment o\u00f9 il est difficile de pr\u00e9dire clairement les tendances futures.&#8221;<\/p>\n<h3><strong>Conclusion<\/strong><\/h3>\n<p>\nAvec ce nouveau VUS \u00e9lectrique, Toyota et Subaru renforcent leur collaboration et se positionnent pour r\u00e9pondre \u00e0 la demande croissante de v\u00e9hicules \u00e9lectriques dans le monde entier. Malgr\u00e9 les retards dans certains projets, les deux entreprises restent r\u00e9solument engag\u00e9es dans la transition vers l&#8217;\u00e9lectrification.<\/p>\n<p>Avec des renseignements de Carscoops<\/p>\n<p>Le texte <a rel=\"nofollow\" href=\"https:\/\/annuelauto.ca\/un-autre-projet-de-ve-entre-toyota-et-subaru\/\">Toyota et Subaru vont pr\u00e9senter un autre v\u00e9hicule \u00e9lectrique conjoint en 2026<\/a> provient de <a rel=\"nofollow\" href=\"https:\/\/annuelauto.ca\">L&#8217;annuel de l&#8217;automobile &#8211; Actualit\u00e9 automobile<\/a><\/p>\n<p><\/p>\n","protected":false},"excerpt":{"rendered":"<p>Apr\u00e8s les mod\u00e8les mod\u00e8les \u00e9lectriques bZ4X et Solterra, Toyota et Subaru pr\u00e9parent un nouveau VUS \u00e9lectrique commun qui sera lanc\u00e9 en 2026. Ce nouveau mod\u00e8le reprendra de nombreux composants du bZ4X ainsi que d&#8217;autres mod\u00e8les Toyota afin de limiter les co\u00fbts de production. Production en s\u00e9rie au Japon La production de ce nouveau v\u00e9hicule \u00e9lectrique [&hellip;]<\/p>\n","protected":false},"author":8,"featured_media":176212,"comment_status":"close","ping_status":"closed","sticky":false,"template":"","format":"standard","meta":{"_monsterinsights_skip_tracking":false,"_monsterinsights_sitenote_active":false,"_monsterinsights_sitenote_note":"","_monsterinsights_sitenote_category":0,"footnotes":""},"categories":[101],"tags":[],"yoast_head":"<!-- This site is optimized with the Yoast SEO plugin v23.2 - https:\/\/yoast.com\/wordpress\/plugins\/seo\/ -->\n<title>Toyota et Subaru vont pr\u00e9senter un autre v\u00e9hicule \u00e9lectrique conjoint en 2026 - CanadaMotorJobs.com<\/title>\n<meta name=\"description\" content=\"Toyota et Subaru vont pr\u00e9senter un autre v\u00e9hicule \u00e9lectrique conjoint en 2026 - Benoit Charette - Annuel automobile - CanadaMotorJobs.com.\" \/>\n<meta name=\"robots\" content=\"index, follow, max-snippet:-1, max-image-preview:large, max-video-preview:-1\" \/>\n<meta property=\"og:locale\" content=\"fr_CA\" \/>\n<meta property=\"og:type\" content=\"article\" \/>\n<meta property=\"og:title\" content=\"Toyota et Subaru vont pr\u00e9senter un autre v\u00e9hicule \u00e9lectrique conjoint en 2026 - CanadaMotorJobs.com\" \/>\n<meta property=\"og:description\" content=\"Toyota et Subaru vont pr\u00e9senter un autre v\u00e9hicule \u00e9lectrique conjoint en 2026 - Benoit Charette - Annuel automobile - CanadaMotorJobs.com.\" \/>\n<meta property=\"og:url\" content=\"https:\/\/news.canadamotorjobs.com\/fr\/toyota-et-subaru-vont-presenter-un-autre-vehicule-electrique-conjoint-en-2026\/\" \/>\n<meta property=\"og:site_name\" content=\"CanadaMotorJobs.com\" \/>\n<meta property=\"article:publisher\" content=\"https:\/\/www.facebook.com\/canadamotorjobs\/\" \/>\n<meta property=\"article:published_time\" content=\"2024-10-08T12:43:20+00:00\" \/>\n<meta property=\"article:modified_time\" content=\"2024-10-08T12:44:12+00:00\" \/>\n<meta property=\"og:image\" content=\"https:\/\/news.canadamotorjobs.com\/wp-content\/uploads\/2024\/10\/Comparativa-visual-Subaru-Solterra-y-Toyota-bZ4X-1.jpg\" \/>\n\t<meta property=\"og:image:width\" content=\"1000\" \/>\n\t<meta property=\"og:image:height\" content=\"450\" \/>\n\t<meta property=\"og:image:type\" content=\"image\/jpeg\" \/>\n<meta name=\"author\" content=\"Benoit Charette\" \/>\n<meta name=\"twitter:card\" content=\"summary_large_image\" \/>\n<meta name=\"twitter:creator\" content=\"@canadamotorjobs\" \/>\n<meta name=\"twitter:site\" content=\"@canadamotorjobs\" \/>\n<meta name=\"twitter:label1\" content=\"\u00c9crit par\" \/>\n\t<meta name=\"twitter:data1\" content=\"Benoit Charette\" \/>\n\t<meta name=\"twitter:label2\" content=\"Estimation du temps de lecture\" \/>\n\t<meta name=\"twitter:data2\" content=\"2 minutes\" \/>\n<!-- \/ Yoast SEO plugin. -->","yoast_head_json":{"title":"Toyota et Subaru vont pr\u00e9senter un autre v\u00e9hicule \u00e9lectrique conjoint en 2026 - CanadaMotorJobs.com","description":"Toyota et Subaru vont pr\u00e9senter un autre v\u00e9hicule \u00e9lectrique conjoint en 2026 - Benoit Charette - Annuel automobile - CanadaMotorJobs.com.","robots":{"index":"index","follow":"follow","max-snippet":"max-snippet:-1","max-image-preview":"max-image-preview:large","max-video-preview":"max-video-preview:-1"},"og_locale":"fr_CA","og_type":"article","og_title":"Toyota et Subaru vont pr\u00e9senter un autre v\u00e9hicule \u00e9lectrique conjoint en 2026 - CanadaMotorJobs.com","og_description":"Toyota et Subaru vont pr\u00e9senter un autre v\u00e9hicule \u00e9lectrique conjoint en 2026 - Benoit Charette - Annuel automobile - CanadaMotorJobs.com.","og_url":"https:\/\/news.canadamotorjobs.com\/fr\/toyota-et-subaru-vont-presenter-un-autre-vehicule-electrique-conjoint-en-2026\/","og_site_name":"CanadaMotorJobs.com","article_publisher":"https:\/\/www.facebook.com\/canadamotorjobs\/","article_published_time":"2024-10-08T12:43:20+00:00","article_modified_time":"2024-10-08T12:44:12+00:00","og_image":[{"width":1000,"height":450,"url":"https:\/\/news.canadamotorjobs.com\/wp-content\/uploads\/2024\/10\/Comparativa-visual-Subaru-Solterra-y-Toyota-bZ4X-1.jpg","type":"image\/jpeg"}],"author":"Benoit Charette","twitter_card":"summary_large_image","twitter_creator":"@canadamotorjobs","twitter_site":"@canadamotorjobs","twitter_misc":{"\u00c9crit par":"Benoit Charette","Estimation du temps de lecture":"2 minutes"},"schema":{"@context":"https:\/\/schema.org","@graph":[{"@type":"Article","@id":"https:\/\/news.canadamotorjobs.com\/fr\/toyota-et-subaru-vont-presenter-un-autre-vehicule-electrique-conjoint-en-2026\/#article","isPartOf":{"@id":"https:\/\/news.canadamotorjobs.com\/fr\/toyota-et-subaru-vont-presenter-un-autre-vehicule-electrique-conjoint-en-2026\/"},"author":{"name":"Benoit Charette","@id":"https:\/\/news.canadamotorjobs.com\/#\/schema\/person\/51793d1f87d44011d7bcc2ed99269a90"},"headline":"Toyota et Subaru vont pr\u00e9senter un autre v\u00e9hicule \u00e9lectrique conjoint en 2026","datePublished":"2024-10-08T12:43:20+00:00","dateModified":"2024-10-08T12:44:12+00:00","mainEntityOfPage":{"@id":"https:\/\/news.canadamotorjobs.com\/fr\/toyota-et-subaru-vont-presenter-un-autre-vehicule-electrique-conjoint-en-2026\/"},"wordCount":517,"publisher":{"@id":"https:\/\/news.canadamotorjobs.com\/#organization"},"image":{"@id":"https:\/\/news.canadamotorjobs.com\/fr\/toyota-et-subaru-vont-presenter-un-autre-vehicule-electrique-conjoint-en-2026\/#primaryimage"},"thumbnailUrl":"https:\/\/news.canadamotorjobs.com\/wp-content\/uploads\/2024\/10\/Comparativa-visual-Subaru-Solterra-y-Toyota-bZ4X-1.jpg","articleSection":["Annuel automobile"],"inLanguage":"fr-CA"},{"@type":"WebPage","@id":"https:\/\/news.canadamotorjobs.com\/fr\/toyota-et-subaru-vont-presenter-un-autre-vehicule-electrique-conjoint-en-2026\/","url":"https:\/\/news.canadamotorjobs.com\/fr\/toyota-et-subaru-vont-presenter-un-autre-vehicule-electrique-conjoint-en-2026\/","name":"Toyota et Subaru vont pr\u00e9senter un autre v\u00e9hicule \u00e9lectrique conjoint en 2026 - CanadaMotorJobs.com","isPartOf":{"@id":"https:\/\/news.canadamotorjobs.com\/#website"},"primaryImageOfPage":{"@id":"https:\/\/news.canadamotorjobs.com\/fr\/toyota-et-subaru-vont-presenter-un-autre-vehicule-electrique-conjoint-en-2026\/#primaryimage"},"image":{"@id":"https:\/\/news.canadamotorjobs.com\/fr\/toyota-et-subaru-vont-presenter-un-autre-vehicule-electrique-conjoint-en-2026\/#primaryimage"},"thumbnailUrl":"https:\/\/news.canadamotorjobs.com\/wp-content\/uploads\/2024\/10\/Comparativa-visual-Subaru-Solterra-y-Toyota-bZ4X-1.jpg","datePublished":"2024-10-08T12:43:20+00:00","dateModified":"2024-10-08T12:44:12+00:00","description":"Toyota et Subaru vont pr\u00e9senter un autre v\u00e9hicule \u00e9lectrique conjoint en 2026 - Benoit Charette - Annuel automobile - CanadaMotorJobs.com.","breadcrumb":{"@id":"https:\/\/news.canadamotorjobs.com\/fr\/toyota-et-subaru-vont-presenter-un-autre-vehicule-electrique-conjoint-en-2026\/#breadcrumb"},"inLanguage":"fr-CA","potentialAction":[{"@type":"ReadAction","target":["https:\/\/news.canadamotorjobs.com\/fr\/toyota-et-subaru-vont-presenter-un-autre-vehicule-electrique-conjoint-en-2026\/"]}]},{"@type":"ImageObject","inLanguage":"fr-CA","@id":"https:\/\/news.canadamotorjobs.com\/fr\/toyota-et-subaru-vont-presenter-un-autre-vehicule-electrique-conjoint-en-2026\/#primaryimage","url":"https:\/\/news.canadamotorjobs.com\/wp-content\/uploads\/2024\/10\/Comparativa-visual-Subaru-Solterra-y-Toyota-bZ4X-1.jpg","contentUrl":"https:\/\/news.canadamotorjobs.com\/wp-content\/uploads\/2024\/10\/Comparativa-visual-Subaru-Solterra-y-Toyota-bZ4X-1.jpg","width":1000,"height":450},{"@type":"BreadcrumbList","@id":"https:\/\/news.canadamotorjobs.com\/fr\/toyota-et-subaru-vont-presenter-un-autre-vehicule-electrique-conjoint-en-2026\/#breadcrumb","itemListElement":[{"@type":"ListItem","position":1,"name":"Home","item":"https:\/\/news.canadamotorjobs.com\/fr\/blog\/"},{"@type":"ListItem","position":2,"name":"Toyota et Subaru vont pr\u00e9senter un autre v\u00e9hicule \u00e9lectrique conjoint en 2026"}]},{"@type":"WebSite","@id":"https:\/\/news.canadamotorjobs.com\/#website","url":"https:\/\/news.canadamotorjobs.com\/","name":"CanadaMotorJobs.com","description":"Automotive Jobs","publisher":{"@id":"https:\/\/news.canadamotorjobs.com\/#organization"},"potentialAction":[{"@type":"SearchAction","target":{"@type":"EntryPoint","urlTemplate":"https:\/\/news.canadamotorjobs.com\/?s={search_term_string}"},"query-input":"required name=search_term_string"}],"inLanguage":"fr-CA"},{"@type":"Organization","@id":"https:\/\/news.canadamotorjobs.com\/#organization","name":"Canada Motor Jobs","url":"https:\/\/news.canadamotorjobs.com\/","logo":{"@type":"ImageObject","inLanguage":"fr-CA","@id":"https:\/\/news.canadamotorjobs.com\/#\/schema\/logo\/image\/","url":"https:\/\/news.canadamotorjobs.com\/wp-content\/uploads\/2022\/10\/logo-canada-motor-jobs-1.png","contentUrl":"https:\/\/news.canadamotorjobs.com\/wp-content\/uploads\/2022\/10\/logo-canada-motor-jobs-1.png","width":800,"height":400,"caption":"Canada Motor Jobs"},"image":{"@id":"https:\/\/news.canadamotorjobs.com\/#\/schema\/logo\/image\/"},"sameAs":["https:\/\/www.facebook.com\/canadamotorjobs\/","https:\/\/x.com\/canadamotorjobs","https:\/\/www.instagram.com\/canadamotorjobs\/","https:\/\/www.linkedin.com\/company\/canadamotorjobs"]},{"@type":"Person","@id":"https:\/\/news.canadamotorjobs.com\/#\/schema\/person\/51793d1f87d44011d7bcc2ed99269a90","name":"Benoit Charette","image":{"@type":"ImageObject","inLanguage":"fr-CA","@id":"https:\/\/news.canadamotorjobs.com\/#\/schema\/person\/image\/","url":"https:\/\/secure.gravatar.com\/avatar\/45f3d2eebcccd909668d7ce7ea7267b6?s=96&d=mm&r=g","contentUrl":"https:\/\/secure.gravatar.com\/avatar\/45f3d2eebcccd909668d7ce7ea7267b6?s=96&d=mm&r=g","caption":"Benoit Charette"},"description":"Benoit Charette \/ Propri\u00e9taire et r\u00e9dacteur en chef Benoit Charette pratique le journalisme automobile depuis bient\u00f4t 30 ans. Il a fait ses classes au c\u00f4t\u00e9 de Daniel H\u00e9raud et au Carnet de route de 1992 \u00e0 2001. Il est fondateur, copropri\u00e9taire et r\u00e9dacteur en chef de L\u2019Annuel de l\u2019automobile, qu\u2019il publie depuis 2001. Il a anim\u00e9 les \u00e9missions RPM et RPM+ sur V et les L\u00e9gendes de la route sur Historia. \u00c0 la radio depuis 1986, il reprend l\u2019antenne cette ann\u00e9e sur les ondes de Cogeco et participe pour la deuxi\u00e8me ann\u00e9e \u00e0 l\u2019\u00e9mission Passion Auto sur RDS en plus de mettre en ligne le site Web officiel de L\u2019Annuel de l\u2019automobile sur annuelauto.ca.","sameAs":["https:\/\/annuelauto.ca\/"],"url":"https:\/\/news.canadamotorjobs.com\/fr\/author\/benoit-charette\/"}]}},"_links":{"self":[{"href":"https:\/\/news.canadamotorjobs.com\/fr\/wp-json\/wp\/v2\/posts\/176210"}],"collection":[{"href":"https:\/\/news.canadamotorjobs.com\/fr\/wp-json\/wp\/v2\/posts"}],"about":[{"href":"https:\/\/news.canadamotorjobs.com\/fr\/wp-json\/wp\/v2\/types\/post"}],"author":[{"embeddable":true,"href":"https:\/\/news.canadamotorjobs.com\/fr\/wp-json\/wp\/v2\/users\/8"}],"replies":[{"embeddable":true,"href":"https:\/\/news.canadamotorjobs.com\/fr\/wp-json\/wp\/v2\/comments?post=176210"}],"version-history":[{"count":2,"href":"https:\/\/news.canadamotorjobs.com\/fr\/wp-json\/wp\/v2\/posts\/176210\/revisions"}],"predecessor-version":[{"id":176214,"href":"https:\/\/news.canadamotorjobs.com\/fr\/wp-json\/wp\/v2\/posts\/176210\/revisions\/176214"}],"wp:featuredmedia":[{"embeddable":true,"href":"https:\/\/news.canadamotorjobs.com\/fr\/wp-json\/wp\/v2\/media\/176212"}],"wp:attachment":[{"href":"https:\/\/news.canadamotorjobs.com\/fr\/wp-json\/wp\/v2\/media?parent=176210"}],"wp:term":[{"taxonomy":"category","embeddable":true,"href":"https:\/\/news.canadamotorjobs.com\/fr\/wp-json\/wp\/v2\/categories?post=176210"},{"taxonomy":"post_tag","embeddable":true,"href":"https:\/\/news.canadamotorjobs.com\/fr\/wp-json\/wp\/v2\/tags?post=176210"}],"curies":[{"name":"wp","href":"https:\/\/api.w.org\/{rel}","templated":true}]}}