{"id":176187,"date":"2024-10-08T08:27:28","date_gmt":"2024-10-08T12:27:28","guid":{"rendered":"https:\/\/news.canadamotorjobs.com\/?p=176187"},"modified":"2024-10-08T08:30:19","modified_gmt":"2024-10-08T12:30:19","slug":"les-deboires-de-northvolt-touchent-aussi-lallemagne-et-le-canada","status":"publish","type":"post","link":"https:\/\/news.canadamotorjobs.com\/fr\/les-deboires-de-northvolt-touchent-aussi-lallemagne-et-le-canada\/","title":{"rendered":"Les d\u00e9boires de Northvolt touchent aussi l\u2019Allemagne et le Canada"},"content":{"rendered":"<\/p>\n<p>Les tribulations de Northvolt causent des maux de t\u00eate bien au-del\u00e0 de la Su\u00e8de, alors que des projets de batteries pour v\u00e9hicules \u00e9lectriques financ\u00e9s par les contribuables subissent des retards, s&#8217;\u00e9tendant de l&#8217;Allemagne au Canada.<\/p>\n<h3>Retards en Allemagne et au Canada<\/h3>\n<p>\nUn projet de gigafactory de 7,5 milliards\u00a0 de dollars en Allemagne du Nord, entrepris par Northvolt, devrait voir son ouverture retard\u00e9e de six \u00e0 douze mois par rapport \u00e0 l&#8217;objectif initial de 2026, selon des sources proches du dossier. De plus, la production de cellules dans une usine canadienne, pr\u00e9vue pour le troisi\u00e8me trimestre 2026, n\u00e9cessitera \u00e9galement plus de temps. Ces retards pourraient repousser le volume de production significatif de plus d&#8217;un an. Les initiatives de fabrication de cathodes et de recyclage, pr\u00e9vues dans la premi\u00e8re phase de 7 milliards de dollars canadiens au Qu\u00e9bec, seront \u00e9galement report\u00e9es, car la soci\u00e9t\u00e9 revoit ses ambitions.<\/p>\n<p>Malgr\u00e9 ces retards, Northvolt reste engag\u00e9 dans ses projets allemands et canadiens. Un porte-parole a d\u00e9clar\u00e9 que l&#8217;entreprise \u00e9tait en dialogue \u00e9troit avec les parties prenantes et qu&#8217;aucune d\u00e9cision d\u00e9finitive n&#8217;avait encore \u00e9t\u00e9 prise.<\/p>\n<h3>Les r\u00e9percussions politiques<\/h3>\n<p>\nCes retards entra\u00eenent des critiques \u00e0 l&#8217;encontre des gouvernements qui ont soutenu Northvolt, notamment pour ne pas avoir bien \u00e9valu\u00e9 les risques avant d&#8217;investir des milliards dans ces projets. Alors que les principaux actionnaires ont promis de soutenir Northvolt, la concurrence avec les acteurs chinois et cor\u00e9ens \u00e9tablis reste une lutte difficile. Sam Adham, responsable des mat\u00e9riaux de batteries chez CRU, a soulign\u00e9 que presque toutes les jeunes pousses europ\u00e9ennes dans le domaine des batteries ont promis plus qu&#8217;elles ne pouvaient offrir, profitant de l&#8217;engouement, mais que l&#8217;Europe manque actuellement du savoir-faire technique n\u00e9cessaire.<\/p>\n<h3>Les politiciens sur la d\u00e9fensive<\/h3>\n<p>\nLes politiciens qui ont soutenu Northvolt sont d\u00e9sormais sur la d\u00e9fensive. L&#8217;usine Northvolt Drei, situ\u00e9e \u00e0 Heide en Allemagne, symbolisait l&#8217;engagement de l&#8217;Allemagne dans la transition \u00e9nerg\u00e9tique et dans la cr\u00e9ation d&#8217;une cha\u00eene d&#8217;approvisionnement en batteries pour des constructeurs comme Volkswagen, le plus grand investisseur de Northvolt. Sa capacit\u00e9 de 60 gigawattheures devait produire des batteries pour alimenter jusqu&#8217;\u00e0 un million de v\u00e9hicules \u00e9lectriques par an.<\/p>\n<p>Les gouvernements f\u00e9d\u00e9ral et r\u00e9gional ont engag\u00e9 902 millions d&#8217;euros pour ce projet, principalement sous forme de subventions. Le chancelier Olaf Scholz a assist\u00e9 \u00e0 la c\u00e9r\u00e9monie de lancement des travaux en mars dernier, aux c\u00f4t\u00e9s du ministre de l&#8217;\u00e9conomie, Robert Habeck, originaire de la r\u00e9gion. Cependant, la lenteur de l&#8217;avancement des travaux pourrait embarrasser le gouvernement allemand, d\u00e9j\u00e0 sous pression.<\/p>\n<h3>L&#8217;Allemagne et la Su\u00e8de r\u00e9agissent<\/h3>\n<p>\nMalgr\u00e9 ces retards, le soutien allemand au projet reste &#8220;inflexible&#8221; et les engagements financiers ne sont pas affect\u00e9s par les probl\u00e8mes rencontr\u00e9s en Su\u00e8de. Cependant, la Su\u00e8de a r\u00e9cemment annonc\u00e9 qu&#8217;elle ne fournirait pas de pr\u00eats d&#8217;urgence \u00e0 Northvolt et qu&#8217;elle ne prendrait pas de participation dans l&#8217;entreprise. BMW, apr\u00e8s avoir annul\u00e9 une commande de batteries de 2 milliards d&#8217;euros plus t\u00f4t cette ann\u00e9e, a \u00e9galement refus\u00e9 de contribuer \u00e0 son financement. Volkswagen a d\u00e9clar\u00e9 qu&#8217;il soutiendrait la mont\u00e9e en puissance industrielle de Northvolt, mais sans donner de d\u00e9tails.<\/p>\n<h3>L&#8217;engagement du Canada<\/h3>\n<p>\nLes responsables canadiens ont promis jusqu&#8217;\u00e0 7,3 milliards de dollars canadiens en pr\u00eats, prises de participation et subventions pour Northvolt. Une partie de cet argent provient du gouvernement f\u00e9d\u00e9ral, mais les premiers versements ne seront effectu\u00e9s qu&#8217;une fois les d\u00e9penses audit\u00e9es. Le Qu\u00e9bec a d\u00e9j\u00e0 pr\u00eat\u00e9 plus d&#8217;un tiers de son engagement de 1,37 milliard de dollars canadiens pour le projet Northvolt Six pr\u00e8s de Montr\u00e9al.<\/p>\n<p>Cependant, Northvolt est d\u00e9sormais au centre d&#8217;un d\u00e9bat politique au Canada, avec des inqui\u00e9tudes croissantes concernant la perte potentielle des fonds publics. Cette crise de liquidit\u00e9 survient apr\u00e8s une ann\u00e9e de d\u00e9bats sur l&#8217;opportunit\u00e9 d&#8217;accorder \u00e0 Northvolt une d\u00e9rogation au processus d&#8217;\u00e9valuation environnementale pour acc\u00e9l\u00e9rer la construction.<\/p>\n<p>Fran\u00e7ois-Philippe Champagne, ministre canadien de l&#8217;industrie, a r\u00e9cemment tent\u00e9 de rassurer le public en affirmant que la rentabilit\u00e9 de Northvolt d\u00e9pend du march\u00e9 nord-am\u00e9ricain et que l&#8217;usine qu\u00e9b\u00e9coise est fondamentale pour son avenir.<\/p>\n<h3>Des d\u00e9fis financiers<\/h3>\n<p>\nNorthvolt fait face \u00e0 des d\u00e9fis financiers, en partie dus \u00e0 son incapacit\u00e9 \u00e0 acc\u00e9der \u00e0 au moins 1,5 milliard de dollars am\u00e9ricains de pr\u00eats promis. De plus, certaines subventions gouvernementales sont li\u00e9es \u00e0 la r\u00e9alisation de jalons de performance des usines, ce qui pourrait \u00eatre un obstacle \u00e0 l&#8217;obtention de liquidit\u00e9s.<\/p>\n<p>L&#8217;entreprise a r\u00e9cemment annonc\u00e9 des licenciements massifs et la r\u00e9duction de plusieurs projets afin de se concentrer sur la production de batteries dans son usine principale en Su\u00e8de, pr\u00e8s du cercle polaire arctique. Malgr\u00e9 cela, Northvolt a r\u00e9affirm\u00e9 son engagement envers sa coentreprise avec Volvo \u00e0 G\u00f6teborg, o\u00f9 les travaux ont d\u00e9but\u00e9 en mars dernier.<\/p>\n<h3><strong>Conclusion<\/strong><\/h3>\n<p>\nNorthvolt, malgr\u00e9 son engagement envers les projets de batteries en Allemagne, au Canada et en Su\u00e8de, fait face \u00e0 une crise de liquidit\u00e9s et \u00e0 des retards importants. Cela place les politiciens qui ont soutenu ces initiatives dans une position d\u00e9licate, alors que l&#8217;entreprise tente de stabiliser ses finances et de poursuivre sa concurrence avec des acteurs \u00e9tablis dans l&#8217;industrie des batteries pour v\u00e9hicules \u00e9lectriques.<\/p>\n<p>Avec des renseignements de Bloomberg et Automotive News<\/p>\n<p>Le texte <a rel=\"nofollow\" href=\"https:\/\/annuelauto.ca\/les-deboires-de-northvolt-touchent-aussi-lallemagne-et-le-canada\/\">Les d\u00e9boires de Northvolt touchent aussi l\u2019Allemagne et le Canada<\/a> provient de <a rel=\"nofollow\" href=\"https:\/\/annuelauto.ca\">L&#8217;annuel de l&#8217;automobile &#8211; Actualit\u00e9 automobile<\/a><\/p>\n<p><\/p>\n","protected":false},"excerpt":{"rendered":"<p>Les tribulations de Northvolt causent des maux de t\u00eate bien au-del\u00e0 de la Su\u00e8de, alors que des projets de batteries pour v\u00e9hicules \u00e9lectriques financ\u00e9s par les contribuables subissent des retards, s&#8217;\u00e9tendant de l&#8217;Allemagne au Canada. Retards en Allemagne et au Canada Un projet de gigafactory de 7,5 milliards\u00a0 de dollars en Allemagne du Nord, entrepris [&hellip;]<\/p>\n","protected":false},"author":8,"featured_media":176189,"comment_status":"close","ping_status":"closed","sticky":false,"template":"","format":"standard","meta":{"_monsterinsights_skip_tracking":false,"_monsterinsights_sitenote_active":false,"_monsterinsights_sitenote_note":"","_monsterinsights_sitenote_category":0,"footnotes":""},"categories":[101],"tags":[],"yoast_head":"<!-- This site is optimized with the Yoast SEO plugin v23.2 - https:\/\/yoast.com\/wordpress\/plugins\/seo\/ -->\n<title>Les d\u00e9boires de Northvolt touchent aussi l\u2019Allemagne et le Canada - CanadaMotorJobs.com<\/title>\n<meta name=\"description\" content=\"Les d\u00e9boires de Northvolt touchent aussi l\u2019Allemagne et le Canada - Benoit Charette - Annuel automobile - CanadaMotorJobs.com.\" \/>\n<meta name=\"robots\" content=\"index, follow, max-snippet:-1, max-image-preview:large, max-video-preview:-1\" \/>\n<meta property=\"og:locale\" content=\"fr_CA\" \/>\n<meta property=\"og:type\" content=\"article\" \/>\n<meta property=\"og:title\" content=\"Les d\u00e9boires de Northvolt touchent aussi l\u2019Allemagne et le Canada - CanadaMotorJobs.com\" \/>\n<meta property=\"og:description\" content=\"Les d\u00e9boires de Northvolt touchent aussi l\u2019Allemagne et le Canada - Benoit Charette - Annuel automobile - CanadaMotorJobs.com.\" \/>\n<meta property=\"og:url\" content=\"https:\/\/news.canadamotorjobs.com\/fr\/les-deboires-de-northvolt-touchent-aussi-lallemagne-et-le-canada\/\" \/>\n<meta property=\"og:site_name\" content=\"CanadaMotorJobs.com\" \/>\n<meta property=\"article:publisher\" content=\"https:\/\/www.facebook.com\/canadamotorjobs\/\" \/>\n<meta property=\"article:published_time\" content=\"2024-10-08T12:27:28+00:00\" \/>\n<meta property=\"article:modified_time\" content=\"2024-10-08T12:30:19+00:00\" \/>\n<meta property=\"og:image\" content=\"https:\/\/news.canadamotorjobs.com\/wp-content\/uploads\/2024\/10\/image.png\" \/>\n\t<meta property=\"og:image:width\" content=\"1200\" \/>\n\t<meta property=\"og:image:height\" content=\"750\" \/>\n\t<meta property=\"og:image:type\" content=\"image\/png\" \/>\n<meta name=\"author\" content=\"Benoit Charette\" \/>\n<meta name=\"twitter:card\" content=\"summary_large_image\" \/>\n<meta name=\"twitter:creator\" content=\"@canadamotorjobs\" \/>\n<meta name=\"twitter:site\" content=\"@canadamotorjobs\" \/>\n<meta name=\"twitter:label1\" content=\"\u00c9crit par\" \/>\n\t<meta name=\"twitter:data1\" content=\"Benoit Charette\" \/>\n\t<meta name=\"twitter:label2\" content=\"Estimation du temps de lecture\" \/>\n\t<meta name=\"twitter:data2\" content=\"5 minutes\" \/>\n<!-- \/ Yoast SEO plugin. -->","yoast_head_json":{"title":"Les d\u00e9boires de Northvolt touchent aussi l\u2019Allemagne et le Canada - CanadaMotorJobs.com","description":"Les d\u00e9boires de Northvolt touchent aussi l\u2019Allemagne et le Canada - Benoit Charette - Annuel automobile - CanadaMotorJobs.com.","robots":{"index":"index","follow":"follow","max-snippet":"max-snippet:-1","max-image-preview":"max-image-preview:large","max-video-preview":"max-video-preview:-1"},"og_locale":"fr_CA","og_type":"article","og_title":"Les d\u00e9boires de Northvolt touchent aussi l\u2019Allemagne et le Canada - CanadaMotorJobs.com","og_description":"Les d\u00e9boires de Northvolt touchent aussi l\u2019Allemagne et le Canada - Benoit Charette - Annuel automobile - CanadaMotorJobs.com.","og_url":"https:\/\/news.canadamotorjobs.com\/fr\/les-deboires-de-northvolt-touchent-aussi-lallemagne-et-le-canada\/","og_site_name":"CanadaMotorJobs.com","article_publisher":"https:\/\/www.facebook.com\/canadamotorjobs\/","article_published_time":"2024-10-08T12:27:28+00:00","article_modified_time":"2024-10-08T12:30:19+00:00","og_image":[{"width":1200,"height":750,"url":"https:\/\/news.canadamotorjobs.com\/wp-content\/uploads\/2024\/10\/image.png","type":"image\/png"}],"author":"Benoit Charette","twitter_card":"summary_large_image","twitter_creator":"@canadamotorjobs","twitter_site":"@canadamotorjobs","twitter_misc":{"\u00c9crit par":"Benoit Charette","Estimation du temps de lecture":"5 minutes"},"schema":{"@context":"https:\/\/schema.org","@graph":[{"@type":"Article","@id":"https:\/\/news.canadamotorjobs.com\/fr\/les-deboires-de-northvolt-touchent-aussi-lallemagne-et-le-canada\/#article","isPartOf":{"@id":"https:\/\/news.canadamotorjobs.com\/fr\/les-deboires-de-northvolt-touchent-aussi-lallemagne-et-le-canada\/"},"author":{"name":"Benoit Charette","@id":"https:\/\/news.canadamotorjobs.com\/#\/schema\/person\/51793d1f87d44011d7bcc2ed99269a90"},"headline":"Les d\u00e9boires de Northvolt touchent aussi l\u2019Allemagne et le Canada","datePublished":"2024-10-08T12:27:28+00:00","dateModified":"2024-10-08T12:30:19+00:00","mainEntityOfPage":{"@id":"https:\/\/news.canadamotorjobs.com\/fr\/les-deboires-de-northvolt-touchent-aussi-lallemagne-et-le-canada\/"},"wordCount":982,"publisher":{"@id":"https:\/\/news.canadamotorjobs.com\/#organization"},"image":{"@id":"https:\/\/news.canadamotorjobs.com\/fr\/les-deboires-de-northvolt-touchent-aussi-lallemagne-et-le-canada\/#primaryimage"},"thumbnailUrl":"https:\/\/news.canadamotorjobs.com\/wp-content\/uploads\/2024\/10\/image.png","articleSection":["Annuel automobile"],"inLanguage":"fr-CA"},{"@type":"WebPage","@id":"https:\/\/news.canadamotorjobs.com\/fr\/les-deboires-de-northvolt-touchent-aussi-lallemagne-et-le-canada\/","url":"https:\/\/news.canadamotorjobs.com\/fr\/les-deboires-de-northvolt-touchent-aussi-lallemagne-et-le-canada\/","name":"Les d\u00e9boires de Northvolt touchent aussi l\u2019Allemagne et le Canada - CanadaMotorJobs.com","isPartOf":{"@id":"https:\/\/news.canadamotorjobs.com\/#website"},"primaryImageOfPage":{"@id":"https:\/\/news.canadamotorjobs.com\/fr\/les-deboires-de-northvolt-touchent-aussi-lallemagne-et-le-canada\/#primaryimage"},"image":{"@id":"https:\/\/news.canadamotorjobs.com\/fr\/les-deboires-de-northvolt-touchent-aussi-lallemagne-et-le-canada\/#primaryimage"},"thumbnailUrl":"https:\/\/news.canadamotorjobs.com\/wp-content\/uploads\/2024\/10\/image.png","datePublished":"2024-10-08T12:27:28+00:00","dateModified":"2024-10-08T12:30:19+00:00","description":"Les d\u00e9boires de Northvolt touchent aussi l\u2019Allemagne et le Canada - Benoit Charette - Annuel automobile - CanadaMotorJobs.com.","breadcrumb":{"@id":"https:\/\/news.canadamotorjobs.com\/fr\/les-deboires-de-northvolt-touchent-aussi-lallemagne-et-le-canada\/#breadcrumb"},"inLanguage":"fr-CA","potentialAction":[{"@type":"ReadAction","target":["https:\/\/news.canadamotorjobs.com\/fr\/les-deboires-de-northvolt-touchent-aussi-lallemagne-et-le-canada\/"]}]},{"@type":"ImageObject","inLanguage":"fr-CA","@id":"https:\/\/news.canadamotorjobs.com\/fr\/les-deboires-de-northvolt-touchent-aussi-lallemagne-et-le-canada\/#primaryimage","url":"https:\/\/news.canadamotorjobs.com\/wp-content\/uploads\/2024\/10\/image.png","contentUrl":"https:\/\/news.canadamotorjobs.com\/wp-content\/uploads\/2024\/10\/image.png","width":1200,"height":750},{"@type":"BreadcrumbList","@id":"https:\/\/news.canadamotorjobs.com\/fr\/les-deboires-de-northvolt-touchent-aussi-lallemagne-et-le-canada\/#breadcrumb","itemListElement":[{"@type":"ListItem","position":1,"name":"Home","item":"https:\/\/news.canadamotorjobs.com\/fr\/blog\/"},{"@type":"ListItem","position":2,"name":"Les d\u00e9boires de Northvolt touchent aussi l\u2019Allemagne et le Canada"}]},{"@type":"WebSite","@id":"https:\/\/news.canadamotorjobs.com\/#website","url":"https:\/\/news.canadamotorjobs.com\/","name":"CanadaMotorJobs.com","description":"Automotive Jobs","publisher":{"@id":"https:\/\/news.canadamotorjobs.com\/#organization"},"potentialAction":[{"@type":"SearchAction","target":{"@type":"EntryPoint","urlTemplate":"https:\/\/news.canadamotorjobs.com\/?s={search_term_string}"},"query-input":"required name=search_term_string"}],"inLanguage":"fr-CA"},{"@type":"Organization","@id":"https:\/\/news.canadamotorjobs.com\/#organization","name":"Canada Motor Jobs","url":"https:\/\/news.canadamotorjobs.com\/","logo":{"@type":"ImageObject","inLanguage":"fr-CA","@id":"https:\/\/news.canadamotorjobs.com\/#\/schema\/logo\/image\/","url":"https:\/\/news.canadamotorjobs.com\/wp-content\/uploads\/2022\/10\/logo-canada-motor-jobs-1.png","contentUrl":"https:\/\/news.canadamotorjobs.com\/wp-content\/uploads\/2022\/10\/logo-canada-motor-jobs-1.png","width":800,"height":400,"caption":"Canada Motor Jobs"},"image":{"@id":"https:\/\/news.canadamotorjobs.com\/#\/schema\/logo\/image\/"},"sameAs":["https:\/\/www.facebook.com\/canadamotorjobs\/","https:\/\/x.com\/canadamotorjobs","https:\/\/www.instagram.com\/canadamotorjobs\/","https:\/\/www.linkedin.com\/company\/canadamotorjobs"]},{"@type":"Person","@id":"https:\/\/news.canadamotorjobs.com\/#\/schema\/person\/51793d1f87d44011d7bcc2ed99269a90","name":"Benoit Charette","image":{"@type":"ImageObject","inLanguage":"fr-CA","@id":"https:\/\/news.canadamotorjobs.com\/#\/schema\/person\/image\/","url":"https:\/\/secure.gravatar.com\/avatar\/45f3d2eebcccd909668d7ce7ea7267b6?s=96&d=mm&r=g","contentUrl":"https:\/\/secure.gravatar.com\/avatar\/45f3d2eebcccd909668d7ce7ea7267b6?s=96&d=mm&r=g","caption":"Benoit Charette"},"description":"Benoit Charette \/ Propri\u00e9taire et r\u00e9dacteur en chef Benoit Charette pratique le journalisme automobile depuis bient\u00f4t 30 ans. Il a fait ses classes au c\u00f4t\u00e9 de Daniel H\u00e9raud et au Carnet de route de 1992 \u00e0 2001. Il est fondateur, copropri\u00e9taire et r\u00e9dacteur en chef de L\u2019Annuel de l\u2019automobile, qu\u2019il publie depuis 2001. Il a anim\u00e9 les \u00e9missions RPM et RPM+ sur V et les L\u00e9gendes de la route sur Historia. \u00c0 la radio depuis 1986, il reprend l\u2019antenne cette ann\u00e9e sur les ondes de Cogeco et participe pour la deuxi\u00e8me ann\u00e9e \u00e0 l\u2019\u00e9mission Passion Auto sur RDS en plus de mettre en ligne le site Web officiel de L\u2019Annuel de l\u2019automobile sur annuelauto.ca.","sameAs":["https:\/\/annuelauto.ca\/"],"url":"https:\/\/news.canadamotorjobs.com\/fr\/author\/benoit-charette\/"}]}},"_links":{"self":[{"href":"https:\/\/news.canadamotorjobs.com\/fr\/wp-json\/wp\/v2\/posts\/176187"}],"collection":[{"href":"https:\/\/news.canadamotorjobs.com\/fr\/wp-json\/wp\/v2\/posts"}],"about":[{"href":"https:\/\/news.canadamotorjobs.com\/fr\/wp-json\/wp\/v2\/types\/post"}],"author":[{"embeddable":true,"href":"https:\/\/news.canadamotorjobs.com\/fr\/wp-json\/wp\/v2\/users\/8"}],"replies":[{"embeddable":true,"href":"https:\/\/news.canadamotorjobs.com\/fr\/wp-json\/wp\/v2\/comments?post=176187"}],"version-history":[{"count":2,"href":"https:\/\/news.canadamotorjobs.com\/fr\/wp-json\/wp\/v2\/posts\/176187\/revisions"}],"predecessor-version":[{"id":176191,"href":"https:\/\/news.canadamotorjobs.com\/fr\/wp-json\/wp\/v2\/posts\/176187\/revisions\/176191"}],"wp:featuredmedia":[{"embeddable":true,"href":"https:\/\/news.canadamotorjobs.com\/fr\/wp-json\/wp\/v2\/media\/176189"}],"wp:attachment":[{"href":"https:\/\/news.canadamotorjobs.com\/fr\/wp-json\/wp\/v2\/media?parent=176187"}],"wp:term":[{"taxonomy":"category","embeddable":true,"href":"https:\/\/news.canadamotorjobs.com\/fr\/wp-json\/wp\/v2\/categories?post=176187"},{"taxonomy":"post_tag","embeddable":true,"href":"https:\/\/news.canadamotorjobs.com\/fr\/wp-json\/wp\/v2\/tags?post=176187"}],"curies":[{"name":"wp","href":"https:\/\/api.w.org\/{rel}","templated":true}]}}