{"id":176168,"date":"2024-10-07T08:44:56","date_gmt":"2024-10-07T12:44:56","guid":{"rendered":"https:\/\/news.canadamotorjobs.com\/?p=176168"},"modified":"2024-10-07T09:59:47","modified_gmt":"2024-10-07T13:59:47","slug":"ionna-amorce-la-construction-de-sa-premiere-rechargerie-et-fait-du-neuf-avec-du-vieux","status":"publish","type":"post","link":"https:\/\/news.canadamotorjobs.com\/fr\/ionna-amorce-la-construction-de-sa-premiere-rechargerie-et-fait-du-neuf-avec-du-vieux\/","title":{"rendered":"Ionna amorce la construction de sa premi\u00e8re \u00ab\u00a0Rechargerie\u00a0\u00bb et fait du neuf avec du vieux"},"content":{"rendered":"<\/p>\n<p>Au Qu\u00e9bec, on a les Aubainerie, mais en Caroline du Nord on verra bient\u00f4t ouvrir la premi\u00e8re \u00ab\u00a0Rechargerie\u00a0\u00bb. Un communiqu\u00e9 publi\u00e9 le 3 octobre par Ionna, un nouveau <a href=\"https:\/\/annuelauto.ca\/electrify-canada-etend-son-reseau-en-nouvelle-ecosse-et-au-quebec\/\" target=\"_blank\" rel=\"noopener noreferrer\">r\u00e9seau de recharge<\/a> continental, nous apprend que c\u2019est le nom (Rechargery) choisi pour d\u00e9signer les stations-service pour v\u00e9hicules \u00e9lectriques qu\u2019on construira \u00e0 la grandeur de l\u2019Am\u00e9rique du Nord.<\/p>\n<p>Ionna est une entreprise encore nouvelle. Elle a \u00e9t\u00e9 fond\u00e9e en juillet\u00a02023 par sept grands fabricants\u00a0: BMW, General Motors, Honda, <a href=\"https:\/\/annuelauto.ca\/hyundai-franchit-le-cap-des-100-millions-de-vehicules-produits\/\" target=\"_blank\" rel=\"noopener noreferrer\">Hyundai<\/a>, <a href=\"https:\/\/annuelauto.ca\/bruno-sacco-le-designer-qui-a-donne-un-visage-a-mercedes-benz-nest-plus\/\" target=\"_blank\" rel=\"noopener noreferrer\">Mercedes-Benz<\/a>, Kia et Stellantis, auxquels s\u2019en est ajout\u00e9 un huiti\u00e8me en juillet dernier\u00a0: Toyota.<\/p>\n<h3><strong>Pr\u00e8s du si\u00e8ge social<\/strong><\/h3>\n<p>\nPour accueillir sa premi\u00e8re station-service pour V\u00c9, Ionna a choisi la petite ville d\u2019Apex (environ 59\u00a0000\u00a0habitants) qui est situ\u00e9e \u00e0 30 minutes d\u2019autoroute de Raleigh, capitale de la Caroline du Nord. Apex est aussi la ville o\u00f9 se trouvent le si\u00e8ge social et le laboratoire d&#8217;exp\u00e9rience client de l\u2019entreprise.<\/p>\n<p>D\u2019apr\u00e8s le communiqu\u00e9, cette station-service aura 10\u00a0places de stationnement couvertes, prot\u00e9g\u00e9es des \u00e9l\u00e9ments, avec des bornes \u00e0 ports CCS et NACS allant de 400\u00a0kW \u00e0 plus de 800\u00a0v.<\/p>\n<p>Un b\u00e2timent voisin permettra aux \u00e9lectromobilistes de s\u2019offrir un breuvage et de la nourriture durant la recharge, tout en profitant du Wi-Fi pour se d\u00e9tendre ou travailler. Il y aura aussi des toilettes s\u00e9curis\u00e9es, pr\u00e9cise Ionna, et des \u00e9quipements ext\u00e9rieurs adapt\u00e9s aux animaux de compagnie.<\/p>\n<h3><strong>Station-service de longue date<\/strong><\/h3>\n<p>\nIl est int\u00e9ressant de souligner que le site choisi pour cette Rechargerie a servi autrefois \u00e0 une station-service pour v\u00e9hicules thermiques (naturellement).<\/p>\n<p>Situ\u00e9 sur la rue Salem Nord, un axe routier important dans un quartier qualifi\u00e9 d\u2019historique, jusqu\u2019\u00e0 tout r\u00e9cemment, l\u2019\u00e9difice original \u00e9tait occup\u00e9 par une entreprise de r\u00e9novation de cuisines et de salles de bain.<\/p>\n<p>Ce site est \u00e9galement \u00e0 quelques pas d\u2019un des trois imposants ch\u00e2teaux d\u2019eau que les locaux consid\u00e8rent comme des ic\u00f4nes de leur patelin.<\/p>\n<h3><strong>Faire du neuf avec du vieux<\/strong><\/h3>\n<p>\nIl est amusant de noter que la conception de cette nouvelle station-service semble avoir suivi le principe de \u00ab faire du neuf avec du vieux \u00bb. C&#8217;est du moins ce que sugg\u00e8re la photo officielle de cette nouvelle installation diffus\u00e9e par Ionna lorsqu&#8217;on la compare \u00e0 une image r\u00e9cente de Google Maps, qui montre l&#8217;\u00e9difice qu&#8217;elle va remplacer\u2026 ou plut\u00f4t la coquille qu&#8217;elle va bient\u00f4t occuper.<\/p>\n<p>En effet, la photo d&#8217;ouverture montre la future station-service pour VE (en haut) dont le design semble tr\u00e8s inspir\u00e9 (c&#8217;est un euph\u00e9misme) par celui de la station-service originale (en bas).<\/p>\n<p>Il est d&#8217;autant plus amusant de savoir que deux constructeurs, Hyundai et Mercedes-Benz, apparemment peu satisfaits par cette photo officielle d&#8217;Ionna, ont produit la leur pour mettre en valeur un de leurs V\u00c9 populaires\u00a0!<\/p>\n<p>Ah ! Ces relationnistes\u2026<\/p>\n<h3><strong>30\u00a0000 bornes d\u2019ici 2030<\/strong><\/h3>\n<p>\nAu moment de sa cr\u00e9ation, en 2023, Ionna avait annonc\u00e9 la cr\u00e9ation d\u2019un r\u00e9seau de recharge nord-am\u00e9ricain qui disposerait de plus de 30\u00a0000 bornes rapides d&#8217;ici 2030, promesse que l\u2019entreprise maintient \u00e0 ce jour.<\/p>\n<p>En f\u00e9vrier dernier, par ailleurs, un nouveau communiqu\u00e9 nous apprenait que cette coentreprise allait ouvrir ses premi\u00e8res stations-service pour V\u00c9 aux \u00c9tats-Unis en 2024. Il semble plausible aujourd\u2019hui qu\u2019il y en ait au moins une d\u2019ouverte \u2014 celle d\u2019Apex \u2014 d\u2019ici la fin de l\u2019ann\u00e9e. Ce communiqu\u00e9 annon\u00e7ait \u00e9galement l\u2019intention d\u2019Ionna d\u2019\u00e9tendra son r\u00e9seau au Canada \u00ab\u00a0\u00e0 une date ult\u00e9rieure\u00a0\u00bb. Mais on attend toujours un \u00e9ch\u00e9ancier\u2026<\/p>\n<p><em>Photos : Ionna et Google Maps<\/em><\/p>\n<p>Le texte <a rel=\"nofollow\" href=\"https:\/\/annuelauto.ca\/ionna-amorce-la-construction-de-sa-premiere-rechargerie\/\">Ionna amorce la construction de sa premi\u00e8re \u00ab\u00a0Rechargerie\u00a0\u00bb et fait du neuf avec du vieux<\/a> provient de <a rel=\"nofollow\" href=\"https:\/\/annuelauto.ca\">L&#8217;annuel de l&#8217;automobile &#8211; Actualit\u00e9 automobile<\/a><\/p>\n<p><\/p>\n","protected":false},"excerpt":{"rendered":"<p>Au Qu\u00e9bec, on a les Aubainerie, mais en Caroline du Nord on verra bient\u00f4t ouvrir la premi\u00e8re \u00ab\u00a0Rechargerie\u00a0\u00bb. Un communiqu\u00e9 publi\u00e9 le 3 octobre par Ionna, un nouveau r\u00e9seau de recharge continental, nous apprend que c\u2019est le nom (Rechargery) choisi pour d\u00e9signer les stations-service pour v\u00e9hicules \u00e9lectriques qu\u2019on construira \u00e0 la grandeur de l\u2019Am\u00e9rique du [&hellip;]<\/p>\n","protected":false},"author":8,"featured_media":176170,"comment_status":"close","ping_status":"closed","sticky":false,"template":"","format":"standard","meta":{"_monsterinsights_skip_tracking":false,"_monsterinsights_sitenote_active":false,"_monsterinsights_sitenote_note":"","_monsterinsights_sitenote_category":0,"footnotes":""},"categories":[101],"tags":[],"yoast_head":"<!-- This site is optimized with the Yoast SEO plugin v23.2 - https:\/\/yoast.com\/wordpress\/plugins\/seo\/ -->\n<title>Ionna amorce la construction de sa premi\u00e8re \u00ab\u00a0Rechargerie\u00a0\u00bb et fait du neuf avec du vieux - CanadaMotorJobs.com<\/title>\n<meta name=\"description\" content=\"Ionna amorce la construction de sa premi\u00e8re \u00ab\u00a0Rechargerie\u00a0\u00bb et fait du neuf avec du vieux - Benoit Charette - Annuel automobile - CanadaMotorJobs.com.\" \/>\n<meta name=\"robots\" content=\"index, follow, max-snippet:-1, max-image-preview:large, max-video-preview:-1\" \/>\n<meta property=\"og:locale\" content=\"fr_CA\" \/>\n<meta property=\"og:type\" content=\"article\" \/>\n<meta property=\"og:title\" content=\"Ionna amorce la construction de sa premi\u00e8re \u00ab\u00a0Rechargerie\u00a0\u00bb et fait du neuf avec du vieux - CanadaMotorJobs.com\" \/>\n<meta property=\"og:description\" content=\"Ionna amorce la construction de sa premi\u00e8re \u00ab\u00a0Rechargerie\u00a0\u00bb et fait du neuf avec du vieux - Benoit Charette - Annuel automobile - CanadaMotorJobs.com.\" \/>\n<meta property=\"og:url\" content=\"https:\/\/news.canadamotorjobs.com\/fr\/ionna-amorce-la-construction-de-sa-premiere-rechargerie-et-fait-du-neuf-avec-du-vieux\/\" \/>\n<meta property=\"og:site_name\" content=\"CanadaMotorJobs.com\" \/>\n<meta property=\"article:publisher\" content=\"https:\/\/www.facebook.com\/canadamotorjobs\/\" \/>\n<meta property=\"article:published_time\" content=\"2024-10-07T12:44:56+00:00\" \/>\n<meta property=\"article:modified_time\" content=\"2024-10-07T13:59:47+00:00\" \/>\n<meta property=\"og:image\" content=\"https:\/\/news.canadamotorjobs.com\/wp-content\/uploads\/2024\/10\/Ionna-Apex-groupe-1.jpg\" \/>\n\t<meta property=\"og:image:width\" content=\"1024\" \/>\n\t<meta property=\"og:image:height\" content=\"683\" \/>\n\t<meta property=\"og:image:type\" content=\"image\/jpeg\" \/>\n<meta name=\"author\" content=\"Benoit Charette\" \/>\n<meta name=\"twitter:card\" content=\"summary_large_image\" \/>\n<meta name=\"twitter:creator\" content=\"@canadamotorjobs\" \/>\n<meta name=\"twitter:site\" content=\"@canadamotorjobs\" \/>\n<meta name=\"twitter:label1\" content=\"\u00c9crit par\" \/>\n\t<meta name=\"twitter:data1\" content=\"Benoit Charette\" \/>\n\t<meta name=\"twitter:label2\" content=\"Estimation du temps de lecture\" \/>\n\t<meta name=\"twitter:data2\" content=\"3 minutes\" \/>\n<!-- \/ Yoast SEO plugin. -->","yoast_head_json":{"title":"Ionna amorce la construction de sa premi\u00e8re \u00ab\u00a0Rechargerie\u00a0\u00bb et fait du neuf avec du vieux - CanadaMotorJobs.com","description":"Ionna amorce la construction de sa premi\u00e8re \u00ab\u00a0Rechargerie\u00a0\u00bb et fait du neuf avec du vieux - Benoit Charette - Annuel automobile - CanadaMotorJobs.com.","robots":{"index":"index","follow":"follow","max-snippet":"max-snippet:-1","max-image-preview":"max-image-preview:large","max-video-preview":"max-video-preview:-1"},"og_locale":"fr_CA","og_type":"article","og_title":"Ionna amorce la construction de sa premi\u00e8re \u00ab\u00a0Rechargerie\u00a0\u00bb et fait du neuf avec du vieux - CanadaMotorJobs.com","og_description":"Ionna amorce la construction de sa premi\u00e8re \u00ab\u00a0Rechargerie\u00a0\u00bb et fait du neuf avec du vieux - Benoit Charette - Annuel automobile - CanadaMotorJobs.com.","og_url":"https:\/\/news.canadamotorjobs.com\/fr\/ionna-amorce-la-construction-de-sa-premiere-rechargerie-et-fait-du-neuf-avec-du-vieux\/","og_site_name":"CanadaMotorJobs.com","article_publisher":"https:\/\/www.facebook.com\/canadamotorjobs\/","article_published_time":"2024-10-07T12:44:56+00:00","article_modified_time":"2024-10-07T13:59:47+00:00","og_image":[{"width":1024,"height":683,"url":"https:\/\/news.canadamotorjobs.com\/wp-content\/uploads\/2024\/10\/Ionna-Apex-groupe-1.jpg","type":"image\/jpeg"}],"author":"Benoit Charette","twitter_card":"summary_large_image","twitter_creator":"@canadamotorjobs","twitter_site":"@canadamotorjobs","twitter_misc":{"\u00c9crit par":"Benoit Charette","Estimation du temps de lecture":"3 minutes"},"schema":{"@context":"https:\/\/schema.org","@graph":[{"@type":"Article","@id":"https:\/\/news.canadamotorjobs.com\/fr\/ionna-amorce-la-construction-de-sa-premiere-rechargerie-et-fait-du-neuf-avec-du-vieux\/#article","isPartOf":{"@id":"https:\/\/news.canadamotorjobs.com\/fr\/ionna-amorce-la-construction-de-sa-premiere-rechargerie-et-fait-du-neuf-avec-du-vieux\/"},"author":{"name":"Benoit Charette","@id":"https:\/\/news.canadamotorjobs.com\/#\/schema\/person\/51793d1f87d44011d7bcc2ed99269a90"},"headline":"Ionna amorce la construction de sa premi\u00e8re \u00ab\u00a0Rechargerie\u00a0\u00bb et fait du neuf avec du vieux","datePublished":"2024-10-07T12:44:56+00:00","dateModified":"2024-10-07T13:59:47+00:00","mainEntityOfPage":{"@id":"https:\/\/news.canadamotorjobs.com\/fr\/ionna-amorce-la-construction-de-sa-premiere-rechargerie-et-fait-du-neuf-avec-du-vieux\/"},"wordCount":658,"publisher":{"@id":"https:\/\/news.canadamotorjobs.com\/#organization"},"image":{"@id":"https:\/\/news.canadamotorjobs.com\/fr\/ionna-amorce-la-construction-de-sa-premiere-rechargerie-et-fait-du-neuf-avec-du-vieux\/#primaryimage"},"thumbnailUrl":"https:\/\/news.canadamotorjobs.com\/wp-content\/uploads\/2024\/10\/Ionna-Apex-groupe-1.jpg","articleSection":["Annuel automobile"],"inLanguage":"fr-CA"},{"@type":"WebPage","@id":"https:\/\/news.canadamotorjobs.com\/fr\/ionna-amorce-la-construction-de-sa-premiere-rechargerie-et-fait-du-neuf-avec-du-vieux\/","url":"https:\/\/news.canadamotorjobs.com\/fr\/ionna-amorce-la-construction-de-sa-premiere-rechargerie-et-fait-du-neuf-avec-du-vieux\/","name":"Ionna amorce la construction de sa premi\u00e8re \u00ab\u00a0Rechargerie\u00a0\u00bb et fait du neuf avec du vieux - CanadaMotorJobs.com","isPartOf":{"@id":"https:\/\/news.canadamotorjobs.com\/#website"},"primaryImageOfPage":{"@id":"https:\/\/news.canadamotorjobs.com\/fr\/ionna-amorce-la-construction-de-sa-premiere-rechargerie-et-fait-du-neuf-avec-du-vieux\/#primaryimage"},"image":{"@id":"https:\/\/news.canadamotorjobs.com\/fr\/ionna-amorce-la-construction-de-sa-premiere-rechargerie-et-fait-du-neuf-avec-du-vieux\/#primaryimage"},"thumbnailUrl":"https:\/\/news.canadamotorjobs.com\/wp-content\/uploads\/2024\/10\/Ionna-Apex-groupe-1.jpg","datePublished":"2024-10-07T12:44:56+00:00","dateModified":"2024-10-07T13:59:47+00:00","description":"Ionna amorce la construction de sa premi\u00e8re \u00ab\u00a0Rechargerie\u00a0\u00bb et fait du neuf avec du vieux - Benoit Charette - Annuel automobile - CanadaMotorJobs.com.","breadcrumb":{"@id":"https:\/\/news.canadamotorjobs.com\/fr\/ionna-amorce-la-construction-de-sa-premiere-rechargerie-et-fait-du-neuf-avec-du-vieux\/#breadcrumb"},"inLanguage":"fr-CA","potentialAction":[{"@type":"ReadAction","target":["https:\/\/news.canadamotorjobs.com\/fr\/ionna-amorce-la-construction-de-sa-premiere-rechargerie-et-fait-du-neuf-avec-du-vieux\/"]}]},{"@type":"ImageObject","inLanguage":"fr-CA","@id":"https:\/\/news.canadamotorjobs.com\/fr\/ionna-amorce-la-construction-de-sa-premiere-rechargerie-et-fait-du-neuf-avec-du-vieux\/#primaryimage","url":"https:\/\/news.canadamotorjobs.com\/wp-content\/uploads\/2024\/10\/Ionna-Apex-groupe-1.jpg","contentUrl":"https:\/\/news.canadamotorjobs.com\/wp-content\/uploads\/2024\/10\/Ionna-Apex-groupe-1.jpg","width":1024,"height":683},{"@type":"BreadcrumbList","@id":"https:\/\/news.canadamotorjobs.com\/fr\/ionna-amorce-la-construction-de-sa-premiere-rechargerie-et-fait-du-neuf-avec-du-vieux\/#breadcrumb","itemListElement":[{"@type":"ListItem","position":1,"name":"Home","item":"https:\/\/news.canadamotorjobs.com\/fr\/blog\/"},{"@type":"ListItem","position":2,"name":"Ionna amorce la construction de sa premi\u00e8re \u00ab\u00a0Rechargerie\u00a0\u00bb et fait du neuf avec du vieux"}]},{"@type":"WebSite","@id":"https:\/\/news.canadamotorjobs.com\/#website","url":"https:\/\/news.canadamotorjobs.com\/","name":"CanadaMotorJobs.com","description":"Automotive Jobs","publisher":{"@id":"https:\/\/news.canadamotorjobs.com\/#organization"},"potentialAction":[{"@type":"SearchAction","target":{"@type":"EntryPoint","urlTemplate":"https:\/\/news.canadamotorjobs.com\/?s={search_term_string}"},"query-input":"required name=search_term_string"}],"inLanguage":"fr-CA"},{"@type":"Organization","@id":"https:\/\/news.canadamotorjobs.com\/#organization","name":"Canada Motor Jobs","url":"https:\/\/news.canadamotorjobs.com\/","logo":{"@type":"ImageObject","inLanguage":"fr-CA","@id":"https:\/\/news.canadamotorjobs.com\/#\/schema\/logo\/image\/","url":"https:\/\/news.canadamotorjobs.com\/wp-content\/uploads\/2022\/10\/logo-canada-motor-jobs-1.png","contentUrl":"https:\/\/news.canadamotorjobs.com\/wp-content\/uploads\/2022\/10\/logo-canada-motor-jobs-1.png","width":800,"height":400,"caption":"Canada Motor Jobs"},"image":{"@id":"https:\/\/news.canadamotorjobs.com\/#\/schema\/logo\/image\/"},"sameAs":["https:\/\/www.facebook.com\/canadamotorjobs\/","https:\/\/x.com\/canadamotorjobs","https:\/\/www.instagram.com\/canadamotorjobs\/","https:\/\/www.linkedin.com\/company\/canadamotorjobs"]},{"@type":"Person","@id":"https:\/\/news.canadamotorjobs.com\/#\/schema\/person\/51793d1f87d44011d7bcc2ed99269a90","name":"Benoit Charette","image":{"@type":"ImageObject","inLanguage":"fr-CA","@id":"https:\/\/news.canadamotorjobs.com\/#\/schema\/person\/image\/","url":"https:\/\/secure.gravatar.com\/avatar\/45f3d2eebcccd909668d7ce7ea7267b6?s=96&d=mm&r=g","contentUrl":"https:\/\/secure.gravatar.com\/avatar\/45f3d2eebcccd909668d7ce7ea7267b6?s=96&d=mm&r=g","caption":"Benoit Charette"},"description":"Benoit Charette \/ Propri\u00e9taire et r\u00e9dacteur en chef Benoit Charette pratique le journalisme automobile depuis bient\u00f4t 30 ans. Il a fait ses classes au c\u00f4t\u00e9 de Daniel H\u00e9raud et au Carnet de route de 1992 \u00e0 2001. Il est fondateur, copropri\u00e9taire et r\u00e9dacteur en chef de L\u2019Annuel de l\u2019automobile, qu\u2019il publie depuis 2001. Il a anim\u00e9 les \u00e9missions RPM et RPM+ sur V et les L\u00e9gendes de la route sur Historia. \u00c0 la radio depuis 1986, il reprend l\u2019antenne cette ann\u00e9e sur les ondes de Cogeco et participe pour la deuxi\u00e8me ann\u00e9e \u00e0 l\u2019\u00e9mission Passion Auto sur RDS en plus de mettre en ligne le site Web officiel de L\u2019Annuel de l\u2019automobile sur annuelauto.ca.","sameAs":["https:\/\/annuelauto.ca\/"],"url":"https:\/\/news.canadamotorjobs.com\/fr\/author\/benoit-charette\/"}]}},"_links":{"self":[{"href":"https:\/\/news.canadamotorjobs.com\/fr\/wp-json\/wp\/v2\/posts\/176168"}],"collection":[{"href":"https:\/\/news.canadamotorjobs.com\/fr\/wp-json\/wp\/v2\/posts"}],"about":[{"href":"https:\/\/news.canadamotorjobs.com\/fr\/wp-json\/wp\/v2\/types\/post"}],"author":[{"embeddable":true,"href":"https:\/\/news.canadamotorjobs.com\/fr\/wp-json\/wp\/v2\/users\/8"}],"replies":[{"embeddable":true,"href":"https:\/\/news.canadamotorjobs.com\/fr\/wp-json\/wp\/v2\/comments?post=176168"}],"version-history":[{"count":2,"href":"https:\/\/news.canadamotorjobs.com\/fr\/wp-json\/wp\/v2\/posts\/176168\/revisions"}],"predecessor-version":[{"id":176172,"href":"https:\/\/news.canadamotorjobs.com\/fr\/wp-json\/wp\/v2\/posts\/176168\/revisions\/176172"}],"wp:featuredmedia":[{"embeddable":true,"href":"https:\/\/news.canadamotorjobs.com\/fr\/wp-json\/wp\/v2\/media\/176170"}],"wp:attachment":[{"href":"https:\/\/news.canadamotorjobs.com\/fr\/wp-json\/wp\/v2\/media?parent=176168"}],"wp:term":[{"taxonomy":"category","embeddable":true,"href":"https:\/\/news.canadamotorjobs.com\/fr\/wp-json\/wp\/v2\/categories?post=176168"},{"taxonomy":"post_tag","embeddable":true,"href":"https:\/\/news.canadamotorjobs.com\/fr\/wp-json\/wp\/v2\/tags?post=176168"}],"curies":[{"name":"wp","href":"https:\/\/api.w.org\/{rel}","templated":true}]}}