{"id":176117,"date":"2024-10-06T15:24:32","date_gmt":"2024-10-06T19:24:32","guid":{"rendered":"https:\/\/news.canadamotorjobs.com\/?p=176117"},"modified":"2024-10-06T15:28:50","modified_gmt":"2024-10-06T19:28:50","slug":"un-rappel-de-maitre-cylindres-sur-les-volkswagen-atlas-et-atlas-cross-2024","status":"publish","type":"post","link":"https:\/\/news.canadamotorjobs.com\/fr\/un-rappel-de-maitre-cylindres-sur-les-volkswagen-atlas-et-atlas-cross-2024\/","title":{"rendered":"Un rappel de ma\u00eetre cylindres sur les Volkswagen Atlas et Atlas Cross 2024"},"content":{"rendered":"<\/p>\n<p>Volkswagen a \u00e9mis un rappel de s\u00e9curit\u00e9 concernant certaines versions de son Atlas 2024 ainsi que de son Atlas Cross Sport. Selon Volkswagen America, le ma\u00eetre-cylindre de frein de ces v\u00e9hicules pourrait avoir \u00e9t\u00e9 assembl\u00e9 avec un mauvais ressort pour le piston secondaire.<\/p>\n<p>Le probl\u00e8me r\u00e9side dans le fait que le ressort en question est plus court que celui pr\u00e9vu. Cette diff\u00e9rence de taille pourrait emp\u00eacher le piston de revenir \u00e0 sa position de repos, bloquant ainsi le port du liquide de frein. En cons\u00e9quence, les v\u00e9hicules concern\u00e9s pourraient voir leur force de freinage \u00eatre diminu\u00e9e, et ce, sans avertissement pr\u00e9alable pour le conducteur.<\/p>\n<p><strong>Ma\u00eetre-cylindre de frein : un composant essentiel<\/strong><\/p>\n<p>Pour rappel, le ma\u00eetre-cylindre de frein est une composante cl\u00e9 du syst\u00e8me de freinage d\u2019un v\u00e9hicule. Il transforme la force exerc\u00e9e sur la p\u00e9dale de frein en pression hydraulique pour activer les \u00e9triers de frein. Le fournisseur de ces pi\u00e8ces, TRW, une division mexicaine de l\u2019entreprise acquise par l\u2019allemand ZF Friedrichshafen en 2015, est point\u00e9 du doigt pour cette erreur d\u2019assemblage.<\/p>\n<p><\/p>\n<figure><img decoding=\"async\" src=\"https:\/\/news.canadamotorjobs.com\/wp-content\/uploads\/2024\/10\/23VW01_Atlas_Running_0636-5.jpg\" alt=\"Volkswagen Atlas 2024\" \/><figcaption>Volkswagen Atlas 2024 | Auto123.com<\/figcaption><\/figure>\n<p><strong>Identification du probl\u00e8me chez Volkswagen<\/strong><\/p>\n<p>Volkswagen a d\u00e9tect\u00e9 cette anomalie le 28 ao\u00fbt 2024 lors du processus de remplissage du liquide de frein \u00e0 son usine de Chattanooga, situ\u00e9e au Tennessee. Cet \u00e9tablissement, qui fabriquait auparavant la Passat pour le march\u00e9 nord-am\u00e9ricain, est d\u00e9sormais responsable de la production de l\u2019Atlas, de l\u2019Atlas Cross Sport, ainsi que du VUS \u00e9lectrique ID.4.<\/p>\n<p>Selon les documents publi\u00e9s par la NHTSA (National Highway Traffic Safety Administration) am\u00e9ricaine, l\u2019\u00e9quivalent de Transports Canada, Volkswagen a re\u00e7u confirmation de son fournisseur concernant les mauvais ressorts entre le 2 et le 8 septembre 2024. Le probl\u00e8me a ensuite \u00e9t\u00e9 signal\u00e9 au Comit\u00e9 de s\u00e9curit\u00e9 des produits de la marque le 12 septembre. Le rappel a officiellement \u00e9t\u00e9 d\u00e9cid\u00e9 une semaine plus tard.<\/p>\n<p><strong>D\u00e9tails du rappel et mod\u00e8les concern\u00e9s<\/strong><\/p>\n<p>La campagne de rappel, identifi\u00e9e sous les codes 24V-723 ou 471F dans la terminologie de Volkswagen, touche 555 Atlas Cross Sport et 912 Atlas. Les v\u00e9hicules concern\u00e9s ont \u00e9t\u00e9 produits entre le 15 ao\u00fbt et le 10 septembre 2024 pour ce qui est de l\u2019Atlas Cross Sport, et entre le 8 ao\u00fbt et le 10 septembre 2024 pour l\u2019Atlas.<\/p>\n<p><strong>Pi\u00e8ce d\u00e9fectueuse et solution<\/strong><\/p>\n<p>Le ma\u00eetre-cylindre d\u00e9fectueux est \u00e9galement compatible avec d\u2019autres mod\u00e8les Volkswagen tels que la Jetta, la Jetta GLI, la Golf GTI, et le Tiguan. Le prix de cette pi\u00e8ce varie entre 35 et 50 $ US, selon ce qu\u2019on peut trouver en ligne.<\/p>\n<p>La solution envisag\u00e9e par Volkswagen consiste \u00e0 remplacer le ma\u00eetre-cylindre de frein d\u00e9fectueux par une nouvelle pi\u00e8ce, sans frais pour les clients concern\u00e9s. Par ailleurs, TRW\/ZF a renforc\u00e9 ses contr\u00f4les de qualit\u00e9 \u00e0 son usine de production, tandis que Volkswagen a mis en place une num\u00e9risation pr\u00e9cise sur la cha\u00eene de production de l\u2019Atlas afin de d\u00e9tecter d\u2019\u00e9ventuelles autres pi\u00e8ces d\u00e9fectueuses.<\/p>\n<p><\/p>\n<figure><img decoding=\"async\" src=\"https:\/\/news.canadamotorjobs.com\/wp-content\/uploads\/2024\/10\/23VW01_CrossSport_Running_1010-1.jpg\" alt=\"Volkswagen Atlas Cross 2024\" \/><figcaption>Volkswagen Atlas Cross 2024 | Auto123.com<\/figcaption><\/figure>\n<p style=\"padding-top: 15px\">Contenu original de <a href=\"https:\/\/www.auto123.com\/fr\/actualites\/rappel-volkswagen-maitre-cylindres\/71910\/\">auto123<\/a>.<\/p>\n<p>Le texte <a rel=\"nofollow\" href=\"https:\/\/annuelauto.ca\/un-rappel-de-maitre-cylindres-sur-les-volkswagen-atlas-et-atlas-cross-2024\/\">Un rappel de ma\u00eetre cylindres sur les Volkswagen Atlas et Atlas Cross 2024<\/a> provient de <a rel=\"nofollow\" href=\"https:\/\/annuelauto.ca\">L&#8217;annuel de l&#8217;automobile &#8211; Actualit\u00e9 automobile<\/a><\/p>\n<p><\/p>\n","protected":false},"excerpt":{"rendered":"<p>Volkswagen a \u00e9mis un rappel de s\u00e9curit\u00e9 concernant certaines versions de son Atlas 2024 ainsi que de son Atlas Cross Sport. Selon Volkswagen America, le ma\u00eetre-cylindre de frein de ces v\u00e9hicules pourrait avoir \u00e9t\u00e9 assembl\u00e9 avec un mauvais ressort pour le piston secondaire. Le probl\u00e8me r\u00e9side dans le fait que le ressort en question est [&hellip;]<\/p>\n","protected":false},"author":8,"featured_media":176119,"comment_status":"close","ping_status":"closed","sticky":false,"template":"","format":"standard","meta":{"_monsterinsights_skip_tracking":false,"_monsterinsights_sitenote_active":false,"_monsterinsights_sitenote_note":"","_monsterinsights_sitenote_category":0,"footnotes":""},"categories":[101],"tags":[],"yoast_head":"<!-- This site is optimized with the Yoast SEO plugin v23.2 - https:\/\/yoast.com\/wordpress\/plugins\/seo\/ -->\n<title>Un rappel de ma\u00eetre cylindres sur les Volkswagen Atlas et Atlas Cross 2024 - CanadaMotorJobs.com<\/title>\n<meta name=\"description\" content=\"Un rappel de ma\u00eetre cylindres sur les Volkswagen Atlas et Atlas Cross 2024 - Benoit Charette - Annuel automobile - CanadaMotorJobs.com.\" \/>\n<meta name=\"robots\" content=\"index, follow, max-snippet:-1, max-image-preview:large, max-video-preview:-1\" \/>\n<meta property=\"og:locale\" content=\"fr_CA\" \/>\n<meta property=\"og:type\" content=\"article\" \/>\n<meta property=\"og:title\" content=\"Un rappel de ma\u00eetre cylindres sur les Volkswagen Atlas et Atlas Cross 2024 - CanadaMotorJobs.com\" \/>\n<meta property=\"og:description\" content=\"Un rappel de ma\u00eetre cylindres sur les Volkswagen Atlas et Atlas Cross 2024 - Benoit Charette - Annuel automobile - CanadaMotorJobs.com.\" \/>\n<meta property=\"og:url\" content=\"https:\/\/news.canadamotorjobs.com\/fr\/un-rappel-de-maitre-cylindres-sur-les-volkswagen-atlas-et-atlas-cross-2024\/\" \/>\n<meta property=\"og:site_name\" content=\"CanadaMotorJobs.com\" \/>\n<meta property=\"article:publisher\" content=\"https:\/\/www.facebook.com\/canadamotorjobs\/\" \/>\n<meta property=\"article:published_time\" content=\"2024-10-06T19:24:32+00:00\" \/>\n<meta property=\"article:modified_time\" content=\"2024-10-06T19:28:50+00:00\" \/>\n<meta property=\"og:image\" content=\"https:\/\/news.canadamotorjobs.com\/wp-content\/uploads\/2024\/10\/23VW01_Atlas_Running_0636.jpg\" \/>\n\t<meta property=\"og:image:width\" content=\"1200\" \/>\n\t<meta property=\"og:image:height\" content=\"800\" \/>\n\t<meta property=\"og:image:type\" content=\"image\/jpeg\" \/>\n<meta name=\"author\" content=\"Benoit Charette\" \/>\n<meta name=\"twitter:card\" content=\"summary_large_image\" \/>\n<meta name=\"twitter:creator\" content=\"@canadamotorjobs\" \/>\n<meta name=\"twitter:site\" content=\"@canadamotorjobs\" \/>\n<meta name=\"twitter:label1\" content=\"\u00c9crit par\" \/>\n\t<meta name=\"twitter:data1\" content=\"Benoit Charette\" \/>\n\t<meta name=\"twitter:label2\" content=\"Estimation du temps de lecture\" \/>\n\t<meta name=\"twitter:data2\" content=\"3 minutes\" \/>\n<!-- \/ Yoast SEO plugin. -->","yoast_head_json":{"title":"Un rappel de ma\u00eetre cylindres sur les Volkswagen Atlas et Atlas Cross 2024 - CanadaMotorJobs.com","description":"Un rappel de ma\u00eetre cylindres sur les Volkswagen Atlas et Atlas Cross 2024 - Benoit Charette - Annuel automobile - CanadaMotorJobs.com.","robots":{"index":"index","follow":"follow","max-snippet":"max-snippet:-1","max-image-preview":"max-image-preview:large","max-video-preview":"max-video-preview:-1"},"og_locale":"fr_CA","og_type":"article","og_title":"Un rappel de ma\u00eetre cylindres sur les Volkswagen Atlas et Atlas Cross 2024 - CanadaMotorJobs.com","og_description":"Un rappel de ma\u00eetre cylindres sur les Volkswagen Atlas et Atlas Cross 2024 - Benoit Charette - Annuel automobile - CanadaMotorJobs.com.","og_url":"https:\/\/news.canadamotorjobs.com\/fr\/un-rappel-de-maitre-cylindres-sur-les-volkswagen-atlas-et-atlas-cross-2024\/","og_site_name":"CanadaMotorJobs.com","article_publisher":"https:\/\/www.facebook.com\/canadamotorjobs\/","article_published_time":"2024-10-06T19:24:32+00:00","article_modified_time":"2024-10-06T19:28:50+00:00","og_image":[{"width":1200,"height":800,"url":"https:\/\/news.canadamotorjobs.com\/wp-content\/uploads\/2024\/10\/23VW01_Atlas_Running_0636.jpg","type":"image\/jpeg"}],"author":"Benoit Charette","twitter_card":"summary_large_image","twitter_creator":"@canadamotorjobs","twitter_site":"@canadamotorjobs","twitter_misc":{"\u00c9crit par":"Benoit Charette","Estimation du temps de lecture":"3 minutes"},"schema":{"@context":"https:\/\/schema.org","@graph":[{"@type":"Article","@id":"https:\/\/news.canadamotorjobs.com\/fr\/un-rappel-de-maitre-cylindres-sur-les-volkswagen-atlas-et-atlas-cross-2024\/#article","isPartOf":{"@id":"https:\/\/news.canadamotorjobs.com\/fr\/un-rappel-de-maitre-cylindres-sur-les-volkswagen-atlas-et-atlas-cross-2024\/"},"author":{"name":"Benoit Charette","@id":"https:\/\/news.canadamotorjobs.com\/#\/schema\/person\/51793d1f87d44011d7bcc2ed99269a90"},"headline":"Un rappel de ma\u00eetre cylindres sur les Volkswagen Atlas et Atlas Cross 2024","datePublished":"2024-10-06T19:24:32+00:00","dateModified":"2024-10-06T19:28:50+00:00","mainEntityOfPage":{"@id":"https:\/\/news.canadamotorjobs.com\/fr\/un-rappel-de-maitre-cylindres-sur-les-volkswagen-atlas-et-atlas-cross-2024\/"},"wordCount":567,"publisher":{"@id":"https:\/\/news.canadamotorjobs.com\/#organization"},"image":{"@id":"https:\/\/news.canadamotorjobs.com\/fr\/un-rappel-de-maitre-cylindres-sur-les-volkswagen-atlas-et-atlas-cross-2024\/#primaryimage"},"thumbnailUrl":"https:\/\/news.canadamotorjobs.com\/wp-content\/uploads\/2024\/10\/23VW01_Atlas_Running_0636.jpg","articleSection":["Annuel automobile"],"inLanguage":"fr-CA"},{"@type":"WebPage","@id":"https:\/\/news.canadamotorjobs.com\/fr\/un-rappel-de-maitre-cylindres-sur-les-volkswagen-atlas-et-atlas-cross-2024\/","url":"https:\/\/news.canadamotorjobs.com\/fr\/un-rappel-de-maitre-cylindres-sur-les-volkswagen-atlas-et-atlas-cross-2024\/","name":"Un rappel de ma\u00eetre cylindres sur les Volkswagen Atlas et Atlas Cross 2024 - CanadaMotorJobs.com","isPartOf":{"@id":"https:\/\/news.canadamotorjobs.com\/#website"},"primaryImageOfPage":{"@id":"https:\/\/news.canadamotorjobs.com\/fr\/un-rappel-de-maitre-cylindres-sur-les-volkswagen-atlas-et-atlas-cross-2024\/#primaryimage"},"image":{"@id":"https:\/\/news.canadamotorjobs.com\/fr\/un-rappel-de-maitre-cylindres-sur-les-volkswagen-atlas-et-atlas-cross-2024\/#primaryimage"},"thumbnailUrl":"https:\/\/news.canadamotorjobs.com\/wp-content\/uploads\/2024\/10\/23VW01_Atlas_Running_0636.jpg","datePublished":"2024-10-06T19:24:32+00:00","dateModified":"2024-10-06T19:28:50+00:00","description":"Un rappel de ma\u00eetre cylindres sur les Volkswagen Atlas et Atlas Cross 2024 - Benoit Charette - Annuel automobile - CanadaMotorJobs.com.","breadcrumb":{"@id":"https:\/\/news.canadamotorjobs.com\/fr\/un-rappel-de-maitre-cylindres-sur-les-volkswagen-atlas-et-atlas-cross-2024\/#breadcrumb"},"inLanguage":"fr-CA","potentialAction":[{"@type":"ReadAction","target":["https:\/\/news.canadamotorjobs.com\/fr\/un-rappel-de-maitre-cylindres-sur-les-volkswagen-atlas-et-atlas-cross-2024\/"]}]},{"@type":"ImageObject","inLanguage":"fr-CA","@id":"https:\/\/news.canadamotorjobs.com\/fr\/un-rappel-de-maitre-cylindres-sur-les-volkswagen-atlas-et-atlas-cross-2024\/#primaryimage","url":"https:\/\/news.canadamotorjobs.com\/wp-content\/uploads\/2024\/10\/23VW01_Atlas_Running_0636.jpg","contentUrl":"https:\/\/news.canadamotorjobs.com\/wp-content\/uploads\/2024\/10\/23VW01_Atlas_Running_0636.jpg","width":1200,"height":800},{"@type":"BreadcrumbList","@id":"https:\/\/news.canadamotorjobs.com\/fr\/un-rappel-de-maitre-cylindres-sur-les-volkswagen-atlas-et-atlas-cross-2024\/#breadcrumb","itemListElement":[{"@type":"ListItem","position":1,"name":"Home","item":"https:\/\/news.canadamotorjobs.com\/fr\/blog\/"},{"@type":"ListItem","position":2,"name":"Un rappel de ma\u00eetre cylindres sur les Volkswagen Atlas et Atlas Cross 2024"}]},{"@type":"WebSite","@id":"https:\/\/news.canadamotorjobs.com\/#website","url":"https:\/\/news.canadamotorjobs.com\/","name":"CanadaMotorJobs.com","description":"Automotive Jobs","publisher":{"@id":"https:\/\/news.canadamotorjobs.com\/#organization"},"potentialAction":[{"@type":"SearchAction","target":{"@type":"EntryPoint","urlTemplate":"https:\/\/news.canadamotorjobs.com\/?s={search_term_string}"},"query-input":"required name=search_term_string"}],"inLanguage":"fr-CA"},{"@type":"Organization","@id":"https:\/\/news.canadamotorjobs.com\/#organization","name":"Canada Motor Jobs","url":"https:\/\/news.canadamotorjobs.com\/","logo":{"@type":"ImageObject","inLanguage":"fr-CA","@id":"https:\/\/news.canadamotorjobs.com\/#\/schema\/logo\/image\/","url":"https:\/\/news.canadamotorjobs.com\/wp-content\/uploads\/2022\/10\/logo-canada-motor-jobs-1.png","contentUrl":"https:\/\/news.canadamotorjobs.com\/wp-content\/uploads\/2022\/10\/logo-canada-motor-jobs-1.png","width":800,"height":400,"caption":"Canada Motor Jobs"},"image":{"@id":"https:\/\/news.canadamotorjobs.com\/#\/schema\/logo\/image\/"},"sameAs":["https:\/\/www.facebook.com\/canadamotorjobs\/","https:\/\/x.com\/canadamotorjobs","https:\/\/www.instagram.com\/canadamotorjobs\/","https:\/\/www.linkedin.com\/company\/canadamotorjobs"]},{"@type":"Person","@id":"https:\/\/news.canadamotorjobs.com\/#\/schema\/person\/51793d1f87d44011d7bcc2ed99269a90","name":"Benoit Charette","image":{"@type":"ImageObject","inLanguage":"fr-CA","@id":"https:\/\/news.canadamotorjobs.com\/#\/schema\/person\/image\/","url":"https:\/\/secure.gravatar.com\/avatar\/45f3d2eebcccd909668d7ce7ea7267b6?s=96&d=mm&r=g","contentUrl":"https:\/\/secure.gravatar.com\/avatar\/45f3d2eebcccd909668d7ce7ea7267b6?s=96&d=mm&r=g","caption":"Benoit Charette"},"description":"Benoit Charette \/ Propri\u00e9taire et r\u00e9dacteur en chef Benoit Charette pratique le journalisme automobile depuis bient\u00f4t 30 ans. Il a fait ses classes au c\u00f4t\u00e9 de Daniel H\u00e9raud et au Carnet de route de 1992 \u00e0 2001. Il est fondateur, copropri\u00e9taire et r\u00e9dacteur en chef de L\u2019Annuel de l\u2019automobile, qu\u2019il publie depuis 2001. Il a anim\u00e9 les \u00e9missions RPM et RPM+ sur V et les L\u00e9gendes de la route sur Historia. \u00c0 la radio depuis 1986, il reprend l\u2019antenne cette ann\u00e9e sur les ondes de Cogeco et participe pour la deuxi\u00e8me ann\u00e9e \u00e0 l\u2019\u00e9mission Passion Auto sur RDS en plus de mettre en ligne le site Web officiel de L\u2019Annuel de l\u2019automobile sur annuelauto.ca.","sameAs":["https:\/\/annuelauto.ca\/"],"url":"https:\/\/news.canadamotorjobs.com\/fr\/author\/benoit-charette\/"}]}},"_links":{"self":[{"href":"https:\/\/news.canadamotorjobs.com\/fr\/wp-json\/wp\/v2\/posts\/176117"}],"collection":[{"href":"https:\/\/news.canadamotorjobs.com\/fr\/wp-json\/wp\/v2\/posts"}],"about":[{"href":"https:\/\/news.canadamotorjobs.com\/fr\/wp-json\/wp\/v2\/types\/post"}],"author":[{"embeddable":true,"href":"https:\/\/news.canadamotorjobs.com\/fr\/wp-json\/wp\/v2\/users\/8"}],"replies":[{"embeddable":true,"href":"https:\/\/news.canadamotorjobs.com\/fr\/wp-json\/wp\/v2\/comments?post=176117"}],"version-history":[{"count":3,"href":"https:\/\/news.canadamotorjobs.com\/fr\/wp-json\/wp\/v2\/posts\/176117\/revisions"}],"predecessor-version":[{"id":176148,"href":"https:\/\/news.canadamotorjobs.com\/fr\/wp-json\/wp\/v2\/posts\/176117\/revisions\/176148"}],"wp:featuredmedia":[{"embeddable":true,"href":"https:\/\/news.canadamotorjobs.com\/fr\/wp-json\/wp\/v2\/media\/176119"}],"wp:attachment":[{"href":"https:\/\/news.canadamotorjobs.com\/fr\/wp-json\/wp\/v2\/media?parent=176117"}],"wp:term":[{"taxonomy":"category","embeddable":true,"href":"https:\/\/news.canadamotorjobs.com\/fr\/wp-json\/wp\/v2\/categories?post=176117"},{"taxonomy":"post_tag","embeddable":true,"href":"https:\/\/news.canadamotorjobs.com\/fr\/wp-json\/wp\/v2\/tags?post=176117"}],"curies":[{"name":"wp","href":"https:\/\/api.w.org\/{rel}","templated":true}]}}