{"id":176098,"date":"2024-10-06T14:20:51","date_gmt":"2024-10-06T18:20:51","guid":{"rendered":"https:\/\/news.canadamotorjobs.com\/?p=176098"},"modified":"2024-10-06T14:43:46","modified_gmt":"2024-10-06T18:43:46","slug":"yamaha-collaborera-avec-caterham-pour-developper-sa-sportive-electrique","status":"publish","type":"post","link":"https:\/\/news.canadamotorjobs.com\/fr\/yamaha-collaborera-avec-caterham-pour-developper-sa-sportive-electrique\/","title":{"rendered":"Yamaha collaborera avec Caterham pour d\u00e9velopper sa sportive \u00e9lectrique"},"content":{"rendered":"<\/p>\n<p><a href=\"https:\/\/annuelauto.ca\/caterham-presentera-lev-seven-electrique-a-goodwood-en-premiere-mondiale\/\" target=\"_blank\" rel=\"noopener noreferrer\">Caterham<\/a> a conclu une entente de partenariat avec <a href=\"https:\/\/annuelauto.ca\/yamaha-prepare-un-v8-a-hydrogene-quon-pourrait-bientot-voir-en-super-gt\/\" target=\"_blank\" rel=\"noopener noreferrer\">Yamaha<\/a> pour mettre au point son futur coup\u00e9 sport. Cette annonce a \u00e9t\u00e9 faite par le constructeur britannique par voie de communiqu\u00e9, le 2 octobre dernier.<\/p>\n<p>D\u00e9voil\u00e9e au Festival de Goodwood en juillet 2023, la voiture-concept Projet\u00a0V qui pr\u00e9figure ce futur mod\u00e8le de s\u00e9rie a suscit\u00e9 beaucoup d\u2019int\u00e9r\u00eat, l\u00e0 comme au Tokyo Auto Salon, o\u00f9 elle a \u00e9t\u00e9 montr\u00e9e en janvier. Caterham souhaite maintenant passer au stade de la commercialisation le plus rapidement possible.<\/p>\n<p>Un prototype est donc en d\u00e9veloppement chez Tokyo R&amp;D, une entreprise d\u2019ing\u00e9nierie qui r\u00e9alise des v\u00e9hicules du genre pour les grands constructeurs. Dans son communiqu\u00e9, Caterham annonce qu\u2019il devrait \u00eatre achev\u00e9 au courant de\u00a02025.<\/p>\n<p>Ce prototype sera dot\u00e9 d&#8217;un groupe motopropulseur \u00e9lectrique compact et l\u00e9ger mis au point par Yamaha, qui sera fid\u00e8le aux principes chers \u00e0 Caterham\u00a0: la l\u00e9g\u00e8ret\u00e9, la simplicit\u00e9 et le plaisir de conduite. Le Projet\u00a0V b\u00e9n\u00e9ficiera aussi de la technologie et de l\u2019expertise de Yamaha en mati\u00e8re de \u00ab\u00a0contr\u00f4le des mouvements des v\u00e9hicules\u00a0\u00bb.<\/p>\n<h3><strong>Un bolide en devenir<\/strong><\/h3>\n<p>\nJusqu\u2019ici, le d\u00e9veloppement du Projet\u00a0V a \u00e9t\u00e9 r\u00e9alis\u00e9 avec la collaboration d\u2019<a href=\"https:\/\/annuelauto.ca\/voici-de-quoi-a-lair-la-plus-recente-voiture-delorean\/\" target=\"_blank\" rel=\"noopener noreferrer\">ItalDesign<\/a>. Le concept pr\u00e9sent\u00e9 en juillet 2023 est anim\u00e9 par un moteur \u00e9lectrique arri\u00e8re d\u00e9veloppant 200\u00a0kW (272\u00a0ch) et aliment\u00e9 par une batterie au lithium-ion de 55\u00a0kWh.<\/p>\n<p>Construit en fibre de carbone et en aluminium, ce prototype a un habitacle de type 2+1 et se veut l\u00e9ger (1\u00a0190\u00a0kg) afin d\u2019optimiser la dynamique routi\u00e8re et les performances. Les chiffres avanc\u00e9s par le constructeur en t\u00e9moignent. Le Projet\u00a0V pourrait acc\u00e9l\u00e9rer de 0 \u00e0 100\u00a0km\/h en moins de 4,5\u00a0s, de plus sa vitesse de pointe serait 230\u00a0km\/h et son autonomie (WLTP) 400\u00a0km.<\/p>\n<p>Au moment de d\u00e9voiler le Projet\u00a0V, Caterham a, par ailleurs, pr\u00e9cis\u00e9 qu\u2019il ne remplacera pas la Seven, son mod\u00e8le-phare. Il sera plut\u00f4t son compl\u00e9ment.<\/p>\n<h3><strong>Une marque britano nipponne<\/strong><\/h3>\n<p>\nLa participation nipponne au d\u00e9veloppement du Projet\u00a0V n\u2019a rien de fortuit puisque, en avril 2021, Caterham est devenue une filiale de VT\u00a0Holdings, une entreprise bas\u00e9e \u00e0 Nagoya, au Japon. Depuis 2009, cette derni\u00e8re assurait l\u2019importation et la commercialisation de ces voitures britanniques dans ce pays.<\/p>\n<p>Ce changement de propri\u00e9taire semble d\u2019ailleurs prometteur pour Caterham puisque, en juin dernier, VT\u00a0Holdings a inaugur\u00e9 de nouvelles installations de production ultramodernes. Situ\u00e9es \u00e0 proximit\u00e9 de l\u2019usine de Dartford, dans le Kent, o\u00f9 les Caterham \u00e9taient produites depuis 1987, elles permettront d\u2019accro\u00eetre de 50\u00a0% le volume de production annuel, pour atteindre 750\u00a0v\u00e9hicules.<\/p>\n<p>Fond\u00e9e en 1973, Caterham Cars vend ses automobiles dans une vingtaine de pays et ses exportations repr\u00e9sentent 60\u00a0% de son volume annuel de ventes.<\/p>\n<p><em>Photos : Caterham<\/em><\/p>\n<p>Le texte <a rel=\"nofollow\" href=\"https:\/\/annuelauto.ca\/yamaha-collaborera-avec-caterham-pour-developper-sa-sportive-electrique\/\">Yamaha collaborera avec Caterham pour d\u00e9velopper sa sportive \u00e9lectrique<\/a> provient de <a rel=\"nofollow\" href=\"https:\/\/annuelauto.ca\">L&#8217;annuel de l&#8217;automobile &#8211; Actualit\u00e9 automobile<\/a><\/p>\n<p><\/p>\n","protected":false},"excerpt":{"rendered":"<p>Caterham a conclu une entente de partenariat avec Yamaha pour mettre au point son futur coup\u00e9 sport. Cette annonce a \u00e9t\u00e9 faite par le constructeur britannique par voie de communiqu\u00e9, le 2 octobre dernier. D\u00e9voil\u00e9e au Festival de Goodwood en juillet 2023, la voiture-concept Projet\u00a0V qui pr\u00e9figure ce futur mod\u00e8le de s\u00e9rie a suscit\u00e9 beaucoup [&hellip;]<\/p>\n","protected":false},"author":8,"featured_media":176100,"comment_status":"close","ping_status":"closed","sticky":false,"template":"","format":"standard","meta":{"_monsterinsights_skip_tracking":false,"_monsterinsights_sitenote_active":false,"_monsterinsights_sitenote_note":"","_monsterinsights_sitenote_category":0,"footnotes":""},"categories":[101],"tags":[],"yoast_head":"<!-- This site is optimized with the Yoast SEO plugin v23.2 - https:\/\/yoast.com\/wordpress\/plugins\/seo\/ -->\n<title>Yamaha collaborera avec Caterham pour d\u00e9velopper sa sportive \u00e9lectrique - CanadaMotorJobs.com<\/title>\n<meta name=\"description\" content=\"Yamaha collaborera avec Caterham pour d\u00e9velopper sa sportive \u00e9lectrique - Benoit Charette - Annuel automobile - CanadaMotorJobs.com.\" \/>\n<meta name=\"robots\" content=\"index, follow, max-snippet:-1, max-image-preview:large, max-video-preview:-1\" \/>\n<meta property=\"og:locale\" content=\"fr_CA\" \/>\n<meta property=\"og:type\" content=\"article\" \/>\n<meta property=\"og:title\" content=\"Yamaha collaborera avec Caterham pour d\u00e9velopper sa sportive \u00e9lectrique - CanadaMotorJobs.com\" \/>\n<meta property=\"og:description\" content=\"Yamaha collaborera avec Caterham pour d\u00e9velopper sa sportive \u00e9lectrique - Benoit Charette - Annuel automobile - CanadaMotorJobs.com.\" \/>\n<meta property=\"og:url\" content=\"https:\/\/news.canadamotorjobs.com\/fr\/yamaha-collaborera-avec-caterham-pour-developper-sa-sportive-electrique\/\" \/>\n<meta property=\"og:site_name\" content=\"CanadaMotorJobs.com\" \/>\n<meta property=\"article:publisher\" content=\"https:\/\/www.facebook.com\/canadamotorjobs\/\" \/>\n<meta property=\"article:published_time\" content=\"2024-10-06T18:20:51+00:00\" \/>\n<meta property=\"article:modified_time\" content=\"2024-10-06T18:43:46+00:00\" \/>\n<meta property=\"og:image\" content=\"https:\/\/news.canadamotorjobs.com\/wp-content\/uploads\/2024\/10\/Caterham-Projet-V-2023-1.jpg\" \/>\n\t<meta property=\"og:image:width\" content=\"1024\" \/>\n\t<meta property=\"og:image:height\" content=\"683\" \/>\n\t<meta property=\"og:image:type\" content=\"image\/jpeg\" \/>\n<meta name=\"author\" content=\"Benoit Charette\" \/>\n<meta name=\"twitter:card\" content=\"summary_large_image\" \/>\n<meta name=\"twitter:creator\" content=\"@canadamotorjobs\" \/>\n<meta name=\"twitter:site\" content=\"@canadamotorjobs\" \/>\n<meta name=\"twitter:label1\" content=\"\u00c9crit par\" \/>\n\t<meta name=\"twitter:data1\" content=\"Benoit Charette\" \/>\n\t<meta name=\"twitter:label2\" content=\"Estimation du temps de lecture\" \/>\n\t<meta name=\"twitter:data2\" content=\"2 minutes\" \/>\n<!-- \/ Yoast SEO plugin. -->","yoast_head_json":{"title":"Yamaha collaborera avec Caterham pour d\u00e9velopper sa sportive \u00e9lectrique - CanadaMotorJobs.com","description":"Yamaha collaborera avec Caterham pour d\u00e9velopper sa sportive \u00e9lectrique - Benoit Charette - Annuel automobile - CanadaMotorJobs.com.","robots":{"index":"index","follow":"follow","max-snippet":"max-snippet:-1","max-image-preview":"max-image-preview:large","max-video-preview":"max-video-preview:-1"},"og_locale":"fr_CA","og_type":"article","og_title":"Yamaha collaborera avec Caterham pour d\u00e9velopper sa sportive \u00e9lectrique - CanadaMotorJobs.com","og_description":"Yamaha collaborera avec Caterham pour d\u00e9velopper sa sportive \u00e9lectrique - Benoit Charette - Annuel automobile - CanadaMotorJobs.com.","og_url":"https:\/\/news.canadamotorjobs.com\/fr\/yamaha-collaborera-avec-caterham-pour-developper-sa-sportive-electrique\/","og_site_name":"CanadaMotorJobs.com","article_publisher":"https:\/\/www.facebook.com\/canadamotorjobs\/","article_published_time":"2024-10-06T18:20:51+00:00","article_modified_time":"2024-10-06T18:43:46+00:00","og_image":[{"width":1024,"height":683,"url":"https:\/\/news.canadamotorjobs.com\/wp-content\/uploads\/2024\/10\/Caterham-Projet-V-2023-1.jpg","type":"image\/jpeg"}],"author":"Benoit Charette","twitter_card":"summary_large_image","twitter_creator":"@canadamotorjobs","twitter_site":"@canadamotorjobs","twitter_misc":{"\u00c9crit par":"Benoit Charette","Estimation du temps de lecture":"2 minutes"},"schema":{"@context":"https:\/\/schema.org","@graph":[{"@type":"Article","@id":"https:\/\/news.canadamotorjobs.com\/fr\/yamaha-collaborera-avec-caterham-pour-developper-sa-sportive-electrique\/#article","isPartOf":{"@id":"https:\/\/news.canadamotorjobs.com\/fr\/yamaha-collaborera-avec-caterham-pour-developper-sa-sportive-electrique\/"},"author":{"name":"Benoit Charette","@id":"https:\/\/news.canadamotorjobs.com\/#\/schema\/person\/51793d1f87d44011d7bcc2ed99269a90"},"headline":"Yamaha collaborera avec Caterham pour d\u00e9velopper sa sportive \u00e9lectrique","datePublished":"2024-10-06T18:20:51+00:00","dateModified":"2024-10-06T18:43:46+00:00","mainEntityOfPage":{"@id":"https:\/\/news.canadamotorjobs.com\/fr\/yamaha-collaborera-avec-caterham-pour-developper-sa-sportive-electrique\/"},"wordCount":512,"publisher":{"@id":"https:\/\/news.canadamotorjobs.com\/#organization"},"image":{"@id":"https:\/\/news.canadamotorjobs.com\/fr\/yamaha-collaborera-avec-caterham-pour-developper-sa-sportive-electrique\/#primaryimage"},"thumbnailUrl":"https:\/\/news.canadamotorjobs.com\/wp-content\/uploads\/2024\/10\/Caterham-Projet-V-2023-1.jpg","articleSection":["Annuel automobile"],"inLanguage":"fr-CA"},{"@type":"WebPage","@id":"https:\/\/news.canadamotorjobs.com\/fr\/yamaha-collaborera-avec-caterham-pour-developper-sa-sportive-electrique\/","url":"https:\/\/news.canadamotorjobs.com\/fr\/yamaha-collaborera-avec-caterham-pour-developper-sa-sportive-electrique\/","name":"Yamaha collaborera avec Caterham pour d\u00e9velopper sa sportive \u00e9lectrique - CanadaMotorJobs.com","isPartOf":{"@id":"https:\/\/news.canadamotorjobs.com\/#website"},"primaryImageOfPage":{"@id":"https:\/\/news.canadamotorjobs.com\/fr\/yamaha-collaborera-avec-caterham-pour-developper-sa-sportive-electrique\/#primaryimage"},"image":{"@id":"https:\/\/news.canadamotorjobs.com\/fr\/yamaha-collaborera-avec-caterham-pour-developper-sa-sportive-electrique\/#primaryimage"},"thumbnailUrl":"https:\/\/news.canadamotorjobs.com\/wp-content\/uploads\/2024\/10\/Caterham-Projet-V-2023-1.jpg","datePublished":"2024-10-06T18:20:51+00:00","dateModified":"2024-10-06T18:43:46+00:00","description":"Yamaha collaborera avec Caterham pour d\u00e9velopper sa sportive \u00e9lectrique - Benoit Charette - Annuel automobile - CanadaMotorJobs.com.","breadcrumb":{"@id":"https:\/\/news.canadamotorjobs.com\/fr\/yamaha-collaborera-avec-caterham-pour-developper-sa-sportive-electrique\/#breadcrumb"},"inLanguage":"fr-CA","potentialAction":[{"@type":"ReadAction","target":["https:\/\/news.canadamotorjobs.com\/fr\/yamaha-collaborera-avec-caterham-pour-developper-sa-sportive-electrique\/"]}]},{"@type":"ImageObject","inLanguage":"fr-CA","@id":"https:\/\/news.canadamotorjobs.com\/fr\/yamaha-collaborera-avec-caterham-pour-developper-sa-sportive-electrique\/#primaryimage","url":"https:\/\/news.canadamotorjobs.com\/wp-content\/uploads\/2024\/10\/Caterham-Projet-V-2023-1.jpg","contentUrl":"https:\/\/news.canadamotorjobs.com\/wp-content\/uploads\/2024\/10\/Caterham-Projet-V-2023-1.jpg","width":1024,"height":683},{"@type":"BreadcrumbList","@id":"https:\/\/news.canadamotorjobs.com\/fr\/yamaha-collaborera-avec-caterham-pour-developper-sa-sportive-electrique\/#breadcrumb","itemListElement":[{"@type":"ListItem","position":1,"name":"Home","item":"https:\/\/news.canadamotorjobs.com\/fr\/blog\/"},{"@type":"ListItem","position":2,"name":"Yamaha collaborera avec Caterham pour d\u00e9velopper sa sportive \u00e9lectrique"}]},{"@type":"WebSite","@id":"https:\/\/news.canadamotorjobs.com\/#website","url":"https:\/\/news.canadamotorjobs.com\/","name":"CanadaMotorJobs.com","description":"Automotive Jobs","publisher":{"@id":"https:\/\/news.canadamotorjobs.com\/#organization"},"potentialAction":[{"@type":"SearchAction","target":{"@type":"EntryPoint","urlTemplate":"https:\/\/news.canadamotorjobs.com\/?s={search_term_string}"},"query-input":"required name=search_term_string"}],"inLanguage":"fr-CA"},{"@type":"Organization","@id":"https:\/\/news.canadamotorjobs.com\/#organization","name":"Canada Motor Jobs","url":"https:\/\/news.canadamotorjobs.com\/","logo":{"@type":"ImageObject","inLanguage":"fr-CA","@id":"https:\/\/news.canadamotorjobs.com\/#\/schema\/logo\/image\/","url":"https:\/\/news.canadamotorjobs.com\/wp-content\/uploads\/2022\/10\/logo-canada-motor-jobs-1.png","contentUrl":"https:\/\/news.canadamotorjobs.com\/wp-content\/uploads\/2022\/10\/logo-canada-motor-jobs-1.png","width":800,"height":400,"caption":"Canada Motor Jobs"},"image":{"@id":"https:\/\/news.canadamotorjobs.com\/#\/schema\/logo\/image\/"},"sameAs":["https:\/\/www.facebook.com\/canadamotorjobs\/","https:\/\/x.com\/canadamotorjobs","https:\/\/www.instagram.com\/canadamotorjobs\/","https:\/\/www.linkedin.com\/company\/canadamotorjobs"]},{"@type":"Person","@id":"https:\/\/news.canadamotorjobs.com\/#\/schema\/person\/51793d1f87d44011d7bcc2ed99269a90","name":"Benoit Charette","image":{"@type":"ImageObject","inLanguage":"fr-CA","@id":"https:\/\/news.canadamotorjobs.com\/#\/schema\/person\/image\/","url":"https:\/\/secure.gravatar.com\/avatar\/45f3d2eebcccd909668d7ce7ea7267b6?s=96&d=mm&r=g","contentUrl":"https:\/\/secure.gravatar.com\/avatar\/45f3d2eebcccd909668d7ce7ea7267b6?s=96&d=mm&r=g","caption":"Benoit Charette"},"description":"Benoit Charette \/ Propri\u00e9taire et r\u00e9dacteur en chef Benoit Charette pratique le journalisme automobile depuis bient\u00f4t 30 ans. Il a fait ses classes au c\u00f4t\u00e9 de Daniel H\u00e9raud et au Carnet de route de 1992 \u00e0 2001. Il est fondateur, copropri\u00e9taire et r\u00e9dacteur en chef de L\u2019Annuel de l\u2019automobile, qu\u2019il publie depuis 2001. Il a anim\u00e9 les \u00e9missions RPM et RPM+ sur V et les L\u00e9gendes de la route sur Historia. \u00c0 la radio depuis 1986, il reprend l\u2019antenne cette ann\u00e9e sur les ondes de Cogeco et participe pour la deuxi\u00e8me ann\u00e9e \u00e0 l\u2019\u00e9mission Passion Auto sur RDS en plus de mettre en ligne le site Web officiel de L\u2019Annuel de l\u2019automobile sur annuelauto.ca.","sameAs":["https:\/\/annuelauto.ca\/"],"url":"https:\/\/news.canadamotorjobs.com\/fr\/author\/benoit-charette\/"}]}},"_links":{"self":[{"href":"https:\/\/news.canadamotorjobs.com\/fr\/wp-json\/wp\/v2\/posts\/176098"}],"collection":[{"href":"https:\/\/news.canadamotorjobs.com\/fr\/wp-json\/wp\/v2\/posts"}],"about":[{"href":"https:\/\/news.canadamotorjobs.com\/fr\/wp-json\/wp\/v2\/types\/post"}],"author":[{"embeddable":true,"href":"https:\/\/news.canadamotorjobs.com\/fr\/wp-json\/wp\/v2\/users\/8"}],"replies":[{"embeddable":true,"href":"https:\/\/news.canadamotorjobs.com\/fr\/wp-json\/wp\/v2\/comments?post=176098"}],"version-history":[{"count":2,"href":"https:\/\/news.canadamotorjobs.com\/fr\/wp-json\/wp\/v2\/posts\/176098\/revisions"}],"predecessor-version":[{"id":176102,"href":"https:\/\/news.canadamotorjobs.com\/fr\/wp-json\/wp\/v2\/posts\/176098\/revisions\/176102"}],"wp:featuredmedia":[{"embeddable":true,"href":"https:\/\/news.canadamotorjobs.com\/fr\/wp-json\/wp\/v2\/media\/176100"}],"wp:attachment":[{"href":"https:\/\/news.canadamotorjobs.com\/fr\/wp-json\/wp\/v2\/media?parent=176098"}],"wp:term":[{"taxonomy":"category","embeddable":true,"href":"https:\/\/news.canadamotorjobs.com\/fr\/wp-json\/wp\/v2\/categories?post=176098"},{"taxonomy":"post_tag","embeddable":true,"href":"https:\/\/news.canadamotorjobs.com\/fr\/wp-json\/wp\/v2\/tags?post=176098"}],"curies":[{"name":"wp","href":"https:\/\/api.w.org\/{rel}","templated":true}]}}