{"id":176047,"date":"2024-10-05T15:24:45","date_gmt":"2024-10-05T19:24:45","guid":{"rendered":"https:\/\/news.canadamotorjobs.com\/?p=176047"},"modified":"2024-10-05T15:29:16","modified_gmt":"2024-10-05T19:29:16","slug":"trois-canadiens-sur-cinq-sopposent-a-linterdiction-des-ventes-de-modeles-essence","status":"publish","type":"post","link":"https:\/\/news.canadamotorjobs.com\/fr\/trois-canadiens-sur-cinq-sopposent-a-linterdiction-des-ventes-de-modeles-essence\/","title":{"rendered":"Trois Canadiens sur cinq s\u2019opposent \u00e0 l\u2019interdiction des ventes de mod\u00e8les essence"},"content":{"rendered":"<\/p>\n<p>Un sondage r\u00e9alis\u00e9 par la firme L\u00e9ger, command\u00e9e par la F\u00e9d\u00e9ration canadienne des contribuables (FCC), d\u00e9montre que 59 % des Canadiens ne sont pas en faveur de la l\u00e9gislation f\u00e9d\u00e9rale qui va exiger que les ventes de v\u00e9hicules \u00ab z\u00e9ro \u00e9mission \u00bb repr\u00e9sentent 100 % de toutes les transactions impliquant des v\u00e9hicules neufs au pays \u00e0 partir de 2035.<\/p>\n<p>Comme le rapporte Automotive News, en vertu de la norme de disponibilit\u00e9 des v\u00e9hicules \u00e9lectriques, les mod\u00e8les \u00ab z\u00e9ro \u00e9mission \u00bb doivent repr\u00e9senter un pourcentage croissant des ventes chaque ann\u00e9e. L\u2019objectif est de 20 % en 2026 pour finalement atteindre 100 % en 2035. \u00c0 partir de ce moment, la loi interdit la vente de v\u00e9hicules neufs \u00e0 essence.<\/p>\n<blockquote><p><\/p>\n<p>\u00ab Les r\u00e9sultats du sondage sont clairs : les Canadiens ne veulent pas que le gouvernement interdise les nouveaux v\u00e9hicules \u00e0 essence et diesel. Les Canadiens veulent avoir la possibilit\u00e9 d\u2019acheter des fourgonnettes \u00e0 essence et des camionnettes de travail \u00e0 moteur diesel, et les contribuables savent que cette interdiction nous co\u00fbtera une fortune. \u00bb<\/p>\n<p>Franco Terrazzano, directeur f\u00e9d\u00e9ral de la FCC.<\/p>\n<p>\n<\/p><\/blockquote>\n<p>Selon le sondage L\u00e9ger, qui demandait aux Canadiens s\u2019ils \u00e9taient favorables ou oppos\u00e9s \u00e0 l\u2019interdiction f\u00e9d\u00e9rale de vendre de nouveaux v\u00e9hicules \u00e0 essence et diesel, 59 % s\u2019opposent \u00e0 l\u2019interdiction, 29 % sont pour, et 12 % demeurent ind\u00e9cis.<\/p>\n<p><\/p>\n<figure><img decoding=\"async\" src=\"https:\/\/news.canadamotorjobs.com\/wp-content\/uploads\/2024\/10\/20231230_114750-5.jpg\" alt=\"Une borne de chargement Tesla, en Alberta\" \/><figcaption>Une borne de chargement Tesla, en Alberta | Auto123.com<\/figcaption><\/figure>\n<p>Les r\u00e9sultats montrent \u00e9galement un clivage entre diff\u00e9rences cat\u00e9gories de Canadiens.<\/p>\n<p>Le d\u00e9saccord avec la l\u00e9gislation est le plus \u00e9lev\u00e9 chez les Canadiens \u00e2g\u00e9s de 35 ans et plus (63 %), les Canadiens de l\u2019ouest (66 %), o\u00f9 les ventes de camionnettes dominent, et les r\u00e9sidents ruraux (72 %), o\u00f9 l\u2019infrastructure de recharge et l\u2019inqui\u00e9tude quant \u00e0 l\u2019autonomie demeurent des pr\u00e9occupations.<\/p>\n<p>En revanche, le soutien le plus important vient des 18-34 ans et des citadins, qui sont 37 % \u00e0 approuver l\u2019id\u00e9e.<\/p>\n<p>Le sondage L\u00e9ger survient trois mois apr\u00e8s que J.D. Power Canada a publi\u00e9 sa propre \u00e9tude, qui montre que les Canadiens sont moins enthousiastes \u00e0 l\u2019id\u00e9e de poss\u00e9der un v\u00e9hicule \u00e9lectrique.<\/p>\n<p>Concr\u00e8tement, un peu plus d\u2019un quart des acheteurs de v\u00e9hicules neufs au Canada ont d\u00e9clar\u00e9 qu\u2019ils envisageraient d\u2019acheter un mod\u00e8le tout \u00e9lectrique lors de leur prochain achat. Selon l\u2019\u00e9tude publi\u00e9e le 30 mai, 10,9 % des personnes interrog\u00e9es se disaient \u00ab tr\u00e8s susceptibles \u00bb d\u2019envisager un v\u00e9hicule \u00e9lectrique et 17,6 % \u00ab assez susceptibles \u00bb d\u2019en envisager un.<\/p>\n<p>En revanche, 52 % des acheteurs potentiels d\u00e9claraient qu\u2019il \u00e9tait \u00ab tr\u00e8s peu probable \u00bb qu\u2019ils fassent le saut et 19,6 % d\u00e9claraient qu\u2019il \u00e9tait \u00ab assez peu probable \u00bb que cela se produise.<\/p>\n<p><\/p>\n<figure><img decoding=\"async\" src=\"https:\/\/news.canadamotorjobs.com\/wp-content\/uploads\/2024\/10\/2024_Ford_F-150_STX_07-1.jpg\" alt=\"Le Ford F-150 STX 2024\" \/><figcaption>Le Ford F-150 STX 2024 | Auto123.com<\/figcaption><\/figure>\n<p>Pour le moment, il est important de le rappeler, les ventes de mod\u00e8les \u00e9lectriques sont toujours en croissance, m\u00eame si la courbe anticip\u00e9e concernant leur augmentation n\u2019est pas aussi prononc\u00e9e que pr\u00e9vu. Verra-t-on le tout plafonner ?<\/p>\n<p>L\u2019inqui\u00e9tude quant \u00e0 l\u2019autonomie, l\u2019infrastructure de recharge limit\u00e9e, ainsi que le co\u00fbt des mod\u00e8les, \u00e9tait les principaux points d\u2019achoppement cit\u00e9s par les sceptiques dans l\u2019enqu\u00eate de J.D. Power.<\/p>\n<p>Et encore l\u00e0, cette r\u00e9alit\u00e9 varie selon l\u2019endroit o\u00f9 l\u2019on se trouve au pays, notamment pour ce qui est de l\u2019autonomie et de l\u2019infrastructure de recharge.<\/p>\n<p><strong>La question des cr\u00e9dits<\/strong><\/p>\n<p>Dans le cadre de la nouvelle l\u00e9gislation, les constructeurs se verront attribuer des cr\u00e9dits pour leurs ventes de v\u00e9hicules \u00ab z\u00e9ro \u00e9mission \u00bb.<\/p>\n<p>Ceux qui d\u00e9passent leurs objectifs pourront \u00e9changer leurs cr\u00e9dits ou les mettre en r\u00e9serve pendant cinq ann\u00e9es mod\u00e8les au maximum. Les entreprises qui n\u2019atteignent pas leurs objectifs g\u00e9n\u00e8rent un d\u00e9ficit, qui doit \u00eatre r\u00e9sorb\u00e9 dans les trois ann\u00e9es mod\u00e8les suivantes.<\/p>\n<p>Aucun cr\u00e9dit accumul\u00e9 ou mis en r\u00e9serve ne pourra \u00eatre utilis\u00e9 pour compenser un d\u00e9ficit \u00e0 partir de l\u2019ann\u00e9e mod\u00e8le 2035.<\/p>\n<p>Les constructeurs automobiles qui ne vendent pas suffisamment de v\u00e9hicules \u00ab z\u00e9ro \u00e9mission \u00bb seront sanctionn\u00e9s financi\u00e8rement, mais le co\u00fbt r\u00e9el n\u2019est pas encore connu.<\/p>\n<p>Les constructeurs qui vont se trouver en situation de d\u00e9ficit de cr\u00e9dits pourront aupr\u00e8s d\u2019autres constructeurs. Le prix sera d\u00e9termin\u00e9 par le march\u00e9 \u00e0 ce moment-l\u00e0.<\/p>\n<p>Une autre voie de conformit\u00e9 va consister \u00e0 investir dans les infrastructures de recharge. Les constructeurs recevront un cr\u00e9dit pour chaque tranche de 20 000 $ investis. L\u2019objectif est d\u2019encourager la construction d\u2019une infrastructure de recharge rapide pour v\u00e9hicules \u00e9lectriques, ce qui va favoriser leur adoption par la population.<\/p>\n<p>Franco Terrazzano s\u2019inqui\u00e8te que toute cette fa\u00e7on de faire ait une r\u00e9percussion sur les consommateurs.<\/p>\n<p>\u00ab Le premier ministre Justin Trudeau avance \u00e0 toute vitesse avec sa nouvelle interdiction des v\u00e9hicules \u00e0 essence et diesel sans \u00e9voquer les co\u00fbts \u00e9normes que cette interdiction va imposer aux contribuables. Les Canadiens ont toutes les raisons de s\u2019inqui\u00e9ter que leurs factures d\u2019imp\u00f4ts et d\u2019\u00e9lectricit\u00e9 augmentent pour financer toutes les subventions, les stations de recharge, les centrales \u00e9lectriques et les lignes de transmission n\u00e9cessaires pour soutenir l\u2019interdiction de Trudeau. Il devrait \u00e9couter les Canadiens, prendre ce sondage comme un signal d\u2019alarme et abandonner son interdiction des nouveaux v\u00e9hicules \u00e0 essence et diesel. \u00bb<\/p>\n<p>Le sondage en ligne de L\u00e9ger a \u00e9t\u00e9 men\u00e9 aupr\u00e8s de 1612 Canadiens \u00e2g\u00e9s de 18 ans et plus entre le 20 et le 22 septembre dernier, inclusivement. La marge d\u2019erreur de ce sondage est de plus ou moins 2,4 %, 19 fois sur 20.<\/p>\n<p>Chose certaine, le d\u00e9bat est loin d\u2019\u00eatre termin\u00e9.<\/p>\n<p><\/p>\n<p style=\"padding-top: 15px\">Contenu original de <a href=\"https:\/\/www.auto123.com\/fr\/actualites\/sondage-canadiens-ventes-vehicules-essence\/71908\/\">auto123<\/a>.<\/p>\n<p>Le texte <a rel=\"nofollow\" href=\"https:\/\/annuelauto.ca\/trois-canadiens-sur-cinq-sopposent-a-linterdiction-des-ventes-de-modeles-essence\/\">Trois Canadiens sur cinq s\u2019opposent \u00e0 l\u2019interdiction des ventes de mod\u00e8les essence<\/a> provient de <a rel=\"nofollow\" href=\"https:\/\/annuelauto.ca\">L&#8217;annuel de l&#8217;automobile &#8211; Actualit\u00e9 automobile<\/a><\/p>\n<p><\/p>\n","protected":false},"excerpt":{"rendered":"<p>Un sondage r\u00e9alis\u00e9 par la firme L\u00e9ger, command\u00e9e par la F\u00e9d\u00e9ration canadienne des contribuables (FCC), d\u00e9montre que 59 % des Canadiens ne sont pas en faveur de la l\u00e9gislation f\u00e9d\u00e9rale qui va exiger que les ventes de v\u00e9hicules \u00ab z\u00e9ro \u00e9mission \u00bb repr\u00e9sentent 100 % de toutes les transactions impliquant des v\u00e9hicules neufs au pays [&hellip;]<\/p>\n","protected":false},"author":8,"featured_media":176049,"comment_status":"close","ping_status":"closed","sticky":false,"template":"","format":"standard","meta":{"_monsterinsights_skip_tracking":false,"_monsterinsights_sitenote_active":false,"_monsterinsights_sitenote_note":"","_monsterinsights_sitenote_category":0,"footnotes":""},"categories":[101],"tags":[],"yoast_head":"<!-- This site is optimized with the Yoast SEO plugin v23.2 - https:\/\/yoast.com\/wordpress\/plugins\/seo\/ -->\n<title>Trois Canadiens sur cinq s\u2019opposent \u00e0 l\u2019interdiction des ventes de mod\u00e8les essence - CanadaMotorJobs.com<\/title>\n<meta name=\"description\" content=\"Trois Canadiens sur cinq s\u2019opposent \u00e0 l\u2019interdiction des ventes de mod\u00e8les essence - Benoit Charette - Annuel automobile - CanadaMotorJobs.com.\" \/>\n<meta name=\"robots\" content=\"index, follow, max-snippet:-1, max-image-preview:large, max-video-preview:-1\" \/>\n<meta property=\"og:locale\" content=\"fr_CA\" \/>\n<meta property=\"og:type\" content=\"article\" \/>\n<meta property=\"og:title\" content=\"Trois Canadiens sur cinq s\u2019opposent \u00e0 l\u2019interdiction des ventes de mod\u00e8les essence - CanadaMotorJobs.com\" \/>\n<meta property=\"og:description\" content=\"Trois Canadiens sur cinq s\u2019opposent \u00e0 l\u2019interdiction des ventes de mod\u00e8les essence - Benoit Charette - Annuel automobile - CanadaMotorJobs.com.\" \/>\n<meta property=\"og:url\" content=\"https:\/\/news.canadamotorjobs.com\/fr\/trois-canadiens-sur-cinq-sopposent-a-linterdiction-des-ventes-de-modeles-essence\/\" \/>\n<meta property=\"og:site_name\" content=\"CanadaMotorJobs.com\" \/>\n<meta property=\"article:publisher\" content=\"https:\/\/www.facebook.com\/canadamotorjobs\/\" \/>\n<meta property=\"article:published_time\" content=\"2024-10-05T19:24:45+00:00\" \/>\n<meta property=\"article:modified_time\" content=\"2024-10-05T19:29:16+00:00\" \/>\n<meta property=\"og:image\" content=\"https:\/\/news.canadamotorjobs.com\/wp-content\/uploads\/2024\/10\/20231230_114750.jpg\" \/>\n\t<meta property=\"og:image:width\" content=\"1200\" \/>\n\t<meta property=\"og:image:height\" content=\"801\" \/>\n\t<meta property=\"og:image:type\" content=\"image\/jpeg\" \/>\n<meta name=\"author\" content=\"Benoit Charette\" \/>\n<meta name=\"twitter:card\" content=\"summary_large_image\" \/>\n<meta name=\"twitter:creator\" content=\"@canadamotorjobs\" \/>\n<meta name=\"twitter:site\" content=\"@canadamotorjobs\" \/>\n<meta name=\"twitter:label1\" content=\"\u00c9crit par\" \/>\n\t<meta name=\"twitter:data1\" content=\"Benoit Charette\" \/>\n\t<meta name=\"twitter:label2\" content=\"Estimation du temps de lecture\" \/>\n\t<meta name=\"twitter:data2\" content=\"5 minutes\" \/>\n<!-- \/ Yoast SEO plugin. -->","yoast_head_json":{"title":"Trois Canadiens sur cinq s\u2019opposent \u00e0 l\u2019interdiction des ventes de mod\u00e8les essence - CanadaMotorJobs.com","description":"Trois Canadiens sur cinq s\u2019opposent \u00e0 l\u2019interdiction des ventes de mod\u00e8les essence - Benoit Charette - Annuel automobile - CanadaMotorJobs.com.","robots":{"index":"index","follow":"follow","max-snippet":"max-snippet:-1","max-image-preview":"max-image-preview:large","max-video-preview":"max-video-preview:-1"},"og_locale":"fr_CA","og_type":"article","og_title":"Trois Canadiens sur cinq s\u2019opposent \u00e0 l\u2019interdiction des ventes de mod\u00e8les essence - CanadaMotorJobs.com","og_description":"Trois Canadiens sur cinq s\u2019opposent \u00e0 l\u2019interdiction des ventes de mod\u00e8les essence - Benoit Charette - Annuel automobile - CanadaMotorJobs.com.","og_url":"https:\/\/news.canadamotorjobs.com\/fr\/trois-canadiens-sur-cinq-sopposent-a-linterdiction-des-ventes-de-modeles-essence\/","og_site_name":"CanadaMotorJobs.com","article_publisher":"https:\/\/www.facebook.com\/canadamotorjobs\/","article_published_time":"2024-10-05T19:24:45+00:00","article_modified_time":"2024-10-05T19:29:16+00:00","og_image":[{"width":1200,"height":801,"url":"https:\/\/news.canadamotorjobs.com\/wp-content\/uploads\/2024\/10\/20231230_114750.jpg","type":"image\/jpeg"}],"author":"Benoit Charette","twitter_card":"summary_large_image","twitter_creator":"@canadamotorjobs","twitter_site":"@canadamotorjobs","twitter_misc":{"\u00c9crit par":"Benoit Charette","Estimation du temps de lecture":"5 minutes"},"schema":{"@context":"https:\/\/schema.org","@graph":[{"@type":"Article","@id":"https:\/\/news.canadamotorjobs.com\/fr\/trois-canadiens-sur-cinq-sopposent-a-linterdiction-des-ventes-de-modeles-essence\/#article","isPartOf":{"@id":"https:\/\/news.canadamotorjobs.com\/fr\/trois-canadiens-sur-cinq-sopposent-a-linterdiction-des-ventes-de-modeles-essence\/"},"author":{"name":"Benoit Charette","@id":"https:\/\/news.canadamotorjobs.com\/#\/schema\/person\/51793d1f87d44011d7bcc2ed99269a90"},"headline":"Trois Canadiens sur cinq s\u2019opposent \u00e0 l\u2019interdiction des ventes de mod\u00e8les essence","datePublished":"2024-10-05T19:24:45+00:00","dateModified":"2024-10-05T19:29:16+00:00","mainEntityOfPage":{"@id":"https:\/\/news.canadamotorjobs.com\/fr\/trois-canadiens-sur-cinq-sopposent-a-linterdiction-des-ventes-de-modeles-essence\/"},"wordCount":998,"publisher":{"@id":"https:\/\/news.canadamotorjobs.com\/#organization"},"image":{"@id":"https:\/\/news.canadamotorjobs.com\/fr\/trois-canadiens-sur-cinq-sopposent-a-linterdiction-des-ventes-de-modeles-essence\/#primaryimage"},"thumbnailUrl":"https:\/\/news.canadamotorjobs.com\/wp-content\/uploads\/2024\/10\/20231230_114750.jpg","articleSection":["Annuel automobile"],"inLanguage":"fr-CA"},{"@type":"WebPage","@id":"https:\/\/news.canadamotorjobs.com\/fr\/trois-canadiens-sur-cinq-sopposent-a-linterdiction-des-ventes-de-modeles-essence\/","url":"https:\/\/news.canadamotorjobs.com\/fr\/trois-canadiens-sur-cinq-sopposent-a-linterdiction-des-ventes-de-modeles-essence\/","name":"Trois Canadiens sur cinq s\u2019opposent \u00e0 l\u2019interdiction des ventes de mod\u00e8les essence - CanadaMotorJobs.com","isPartOf":{"@id":"https:\/\/news.canadamotorjobs.com\/#website"},"primaryImageOfPage":{"@id":"https:\/\/news.canadamotorjobs.com\/fr\/trois-canadiens-sur-cinq-sopposent-a-linterdiction-des-ventes-de-modeles-essence\/#primaryimage"},"image":{"@id":"https:\/\/news.canadamotorjobs.com\/fr\/trois-canadiens-sur-cinq-sopposent-a-linterdiction-des-ventes-de-modeles-essence\/#primaryimage"},"thumbnailUrl":"https:\/\/news.canadamotorjobs.com\/wp-content\/uploads\/2024\/10\/20231230_114750.jpg","datePublished":"2024-10-05T19:24:45+00:00","dateModified":"2024-10-05T19:29:16+00:00","description":"Trois Canadiens sur cinq s\u2019opposent \u00e0 l\u2019interdiction des ventes de mod\u00e8les essence - Benoit Charette - Annuel automobile - CanadaMotorJobs.com.","breadcrumb":{"@id":"https:\/\/news.canadamotorjobs.com\/fr\/trois-canadiens-sur-cinq-sopposent-a-linterdiction-des-ventes-de-modeles-essence\/#breadcrumb"},"inLanguage":"fr-CA","potentialAction":[{"@type":"ReadAction","target":["https:\/\/news.canadamotorjobs.com\/fr\/trois-canadiens-sur-cinq-sopposent-a-linterdiction-des-ventes-de-modeles-essence\/"]}]},{"@type":"ImageObject","inLanguage":"fr-CA","@id":"https:\/\/news.canadamotorjobs.com\/fr\/trois-canadiens-sur-cinq-sopposent-a-linterdiction-des-ventes-de-modeles-essence\/#primaryimage","url":"https:\/\/news.canadamotorjobs.com\/wp-content\/uploads\/2024\/10\/20231230_114750.jpg","contentUrl":"https:\/\/news.canadamotorjobs.com\/wp-content\/uploads\/2024\/10\/20231230_114750.jpg","width":1200,"height":801},{"@type":"BreadcrumbList","@id":"https:\/\/news.canadamotorjobs.com\/fr\/trois-canadiens-sur-cinq-sopposent-a-linterdiction-des-ventes-de-modeles-essence\/#breadcrumb","itemListElement":[{"@type":"ListItem","position":1,"name":"Home","item":"https:\/\/news.canadamotorjobs.com\/fr\/blog\/"},{"@type":"ListItem","position":2,"name":"Trois Canadiens sur cinq s\u2019opposent \u00e0 l\u2019interdiction des ventes de mod\u00e8les essence"}]},{"@type":"WebSite","@id":"https:\/\/news.canadamotorjobs.com\/#website","url":"https:\/\/news.canadamotorjobs.com\/","name":"CanadaMotorJobs.com","description":"Automotive Jobs","publisher":{"@id":"https:\/\/news.canadamotorjobs.com\/#organization"},"potentialAction":[{"@type":"SearchAction","target":{"@type":"EntryPoint","urlTemplate":"https:\/\/news.canadamotorjobs.com\/?s={search_term_string}"},"query-input":"required name=search_term_string"}],"inLanguage":"fr-CA"},{"@type":"Organization","@id":"https:\/\/news.canadamotorjobs.com\/#organization","name":"Canada Motor Jobs","url":"https:\/\/news.canadamotorjobs.com\/","logo":{"@type":"ImageObject","inLanguage":"fr-CA","@id":"https:\/\/news.canadamotorjobs.com\/#\/schema\/logo\/image\/","url":"https:\/\/news.canadamotorjobs.com\/wp-content\/uploads\/2022\/10\/logo-canada-motor-jobs-1.png","contentUrl":"https:\/\/news.canadamotorjobs.com\/wp-content\/uploads\/2022\/10\/logo-canada-motor-jobs-1.png","width":800,"height":400,"caption":"Canada Motor Jobs"},"image":{"@id":"https:\/\/news.canadamotorjobs.com\/#\/schema\/logo\/image\/"},"sameAs":["https:\/\/www.facebook.com\/canadamotorjobs\/","https:\/\/x.com\/canadamotorjobs","https:\/\/www.instagram.com\/canadamotorjobs\/","https:\/\/www.linkedin.com\/company\/canadamotorjobs"]},{"@type":"Person","@id":"https:\/\/news.canadamotorjobs.com\/#\/schema\/person\/51793d1f87d44011d7bcc2ed99269a90","name":"Benoit Charette","image":{"@type":"ImageObject","inLanguage":"fr-CA","@id":"https:\/\/news.canadamotorjobs.com\/#\/schema\/person\/image\/","url":"https:\/\/secure.gravatar.com\/avatar\/45f3d2eebcccd909668d7ce7ea7267b6?s=96&d=mm&r=g","contentUrl":"https:\/\/secure.gravatar.com\/avatar\/45f3d2eebcccd909668d7ce7ea7267b6?s=96&d=mm&r=g","caption":"Benoit Charette"},"description":"Benoit Charette \/ Propri\u00e9taire et r\u00e9dacteur en chef Benoit Charette pratique le journalisme automobile depuis bient\u00f4t 30 ans. Il a fait ses classes au c\u00f4t\u00e9 de Daniel H\u00e9raud et au Carnet de route de 1992 \u00e0 2001. Il est fondateur, copropri\u00e9taire et r\u00e9dacteur en chef de L\u2019Annuel de l\u2019automobile, qu\u2019il publie depuis 2001. Il a anim\u00e9 les \u00e9missions RPM et RPM+ sur V et les L\u00e9gendes de la route sur Historia. \u00c0 la radio depuis 1986, il reprend l\u2019antenne cette ann\u00e9e sur les ondes de Cogeco et participe pour la deuxi\u00e8me ann\u00e9e \u00e0 l\u2019\u00e9mission Passion Auto sur RDS en plus de mettre en ligne le site Web officiel de L\u2019Annuel de l\u2019automobile sur annuelauto.ca.","sameAs":["https:\/\/annuelauto.ca\/"],"url":"https:\/\/news.canadamotorjobs.com\/fr\/author\/benoit-charette\/"}]}},"_links":{"self":[{"href":"https:\/\/news.canadamotorjobs.com\/fr\/wp-json\/wp\/v2\/posts\/176047"}],"collection":[{"href":"https:\/\/news.canadamotorjobs.com\/fr\/wp-json\/wp\/v2\/posts"}],"about":[{"href":"https:\/\/news.canadamotorjobs.com\/fr\/wp-json\/wp\/v2\/types\/post"}],"author":[{"embeddable":true,"href":"https:\/\/news.canadamotorjobs.com\/fr\/wp-json\/wp\/v2\/users\/8"}],"replies":[{"embeddable":true,"href":"https:\/\/news.canadamotorjobs.com\/fr\/wp-json\/wp\/v2\/comments?post=176047"}],"version-history":[{"count":3,"href":"https:\/\/news.canadamotorjobs.com\/fr\/wp-json\/wp\/v2\/posts\/176047\/revisions"}],"predecessor-version":[{"id":176078,"href":"https:\/\/news.canadamotorjobs.com\/fr\/wp-json\/wp\/v2\/posts\/176047\/revisions\/176078"}],"wp:featuredmedia":[{"embeddable":true,"href":"https:\/\/news.canadamotorjobs.com\/fr\/wp-json\/wp\/v2\/media\/176049"}],"wp:attachment":[{"href":"https:\/\/news.canadamotorjobs.com\/fr\/wp-json\/wp\/v2\/media?parent=176047"}],"wp:term":[{"taxonomy":"category","embeddable":true,"href":"https:\/\/news.canadamotorjobs.com\/fr\/wp-json\/wp\/v2\/categories?post=176047"},{"taxonomy":"post_tag","embeddable":true,"href":"https:\/\/news.canadamotorjobs.com\/fr\/wp-json\/wp\/v2\/tags?post=176047"}],"curies":[{"name":"wp","href":"https:\/\/api.w.org\/{rel}","templated":true}]}}