{"id":176015,"date":"2024-10-05T15:24:45","date_gmt":"2024-10-05T19:24:45","guid":{"rendered":"https:\/\/news.canadamotorjobs.com\/?p=176015"},"modified":"2024-10-05T15:29:02","modified_gmt":"2024-10-05T19:29:02","slug":"stellantis-et-renault-nient-les-rumeurs-de-fusion","status":"publish","type":"post","link":"https:\/\/news.canadamotorjobs.com\/fr\/stellantis-et-renault-nient-les-rumeurs-de-fusion\/","title":{"rendered":"Stellantis et Renault nient les rumeurs de fusion"},"content":{"rendered":"<\/p>\n<p>Des rumeurs faisant \u00e9tat d\u2019une fusion possible entre Stellantis et le groupe Renault ont fait surface r\u00e9cemment, ce qui a rapidement enflamm\u00e9 la plan\u00e8te automobile.<\/p>\n<p>Or, si l\u2019on se fie aux dirigeants des deux entreprises, le tout ne serait que de la frime.<\/p>\n<p>De son c\u00f4t\u00e9, Carlos Tavares, le chef de la direction de Stellantis a d\u00e9clar\u00e9 que le tout relevait de la \u00ab pure sp\u00e9culation \u00bb. Il s\u2019est exprim\u00e9 ainsi lors d\u2019une visite de l\u2019une des usines du groupe dans l\u2019est de la France, rapporte Automotive News.<\/p>\n<p><\/p>\n<figure><img decoding=\"async\" src=\"https:\/\/news.canadamotorjobs.com\/wp-content\/uploads\/2024\/10\/carlos-tavares-x-jeep-5.jpg\" alt=\"Carlos Tavares, sur X en juin 2024\" \/><figcaption>Carlos Tavares, sur X en juin 2024 | Auto123.com<\/figcaption><\/figure>\n<p>Luca de Meo, le grand patron de Renault, a refus\u00e9 de commenter ce qu\u2019il a qualifi\u00e9 de simples \u00ab rumeurs \u00bb.<\/p>\n<p>Si des rumeurs avaient \u00e9man\u00e9 en d\u00e9but d\u2019ann\u00e9e, ce qui les a raviv\u00e9s, c\u2019est un article publi\u00e9 cette semaine par le journal italien Il Sole 24 Ore. Ce dernier rapportait que des discussions concernant un rapprochement entre les deux entreprises \u00e9taient devenues plus persistantes. Les \u00e9conomies d\u2019\u00e9chelle d\u2019une potentielle fusion \u00e9taient consid\u00e9r\u00e9es comme une solution possible pour g\u00e9rer la concurrence tr\u00e8s forte que vivent tous les constructeurs \u00e0 travers l\u2019industrie.<\/p>\n<p>Chez Stellantis, nous l\u2019avons rapport\u00e9 \u00e0 quelques reprises ces derni\u00e8res semaines, les choses ne sont pas toujours roses. Les actions du fabricant sont en chute libre, soit de 55 % depuis le mois de mars. La valeur de l\u2019entreprise a perdu 47 milliards d\u2019euros.<\/p>\n<p>Vous pouvez parier qu\u2019au prochain Salon de l\u2019auto de Paris, qui va s\u2019amorcer le 14 octobre prochain, l\u00e0 o\u00f9 Carlos Tavares et Luca De Meo seront pr\u00e9sents, la question va revenir sur la table et les deux hommes seront assaillis par les m\u00e9dias.<\/p>\n<p>Nous allons surveiller le tout de tr\u00e8s pr\u00e8s.<\/p>\n<p><\/p>\n<figure><img decoding=\"async\" src=\"https:\/\/news.canadamotorjobs.com\/wp-content\/uploads\/2024\/10\/Luca_de_Meo_2-1.jpg\" alt=\"Luca De Meo, PDG de Renault\" \/><figcaption>Luca De Meo, PDG de Renault | Auto123.com<\/figcaption><\/figure>\n<p style=\"padding-top: 15px\">Contenu original de <a href=\"https:\/\/www.auto123.com\/fr\/actualites\/stellantis-renault-rumeurs-fusion-dementies\/71909\/\">auto123<\/a>.<\/p>\n<p>Le texte <a rel=\"nofollow\" href=\"https:\/\/annuelauto.ca\/stellantis-et-renault-nient-les-rumeurs-de-fusion\/\">Stellantis et Renault nient les rumeurs de fusion<\/a> provient de <a rel=\"nofollow\" href=\"https:\/\/annuelauto.ca\">L&#8217;annuel de l&#8217;automobile &#8211; Actualit\u00e9 automobile<\/a><\/p>\n<p><\/p>\n","protected":false},"excerpt":{"rendered":"<p>Des rumeurs faisant \u00e9tat d\u2019une fusion possible entre Stellantis et le groupe Renault ont fait surface r\u00e9cemment, ce qui a rapidement enflamm\u00e9 la plan\u00e8te automobile. Or, si l\u2019on se fie aux dirigeants des deux entreprises, le tout ne serait que de la frime. De son c\u00f4t\u00e9, Carlos Tavares, le chef de la direction de Stellantis [&hellip;]<\/p>\n","protected":false},"author":8,"featured_media":176017,"comment_status":"close","ping_status":"closed","sticky":false,"template":"","format":"standard","meta":{"_monsterinsights_skip_tracking":false,"_monsterinsights_sitenote_active":false,"_monsterinsights_sitenote_note":"","_monsterinsights_sitenote_category":0,"footnotes":""},"categories":[101],"tags":[],"yoast_head":"<!-- This site is optimized with the Yoast SEO plugin v23.2 - https:\/\/yoast.com\/wordpress\/plugins\/seo\/ -->\n<title>Stellantis et Renault nient les rumeurs de fusion - CanadaMotorJobs.com<\/title>\n<meta name=\"description\" content=\"Stellantis et Renault nient les rumeurs de fusion - Benoit Charette - Annuel automobile - CanadaMotorJobs.com.\" \/>\n<meta name=\"robots\" content=\"index, follow, max-snippet:-1, max-image-preview:large, max-video-preview:-1\" \/>\n<meta property=\"og:locale\" content=\"fr_CA\" \/>\n<meta property=\"og:type\" content=\"article\" \/>\n<meta property=\"og:title\" content=\"Stellantis et Renault nient les rumeurs de fusion - CanadaMotorJobs.com\" \/>\n<meta property=\"og:description\" content=\"Stellantis et Renault nient les rumeurs de fusion - Benoit Charette - Annuel automobile - CanadaMotorJobs.com.\" \/>\n<meta property=\"og:url\" content=\"https:\/\/news.canadamotorjobs.com\/fr\/stellantis-et-renault-nient-les-rumeurs-de-fusion\/\" \/>\n<meta property=\"og:site_name\" content=\"CanadaMotorJobs.com\" \/>\n<meta property=\"article:publisher\" content=\"https:\/\/www.facebook.com\/canadamotorjobs\/\" \/>\n<meta property=\"article:published_time\" content=\"2024-10-05T19:24:45+00:00\" \/>\n<meta property=\"article:modified_time\" content=\"2024-10-05T19:29:02+00:00\" \/>\n<meta property=\"og:image\" content=\"https:\/\/news.canadamotorjobs.com\/wp-content\/uploads\/2024\/10\/carlos-tavares-x-jeep.jpg\" \/>\n\t<meta property=\"og:image:width\" content=\"1200\" \/>\n\t<meta property=\"og:image:height\" content=\"675\" \/>\n\t<meta property=\"og:image:type\" content=\"image\/jpeg\" \/>\n<meta name=\"author\" content=\"Benoit Charette\" \/>\n<meta name=\"twitter:card\" content=\"summary_large_image\" \/>\n<meta name=\"twitter:creator\" content=\"@canadamotorjobs\" \/>\n<meta name=\"twitter:site\" content=\"@canadamotorjobs\" \/>\n<meta name=\"twitter:label1\" content=\"\u00c9crit par\" \/>\n\t<meta name=\"twitter:data1\" content=\"Benoit Charette\" \/>\n\t<meta name=\"twitter:label2\" content=\"Estimation du temps de lecture\" \/>\n\t<meta name=\"twitter:data2\" content=\"2 minutes\" \/>\n<!-- \/ Yoast SEO plugin. -->","yoast_head_json":{"title":"Stellantis et Renault nient les rumeurs de fusion - CanadaMotorJobs.com","description":"Stellantis et Renault nient les rumeurs de fusion - Benoit Charette - Annuel automobile - CanadaMotorJobs.com.","robots":{"index":"index","follow":"follow","max-snippet":"max-snippet:-1","max-image-preview":"max-image-preview:large","max-video-preview":"max-video-preview:-1"},"og_locale":"fr_CA","og_type":"article","og_title":"Stellantis et Renault nient les rumeurs de fusion - CanadaMotorJobs.com","og_description":"Stellantis et Renault nient les rumeurs de fusion - Benoit Charette - Annuel automobile - CanadaMotorJobs.com.","og_url":"https:\/\/news.canadamotorjobs.com\/fr\/stellantis-et-renault-nient-les-rumeurs-de-fusion\/","og_site_name":"CanadaMotorJobs.com","article_publisher":"https:\/\/www.facebook.com\/canadamotorjobs\/","article_published_time":"2024-10-05T19:24:45+00:00","article_modified_time":"2024-10-05T19:29:02+00:00","og_image":[{"width":1200,"height":675,"url":"https:\/\/news.canadamotorjobs.com\/wp-content\/uploads\/2024\/10\/carlos-tavares-x-jeep.jpg","type":"image\/jpeg"}],"author":"Benoit Charette","twitter_card":"summary_large_image","twitter_creator":"@canadamotorjobs","twitter_site":"@canadamotorjobs","twitter_misc":{"\u00c9crit par":"Benoit Charette","Estimation du temps de lecture":"2 minutes"},"schema":{"@context":"https:\/\/schema.org","@graph":[{"@type":"Article","@id":"https:\/\/news.canadamotorjobs.com\/fr\/stellantis-et-renault-nient-les-rumeurs-de-fusion\/#article","isPartOf":{"@id":"https:\/\/news.canadamotorjobs.com\/fr\/stellantis-et-renault-nient-les-rumeurs-de-fusion\/"},"author":{"name":"Benoit Charette","@id":"https:\/\/news.canadamotorjobs.com\/#\/schema\/person\/51793d1f87d44011d7bcc2ed99269a90"},"headline":"Stellantis et Renault nient les rumeurs de fusion","datePublished":"2024-10-05T19:24:45+00:00","dateModified":"2024-10-05T19:29:02+00:00","mainEntityOfPage":{"@id":"https:\/\/news.canadamotorjobs.com\/fr\/stellantis-et-renault-nient-les-rumeurs-de-fusion\/"},"wordCount":346,"publisher":{"@id":"https:\/\/news.canadamotorjobs.com\/#organization"},"image":{"@id":"https:\/\/news.canadamotorjobs.com\/fr\/stellantis-et-renault-nient-les-rumeurs-de-fusion\/#primaryimage"},"thumbnailUrl":"https:\/\/news.canadamotorjobs.com\/wp-content\/uploads\/2024\/10\/carlos-tavares-x-jeep.jpg","articleSection":["Annuel automobile"],"inLanguage":"fr-CA"},{"@type":"WebPage","@id":"https:\/\/news.canadamotorjobs.com\/fr\/stellantis-et-renault-nient-les-rumeurs-de-fusion\/","url":"https:\/\/news.canadamotorjobs.com\/fr\/stellantis-et-renault-nient-les-rumeurs-de-fusion\/","name":"Stellantis et Renault nient les rumeurs de fusion - CanadaMotorJobs.com","isPartOf":{"@id":"https:\/\/news.canadamotorjobs.com\/#website"},"primaryImageOfPage":{"@id":"https:\/\/news.canadamotorjobs.com\/fr\/stellantis-et-renault-nient-les-rumeurs-de-fusion\/#primaryimage"},"image":{"@id":"https:\/\/news.canadamotorjobs.com\/fr\/stellantis-et-renault-nient-les-rumeurs-de-fusion\/#primaryimage"},"thumbnailUrl":"https:\/\/news.canadamotorjobs.com\/wp-content\/uploads\/2024\/10\/carlos-tavares-x-jeep.jpg","datePublished":"2024-10-05T19:24:45+00:00","dateModified":"2024-10-05T19:29:02+00:00","description":"Stellantis et Renault nient les rumeurs de fusion - Benoit Charette - Annuel automobile - CanadaMotorJobs.com.","breadcrumb":{"@id":"https:\/\/news.canadamotorjobs.com\/fr\/stellantis-et-renault-nient-les-rumeurs-de-fusion\/#breadcrumb"},"inLanguage":"fr-CA","potentialAction":[{"@type":"ReadAction","target":["https:\/\/news.canadamotorjobs.com\/fr\/stellantis-et-renault-nient-les-rumeurs-de-fusion\/"]}]},{"@type":"ImageObject","inLanguage":"fr-CA","@id":"https:\/\/news.canadamotorjobs.com\/fr\/stellantis-et-renault-nient-les-rumeurs-de-fusion\/#primaryimage","url":"https:\/\/news.canadamotorjobs.com\/wp-content\/uploads\/2024\/10\/carlos-tavares-x-jeep.jpg","contentUrl":"https:\/\/news.canadamotorjobs.com\/wp-content\/uploads\/2024\/10\/carlos-tavares-x-jeep.jpg","width":1200,"height":675},{"@type":"BreadcrumbList","@id":"https:\/\/news.canadamotorjobs.com\/fr\/stellantis-et-renault-nient-les-rumeurs-de-fusion\/#breadcrumb","itemListElement":[{"@type":"ListItem","position":1,"name":"Home","item":"https:\/\/news.canadamotorjobs.com\/fr\/blog\/"},{"@type":"ListItem","position":2,"name":"Stellantis et Renault nient les rumeurs de fusion"}]},{"@type":"WebSite","@id":"https:\/\/news.canadamotorjobs.com\/#website","url":"https:\/\/news.canadamotorjobs.com\/","name":"CanadaMotorJobs.com","description":"Automotive Jobs","publisher":{"@id":"https:\/\/news.canadamotorjobs.com\/#organization"},"potentialAction":[{"@type":"SearchAction","target":{"@type":"EntryPoint","urlTemplate":"https:\/\/news.canadamotorjobs.com\/?s={search_term_string}"},"query-input":"required name=search_term_string"}],"inLanguage":"fr-CA"},{"@type":"Organization","@id":"https:\/\/news.canadamotorjobs.com\/#organization","name":"Canada Motor Jobs","url":"https:\/\/news.canadamotorjobs.com\/","logo":{"@type":"ImageObject","inLanguage":"fr-CA","@id":"https:\/\/news.canadamotorjobs.com\/#\/schema\/logo\/image\/","url":"https:\/\/news.canadamotorjobs.com\/wp-content\/uploads\/2022\/10\/logo-canada-motor-jobs-1.png","contentUrl":"https:\/\/news.canadamotorjobs.com\/wp-content\/uploads\/2022\/10\/logo-canada-motor-jobs-1.png","width":800,"height":400,"caption":"Canada Motor Jobs"},"image":{"@id":"https:\/\/news.canadamotorjobs.com\/#\/schema\/logo\/image\/"},"sameAs":["https:\/\/www.facebook.com\/canadamotorjobs\/","https:\/\/x.com\/canadamotorjobs","https:\/\/www.instagram.com\/canadamotorjobs\/","https:\/\/www.linkedin.com\/company\/canadamotorjobs"]},{"@type":"Person","@id":"https:\/\/news.canadamotorjobs.com\/#\/schema\/person\/51793d1f87d44011d7bcc2ed99269a90","name":"Benoit Charette","image":{"@type":"ImageObject","inLanguage":"fr-CA","@id":"https:\/\/news.canadamotorjobs.com\/#\/schema\/person\/image\/","url":"https:\/\/secure.gravatar.com\/avatar\/45f3d2eebcccd909668d7ce7ea7267b6?s=96&d=mm&r=g","contentUrl":"https:\/\/secure.gravatar.com\/avatar\/45f3d2eebcccd909668d7ce7ea7267b6?s=96&d=mm&r=g","caption":"Benoit Charette"},"description":"Benoit Charette \/ Propri\u00e9taire et r\u00e9dacteur en chef Benoit Charette pratique le journalisme automobile depuis bient\u00f4t 30 ans. Il a fait ses classes au c\u00f4t\u00e9 de Daniel H\u00e9raud et au Carnet de route de 1992 \u00e0 2001. Il est fondateur, copropri\u00e9taire et r\u00e9dacteur en chef de L\u2019Annuel de l\u2019automobile, qu\u2019il publie depuis 2001. Il a anim\u00e9 les \u00e9missions RPM et RPM+ sur V et les L\u00e9gendes de la route sur Historia. \u00c0 la radio depuis 1986, il reprend l\u2019antenne cette ann\u00e9e sur les ondes de Cogeco et participe pour la deuxi\u00e8me ann\u00e9e \u00e0 l\u2019\u00e9mission Passion Auto sur RDS en plus de mettre en ligne le site Web officiel de L\u2019Annuel de l\u2019automobile sur annuelauto.ca.","sameAs":["https:\/\/annuelauto.ca\/"],"url":"https:\/\/news.canadamotorjobs.com\/fr\/author\/benoit-charette\/"}]}},"_links":{"self":[{"href":"https:\/\/news.canadamotorjobs.com\/fr\/wp-json\/wp\/v2\/posts\/176015"}],"collection":[{"href":"https:\/\/news.canadamotorjobs.com\/fr\/wp-json\/wp\/v2\/posts"}],"about":[{"href":"https:\/\/news.canadamotorjobs.com\/fr\/wp-json\/wp\/v2\/types\/post"}],"author":[{"embeddable":true,"href":"https:\/\/news.canadamotorjobs.com\/fr\/wp-json\/wp\/v2\/users\/8"}],"replies":[{"embeddable":true,"href":"https:\/\/news.canadamotorjobs.com\/fr\/wp-json\/wp\/v2\/comments?post=176015"}],"version-history":[{"count":3,"href":"https:\/\/news.canadamotorjobs.com\/fr\/wp-json\/wp\/v2\/posts\/176015\/revisions"}],"predecessor-version":[{"id":176046,"href":"https:\/\/news.canadamotorjobs.com\/fr\/wp-json\/wp\/v2\/posts\/176015\/revisions\/176046"}],"wp:featuredmedia":[{"embeddable":true,"href":"https:\/\/news.canadamotorjobs.com\/fr\/wp-json\/wp\/v2\/media\/176017"}],"wp:attachment":[{"href":"https:\/\/news.canadamotorjobs.com\/fr\/wp-json\/wp\/v2\/media?parent=176015"}],"wp:term":[{"taxonomy":"category","embeddable":true,"href":"https:\/\/news.canadamotorjobs.com\/fr\/wp-json\/wp\/v2\/categories?post=176015"},{"taxonomy":"post_tag","embeddable":true,"href":"https:\/\/news.canadamotorjobs.com\/fr\/wp-json\/wp\/v2\/tags?post=176015"}],"curies":[{"name":"wp","href":"https:\/\/api.w.org\/{rel}","templated":true}]}}