{"id":175851,"date":"2024-10-05T03:24:33","date_gmt":"2024-10-05T07:24:33","guid":{"rendered":"https:\/\/news.canadamotorjobs.com\/?p=175851"},"modified":"2024-10-05T03:29:01","modified_gmt":"2024-10-05T07:29:01","slug":"des-ventes-catastrophiques-pour-le-bmw-xm","status":"publish","type":"post","link":"https:\/\/news.canadamotorjobs.com\/fr\/des-ventes-catastrophiques-pour-le-bmw-xm\/","title":{"rendered":"Des ventes catastrophiques pour le BMW XM"},"content":{"rendered":"<\/p>\n<p>Plus t\u00f4t cette semaine, on faisait \u00e9tat des ventes catastrophiques de la Fiat 500e, au point o\u00f9 Stellantis d\u00e9cidait de prolonger une p\u00e9riode d\u2019arr\u00eat pr\u00e9alablement d\u00e9termin\u00e9e \u00e0 l\u2019usine o\u00f9 le mod\u00e8le est produit.<\/p>\n<p>Dans ce sas, on parle pourtant d\u2019un mod\u00e8le vendu \u00e0 un prix \u00ab raisonnable \u00bb. \u00c0 l\u2019autre bout du spectre automobile, BMW vit la m\u00eame chose avec son VUS XM, dont le prix se rapproche plus de la stratosph\u00e8re que du budget de sa client\u00e8le cible. Ses ventes sont aussi catastrophiques.<\/p>\n<p>Voir : <a href=\"https:\/\/www.auto123.com\/fr\/actualites\/bmw-xm-2023-essai-routier\/70613\/\">BMW XM 2023, essai : un \u00ab Bad Boy \u00bb au c\u0153ur d\u2019artichaut<\/a><\/p>\n<p><strong>Des ventes an\u00e9miques<\/strong><\/p>\n<p>Concr\u00e8tement, ce n\u2019est pas facile pour le BMW XM depuis le d\u00e9but de sa production, qui a eu lieu en d\u00e9cembre 2022. Les ventes de ce VUS ax\u00e9 sur la performance, et cr\u00e9\u00e9 comme produit unique de la division M, faut-il le rappeler, ne se d\u00e9roulent pas au rythme anticip\u00e9 par la compagnie. Cette tendance s\u2019est poursuivie au troisi\u00e8me trimestre de cette ann\u00e9e o\u00f9 BMW n\u2019a \u00e9coul\u00e9 que 307 exemplaires, soit une baisse de 30,7 % par rapport au m\u00eame trimestre de l\u2019ann\u00e9e derni\u00e8re, l\u00e0 o\u00f9 443 unit\u00e9s avaient trouv\u00e9 preneurs.<\/p>\n<p>Bon, le XM n\u2019est pas le seul mod\u00e8le de BMW qui se vend moins par les temps qui courent. Il y a la Z4, mais le sort des coup\u00e9s semble \u00eatre le m\u00eame partout \u00e0 travers l\u2019industrie, tristement. M\u00eame la S\u00e9rie 3 a vu ses ventes reculer de 13,7 % ce dernier trimestre, par rapport au m\u00eame l\u2019an dernier.<\/p>\n<p><\/p>\n<figure><img decoding=\"async\" src=\"https:\/\/news.canadamotorjobs.com\/wp-content\/uploads\/2024\/10\/2023-bmw-xm_11-5.jpg\" alt=\"Le BMW XM, arri\u00e8re\" \/><figcaption>Le BMW XM, arri\u00e8re | Auto123.com<\/figcaption><\/figure>\n<p><strong>Surtout, un probl\u00e8me de prix<\/strong><\/p>\n<p>Mais ce n\u2019est pas le probl\u00e8me du XM. Ce qui accroche, c\u2019est son prix. L\u2019offre s\u2019amorce \u00e0 220 000 $ CA avec ce mod\u00e8le. Il faut comprendre que dans cette fourchette, l\u2019acheteur n\u2019a pas tendance \u00e0 reculer devant une telle facture. Le probl\u00e8me n\u2019est donc pas uniquement associ\u00e9 au prix. L\u00e0 o\u00f9 le b\u00e2t blesse, c\u2019est que l\u2019acheteur qui entre dans une concession BMW peut repartir avec un X5 ou un X7 hyper performant, au choix, pour la moiti\u00e9 du prix, si ce n\u2019est plus.<\/p>\n<p>Pour avoir conduit le XM, on peut certes confirmer que la machine est impressionnante avec sa puissance maximale de 738 chevaux et autant de livres-pieds de couple. Mais un X5 M propose 617 chevaux (142 500 $), alors qu\u2019un X7 M60i en livre 523 pour une facture avoisinant aussi les 142 000 $.<\/p>\n<p>Et en mati\u00e8re de luxe, les mod\u00e8les \u00ab moins chers \u00bb n\u2019ont rien \u00e0 envier \u00e0 ce XM. Voil\u00e0, en gros, ce qui explique le sort que subit le XM.<\/p>\n<p>Et il y a ce style qui ne fait pas l\u2019unanimit\u00e9, mais \u00e7a, c\u2019est une autre histoire.<\/p>\n<p><\/p>\n<p style=\"padding-top: 15px\">Contenu original de <a href=\"https:\/\/www.auto123.com\/fr\/actualites\/bmw-xm-chute-ventes-2024\/71904\/\">auto123<\/a>.<\/p>\n<p>Le texte <a rel=\"nofollow\" href=\"https:\/\/annuelauto.ca\/des-ventes-catastrophiques-pour-le-bmw-xm\/\">Des ventes catastrophiques pour le BMW XM<\/a> provient de <a rel=\"nofollow\" href=\"https:\/\/annuelauto.ca\">L&#8217;annuel de l&#8217;automobile &#8211; Actualit\u00e9 automobile<\/a><\/p>\n<p><\/p>\n","protected":false},"excerpt":{"rendered":"<p>Plus t\u00f4t cette semaine, on faisait \u00e9tat des ventes catastrophiques de la Fiat 500e, au point o\u00f9 Stellantis d\u00e9cidait de prolonger une p\u00e9riode d\u2019arr\u00eat pr\u00e9alablement d\u00e9termin\u00e9e \u00e0 l\u2019usine o\u00f9 le mod\u00e8le est produit. Dans ce sas, on parle pourtant d\u2019un mod\u00e8le vendu \u00e0 un prix \u00ab raisonnable \u00bb. \u00c0 l\u2019autre bout du spectre automobile, BMW [&hellip;]<\/p>\n","protected":false},"author":8,"featured_media":175853,"comment_status":"close","ping_status":"closed","sticky":false,"template":"","format":"standard","meta":{"_monsterinsights_skip_tracking":false,"_monsterinsights_sitenote_active":false,"_monsterinsights_sitenote_note":"","_monsterinsights_sitenote_category":0,"footnotes":""},"categories":[101],"tags":[],"yoast_head":"<!-- This site is optimized with the Yoast SEO plugin v23.2 - https:\/\/yoast.com\/wordpress\/plugins\/seo\/ -->\n<title>Des ventes catastrophiques pour le BMW XM - CanadaMotorJobs.com<\/title>\n<meta name=\"description\" content=\"Des ventes catastrophiques pour le BMW XM - Benoit Charette - Annuel automobile - CanadaMotorJobs.com.\" \/>\n<meta name=\"robots\" content=\"index, follow, max-snippet:-1, max-image-preview:large, max-video-preview:-1\" \/>\n<meta property=\"og:locale\" content=\"fr_CA\" \/>\n<meta property=\"og:type\" content=\"article\" \/>\n<meta property=\"og:title\" content=\"Des ventes catastrophiques pour le BMW XM - CanadaMotorJobs.com\" \/>\n<meta property=\"og:description\" content=\"Des ventes catastrophiques pour le BMW XM - Benoit Charette - Annuel automobile - CanadaMotorJobs.com.\" \/>\n<meta property=\"og:url\" content=\"https:\/\/news.canadamotorjobs.com\/fr\/des-ventes-catastrophiques-pour-le-bmw-xm\/\" \/>\n<meta property=\"og:site_name\" content=\"CanadaMotorJobs.com\" \/>\n<meta property=\"article:publisher\" content=\"https:\/\/www.facebook.com\/canadamotorjobs\/\" \/>\n<meta property=\"article:published_time\" content=\"2024-10-05T07:24:33+00:00\" \/>\n<meta property=\"article:modified_time\" content=\"2024-10-05T07:29:01+00:00\" \/>\n<meta property=\"og:image\" content=\"https:\/\/news.canadamotorjobs.com\/wp-content\/uploads\/2024\/10\/2023-bmw-xm_11.jpg\" \/>\n\t<meta property=\"og:image:width\" content=\"1200\" \/>\n\t<meta property=\"og:image:height\" content=\"800\" \/>\n\t<meta property=\"og:image:type\" content=\"image\/jpeg\" \/>\n<meta name=\"author\" content=\"Benoit Charette\" \/>\n<meta name=\"twitter:card\" content=\"summary_large_image\" \/>\n<meta name=\"twitter:creator\" content=\"@canadamotorjobs\" \/>\n<meta name=\"twitter:site\" content=\"@canadamotorjobs\" \/>\n<meta name=\"twitter:label1\" content=\"\u00c9crit par\" \/>\n\t<meta name=\"twitter:data1\" content=\"Benoit Charette\" \/>\n\t<meta name=\"twitter:label2\" content=\"Estimation du temps de lecture\" \/>\n\t<meta name=\"twitter:data2\" content=\"2 minutes\" \/>\n<!-- \/ Yoast SEO plugin. -->","yoast_head_json":{"title":"Des ventes catastrophiques pour le BMW XM - CanadaMotorJobs.com","description":"Des ventes catastrophiques pour le BMW XM - Benoit Charette - Annuel automobile - CanadaMotorJobs.com.","robots":{"index":"index","follow":"follow","max-snippet":"max-snippet:-1","max-image-preview":"max-image-preview:large","max-video-preview":"max-video-preview:-1"},"og_locale":"fr_CA","og_type":"article","og_title":"Des ventes catastrophiques pour le BMW XM - CanadaMotorJobs.com","og_description":"Des ventes catastrophiques pour le BMW XM - Benoit Charette - Annuel automobile - CanadaMotorJobs.com.","og_url":"https:\/\/news.canadamotorjobs.com\/fr\/des-ventes-catastrophiques-pour-le-bmw-xm\/","og_site_name":"CanadaMotorJobs.com","article_publisher":"https:\/\/www.facebook.com\/canadamotorjobs\/","article_published_time":"2024-10-05T07:24:33+00:00","article_modified_time":"2024-10-05T07:29:01+00:00","og_image":[{"width":1200,"height":800,"url":"https:\/\/news.canadamotorjobs.com\/wp-content\/uploads\/2024\/10\/2023-bmw-xm_11.jpg","type":"image\/jpeg"}],"author":"Benoit Charette","twitter_card":"summary_large_image","twitter_creator":"@canadamotorjobs","twitter_site":"@canadamotorjobs","twitter_misc":{"\u00c9crit par":"Benoit Charette","Estimation du temps de lecture":"2 minutes"},"schema":{"@context":"https:\/\/schema.org","@graph":[{"@type":"Article","@id":"https:\/\/news.canadamotorjobs.com\/fr\/des-ventes-catastrophiques-pour-le-bmw-xm\/#article","isPartOf":{"@id":"https:\/\/news.canadamotorjobs.com\/fr\/des-ventes-catastrophiques-pour-le-bmw-xm\/"},"author":{"name":"Benoit Charette","@id":"https:\/\/news.canadamotorjobs.com\/#\/schema\/person\/51793d1f87d44011d7bcc2ed99269a90"},"headline":"Des ventes catastrophiques pour le BMW XM","datePublished":"2024-10-05T07:24:33+00:00","dateModified":"2024-10-05T07:29:01+00:00","mainEntityOfPage":{"@id":"https:\/\/news.canadamotorjobs.com\/fr\/des-ventes-catastrophiques-pour-le-bmw-xm\/"},"wordCount":506,"publisher":{"@id":"https:\/\/news.canadamotorjobs.com\/#organization"},"image":{"@id":"https:\/\/news.canadamotorjobs.com\/fr\/des-ventes-catastrophiques-pour-le-bmw-xm\/#primaryimage"},"thumbnailUrl":"https:\/\/news.canadamotorjobs.com\/wp-content\/uploads\/2024\/10\/2023-bmw-xm_11.jpg","articleSection":["Annuel automobile"],"inLanguage":"fr-CA"},{"@type":"WebPage","@id":"https:\/\/news.canadamotorjobs.com\/fr\/des-ventes-catastrophiques-pour-le-bmw-xm\/","url":"https:\/\/news.canadamotorjobs.com\/fr\/des-ventes-catastrophiques-pour-le-bmw-xm\/","name":"Des ventes catastrophiques pour le BMW XM - CanadaMotorJobs.com","isPartOf":{"@id":"https:\/\/news.canadamotorjobs.com\/#website"},"primaryImageOfPage":{"@id":"https:\/\/news.canadamotorjobs.com\/fr\/des-ventes-catastrophiques-pour-le-bmw-xm\/#primaryimage"},"image":{"@id":"https:\/\/news.canadamotorjobs.com\/fr\/des-ventes-catastrophiques-pour-le-bmw-xm\/#primaryimage"},"thumbnailUrl":"https:\/\/news.canadamotorjobs.com\/wp-content\/uploads\/2024\/10\/2023-bmw-xm_11.jpg","datePublished":"2024-10-05T07:24:33+00:00","dateModified":"2024-10-05T07:29:01+00:00","description":"Des ventes catastrophiques pour le BMW XM - Benoit Charette - Annuel automobile - CanadaMotorJobs.com.","breadcrumb":{"@id":"https:\/\/news.canadamotorjobs.com\/fr\/des-ventes-catastrophiques-pour-le-bmw-xm\/#breadcrumb"},"inLanguage":"fr-CA","potentialAction":[{"@type":"ReadAction","target":["https:\/\/news.canadamotorjobs.com\/fr\/des-ventes-catastrophiques-pour-le-bmw-xm\/"]}]},{"@type":"ImageObject","inLanguage":"fr-CA","@id":"https:\/\/news.canadamotorjobs.com\/fr\/des-ventes-catastrophiques-pour-le-bmw-xm\/#primaryimage","url":"https:\/\/news.canadamotorjobs.com\/wp-content\/uploads\/2024\/10\/2023-bmw-xm_11.jpg","contentUrl":"https:\/\/news.canadamotorjobs.com\/wp-content\/uploads\/2024\/10\/2023-bmw-xm_11.jpg","width":1200,"height":800},{"@type":"BreadcrumbList","@id":"https:\/\/news.canadamotorjobs.com\/fr\/des-ventes-catastrophiques-pour-le-bmw-xm\/#breadcrumb","itemListElement":[{"@type":"ListItem","position":1,"name":"Home","item":"https:\/\/news.canadamotorjobs.com\/fr\/blog\/"},{"@type":"ListItem","position":2,"name":"Des ventes catastrophiques pour le BMW XM"}]},{"@type":"WebSite","@id":"https:\/\/news.canadamotorjobs.com\/#website","url":"https:\/\/news.canadamotorjobs.com\/","name":"CanadaMotorJobs.com","description":"Automotive Jobs","publisher":{"@id":"https:\/\/news.canadamotorjobs.com\/#organization"},"potentialAction":[{"@type":"SearchAction","target":{"@type":"EntryPoint","urlTemplate":"https:\/\/news.canadamotorjobs.com\/?s={search_term_string}"},"query-input":"required name=search_term_string"}],"inLanguage":"fr-CA"},{"@type":"Organization","@id":"https:\/\/news.canadamotorjobs.com\/#organization","name":"Canada Motor Jobs","url":"https:\/\/news.canadamotorjobs.com\/","logo":{"@type":"ImageObject","inLanguage":"fr-CA","@id":"https:\/\/news.canadamotorjobs.com\/#\/schema\/logo\/image\/","url":"https:\/\/news.canadamotorjobs.com\/wp-content\/uploads\/2022\/10\/logo-canada-motor-jobs-1.png","contentUrl":"https:\/\/news.canadamotorjobs.com\/wp-content\/uploads\/2022\/10\/logo-canada-motor-jobs-1.png","width":800,"height":400,"caption":"Canada Motor Jobs"},"image":{"@id":"https:\/\/news.canadamotorjobs.com\/#\/schema\/logo\/image\/"},"sameAs":["https:\/\/www.facebook.com\/canadamotorjobs\/","https:\/\/x.com\/canadamotorjobs","https:\/\/www.instagram.com\/canadamotorjobs\/","https:\/\/www.linkedin.com\/company\/canadamotorjobs"]},{"@type":"Person","@id":"https:\/\/news.canadamotorjobs.com\/#\/schema\/person\/51793d1f87d44011d7bcc2ed99269a90","name":"Benoit Charette","image":{"@type":"ImageObject","inLanguage":"fr-CA","@id":"https:\/\/news.canadamotorjobs.com\/#\/schema\/person\/image\/","url":"https:\/\/secure.gravatar.com\/avatar\/45f3d2eebcccd909668d7ce7ea7267b6?s=96&d=mm&r=g","contentUrl":"https:\/\/secure.gravatar.com\/avatar\/45f3d2eebcccd909668d7ce7ea7267b6?s=96&d=mm&r=g","caption":"Benoit Charette"},"description":"Benoit Charette \/ Propri\u00e9taire et r\u00e9dacteur en chef Benoit Charette pratique le journalisme automobile depuis bient\u00f4t 30 ans. Il a fait ses classes au c\u00f4t\u00e9 de Daniel H\u00e9raud et au Carnet de route de 1992 \u00e0 2001. Il est fondateur, copropri\u00e9taire et r\u00e9dacteur en chef de L\u2019Annuel de l\u2019automobile, qu\u2019il publie depuis 2001. Il a anim\u00e9 les \u00e9missions RPM et RPM+ sur V et les L\u00e9gendes de la route sur Historia. \u00c0 la radio depuis 1986, il reprend l\u2019antenne cette ann\u00e9e sur les ondes de Cogeco et participe pour la deuxi\u00e8me ann\u00e9e \u00e0 l\u2019\u00e9mission Passion Auto sur RDS en plus de mettre en ligne le site Web officiel de L\u2019Annuel de l\u2019automobile sur annuelauto.ca.","sameAs":["https:\/\/annuelauto.ca\/"],"url":"https:\/\/news.canadamotorjobs.com\/fr\/author\/benoit-charette\/"}]}},"_links":{"self":[{"href":"https:\/\/news.canadamotorjobs.com\/fr\/wp-json\/wp\/v2\/posts\/175851"}],"collection":[{"href":"https:\/\/news.canadamotorjobs.com\/fr\/wp-json\/wp\/v2\/posts"}],"about":[{"href":"https:\/\/news.canadamotorjobs.com\/fr\/wp-json\/wp\/v2\/types\/post"}],"author":[{"embeddable":true,"href":"https:\/\/news.canadamotorjobs.com\/fr\/wp-json\/wp\/v2\/users\/8"}],"replies":[{"embeddable":true,"href":"https:\/\/news.canadamotorjobs.com\/fr\/wp-json\/wp\/v2\/comments?post=175851"}],"version-history":[{"count":3,"href":"https:\/\/news.canadamotorjobs.com\/fr\/wp-json\/wp\/v2\/posts\/175851\/revisions"}],"predecessor-version":[{"id":175878,"href":"https:\/\/news.canadamotorjobs.com\/fr\/wp-json\/wp\/v2\/posts\/175851\/revisions\/175878"}],"wp:featuredmedia":[{"embeddable":true,"href":"https:\/\/news.canadamotorjobs.com\/fr\/wp-json\/wp\/v2\/media\/175853"}],"wp:attachment":[{"href":"https:\/\/news.canadamotorjobs.com\/fr\/wp-json\/wp\/v2\/media?parent=175851"}],"wp:term":[{"taxonomy":"category","embeddable":true,"href":"https:\/\/news.canadamotorjobs.com\/fr\/wp-json\/wp\/v2\/categories?post=175851"},{"taxonomy":"post_tag","embeddable":true,"href":"https:\/\/news.canadamotorjobs.com\/fr\/wp-json\/wp\/v2\/tags?post=175851"}],"curies":[{"name":"wp","href":"https:\/\/api.w.org\/{rel}","templated":true}]}}