{"id":175765,"date":"2024-10-03T15:24:27","date_gmt":"2024-10-03T19:24:27","guid":{"rendered":"https:\/\/news.canadamotorjobs.com\/?p=175765"},"modified":"2024-10-03T15:30:50","modified_gmt":"2024-10-03T19:30:50","slug":"des-rivian-declares-pertes-totales-obtiennent-une-seconde-vie-en-ukraine","status":"publish","type":"post","link":"https:\/\/news.canadamotorjobs.com\/fr\/des-rivian-declares-pertes-totales-obtiennent-une-seconde-vie-en-ukraine\/","title":{"rendered":"Des Rivian d\u00e9clar\u00e9s pertes totales obtiennent une seconde vie en Ukraine"},"content":{"rendered":"<\/p>\n<p>Ces derniers temps, des \u00e9v\u00e9nements \u00e9tranges se produisent concernant des Rivian accident\u00e9s. Sur les r\u00e9seaux sociaux, des propri\u00e9taires de Rivian signalent que leurs anciennes montures apparaissent de nouveau comme actifs sur leurs applications. Mais pas \u00e0 proximit\u00e9 ; les v\u00e9hicules se retrouvent dans une r\u00e9gion lointaine et ravag\u00e9e par la guerre : l\u2019Ukraine.<\/p>\n<p>Contrairement \u00e0 ce que l\u2019on pourrait imaginer, ces Rivian ne sont pas transform\u00e9s en v\u00e9hicules militaires ou en armes artisanales, comme cela a d\u00e9j\u00e0 \u00e9t\u00e9 le cas avec une Toyota Mirai. Plut\u00f4t, ils sont r\u00e9par\u00e9s et remis sur la route gr\u00e2ce \u00e0 un r\u00e9seau surprenant qui envoie des v\u00e9hicules \u00e9lectriques endommag\u00e9s \u00e0 l\u2019\u00e9tranger.<\/p>\n<p><strong>Une deuxi\u00e8me vie pour les v\u00e9hicules accident\u00e9s<\/strong><\/p>\n<p>Comme le rapporte le site The Drive, sur les r\u00e9seaux Facebook et Reddit, plusieurs publications r\u00e9centes s\u2019interrogent sur la localisation de ces anciens v\u00e9hicules. Dans les commentaires, un utilisateur ukrainien a partag\u00e9 un lien vers Auto.ria.com, un site de petites annonces qui propose des R1T et des R1S en vente en Ukraine. Ces v\u00e9hicules ne sont pas des mod\u00e8les d\u2019occasion typiques, car les Rivians ne sont pas encore vendus en Ukraine. Ils arrivent plut\u00f4t par les m\u00eames canaux qui acheminent de nombreuses voitures \u00e9lectriques d\u2019occasion \u2014 en particulier celles qui ont subi un accident \u2014 hors de l\u2019Am\u00e9rique du Nord.<\/p>\n<p>En novembre 2023, le site Wired a rapport\u00e9 que l\u2019exportation de v\u00e9hicules \u00e9lectriques accident\u00e9s depuis les \u00c9tats-Unis et le Canada \u00e9tait devenue une pratique courante. La complexit\u00e9 de ces v\u00e9hicules, le co\u00fbt \u00e9lev\u00e9 de leurs r\u00e9parations, le manque de techniciens qualifi\u00e9s et les risques li\u00e9s aux r\u00e9parations des batteries poussent les assureurs \u00e0 les d\u00e9clarer irr\u00e9cup\u00e9rables \u00e0 un taux disproportionn\u00e9 apr\u00e8s un accident. De nombreux ferrailleurs ne souhaitent pas non plus r\u00e9cup\u00e9rer ces v\u00e9hicules, car la demande pour leurs pi\u00e8ces est faible et la manipulation des batteries repr\u00e9sente un danger.<\/p>\n<p><\/p>\n<figure><img decoding=\"async\" src=\"https:\/\/news.canadamotorjobs.com\/wp-content\/uploads\/2024\/10\/rivian_r1t-17-5.jpeg\" alt=\"Rivian R1T\" \/><figcaption>Rivian R1T | Auto123.com<\/figcaption><\/figure>\n<p><strong>R\u00e9parations ing\u00e9nieuses \u00e0 l\u2019\u00e9tranger<\/strong><\/p>\n<p>\u00c0 l\u2019int\u00e9rieur de r\u00e9gions comme l\u2019Ukraine, des ouvriers qualifi\u00e9s parviennent \u00e0 r\u00e9parer ces v\u00e9hicules que les Nord-Am\u00e9ricains n\u2019osent pas toucher. Ils importent des pi\u00e8ces de Chine ou d\u2019autres pays, ou bien combinent les pi\u00e8ces encore fonctionnelles de deux v\u00e9hicules accident\u00e9s. Cette pratique, connue sous le nom de \u00ab cut-and-shut \u00bb en certains endroits, peut rendre le v\u00e9hicule extr\u00eamement dangereux en cas d\u2019accident.<\/p>\n<p>Pourtant, de plus en plus d\u2019Ukrainiens prennent ce risque.<\/p>\n<p>Avec des taxes r\u00e9duites sur les v\u00e9hicules \u00e9lectriques d\u2019occasion import\u00e9s, une disponibilit\u00e9 relativement \u00e9lev\u00e9e de bornes de recharge et la flamb\u00e9e des prix du carburant depuis l\u2019invasion russe, les v\u00e9hicules \u00e9lectriques import\u00e9s sont devenus une option \u00e9conomique pour de nombreux Ukrainiens. Un t\u00e9moin a m\u00eame plaisant\u00e9 sur Wired en disant que les v\u00e9hicules \u00e0 essence sont d\u00e9sormais des produits de luxe, inversant ainsi la dynamique observ\u00e9e dans les pays occidentaux.<\/p>\n<p>Parfois, les v\u00e9hicules \u00e9lectriques trop endommag\u00e9s sont import\u00e9s uniquement pour leurs batteries, qui peuvent \u00eatre utilis\u00e9es pour alimenter des v\u00e9hicules plus petits, comme des scooters, ou m\u00eame des drones pour contribuer \u00e0 l\u2019effort de guerre.<\/p>\n<p><strong>Les Rivian : une exception \u00e0 la r\u00e8gle ?<\/strong><\/p>\n<p>Les Rivian, cependant, semblent un peu trop luxueux pour un usage militaire. Ils sont \u00e9galement des candidats improbables pour le front en raison de leur co\u00fbt \u00e9lev\u00e9. En revanche, il semble que la Tesla Cybertruck pourrait \u00eatre d\u00e9ploy\u00e9e par la Russie avec une mitrailleuse sur le toit. Ce serait une mani\u00e8re pour le moins ironique de d\u00e9couvrir que cette derni\u00e8re n\u2019est peut-\u00eatre pas aussi r\u00e9sistante aux balles que l\u2019affirme Elon Musk.<\/p>\n<p>Les v\u00e9hicules \u00e9lectriques accident\u00e9s, comme les Rivian, trouvent une nouvelle vie en Ukraine, o\u00f9 ils sont r\u00e9par\u00e9s et remis en circulation gr\u00e2ce \u00e0 des r\u00e9seaux d\u2019importation ing\u00e9nieux. Bien que cette pratique pose des questions de s\u00e9curit\u00e9, elle r\u00e9pond \u00e0 un besoin croissant dans un pays en guerre, o\u00f9 les options de transport doivent s\u2019adapter aux nouvelles r\u00e9alit\u00e9s \u00e9conomiques et \u00e9nerg\u00e9tiques.<\/p>\n<p>\u00a0<\/p>\n<p><\/p>\n<p style=\"padding-top: 15px\">Contenu original de <a href=\"https:\/\/www.auto123.com\/fr\/actualites\/rivian-accidentes-deuxieme-vie-ukraine\/71902\/\">auto123<\/a>.<\/p>\n<p>Le texte <a rel=\"nofollow\" href=\"https:\/\/annuelauto.ca\/des-rivian-declares-pertes-totales-obtiennent-une-seconde-vie-en-ukraine\/\">Des Rivian d\u00e9clar\u00e9s pertes totales obtiennent une seconde vie en Ukraine<\/a> provient de <a rel=\"nofollow\" href=\"https:\/\/annuelauto.ca\">L&#8217;annuel de l&#8217;automobile &#8211; Actualit\u00e9 automobile<\/a><\/p>\n<p><\/p>\n","protected":false},"excerpt":{"rendered":"<p>Ces derniers temps, des \u00e9v\u00e9nements \u00e9tranges se produisent concernant des Rivian accident\u00e9s. Sur les r\u00e9seaux sociaux, des propri\u00e9taires de Rivian signalent que leurs anciennes montures apparaissent de nouveau comme actifs sur leurs applications. Mais pas \u00e0 proximit\u00e9 ; les v\u00e9hicules se retrouvent dans une r\u00e9gion lointaine et ravag\u00e9e par la guerre : l\u2019Ukraine. Contrairement \u00e0 [&hellip;]<\/p>\n","protected":false},"author":8,"featured_media":175767,"comment_status":"close","ping_status":"closed","sticky":false,"template":"","format":"standard","meta":{"_monsterinsights_skip_tracking":false,"_monsterinsights_sitenote_active":false,"_monsterinsights_sitenote_note":"","_monsterinsights_sitenote_category":0,"footnotes":""},"categories":[101],"tags":[],"yoast_head":"<!-- This site is optimized with the Yoast SEO plugin v23.2 - https:\/\/yoast.com\/wordpress\/plugins\/seo\/ -->\n<title>Des Rivian d\u00e9clar\u00e9s pertes totales obtiennent une seconde vie en Ukraine - CanadaMotorJobs.com<\/title>\n<meta name=\"description\" content=\"Des Rivian d\u00e9clar\u00e9s pertes totales obtiennent une seconde vie en Ukraine - Benoit Charette - Annuel automobile - CanadaMotorJobs.com.\" \/>\n<meta name=\"robots\" content=\"index, follow, max-snippet:-1, max-image-preview:large, max-video-preview:-1\" \/>\n<meta property=\"og:locale\" content=\"fr_CA\" \/>\n<meta property=\"og:type\" content=\"article\" \/>\n<meta property=\"og:title\" content=\"Des Rivian d\u00e9clar\u00e9s pertes totales obtiennent une seconde vie en Ukraine - CanadaMotorJobs.com\" \/>\n<meta property=\"og:description\" content=\"Des Rivian d\u00e9clar\u00e9s pertes totales obtiennent une seconde vie en Ukraine - Benoit Charette - Annuel automobile - CanadaMotorJobs.com.\" \/>\n<meta property=\"og:url\" content=\"https:\/\/news.canadamotorjobs.com\/fr\/des-rivian-declares-pertes-totales-obtiennent-une-seconde-vie-en-ukraine\/\" \/>\n<meta property=\"og:site_name\" content=\"CanadaMotorJobs.com\" \/>\n<meta property=\"article:publisher\" content=\"https:\/\/www.facebook.com\/canadamotorjobs\/\" \/>\n<meta property=\"article:published_time\" content=\"2024-10-03T19:24:27+00:00\" \/>\n<meta property=\"article:modified_time\" content=\"2024-10-03T19:30:50+00:00\" \/>\n<meta property=\"og:image\" content=\"https:\/\/news.canadamotorjobs.com\/wp-content\/uploads\/2024\/10\/rivian_r1t-17.jpeg\" \/>\n\t<meta property=\"og:image:width\" content=\"1200\" \/>\n\t<meta property=\"og:image:height\" content=\"800\" \/>\n\t<meta property=\"og:image:type\" content=\"image\/jpeg\" \/>\n<meta name=\"author\" content=\"Benoit Charette\" \/>\n<meta name=\"twitter:card\" content=\"summary_large_image\" \/>\n<meta name=\"twitter:creator\" content=\"@canadamotorjobs\" \/>\n<meta name=\"twitter:site\" content=\"@canadamotorjobs\" \/>\n<meta name=\"twitter:label1\" content=\"\u00c9crit par\" \/>\n\t<meta name=\"twitter:data1\" content=\"Benoit Charette\" \/>\n\t<meta name=\"twitter:label2\" content=\"Estimation du temps de lecture\" \/>\n\t<meta name=\"twitter:data2\" content=\"4 minutes\" \/>\n<!-- \/ Yoast SEO plugin. -->","yoast_head_json":{"title":"Des Rivian d\u00e9clar\u00e9s pertes totales obtiennent une seconde vie en Ukraine - CanadaMotorJobs.com","description":"Des Rivian d\u00e9clar\u00e9s pertes totales obtiennent une seconde vie en Ukraine - Benoit Charette - Annuel automobile - CanadaMotorJobs.com.","robots":{"index":"index","follow":"follow","max-snippet":"max-snippet:-1","max-image-preview":"max-image-preview:large","max-video-preview":"max-video-preview:-1"},"og_locale":"fr_CA","og_type":"article","og_title":"Des Rivian d\u00e9clar\u00e9s pertes totales obtiennent une seconde vie en Ukraine - CanadaMotorJobs.com","og_description":"Des Rivian d\u00e9clar\u00e9s pertes totales obtiennent une seconde vie en Ukraine - Benoit Charette - Annuel automobile - CanadaMotorJobs.com.","og_url":"https:\/\/news.canadamotorjobs.com\/fr\/des-rivian-declares-pertes-totales-obtiennent-une-seconde-vie-en-ukraine\/","og_site_name":"CanadaMotorJobs.com","article_publisher":"https:\/\/www.facebook.com\/canadamotorjobs\/","article_published_time":"2024-10-03T19:24:27+00:00","article_modified_time":"2024-10-03T19:30:50+00:00","og_image":[{"width":1200,"height":800,"url":"https:\/\/news.canadamotorjobs.com\/wp-content\/uploads\/2024\/10\/rivian_r1t-17.jpeg","type":"image\/jpeg"}],"author":"Benoit Charette","twitter_card":"summary_large_image","twitter_creator":"@canadamotorjobs","twitter_site":"@canadamotorjobs","twitter_misc":{"\u00c9crit par":"Benoit Charette","Estimation du temps de lecture":"4 minutes"},"schema":{"@context":"https:\/\/schema.org","@graph":[{"@type":"Article","@id":"https:\/\/news.canadamotorjobs.com\/fr\/des-rivian-declares-pertes-totales-obtiennent-une-seconde-vie-en-ukraine\/#article","isPartOf":{"@id":"https:\/\/news.canadamotorjobs.com\/fr\/des-rivian-declares-pertes-totales-obtiennent-une-seconde-vie-en-ukraine\/"},"author":{"name":"Benoit Charette","@id":"https:\/\/news.canadamotorjobs.com\/#\/schema\/person\/51793d1f87d44011d7bcc2ed99269a90"},"headline":"Des Rivian d\u00e9clar\u00e9s pertes totales obtiennent une seconde vie en Ukraine","datePublished":"2024-10-03T19:24:27+00:00","dateModified":"2024-10-03T19:30:50+00:00","mainEntityOfPage":{"@id":"https:\/\/news.canadamotorjobs.com\/fr\/des-rivian-declares-pertes-totales-obtiennent-une-seconde-vie-en-ukraine\/"},"wordCount":771,"publisher":{"@id":"https:\/\/news.canadamotorjobs.com\/#organization"},"image":{"@id":"https:\/\/news.canadamotorjobs.com\/fr\/des-rivian-declares-pertes-totales-obtiennent-une-seconde-vie-en-ukraine\/#primaryimage"},"thumbnailUrl":"https:\/\/news.canadamotorjobs.com\/wp-content\/uploads\/2024\/10\/rivian_r1t-17.jpeg","articleSection":["Annuel automobile"],"inLanguage":"fr-CA"},{"@type":"WebPage","@id":"https:\/\/news.canadamotorjobs.com\/fr\/des-rivian-declares-pertes-totales-obtiennent-une-seconde-vie-en-ukraine\/","url":"https:\/\/news.canadamotorjobs.com\/fr\/des-rivian-declares-pertes-totales-obtiennent-une-seconde-vie-en-ukraine\/","name":"Des Rivian d\u00e9clar\u00e9s pertes totales obtiennent une seconde vie en Ukraine - CanadaMotorJobs.com","isPartOf":{"@id":"https:\/\/news.canadamotorjobs.com\/#website"},"primaryImageOfPage":{"@id":"https:\/\/news.canadamotorjobs.com\/fr\/des-rivian-declares-pertes-totales-obtiennent-une-seconde-vie-en-ukraine\/#primaryimage"},"image":{"@id":"https:\/\/news.canadamotorjobs.com\/fr\/des-rivian-declares-pertes-totales-obtiennent-une-seconde-vie-en-ukraine\/#primaryimage"},"thumbnailUrl":"https:\/\/news.canadamotorjobs.com\/wp-content\/uploads\/2024\/10\/rivian_r1t-17.jpeg","datePublished":"2024-10-03T19:24:27+00:00","dateModified":"2024-10-03T19:30:50+00:00","description":"Des Rivian d\u00e9clar\u00e9s pertes totales obtiennent une seconde vie en Ukraine - Benoit Charette - Annuel automobile - CanadaMotorJobs.com.","breadcrumb":{"@id":"https:\/\/news.canadamotorjobs.com\/fr\/des-rivian-declares-pertes-totales-obtiennent-une-seconde-vie-en-ukraine\/#breadcrumb"},"inLanguage":"fr-CA","potentialAction":[{"@type":"ReadAction","target":["https:\/\/news.canadamotorjobs.com\/fr\/des-rivian-declares-pertes-totales-obtiennent-une-seconde-vie-en-ukraine\/"]}]},{"@type":"ImageObject","inLanguage":"fr-CA","@id":"https:\/\/news.canadamotorjobs.com\/fr\/des-rivian-declares-pertes-totales-obtiennent-une-seconde-vie-en-ukraine\/#primaryimage","url":"https:\/\/news.canadamotorjobs.com\/wp-content\/uploads\/2024\/10\/rivian_r1t-17.jpeg","contentUrl":"https:\/\/news.canadamotorjobs.com\/wp-content\/uploads\/2024\/10\/rivian_r1t-17.jpeg","width":1200,"height":800},{"@type":"BreadcrumbList","@id":"https:\/\/news.canadamotorjobs.com\/fr\/des-rivian-declares-pertes-totales-obtiennent-une-seconde-vie-en-ukraine\/#breadcrumb","itemListElement":[{"@type":"ListItem","position":1,"name":"Home","item":"https:\/\/news.canadamotorjobs.com\/fr\/blog\/"},{"@type":"ListItem","position":2,"name":"Des Rivian d\u00e9clar\u00e9s pertes totales obtiennent une seconde vie en Ukraine"}]},{"@type":"WebSite","@id":"https:\/\/news.canadamotorjobs.com\/#website","url":"https:\/\/news.canadamotorjobs.com\/","name":"CanadaMotorJobs.com","description":"Automotive Jobs","publisher":{"@id":"https:\/\/news.canadamotorjobs.com\/#organization"},"potentialAction":[{"@type":"SearchAction","target":{"@type":"EntryPoint","urlTemplate":"https:\/\/news.canadamotorjobs.com\/?s={search_term_string}"},"query-input":"required name=search_term_string"}],"inLanguage":"fr-CA"},{"@type":"Organization","@id":"https:\/\/news.canadamotorjobs.com\/#organization","name":"Canada Motor Jobs","url":"https:\/\/news.canadamotorjobs.com\/","logo":{"@type":"ImageObject","inLanguage":"fr-CA","@id":"https:\/\/news.canadamotorjobs.com\/#\/schema\/logo\/image\/","url":"https:\/\/news.canadamotorjobs.com\/wp-content\/uploads\/2022\/10\/logo-canada-motor-jobs-1.png","contentUrl":"https:\/\/news.canadamotorjobs.com\/wp-content\/uploads\/2022\/10\/logo-canada-motor-jobs-1.png","width":800,"height":400,"caption":"Canada Motor Jobs"},"image":{"@id":"https:\/\/news.canadamotorjobs.com\/#\/schema\/logo\/image\/"},"sameAs":["https:\/\/www.facebook.com\/canadamotorjobs\/","https:\/\/x.com\/canadamotorjobs","https:\/\/www.instagram.com\/canadamotorjobs\/","https:\/\/www.linkedin.com\/company\/canadamotorjobs"]},{"@type":"Person","@id":"https:\/\/news.canadamotorjobs.com\/#\/schema\/person\/51793d1f87d44011d7bcc2ed99269a90","name":"Benoit Charette","image":{"@type":"ImageObject","inLanguage":"fr-CA","@id":"https:\/\/news.canadamotorjobs.com\/#\/schema\/person\/image\/","url":"https:\/\/secure.gravatar.com\/avatar\/45f3d2eebcccd909668d7ce7ea7267b6?s=96&d=mm&r=g","contentUrl":"https:\/\/secure.gravatar.com\/avatar\/45f3d2eebcccd909668d7ce7ea7267b6?s=96&d=mm&r=g","caption":"Benoit Charette"},"description":"Benoit Charette \/ Propri\u00e9taire et r\u00e9dacteur en chef Benoit Charette pratique le journalisme automobile depuis bient\u00f4t 30 ans. Il a fait ses classes au c\u00f4t\u00e9 de Daniel H\u00e9raud et au Carnet de route de 1992 \u00e0 2001. Il est fondateur, copropri\u00e9taire et r\u00e9dacteur en chef de L\u2019Annuel de l\u2019automobile, qu\u2019il publie depuis 2001. Il a anim\u00e9 les \u00e9missions RPM et RPM+ sur V et les L\u00e9gendes de la route sur Historia. \u00c0 la radio depuis 1986, il reprend l\u2019antenne cette ann\u00e9e sur les ondes de Cogeco et participe pour la deuxi\u00e8me ann\u00e9e \u00e0 l\u2019\u00e9mission Passion Auto sur RDS en plus de mettre en ligne le site Web officiel de L\u2019Annuel de l\u2019automobile sur annuelauto.ca.","sameAs":["https:\/\/annuelauto.ca\/"],"url":"https:\/\/news.canadamotorjobs.com\/fr\/author\/benoit-charette\/"}]}},"_links":{"self":[{"href":"https:\/\/news.canadamotorjobs.com\/fr\/wp-json\/wp\/v2\/posts\/175765"}],"collection":[{"href":"https:\/\/news.canadamotorjobs.com\/fr\/wp-json\/wp\/v2\/posts"}],"about":[{"href":"https:\/\/news.canadamotorjobs.com\/fr\/wp-json\/wp\/v2\/types\/post"}],"author":[{"embeddable":true,"href":"https:\/\/news.canadamotorjobs.com\/fr\/wp-json\/wp\/v2\/users\/8"}],"replies":[{"embeddable":true,"href":"https:\/\/news.canadamotorjobs.com\/fr\/wp-json\/wp\/v2\/comments?post=175765"}],"version-history":[{"count":3,"href":"https:\/\/news.canadamotorjobs.com\/fr\/wp-json\/wp\/v2\/posts\/175765\/revisions"}],"predecessor-version":[{"id":175792,"href":"https:\/\/news.canadamotorjobs.com\/fr\/wp-json\/wp\/v2\/posts\/175765\/revisions\/175792"}],"wp:featuredmedia":[{"embeddable":true,"href":"https:\/\/news.canadamotorjobs.com\/fr\/wp-json\/wp\/v2\/media\/175767"}],"wp:attachment":[{"href":"https:\/\/news.canadamotorjobs.com\/fr\/wp-json\/wp\/v2\/media?parent=175765"}],"wp:term":[{"taxonomy":"category","embeddable":true,"href":"https:\/\/news.canadamotorjobs.com\/fr\/wp-json\/wp\/v2\/categories?post=175765"},{"taxonomy":"post_tag","embeddable":true,"href":"https:\/\/news.canadamotorjobs.com\/fr\/wp-json\/wp\/v2\/tags?post=175765"}],"curies":[{"name":"wp","href":"https:\/\/api.w.org\/{rel}","templated":true}]}}