{"id":175709,"date":"2024-10-03T15:24:32","date_gmt":"2024-10-03T19:24:32","guid":{"rendered":"https:\/\/news.canadamotorjobs.com\/?p=175709"},"modified":"2024-10-03T15:30:28","modified_gmt":"2024-10-03T19:30:28","slug":"mercedes-amg-travaillerait-sur-une-exotique-electrique","status":"publish","type":"post","link":"https:\/\/news.canadamotorjobs.com\/fr\/mercedes-amg-travaillerait-sur-une-exotique-electrique\/","title":{"rendered":"Mercedes-AMG travaillerait sur une exotique \u00e9lectrique"},"content":{"rendered":"<\/p>\n<p>La division de performance de Mercedes-Benz, AMG, travaillerait sur le d\u00e9veloppement d\u2019une exotique tout \u00e9lectrique. Le mod\u00e8le serait lanc\u00e9 avant la fin de la pr\u00e9sente d\u00e9cennie, selon ce que rapporte le site Autocar.<\/p>\n<p>La publication indique que la super voiture serait inspir\u00e9e du concept Vision One-Eleven qui a \u00e9t\u00e9 pr\u00e9sent\u00e9 l\u2019ann\u00e9e derni\u00e8re. Ce mod\u00e8le avait \u00e9t\u00e9 construit en hommage \u00e0 la s\u00e9rie de d\u00e9monstrateurs technologiques C111 lanc\u00e9s \u00e0 la fin des ann\u00e9es 1960 et tout au long des ann\u00e9es 70.<\/p>\n<p>Le concept a \u00e9galement servi de vitrine aux moteurs \u00e0 flux axial d\u00e9velopp\u00e9s par YASA, un expert en moteurs \u00e9lectriques haute performance acquis par Mercedes en 2021. Les moteurs \u00e0 flux axial sont plus l\u00e9gers et plus petits que les moteurs \u00e0 flux radial conventionnels de m\u00eame puissance, mais leur fabrication est plus difficile, ce qui les rend beaucoup moins rentables.<\/p>\n<p>Mercedes pr\u00e9voit de construire des moteurs \u00e0 flux axial dans une usine de Berlin, la premi\u00e8re application \u00e9tant probablement une berline \u00e0 toit \u00e9lanc\u00e9 bas\u00e9 sur la nouvelle plateforme \u00e9lectrique AMG.EA d\u2019AMG, dont le lancement est pr\u00e9vu au cours des 12 prochains mois. Des prototypes de ce mod\u00e8le, qui sera le premier v\u00e9hicule \u00e9lectrique d\u2019AMG, ont \u00e9t\u00e9 aper\u00e7us \u00e0 l\u2019essai \u00e0 plusieurs reprises.<\/p>\n<p>L\u2019un des moteurs \u00e0 flux axial de YASA g\u00e9n\u00e8re une puissance de 489 chevaux, alors qu\u2019il ne p\u00e8se que 53 livres. Mercedes serait en train d\u2019\u00e9tudier plusieurs configurations, y compris \u00e0 trois ou \u00e0 quatre moteurs.<\/p>\n<p><\/p>\n<figure><img decoding=\"async\" src=\"https:\/\/news.canadamotorjobs.com\/wp-content\/uploads\/2024\/10\/mercedes-benz-vision-one-eleven-concept-002-5.jpg\" alt=\"Le concept Vision One-Eleven, de profil\" \/><figcaption>Le concept Vision One-Eleven, de profil | Auto123.com<\/figcaption><\/figure>\n<p>Le nerf de la guerre avec un mod\u00e8le de performance, c\u2019est le poids ; ce dernier doit \u00eatre r\u00e9duit au maximum. Avec des unit\u00e9s l\u00e9g\u00e8res, tout devient possible.<\/p>\n<p>Quant \u00e0 la super voiture pr\u00e9vue, elle devrait \u00e9galement utiliser la plateforme AMG.EA et, selon ce que rapporte le site Autocar, elle sera plus performance que la berline \u00e0 toit allong\u00e9, de m\u00eame que le prototype One d\u2019AMG.<\/p>\n<p>Cette voiture est d\u00e9tentrice du record au tour pour une voiture de s\u00e9rie au N\u00fcrburgring, avec un temps de 6:35.183, \u00e9tabli en 2022.<\/p>\n<p>Bien que Mercedes ait r\u00e9cemment annonc\u00e9 une perc\u00e9e dans le d\u00e9veloppement de batteries \u00e0 l\u2019\u00e9tat solide plut\u00f4t l\u00e9g\u00e8res et denses en \u00e9nergie, le site Autocar raconte que la super voiture pr\u00e9vue s\u2019en tiendrait \u00e0 des piles lithium-ion de type liquide.<\/p>\n<p>AMG a une grande exp\u00e9rience en mati\u00e8re d\u2019\u00e9nergie \u00e9lectrique. Elle a t\u00e2t\u00e9 le terrain pour la premi\u00e8re fois en 2014 avec la SLS AMG Electric Drive. \u00c0 l\u2019\u00e9poque, il s\u2019agissait du v\u00e9hicule \u00e9lectrique le plus rapide et le plus puissant du march\u00e9, gr\u00e2ce \u00e0 une prestation de 740 chevaux. Depuis, AMG a acquis davantage d\u2019exp\u00e9rience dans le cadre de son programme de F1, notamment dans les domaines de la d\u00e9charge et de la r\u00e9cup\u00e9ration d\u2019\u00e9nergie.<\/p>\n<p>Bref, tranquillement, Mercedes-AMG pr\u00e9pare le terrain pour un avenir tout \u00e9lectrique en mati\u00e8re de performance.<\/p>\n<p><\/p>\n<p style=\"padding-top: 15px\">Contenu original de <a href=\"https:\/\/www.auto123.com\/fr\/actualites\/mercedes-benz-amg-exotique-electrique\/71900\/\">auto123<\/a>.<\/p>\n<p>Le texte <a rel=\"nofollow\" href=\"https:\/\/annuelauto.ca\/mercedes-amg-travaillerait-sur-une-exotique-electrique\/\">Mercedes-AMG travaillerait sur une exotique \u00e9lectrique<\/a> provient de <a rel=\"nofollow\" href=\"https:\/\/annuelauto.ca\">L&#8217;annuel de l&#8217;automobile &#8211; Actualit\u00e9 automobile<\/a><\/p>\n<p><\/p>\n","protected":false},"excerpt":{"rendered":"<p>La division de performance de Mercedes-Benz, AMG, travaillerait sur le d\u00e9veloppement d\u2019une exotique tout \u00e9lectrique. Le mod\u00e8le serait lanc\u00e9 avant la fin de la pr\u00e9sente d\u00e9cennie, selon ce que rapporte le site Autocar. La publication indique que la super voiture serait inspir\u00e9e du concept Vision One-Eleven qui a \u00e9t\u00e9 pr\u00e9sent\u00e9 l\u2019ann\u00e9e derni\u00e8re. Ce mod\u00e8le avait [&hellip;]<\/p>\n","protected":false},"author":8,"featured_media":175711,"comment_status":"close","ping_status":"closed","sticky":false,"template":"","format":"standard","meta":{"_monsterinsights_skip_tracking":false,"_monsterinsights_sitenote_active":false,"_monsterinsights_sitenote_note":"","_monsterinsights_sitenote_category":0,"footnotes":""},"categories":[101],"tags":[],"yoast_head":"<!-- This site is optimized with the Yoast SEO plugin v23.2 - https:\/\/yoast.com\/wordpress\/plugins\/seo\/ -->\n<title>Mercedes-AMG travaillerait sur une exotique \u00e9lectrique - CanadaMotorJobs.com<\/title>\n<meta name=\"description\" content=\"Mercedes-AMG travaillerait sur une exotique \u00e9lectrique - Benoit Charette - Annuel automobile - CanadaMotorJobs.com.\" \/>\n<meta name=\"robots\" content=\"index, follow, max-snippet:-1, max-image-preview:large, max-video-preview:-1\" \/>\n<meta property=\"og:locale\" content=\"fr_CA\" \/>\n<meta property=\"og:type\" content=\"article\" \/>\n<meta property=\"og:title\" content=\"Mercedes-AMG travaillerait sur une exotique \u00e9lectrique - CanadaMotorJobs.com\" \/>\n<meta property=\"og:description\" content=\"Mercedes-AMG travaillerait sur une exotique \u00e9lectrique - Benoit Charette - Annuel automobile - CanadaMotorJobs.com.\" \/>\n<meta property=\"og:url\" content=\"https:\/\/news.canadamotorjobs.com\/fr\/mercedes-amg-travaillerait-sur-une-exotique-electrique\/\" \/>\n<meta property=\"og:site_name\" content=\"CanadaMotorJobs.com\" \/>\n<meta property=\"article:publisher\" content=\"https:\/\/www.facebook.com\/canadamotorjobs\/\" \/>\n<meta property=\"article:published_time\" content=\"2024-10-03T19:24:32+00:00\" \/>\n<meta property=\"article:modified_time\" content=\"2024-10-03T19:30:28+00:00\" \/>\n<meta property=\"og:image\" content=\"https:\/\/news.canadamotorjobs.com\/wp-content\/uploads\/2024\/10\/mercedes-benz-vision-one-eleven-concept-002.jpg\" \/>\n\t<meta property=\"og:image:width\" content=\"1200\" \/>\n\t<meta property=\"og:image:height\" content=\"800\" \/>\n\t<meta property=\"og:image:type\" content=\"image\/jpeg\" \/>\n<meta name=\"author\" content=\"Benoit Charette\" \/>\n<meta name=\"twitter:card\" content=\"summary_large_image\" \/>\n<meta name=\"twitter:creator\" content=\"@canadamotorjobs\" \/>\n<meta name=\"twitter:site\" content=\"@canadamotorjobs\" \/>\n<meta name=\"twitter:label1\" content=\"\u00c9crit par\" \/>\n\t<meta name=\"twitter:data1\" content=\"Benoit Charette\" \/>\n\t<meta name=\"twitter:label2\" content=\"Estimation du temps de lecture\" \/>\n\t<meta name=\"twitter:data2\" content=\"3 minutes\" \/>\n<!-- \/ Yoast SEO plugin. -->","yoast_head_json":{"title":"Mercedes-AMG travaillerait sur une exotique \u00e9lectrique - CanadaMotorJobs.com","description":"Mercedes-AMG travaillerait sur une exotique \u00e9lectrique - Benoit Charette - Annuel automobile - CanadaMotorJobs.com.","robots":{"index":"index","follow":"follow","max-snippet":"max-snippet:-1","max-image-preview":"max-image-preview:large","max-video-preview":"max-video-preview:-1"},"og_locale":"fr_CA","og_type":"article","og_title":"Mercedes-AMG travaillerait sur une exotique \u00e9lectrique - CanadaMotorJobs.com","og_description":"Mercedes-AMG travaillerait sur une exotique \u00e9lectrique - Benoit Charette - Annuel automobile - CanadaMotorJobs.com.","og_url":"https:\/\/news.canadamotorjobs.com\/fr\/mercedes-amg-travaillerait-sur-une-exotique-electrique\/","og_site_name":"CanadaMotorJobs.com","article_publisher":"https:\/\/www.facebook.com\/canadamotorjobs\/","article_published_time":"2024-10-03T19:24:32+00:00","article_modified_time":"2024-10-03T19:30:28+00:00","og_image":[{"width":1200,"height":800,"url":"https:\/\/news.canadamotorjobs.com\/wp-content\/uploads\/2024\/10\/mercedes-benz-vision-one-eleven-concept-002.jpg","type":"image\/jpeg"}],"author":"Benoit Charette","twitter_card":"summary_large_image","twitter_creator":"@canadamotorjobs","twitter_site":"@canadamotorjobs","twitter_misc":{"\u00c9crit par":"Benoit Charette","Estimation du temps de lecture":"3 minutes"},"schema":{"@context":"https:\/\/schema.org","@graph":[{"@type":"Article","@id":"https:\/\/news.canadamotorjobs.com\/fr\/mercedes-amg-travaillerait-sur-une-exotique-electrique\/#article","isPartOf":{"@id":"https:\/\/news.canadamotorjobs.com\/fr\/mercedes-amg-travaillerait-sur-une-exotique-electrique\/"},"author":{"name":"Benoit Charette","@id":"https:\/\/news.canadamotorjobs.com\/#\/schema\/person\/51793d1f87d44011d7bcc2ed99269a90"},"headline":"Mercedes-AMG travaillerait sur une exotique \u00e9lectrique","datePublished":"2024-10-03T19:24:32+00:00","dateModified":"2024-10-03T19:30:28+00:00","mainEntityOfPage":{"@id":"https:\/\/news.canadamotorjobs.com\/fr\/mercedes-amg-travaillerait-sur-une-exotique-electrique\/"},"wordCount":541,"publisher":{"@id":"https:\/\/news.canadamotorjobs.com\/#organization"},"image":{"@id":"https:\/\/news.canadamotorjobs.com\/fr\/mercedes-amg-travaillerait-sur-une-exotique-electrique\/#primaryimage"},"thumbnailUrl":"https:\/\/news.canadamotorjobs.com\/wp-content\/uploads\/2024\/10\/mercedes-benz-vision-one-eleven-concept-002.jpg","articleSection":["Annuel automobile"],"inLanguage":"fr-CA"},{"@type":"WebPage","@id":"https:\/\/news.canadamotorjobs.com\/fr\/mercedes-amg-travaillerait-sur-une-exotique-electrique\/","url":"https:\/\/news.canadamotorjobs.com\/fr\/mercedes-amg-travaillerait-sur-une-exotique-electrique\/","name":"Mercedes-AMG travaillerait sur une exotique \u00e9lectrique - CanadaMotorJobs.com","isPartOf":{"@id":"https:\/\/news.canadamotorjobs.com\/#website"},"primaryImageOfPage":{"@id":"https:\/\/news.canadamotorjobs.com\/fr\/mercedes-amg-travaillerait-sur-une-exotique-electrique\/#primaryimage"},"image":{"@id":"https:\/\/news.canadamotorjobs.com\/fr\/mercedes-amg-travaillerait-sur-une-exotique-electrique\/#primaryimage"},"thumbnailUrl":"https:\/\/news.canadamotorjobs.com\/wp-content\/uploads\/2024\/10\/mercedes-benz-vision-one-eleven-concept-002.jpg","datePublished":"2024-10-03T19:24:32+00:00","dateModified":"2024-10-03T19:30:28+00:00","description":"Mercedes-AMG travaillerait sur une exotique \u00e9lectrique - Benoit Charette - Annuel automobile - CanadaMotorJobs.com.","breadcrumb":{"@id":"https:\/\/news.canadamotorjobs.com\/fr\/mercedes-amg-travaillerait-sur-une-exotique-electrique\/#breadcrumb"},"inLanguage":"fr-CA","potentialAction":[{"@type":"ReadAction","target":["https:\/\/news.canadamotorjobs.com\/fr\/mercedes-amg-travaillerait-sur-une-exotique-electrique\/"]}]},{"@type":"ImageObject","inLanguage":"fr-CA","@id":"https:\/\/news.canadamotorjobs.com\/fr\/mercedes-amg-travaillerait-sur-une-exotique-electrique\/#primaryimage","url":"https:\/\/news.canadamotorjobs.com\/wp-content\/uploads\/2024\/10\/mercedes-benz-vision-one-eleven-concept-002.jpg","contentUrl":"https:\/\/news.canadamotorjobs.com\/wp-content\/uploads\/2024\/10\/mercedes-benz-vision-one-eleven-concept-002.jpg","width":1200,"height":800},{"@type":"BreadcrumbList","@id":"https:\/\/news.canadamotorjobs.com\/fr\/mercedes-amg-travaillerait-sur-une-exotique-electrique\/#breadcrumb","itemListElement":[{"@type":"ListItem","position":1,"name":"Home","item":"https:\/\/news.canadamotorjobs.com\/fr\/blog\/"},{"@type":"ListItem","position":2,"name":"Mercedes-AMG travaillerait sur une exotique \u00e9lectrique"}]},{"@type":"WebSite","@id":"https:\/\/news.canadamotorjobs.com\/#website","url":"https:\/\/news.canadamotorjobs.com\/","name":"CanadaMotorJobs.com","description":"Automotive Jobs","publisher":{"@id":"https:\/\/news.canadamotorjobs.com\/#organization"},"potentialAction":[{"@type":"SearchAction","target":{"@type":"EntryPoint","urlTemplate":"https:\/\/news.canadamotorjobs.com\/?s={search_term_string}"},"query-input":"required name=search_term_string"}],"inLanguage":"fr-CA"},{"@type":"Organization","@id":"https:\/\/news.canadamotorjobs.com\/#organization","name":"Canada Motor Jobs","url":"https:\/\/news.canadamotorjobs.com\/","logo":{"@type":"ImageObject","inLanguage":"fr-CA","@id":"https:\/\/news.canadamotorjobs.com\/#\/schema\/logo\/image\/","url":"https:\/\/news.canadamotorjobs.com\/wp-content\/uploads\/2022\/10\/logo-canada-motor-jobs-1.png","contentUrl":"https:\/\/news.canadamotorjobs.com\/wp-content\/uploads\/2022\/10\/logo-canada-motor-jobs-1.png","width":800,"height":400,"caption":"Canada Motor Jobs"},"image":{"@id":"https:\/\/news.canadamotorjobs.com\/#\/schema\/logo\/image\/"},"sameAs":["https:\/\/www.facebook.com\/canadamotorjobs\/","https:\/\/x.com\/canadamotorjobs","https:\/\/www.instagram.com\/canadamotorjobs\/","https:\/\/www.linkedin.com\/company\/canadamotorjobs"]},{"@type":"Person","@id":"https:\/\/news.canadamotorjobs.com\/#\/schema\/person\/51793d1f87d44011d7bcc2ed99269a90","name":"Benoit Charette","image":{"@type":"ImageObject","inLanguage":"fr-CA","@id":"https:\/\/news.canadamotorjobs.com\/#\/schema\/person\/image\/","url":"https:\/\/secure.gravatar.com\/avatar\/45f3d2eebcccd909668d7ce7ea7267b6?s=96&d=mm&r=g","contentUrl":"https:\/\/secure.gravatar.com\/avatar\/45f3d2eebcccd909668d7ce7ea7267b6?s=96&d=mm&r=g","caption":"Benoit Charette"},"description":"Benoit Charette \/ Propri\u00e9taire et r\u00e9dacteur en chef Benoit Charette pratique le journalisme automobile depuis bient\u00f4t 30 ans. Il a fait ses classes au c\u00f4t\u00e9 de Daniel H\u00e9raud et au Carnet de route de 1992 \u00e0 2001. Il est fondateur, copropri\u00e9taire et r\u00e9dacteur en chef de L\u2019Annuel de l\u2019automobile, qu\u2019il publie depuis 2001. Il a anim\u00e9 les \u00e9missions RPM et RPM+ sur V et les L\u00e9gendes de la route sur Historia. \u00c0 la radio depuis 1986, il reprend l\u2019antenne cette ann\u00e9e sur les ondes de Cogeco et participe pour la deuxi\u00e8me ann\u00e9e \u00e0 l\u2019\u00e9mission Passion Auto sur RDS en plus de mettre en ligne le site Web officiel de L\u2019Annuel de l\u2019automobile sur annuelauto.ca.","sameAs":["https:\/\/annuelauto.ca\/"],"url":"https:\/\/news.canadamotorjobs.com\/fr\/author\/benoit-charette\/"}]}},"_links":{"self":[{"href":"https:\/\/news.canadamotorjobs.com\/fr\/wp-json\/wp\/v2\/posts\/175709"}],"collection":[{"href":"https:\/\/news.canadamotorjobs.com\/fr\/wp-json\/wp\/v2\/posts"}],"about":[{"href":"https:\/\/news.canadamotorjobs.com\/fr\/wp-json\/wp\/v2\/types\/post"}],"author":[{"embeddable":true,"href":"https:\/\/news.canadamotorjobs.com\/fr\/wp-json\/wp\/v2\/users\/8"}],"replies":[{"embeddable":true,"href":"https:\/\/news.canadamotorjobs.com\/fr\/wp-json\/wp\/v2\/comments?post=175709"}],"version-history":[{"count":3,"href":"https:\/\/news.canadamotorjobs.com\/fr\/wp-json\/wp\/v2\/posts\/175709\/revisions"}],"predecessor-version":[{"id":175736,"href":"https:\/\/news.canadamotorjobs.com\/fr\/wp-json\/wp\/v2\/posts\/175709\/revisions\/175736"}],"wp:featuredmedia":[{"embeddable":true,"href":"https:\/\/news.canadamotorjobs.com\/fr\/wp-json\/wp\/v2\/media\/175711"}],"wp:attachment":[{"href":"https:\/\/news.canadamotorjobs.com\/fr\/wp-json\/wp\/v2\/media?parent=175709"}],"wp:term":[{"taxonomy":"category","embeddable":true,"href":"https:\/\/news.canadamotorjobs.com\/fr\/wp-json\/wp\/v2\/categories?post=175709"},{"taxonomy":"post_tag","embeddable":true,"href":"https:\/\/news.canadamotorjobs.com\/fr\/wp-json\/wp\/v2\/tags?post=175709"}],"curies":[{"name":"wp","href":"https:\/\/api.w.org\/{rel}","templated":true}]}}