{"id":175681,"date":"2024-10-03T15:24:33","date_gmt":"2024-10-03T19:24:33","guid":{"rendered":"https:\/\/news.canadamotorjobs.com\/?p=175681"},"modified":"2024-10-03T15:30:17","modified_gmt":"2024-10-03T19:30:17","slug":"sa-concession-perd-672-vehicules-en-raison-de-louragan-helene","status":"publish","type":"post","link":"https:\/\/news.canadamotorjobs.com\/fr\/sa-concession-perd-672-vehicules-en-raison-de-louragan-helene\/","title":{"rendered":"Sa concession perd 672 v\u00e9hicules en raison de l\u2019Ouragan Helene"},"content":{"rendered":"<\/p>\n<p>Chaque fois qu\u2019une inondation ou une catastrophe naturelle impliquant de l\u2019eau se produit, il faut toujours faire attention comme consommateur, car certains mod\u00e8les finissent parfois par se retrouver sur le march\u00e9.<\/p>\n<p>\u00c7a risque moins d\u2019\u00eatre le cas avec l\u2019ouragan <em>Helene<\/em>, car sa violence a souvent laiss\u00e9 des traces importantes sur les v\u00e9hicules qu\u2019elle a touch\u00e9es, les rendant inutilisables.<\/p>\n<p>C\u2019est ce qui s\u2019est produit \u00e0 la concession Kia de Ken Ganley, qui est situ\u00e9 \u00e0 New Port Richey, en Floride. C\u2019est simple, elle a tout balay\u00e9 sur son passage, d\u00e9truisant totalement ou partiellement 672 v\u00e9hicules qui se trouvaient sur les terrains de l\u2019entreprise. En tout, ce sont 660 mod\u00e8les neufs ou d\u2019occasion qui ont subi les foudres de m\u00e8re nature, en plus de 12 mod\u00e8les appartenant \u00e0 des clients et qui \u00e9taient \u00e0 l\u2019atelier de r\u00e9paration.<\/p>\n<p>En entrevue avec Automotive News, Ken Ganley a estim\u00e9 que la valeur totale des v\u00e9hicules qui ont \u00e9t\u00e9 inond\u00e9s et d\u00e9truits se situe entre 28 et 30 millions (en devises am\u00e9ricaines). Sa franchise d\u2019assurance \u00e9tant de 5000 $ par v\u00e9hicule, c\u2019est 3,5 millions qu\u2019il devra payer pour r\u00e9cup\u00e9rer ses pertes.<\/p>\n<p>Parmi les v\u00e9hicules d\u00e9truits, certains ont pris feu et d\u2019autres ont vu leurs coussins gonflables se d\u00e9ployer.<\/p>\n<p><\/p>\n<figure><img decoding=\"async\" src=\"https:\/\/news.canadamotorjobs.com\/wp-content\/uploads\/2024\/10\/Ken_Ganley_Kia_New_Port_Richey_in_Florida-5.jpg\" alt=\"Le concessionnaire de Ken Ganley, lors de l&#039;ouragan Helene\" \/><figcaption>Le concessionnaire de Ken Ganley, lors de l&#8217;ouragan Helene | Auto123.com<\/figcaption><\/figure>\n<p>Ken Ganley a appris au petit matin du 27 septembre que sa concession Kia n\u2019avait plus d\u2019\u00e9lectricit\u00e9, et qu\u2019il y avait jusqu\u2019\u00e0 deux m\u00e8tres d\u2019eau \u00e0 certains endroits. Son stock \u00e9tait alors s\u00e9rieusement menac\u00e9. Finalement, les seuls v\u00e9hicules qu\u2019il a pu r\u00e9cup\u00e9rer sont ceux qui ont \u00e9t\u00e9 conduits \u00e0 l\u2019ext\u00e9rieur par les employ\u00e9s.<\/p>\n<p>Incroyablement, apr\u00e8s le retour de l\u2019\u00e9lectricit\u00e9 le 28 septembre, le d\u00e9positaire a ouvert ses portes le 29 alors que les travaux de nettoyage battaient leur plein.<\/p>\n<p>Tout est \u00e0 reb\u00e2tir, cependant. L\u2019homme d\u2019affaires a quand m\u00eame tenu \u00e0 souligner que malgr\u00e9 les pertes mat\u00e9rielles, du positif est ressorti de l\u2019exp\u00e9rience sur le plan humain. Le soutien de tous a \u00e9t\u00e9 not\u00e9, y compris les membres de l\u2019association des concessionnaires automobiles de Floride, qui ont propos\u00e9 d\u2019aider les employ\u00e9s de la concession.<\/p>\n<p>Le fournisseur de produits financiers et d\u2019assurance JM&amp;A Group a offert gratuitement des g\u00e9n\u00e9rateurs pour alimenter l\u2019\u00e9difice principal en \u00e9lectricit\u00e9, et les dirigeants de Kia ont \u00e9t\u00e9 parmi les premiers et les plus nombreux \u00e0 se manifester.<\/p>\n<p>\u00ab Kia a \u00e9t\u00e9 incroyable tout au long de l\u2019op\u00e9ration. Ils ont imm\u00e9diatement mis des voitures \u00e0 notre disposition \u00bb, a-t-il d\u00e9clar\u00e9.<\/p>\n<p>De fait, Kia a envoy\u00e9 une quinzaine de nouveaux v\u00e9hicules d\u00e8s le lendemain, a pr\u00e9cis\u00e9 Ken Ganley, ajoutant que 300 \u00e0 400 autres \u00e9taient attendus bient\u00f4t. Des mod\u00e8les d\u2019occasion provenant de ses autres concessionnaires prendront \u00e9galement la direction de la Floride.<\/p>\n<p>Une histoire parmi tant d\u2019autres trac\u00e9e dans le sillon de l\u2019ouragan <em>Helene<\/em>.<\/p>\n<p><\/p>\n<p style=\"padding-top: 15px\">Contenu original de <a href=\"https:\/\/www.auto123.com\/fr\/actualites\/helene-ouragan-672-v\u00e9hicules-concession-kia\/71899\/\">auto123<\/a>.<\/p>\n<p>Le texte <a rel=\"nofollow\" href=\"https:\/\/annuelauto.ca\/sa-concession-perd-672-vehicules-en-raison-de-louragan-helene\/\">Sa concession perd 672 v\u00e9hicules en raison de l\u2019Ouragan Helene<\/a> provient de <a rel=\"nofollow\" href=\"https:\/\/annuelauto.ca\">L&#8217;annuel de l&#8217;automobile &#8211; Actualit\u00e9 automobile<\/a><\/p>\n<p><\/p>\n","protected":false},"excerpt":{"rendered":"<p>Chaque fois qu\u2019une inondation ou une catastrophe naturelle impliquant de l\u2019eau se produit, il faut toujours faire attention comme consommateur, car certains mod\u00e8les finissent parfois par se retrouver sur le march\u00e9. \u00c7a risque moins d\u2019\u00eatre le cas avec l\u2019ouragan Helene, car sa violence a souvent laiss\u00e9 des traces importantes sur les v\u00e9hicules qu\u2019elle a touch\u00e9es, [&hellip;]<\/p>\n","protected":false},"author":8,"featured_media":175683,"comment_status":"close","ping_status":"closed","sticky":false,"template":"","format":"standard","meta":{"_monsterinsights_skip_tracking":false,"_monsterinsights_sitenote_active":false,"_monsterinsights_sitenote_note":"","_monsterinsights_sitenote_category":0,"footnotes":""},"categories":[101],"tags":[],"yoast_head":"<!-- This site is optimized with the Yoast SEO plugin v23.2 - https:\/\/yoast.com\/wordpress\/plugins\/seo\/ -->\n<title>Sa concession perd 672 v\u00e9hicules en raison de l\u2019Ouragan Helene - CanadaMotorJobs.com<\/title>\n<meta name=\"description\" content=\"Sa concession perd 672 v\u00e9hicules en raison de l\u2019Ouragan Helene - Benoit Charette - Annuel automobile - CanadaMotorJobs.com.\" \/>\n<meta name=\"robots\" content=\"index, follow, max-snippet:-1, max-image-preview:large, max-video-preview:-1\" \/>\n<meta property=\"og:locale\" content=\"fr_CA\" \/>\n<meta property=\"og:type\" content=\"article\" \/>\n<meta property=\"og:title\" content=\"Sa concession perd 672 v\u00e9hicules en raison de l\u2019Ouragan Helene - CanadaMotorJobs.com\" \/>\n<meta property=\"og:description\" content=\"Sa concession perd 672 v\u00e9hicules en raison de l\u2019Ouragan Helene - Benoit Charette - Annuel automobile - CanadaMotorJobs.com.\" \/>\n<meta property=\"og:url\" content=\"https:\/\/news.canadamotorjobs.com\/fr\/sa-concession-perd-672-vehicules-en-raison-de-louragan-helene\/\" \/>\n<meta property=\"og:site_name\" content=\"CanadaMotorJobs.com\" \/>\n<meta property=\"article:publisher\" content=\"https:\/\/www.facebook.com\/canadamotorjobs\/\" \/>\n<meta property=\"article:published_time\" content=\"2024-10-03T19:24:33+00:00\" \/>\n<meta property=\"article:modified_time\" content=\"2024-10-03T19:30:17+00:00\" \/>\n<meta property=\"og:image\" content=\"https:\/\/news.canadamotorjobs.com\/wp-content\/uploads\/2024\/10\/Ken_Ganley_Kia_New_Port_Richey_in_Florida.jpg\" \/>\n\t<meta property=\"og:image:width\" content=\"1200\" \/>\n\t<meta property=\"og:image:height\" content=\"584\" \/>\n\t<meta property=\"og:image:type\" content=\"image\/jpeg\" \/>\n<meta name=\"author\" content=\"Benoit Charette\" \/>\n<meta name=\"twitter:card\" content=\"summary_large_image\" \/>\n<meta name=\"twitter:creator\" content=\"@canadamotorjobs\" \/>\n<meta name=\"twitter:site\" content=\"@canadamotorjobs\" \/>\n<meta name=\"twitter:label1\" content=\"\u00c9crit par\" \/>\n\t<meta name=\"twitter:data1\" content=\"Benoit Charette\" \/>\n\t<meta name=\"twitter:label2\" content=\"Estimation du temps de lecture\" \/>\n\t<meta name=\"twitter:data2\" content=\"3 minutes\" \/>\n<!-- \/ Yoast SEO plugin. -->","yoast_head_json":{"title":"Sa concession perd 672 v\u00e9hicules en raison de l\u2019Ouragan Helene - CanadaMotorJobs.com","description":"Sa concession perd 672 v\u00e9hicules en raison de l\u2019Ouragan Helene - Benoit Charette - Annuel automobile - CanadaMotorJobs.com.","robots":{"index":"index","follow":"follow","max-snippet":"max-snippet:-1","max-image-preview":"max-image-preview:large","max-video-preview":"max-video-preview:-1"},"og_locale":"fr_CA","og_type":"article","og_title":"Sa concession perd 672 v\u00e9hicules en raison de l\u2019Ouragan Helene - CanadaMotorJobs.com","og_description":"Sa concession perd 672 v\u00e9hicules en raison de l\u2019Ouragan Helene - Benoit Charette - Annuel automobile - CanadaMotorJobs.com.","og_url":"https:\/\/news.canadamotorjobs.com\/fr\/sa-concession-perd-672-vehicules-en-raison-de-louragan-helene\/","og_site_name":"CanadaMotorJobs.com","article_publisher":"https:\/\/www.facebook.com\/canadamotorjobs\/","article_published_time":"2024-10-03T19:24:33+00:00","article_modified_time":"2024-10-03T19:30:17+00:00","og_image":[{"width":1200,"height":584,"url":"https:\/\/news.canadamotorjobs.com\/wp-content\/uploads\/2024\/10\/Ken_Ganley_Kia_New_Port_Richey_in_Florida.jpg","type":"image\/jpeg"}],"author":"Benoit Charette","twitter_card":"summary_large_image","twitter_creator":"@canadamotorjobs","twitter_site":"@canadamotorjobs","twitter_misc":{"\u00c9crit par":"Benoit Charette","Estimation du temps de lecture":"3 minutes"},"schema":{"@context":"https:\/\/schema.org","@graph":[{"@type":"Article","@id":"https:\/\/news.canadamotorjobs.com\/fr\/sa-concession-perd-672-vehicules-en-raison-de-louragan-helene\/#article","isPartOf":{"@id":"https:\/\/news.canadamotorjobs.com\/fr\/sa-concession-perd-672-vehicules-en-raison-de-louragan-helene\/"},"author":{"name":"Benoit Charette","@id":"https:\/\/news.canadamotorjobs.com\/#\/schema\/person\/51793d1f87d44011d7bcc2ed99269a90"},"headline":"Sa concession perd 672 v\u00e9hicules en raison de l\u2019Ouragan Helene","datePublished":"2024-10-03T19:24:33+00:00","dateModified":"2024-10-03T19:30:17+00:00","mainEntityOfPage":{"@id":"https:\/\/news.canadamotorjobs.com\/fr\/sa-concession-perd-672-vehicules-en-raison-de-louragan-helene\/"},"wordCount":551,"publisher":{"@id":"https:\/\/news.canadamotorjobs.com\/#organization"},"image":{"@id":"https:\/\/news.canadamotorjobs.com\/fr\/sa-concession-perd-672-vehicules-en-raison-de-louragan-helene\/#primaryimage"},"thumbnailUrl":"https:\/\/news.canadamotorjobs.com\/wp-content\/uploads\/2024\/10\/Ken_Ganley_Kia_New_Port_Richey_in_Florida.jpg","articleSection":["Annuel automobile"],"inLanguage":"fr-CA"},{"@type":"WebPage","@id":"https:\/\/news.canadamotorjobs.com\/fr\/sa-concession-perd-672-vehicules-en-raison-de-louragan-helene\/","url":"https:\/\/news.canadamotorjobs.com\/fr\/sa-concession-perd-672-vehicules-en-raison-de-louragan-helene\/","name":"Sa concession perd 672 v\u00e9hicules en raison de l\u2019Ouragan Helene - CanadaMotorJobs.com","isPartOf":{"@id":"https:\/\/news.canadamotorjobs.com\/#website"},"primaryImageOfPage":{"@id":"https:\/\/news.canadamotorjobs.com\/fr\/sa-concession-perd-672-vehicules-en-raison-de-louragan-helene\/#primaryimage"},"image":{"@id":"https:\/\/news.canadamotorjobs.com\/fr\/sa-concession-perd-672-vehicules-en-raison-de-louragan-helene\/#primaryimage"},"thumbnailUrl":"https:\/\/news.canadamotorjobs.com\/wp-content\/uploads\/2024\/10\/Ken_Ganley_Kia_New_Port_Richey_in_Florida.jpg","datePublished":"2024-10-03T19:24:33+00:00","dateModified":"2024-10-03T19:30:17+00:00","description":"Sa concession perd 672 v\u00e9hicules en raison de l\u2019Ouragan Helene - Benoit Charette - Annuel automobile - CanadaMotorJobs.com.","breadcrumb":{"@id":"https:\/\/news.canadamotorjobs.com\/fr\/sa-concession-perd-672-vehicules-en-raison-de-louragan-helene\/#breadcrumb"},"inLanguage":"fr-CA","potentialAction":[{"@type":"ReadAction","target":["https:\/\/news.canadamotorjobs.com\/fr\/sa-concession-perd-672-vehicules-en-raison-de-louragan-helene\/"]}]},{"@type":"ImageObject","inLanguage":"fr-CA","@id":"https:\/\/news.canadamotorjobs.com\/fr\/sa-concession-perd-672-vehicules-en-raison-de-louragan-helene\/#primaryimage","url":"https:\/\/news.canadamotorjobs.com\/wp-content\/uploads\/2024\/10\/Ken_Ganley_Kia_New_Port_Richey_in_Florida.jpg","contentUrl":"https:\/\/news.canadamotorjobs.com\/wp-content\/uploads\/2024\/10\/Ken_Ganley_Kia_New_Port_Richey_in_Florida.jpg","width":1200,"height":584},{"@type":"BreadcrumbList","@id":"https:\/\/news.canadamotorjobs.com\/fr\/sa-concession-perd-672-vehicules-en-raison-de-louragan-helene\/#breadcrumb","itemListElement":[{"@type":"ListItem","position":1,"name":"Home","item":"https:\/\/news.canadamotorjobs.com\/fr\/blog\/"},{"@type":"ListItem","position":2,"name":"Sa concession perd 672 v\u00e9hicules en raison de l\u2019Ouragan Helene"}]},{"@type":"WebSite","@id":"https:\/\/news.canadamotorjobs.com\/#website","url":"https:\/\/news.canadamotorjobs.com\/","name":"CanadaMotorJobs.com","description":"Automotive Jobs","publisher":{"@id":"https:\/\/news.canadamotorjobs.com\/#organization"},"potentialAction":[{"@type":"SearchAction","target":{"@type":"EntryPoint","urlTemplate":"https:\/\/news.canadamotorjobs.com\/?s={search_term_string}"},"query-input":"required name=search_term_string"}],"inLanguage":"fr-CA"},{"@type":"Organization","@id":"https:\/\/news.canadamotorjobs.com\/#organization","name":"Canada Motor Jobs","url":"https:\/\/news.canadamotorjobs.com\/","logo":{"@type":"ImageObject","inLanguage":"fr-CA","@id":"https:\/\/news.canadamotorjobs.com\/#\/schema\/logo\/image\/","url":"https:\/\/news.canadamotorjobs.com\/wp-content\/uploads\/2022\/10\/logo-canada-motor-jobs-1.png","contentUrl":"https:\/\/news.canadamotorjobs.com\/wp-content\/uploads\/2022\/10\/logo-canada-motor-jobs-1.png","width":800,"height":400,"caption":"Canada Motor Jobs"},"image":{"@id":"https:\/\/news.canadamotorjobs.com\/#\/schema\/logo\/image\/"},"sameAs":["https:\/\/www.facebook.com\/canadamotorjobs\/","https:\/\/x.com\/canadamotorjobs","https:\/\/www.instagram.com\/canadamotorjobs\/","https:\/\/www.linkedin.com\/company\/canadamotorjobs"]},{"@type":"Person","@id":"https:\/\/news.canadamotorjobs.com\/#\/schema\/person\/51793d1f87d44011d7bcc2ed99269a90","name":"Benoit Charette","image":{"@type":"ImageObject","inLanguage":"fr-CA","@id":"https:\/\/news.canadamotorjobs.com\/#\/schema\/person\/image\/","url":"https:\/\/secure.gravatar.com\/avatar\/45f3d2eebcccd909668d7ce7ea7267b6?s=96&d=mm&r=g","contentUrl":"https:\/\/secure.gravatar.com\/avatar\/45f3d2eebcccd909668d7ce7ea7267b6?s=96&d=mm&r=g","caption":"Benoit Charette"},"description":"Benoit Charette \/ Propri\u00e9taire et r\u00e9dacteur en chef Benoit Charette pratique le journalisme automobile depuis bient\u00f4t 30 ans. Il a fait ses classes au c\u00f4t\u00e9 de Daniel H\u00e9raud et au Carnet de route de 1992 \u00e0 2001. Il est fondateur, copropri\u00e9taire et r\u00e9dacteur en chef de L\u2019Annuel de l\u2019automobile, qu\u2019il publie depuis 2001. Il a anim\u00e9 les \u00e9missions RPM et RPM+ sur V et les L\u00e9gendes de la route sur Historia. \u00c0 la radio depuis 1986, il reprend l\u2019antenne cette ann\u00e9e sur les ondes de Cogeco et participe pour la deuxi\u00e8me ann\u00e9e \u00e0 l\u2019\u00e9mission Passion Auto sur RDS en plus de mettre en ligne le site Web officiel de L\u2019Annuel de l\u2019automobile sur annuelauto.ca.","sameAs":["https:\/\/annuelauto.ca\/"],"url":"https:\/\/news.canadamotorjobs.com\/fr\/author\/benoit-charette\/"}]}},"_links":{"self":[{"href":"https:\/\/news.canadamotorjobs.com\/fr\/wp-json\/wp\/v2\/posts\/175681"}],"collection":[{"href":"https:\/\/news.canadamotorjobs.com\/fr\/wp-json\/wp\/v2\/posts"}],"about":[{"href":"https:\/\/news.canadamotorjobs.com\/fr\/wp-json\/wp\/v2\/types\/post"}],"author":[{"embeddable":true,"href":"https:\/\/news.canadamotorjobs.com\/fr\/wp-json\/wp\/v2\/users\/8"}],"replies":[{"embeddable":true,"href":"https:\/\/news.canadamotorjobs.com\/fr\/wp-json\/wp\/v2\/comments?post=175681"}],"version-history":[{"count":3,"href":"https:\/\/news.canadamotorjobs.com\/fr\/wp-json\/wp\/v2\/posts\/175681\/revisions"}],"predecessor-version":[{"id":175708,"href":"https:\/\/news.canadamotorjobs.com\/fr\/wp-json\/wp\/v2\/posts\/175681\/revisions\/175708"}],"wp:featuredmedia":[{"embeddable":true,"href":"https:\/\/news.canadamotorjobs.com\/fr\/wp-json\/wp\/v2\/media\/175683"}],"wp:attachment":[{"href":"https:\/\/news.canadamotorjobs.com\/fr\/wp-json\/wp\/v2\/media?parent=175681"}],"wp:term":[{"taxonomy":"category","embeddable":true,"href":"https:\/\/news.canadamotorjobs.com\/fr\/wp-json\/wp\/v2\/categories?post=175681"},{"taxonomy":"post_tag","embeddable":true,"href":"https:\/\/news.canadamotorjobs.com\/fr\/wp-json\/wp\/v2\/tags?post=175681"}],"curies":[{"name":"wp","href":"https:\/\/api.w.org\/{rel}","templated":true}]}}