{"id":175658,"date":"2024-10-03T07:34:32","date_gmt":"2024-10-03T11:34:32","guid":{"rendered":"https:\/\/news.canadamotorjobs.com\/?p=175658"},"modified":"2024-10-03T07:44:55","modified_gmt":"2024-10-03T11:44:55","slug":"chevrolet-silverado-ev","status":"publish","type":"post","link":"https:\/\/news.canadamotorjobs.com\/fr\/chevrolet-silverado-ev\/","title":{"rendered":"Chevrolet Silverado EV"},"content":{"rendered":"<\/p>\n<p>\u00c7a fait longtemps qu\u2019on l\u2019attendait et la voil\u00e0 enfin : la premi\u00e8re camionnette tout \u00e9lectrique de Chevrolet. Laissez-moi vous dire qu\u2019elle ne d\u00e9\u00e7oit pas. D\u00e9j\u00e0, sur papier, ses statistiques sont tr\u00e8s int\u00e9ressantes : ses moteurs ont une puissance maximale de 754 chevaux. Ils g\u00e9n\u00e8rent un couple de 785 livres-pied. La camionnette peut remorquer jusqu\u2019\u00e0 12 500 livres. Et son autonomie de base est de 724 kilom\u00e8tres par charge.<\/p>\n<p>Tout \u00e7a pour la modique somme de 78\u00a0000 $, de base, mais son prix de d\u00e9tail peut grimper jusqu\u2019\u00e0 121\u00a0000 $ si vous optez pour le mod\u00e8le First-Edition RST, qui est le plus \u00e9l\u00e9gant, mais pas n\u00e9cessairement le plus polyvalent. Honn\u00eatement, avoir \u00e0 choisir, je pense que sa version interm\u00e9diaire est la plus attrayante\u00a0: elle co\u00fbte 84\u00a0000 $, elle offre la meilleure autonomie, et m\u00eame si sa capacit\u00e9 de remorquage est r\u00e9duite \u00e0 10\u00a0000 livres, \u00e7a me semble suffisant pour les besoins d\u2019\u00e0 peu pr\u00e8s n\u2019importe qui qui doit tirer des charges avec une camionnette de ce format.<\/p>\n<p>Surtout que la capacit\u00e9 de remorquage, je dis \u00e7a en passant, ce n\u2019est pas une limite fixe, ni une loi, c\u2019est juste un indicateur pour donner une id\u00e9e de la capacit\u00e9 du v\u00e9hicule.<\/p>\n<p>\u00c9videmment, si vous remorquez, vous verrez l\u2019autonomie du Silverado EV r\u00e9duite en cons\u00e9quence. Le principe est le m\u00eame qu\u2019avec un moteur \u00e0 essence. J\u2019en parlais avec un ami qui me disait voir la consommation du V8 de son pickup passer de 22 \u00e0 30 litres aux 100 kilom\u00e8tres quand il accrochait son \u00e9quipement de travail \u00e0 l\u2019arri\u00e8re. C\u2019est une hausse de pr\u00e8s du tiers de sa consommation.<\/p>\n<p>Calculez le m\u00eame genre d\u2019impact sur l\u2019autonomie d\u2019une camionnette \u00e9lectrique. Celle du Silverado, donc, passerait d\u2019environ 700 kilom\u00e8tres \u00e0 un peu plus de 400 kilom\u00e8tres par charge, si vous conduisez normalement.<\/p>\n<p>\u00c0 partir de l\u00e0, le d\u00e9fi sera de trouver une borne de recharge capable de faire le plein rapidement. \u00c0 une borne de 150 kilowatts comme on en trouve pratiquement partout au Qu\u00e9bec, \u00e7a va vous prendre au moins une heure pour r\u00e9cup\u00e9rer l\u2019essentiel de votre autonomie (Chevrolet dit qu\u2019on peut r\u00e9cup\u00e9rer 160 km d\u2019autonomie en 10 minutes). Si vous trouvez une bonne rapide de 350 kilowatts ou plus, vous \u00eates en veine\u00a0: vous n\u2019aurez probablement pas besoin de plus d\u2019une quinzaine de minutes pour faire le plein en entier de la pile du Silverado.<\/p>\n<p>Une pile qui, en passant, est \u00e9norme\u00a0: elle fait plus de 200 kilowatts-heure. Le Silverado est probablement le plus gros v\u00e9hicule produit \u00e0 partir de la plateforme modulaire Ultium de GM. Pour vous donner une id\u00e9e, son empattement et sa longueur hors tout sont 25 cm plus longs que ceux du GMC Hummer EV.<\/p>\n<p>\u00c7a permet d\u2019avoir une benne pleine longueur, \u00e0 l\u2019arri\u00e8re, et de conserver un \u00e9norme habitacle confortable pour cinq personnes. La banquette se rabat un peu dr\u00f4lement, mais permet d\u2019abaisser la paroi \u00e0 l\u2019arri\u00e8re pour \u00e9tirer encore un peu plus l\u2019espace de chargement de la bo\u00eete.<\/p>\n<p>\u00c0 l\u2019avant aussi, c\u2019est confortable. C\u2019est spacieux. C\u2019est silencieux. On aurait aim\u00e9 avoir CarPlay ou Android Auto sans fil int\u00e9gr\u00e9s au syst\u00e8me multim\u00e9dia, qui est correct, mais qui aurait pu \u00eatre pas mal plus ergonomique. Surtout que tout se fait sur l\u2019\u00e9cran tactile et tr\u00e8s lisse, ce qui n\u2019est pas id\u00e9al quand on conduit.<\/p>\n<p>L\u2019autre d\u00e9fi quand on conduit est de garder une vitesse stable, et d\u2019\u00e9viter les freinages brusques \u2013 le v\u00e9hicule est vraiment pesant\u00a0: 3900 kilos, c\u2019est beaucoup! Et pourtant, l\u2019acc\u00e9l\u00e9ration est vraiment superbe.<\/p>\n<p>Bref, voil\u00e0 un excellent premier contact avec une camionnette z\u00e9ro \u00e9mission qui co\u00fbte cher, mais pas tant que \u00e7a\u00a0: le prix moyen pay\u00e9 au Canada pour un camion au d\u00e9but 2024 \u00e9tait justement de 75\u00a0000 $.<\/p>\n<p>Au moins, en \u00e9lectrique, on n\u2019a pas \u00e0 payer en plus pour le plein d\u2019essence\u2026<\/p>\n<p>Le texte <a rel=\"nofollow\" href=\"https:\/\/annuelauto.ca\/chevrolet-silverado-ev\/\">Chevrolet Silverado EV<\/a> provient de <a rel=\"nofollow\" href=\"https:\/\/annuelauto.ca\">L&#8217;annuel de l&#8217;automobile &#8211; Actualit\u00e9 automobile<\/a><\/p>\n<p><\/p>\n","protected":false},"excerpt":{"rendered":"<p>\u00c7a fait longtemps qu\u2019on l\u2019attendait et la voil\u00e0 enfin : la premi\u00e8re camionnette tout \u00e9lectrique de Chevrolet. Laissez-moi vous dire qu\u2019elle ne d\u00e9\u00e7oit pas. D\u00e9j\u00e0, sur papier, ses statistiques sont tr\u00e8s int\u00e9ressantes : ses moteurs ont une puissance maximale de 754 chevaux. Ils g\u00e9n\u00e8rent un couple de 785 livres-pied. La camionnette peut remorquer jusqu\u2019\u00e0 12 [&hellip;]<\/p>\n","protected":false},"author":8,"featured_media":175660,"comment_status":"close","ping_status":"closed","sticky":false,"template":"","format":"standard","meta":{"_monsterinsights_skip_tracking":false,"_monsterinsights_sitenote_active":false,"_monsterinsights_sitenote_note":"","_monsterinsights_sitenote_category":0,"footnotes":""},"categories":[101],"tags":[],"yoast_head":"<!-- This site is optimized with the Yoast SEO plugin v23.2 - https:\/\/yoast.com\/wordpress\/plugins\/seo\/ -->\n<title>Chevrolet Silverado EV - CanadaMotorJobs.com<\/title>\n<meta name=\"description\" content=\"Chevrolet Silverado EV - Benoit Charette - Annuel automobile - CanadaMotorJobs.com.\" \/>\n<meta name=\"robots\" content=\"index, follow, max-snippet:-1, max-image-preview:large, max-video-preview:-1\" \/>\n<meta property=\"og:locale\" content=\"fr_CA\" \/>\n<meta property=\"og:type\" content=\"article\" \/>\n<meta property=\"og:title\" content=\"Chevrolet Silverado EV - CanadaMotorJobs.com\" \/>\n<meta property=\"og:description\" content=\"Chevrolet Silverado EV - Benoit Charette - Annuel automobile - CanadaMotorJobs.com.\" \/>\n<meta property=\"og:url\" content=\"https:\/\/news.canadamotorjobs.com\/fr\/chevrolet-silverado-ev\/\" \/>\n<meta property=\"og:site_name\" content=\"CanadaMotorJobs.com\" \/>\n<meta property=\"article:publisher\" content=\"https:\/\/www.facebook.com\/canadamotorjobs\/\" \/>\n<meta property=\"article:published_time\" content=\"2024-10-03T11:34:32+00:00\" \/>\n<meta property=\"article:modified_time\" content=\"2024-10-03T11:44:55+00:00\" \/>\n<meta property=\"og:image\" content=\"https:\/\/news.canadamotorjobs.com\/wp-content\/uploads\/2024\/10\/Chevrolet_Silverado_EV_1.jpg\" \/>\n\t<meta property=\"og:image:width\" content=\"1200\" \/>\n\t<meta property=\"og:image:height\" content=\"800\" \/>\n\t<meta property=\"og:image:type\" content=\"image\/jpeg\" \/>\n<meta name=\"author\" content=\"Benoit Charette\" \/>\n<meta name=\"twitter:card\" content=\"summary_large_image\" \/>\n<meta name=\"twitter:creator\" content=\"@canadamotorjobs\" \/>\n<meta name=\"twitter:site\" content=\"@canadamotorjobs\" \/>\n<meta name=\"twitter:label1\" content=\"\u00c9crit par\" \/>\n\t<meta name=\"twitter:data1\" content=\"Benoit Charette\" \/>\n\t<meta name=\"twitter:label2\" content=\"Estimation du temps de lecture\" \/>\n\t<meta name=\"twitter:data2\" content=\"3 minutes\" \/>\n<!-- \/ Yoast SEO plugin. -->","yoast_head_json":{"title":"Chevrolet Silverado EV - CanadaMotorJobs.com","description":"Chevrolet Silverado EV - Benoit Charette - Annuel automobile - CanadaMotorJobs.com.","robots":{"index":"index","follow":"follow","max-snippet":"max-snippet:-1","max-image-preview":"max-image-preview:large","max-video-preview":"max-video-preview:-1"},"og_locale":"fr_CA","og_type":"article","og_title":"Chevrolet Silverado EV - CanadaMotorJobs.com","og_description":"Chevrolet Silverado EV - Benoit Charette - Annuel automobile - CanadaMotorJobs.com.","og_url":"https:\/\/news.canadamotorjobs.com\/fr\/chevrolet-silverado-ev\/","og_site_name":"CanadaMotorJobs.com","article_publisher":"https:\/\/www.facebook.com\/canadamotorjobs\/","article_published_time":"2024-10-03T11:34:32+00:00","article_modified_time":"2024-10-03T11:44:55+00:00","og_image":[{"width":1200,"height":800,"url":"https:\/\/news.canadamotorjobs.com\/wp-content\/uploads\/2024\/10\/Chevrolet_Silverado_EV_1.jpg","type":"image\/jpeg"}],"author":"Benoit Charette","twitter_card":"summary_large_image","twitter_creator":"@canadamotorjobs","twitter_site":"@canadamotorjobs","twitter_misc":{"\u00c9crit par":"Benoit Charette","Estimation du temps de lecture":"3 minutes"},"schema":{"@context":"https:\/\/schema.org","@graph":[{"@type":"Article","@id":"https:\/\/news.canadamotorjobs.com\/fr\/chevrolet-silverado-ev\/#article","isPartOf":{"@id":"https:\/\/news.canadamotorjobs.com\/fr\/chevrolet-silverado-ev\/"},"author":{"name":"Benoit Charette","@id":"https:\/\/news.canadamotorjobs.com\/#\/schema\/person\/51793d1f87d44011d7bcc2ed99269a90"},"headline":"Chevrolet Silverado EV","datePublished":"2024-10-03T11:34:32+00:00","dateModified":"2024-10-03T11:44:55+00:00","mainEntityOfPage":{"@id":"https:\/\/news.canadamotorjobs.com\/fr\/chevrolet-silverado-ev\/"},"wordCount":694,"publisher":{"@id":"https:\/\/news.canadamotorjobs.com\/#organization"},"image":{"@id":"https:\/\/news.canadamotorjobs.com\/fr\/chevrolet-silverado-ev\/#primaryimage"},"thumbnailUrl":"https:\/\/news.canadamotorjobs.com\/wp-content\/uploads\/2024\/10\/Chevrolet_Silverado_EV_1.jpg","articleSection":["Annuel automobile"],"inLanguage":"fr-CA"},{"@type":"WebPage","@id":"https:\/\/news.canadamotorjobs.com\/fr\/chevrolet-silverado-ev\/","url":"https:\/\/news.canadamotorjobs.com\/fr\/chevrolet-silverado-ev\/","name":"Chevrolet Silverado EV - CanadaMotorJobs.com","isPartOf":{"@id":"https:\/\/news.canadamotorjobs.com\/#website"},"primaryImageOfPage":{"@id":"https:\/\/news.canadamotorjobs.com\/fr\/chevrolet-silverado-ev\/#primaryimage"},"image":{"@id":"https:\/\/news.canadamotorjobs.com\/fr\/chevrolet-silverado-ev\/#primaryimage"},"thumbnailUrl":"https:\/\/news.canadamotorjobs.com\/wp-content\/uploads\/2024\/10\/Chevrolet_Silverado_EV_1.jpg","datePublished":"2024-10-03T11:34:32+00:00","dateModified":"2024-10-03T11:44:55+00:00","description":"Chevrolet Silverado EV - Benoit Charette - Annuel automobile - CanadaMotorJobs.com.","breadcrumb":{"@id":"https:\/\/news.canadamotorjobs.com\/fr\/chevrolet-silverado-ev\/#breadcrumb"},"inLanguage":"fr-CA","potentialAction":[{"@type":"ReadAction","target":["https:\/\/news.canadamotorjobs.com\/fr\/chevrolet-silverado-ev\/"]}]},{"@type":"ImageObject","inLanguage":"fr-CA","@id":"https:\/\/news.canadamotorjobs.com\/fr\/chevrolet-silverado-ev\/#primaryimage","url":"https:\/\/news.canadamotorjobs.com\/wp-content\/uploads\/2024\/10\/Chevrolet_Silverado_EV_1.jpg","contentUrl":"https:\/\/news.canadamotorjobs.com\/wp-content\/uploads\/2024\/10\/Chevrolet_Silverado_EV_1.jpg","width":1200,"height":800},{"@type":"BreadcrumbList","@id":"https:\/\/news.canadamotorjobs.com\/fr\/chevrolet-silverado-ev\/#breadcrumb","itemListElement":[{"@type":"ListItem","position":1,"name":"Home","item":"https:\/\/news.canadamotorjobs.com\/fr\/blog\/"},{"@type":"ListItem","position":2,"name":"Chevrolet Silverado EV"}]},{"@type":"WebSite","@id":"https:\/\/news.canadamotorjobs.com\/#website","url":"https:\/\/news.canadamotorjobs.com\/","name":"CanadaMotorJobs.com","description":"Automotive Jobs","publisher":{"@id":"https:\/\/news.canadamotorjobs.com\/#organization"},"potentialAction":[{"@type":"SearchAction","target":{"@type":"EntryPoint","urlTemplate":"https:\/\/news.canadamotorjobs.com\/?s={search_term_string}"},"query-input":"required name=search_term_string"}],"inLanguage":"fr-CA"},{"@type":"Organization","@id":"https:\/\/news.canadamotorjobs.com\/#organization","name":"Canada Motor Jobs","url":"https:\/\/news.canadamotorjobs.com\/","logo":{"@type":"ImageObject","inLanguage":"fr-CA","@id":"https:\/\/news.canadamotorjobs.com\/#\/schema\/logo\/image\/","url":"https:\/\/news.canadamotorjobs.com\/wp-content\/uploads\/2022\/10\/logo-canada-motor-jobs-1.png","contentUrl":"https:\/\/news.canadamotorjobs.com\/wp-content\/uploads\/2022\/10\/logo-canada-motor-jobs-1.png","width":800,"height":400,"caption":"Canada Motor Jobs"},"image":{"@id":"https:\/\/news.canadamotorjobs.com\/#\/schema\/logo\/image\/"},"sameAs":["https:\/\/www.facebook.com\/canadamotorjobs\/","https:\/\/x.com\/canadamotorjobs","https:\/\/www.instagram.com\/canadamotorjobs\/","https:\/\/www.linkedin.com\/company\/canadamotorjobs"]},{"@type":"Person","@id":"https:\/\/news.canadamotorjobs.com\/#\/schema\/person\/51793d1f87d44011d7bcc2ed99269a90","name":"Benoit Charette","image":{"@type":"ImageObject","inLanguage":"fr-CA","@id":"https:\/\/news.canadamotorjobs.com\/#\/schema\/person\/image\/","url":"https:\/\/secure.gravatar.com\/avatar\/45f3d2eebcccd909668d7ce7ea7267b6?s=96&d=mm&r=g","contentUrl":"https:\/\/secure.gravatar.com\/avatar\/45f3d2eebcccd909668d7ce7ea7267b6?s=96&d=mm&r=g","caption":"Benoit Charette"},"description":"Benoit Charette \/ Propri\u00e9taire et r\u00e9dacteur en chef Benoit Charette pratique le journalisme automobile depuis bient\u00f4t 30 ans. Il a fait ses classes au c\u00f4t\u00e9 de Daniel H\u00e9raud et au Carnet de route de 1992 \u00e0 2001. Il est fondateur, copropri\u00e9taire et r\u00e9dacteur en chef de L\u2019Annuel de l\u2019automobile, qu\u2019il publie depuis 2001. Il a anim\u00e9 les \u00e9missions RPM et RPM+ sur V et les L\u00e9gendes de la route sur Historia. \u00c0 la radio depuis 1986, il reprend l\u2019antenne cette ann\u00e9e sur les ondes de Cogeco et participe pour la deuxi\u00e8me ann\u00e9e \u00e0 l\u2019\u00e9mission Passion Auto sur RDS en plus de mettre en ligne le site Web officiel de L\u2019Annuel de l\u2019automobile sur annuelauto.ca.","sameAs":["https:\/\/annuelauto.ca\/"],"url":"https:\/\/news.canadamotorjobs.com\/fr\/author\/benoit-charette\/"}]}},"_links":{"self":[{"href":"https:\/\/news.canadamotorjobs.com\/fr\/wp-json\/wp\/v2\/posts\/175658"}],"collection":[{"href":"https:\/\/news.canadamotorjobs.com\/fr\/wp-json\/wp\/v2\/posts"}],"about":[{"href":"https:\/\/news.canadamotorjobs.com\/fr\/wp-json\/wp\/v2\/types\/post"}],"author":[{"embeddable":true,"href":"https:\/\/news.canadamotorjobs.com\/fr\/wp-json\/wp\/v2\/users\/8"}],"replies":[{"embeddable":true,"href":"https:\/\/news.canadamotorjobs.com\/fr\/wp-json\/wp\/v2\/comments?post=175658"}],"version-history":[{"count":2,"href":"https:\/\/news.canadamotorjobs.com\/fr\/wp-json\/wp\/v2\/posts\/175658\/revisions"}],"predecessor-version":[{"id":175662,"href":"https:\/\/news.canadamotorjobs.com\/fr\/wp-json\/wp\/v2\/posts\/175658\/revisions\/175662"}],"wp:featuredmedia":[{"embeddable":true,"href":"https:\/\/news.canadamotorjobs.com\/fr\/wp-json\/wp\/v2\/media\/175660"}],"wp:attachment":[{"href":"https:\/\/news.canadamotorjobs.com\/fr\/wp-json\/wp\/v2\/media?parent=175658"}],"wp:term":[{"taxonomy":"category","embeddable":true,"href":"https:\/\/news.canadamotorjobs.com\/fr\/wp-json\/wp\/v2\/categories?post=175658"},{"taxonomy":"post_tag","embeddable":true,"href":"https:\/\/news.canadamotorjobs.com\/fr\/wp-json\/wp\/v2\/tags?post=175658"}],"curies":[{"name":"wp","href":"https:\/\/api.w.org\/{rel}","templated":true}]}}