{"id":175589,"date":"2024-10-03T06:54:06","date_gmt":"2024-10-03T10:54:06","guid":{"rendered":"https:\/\/news.canadamotorjobs.com\/?p=175589"},"modified":"2024-10-03T07:00:48","modified_gmt":"2024-10-03T11:00:48","slug":"59-des-canadiens-ne-croient-pas-a-la-fin-des-vehicules-a-essence-en-2035","status":"publish","type":"post","link":"https:\/\/news.canadamotorjobs.com\/fr\/59-des-canadiens-ne-croient-pas-a-la-fin-des-vehicules-a-essence-en-2035\/","title":{"rendered":"59 % des Canadiens ne croient pas \u00e0 la fin des v\u00e9hicules \u00e0 essence en 2035"},"content":{"rendered":"<\/p>\n<p>Un r\u00e9cent sondage r\u00e9alis\u00e9 par la firme L\u00e9ger a r\u00e9v\u00e9l\u00e9 que 59 % des Canadiens s&#8217;opposent \u00e0 la l\u00e9gislation f\u00e9d\u00e9rale exigeant que tous les v\u00e9hicules l\u00e9gers vendus d&#8217;ici 2035 soient des v\u00e9hicules \u00e0 z\u00e9ro \u00e9mission (VZE). Ce mandat, introduit sous la norme de disponibilit\u00e9 des v\u00e9hicules \u00e9lectriques, impose que les VZE repr\u00e9sentent un pourcentage croissant des ventes chaque ann\u00e9e, commen\u00e7ant \u00e0 20 % en 2026 et atteignant 100 % en 2035. En pratique, cette loi interdit la vente de v\u00e9hicules \u00e0 moteur \u00e0 combustion interne apr\u00e8s 2035.<\/p>\n<h3><strong>Un rejet massif parmi les Canadiens<\/strong><\/h3>\n<p>\nSelon Franco Terrazzano, directeur f\u00e9d\u00e9ral de la F\u00e9d\u00e9ration canadienne des contribuables (FCC), \u00ab Les r\u00e9sultats du sondage sont clairs : les Canadiens ne veulent pas que le gouvernement interdise les v\u00e9hicules \u00e0 essence et diesel. \u00bb La FCC, qui a command\u00e9 le sondage, met en avant que les Canadiens souhaitent conserver l&#8217;option d&#8217;acheter des v\u00e9hicules familiaux \u00e0 essence ou des camions de travail au diesel. Pour Terrazzano, ce mandat entra\u00eenera des co\u00fbts faramineux pour les contribuables.<\/p>\n<p>Voici un aper\u00e7u des r\u00e9sultats du sondage L\u00e9ger :<\/p>\n<ul><\/p>\n<li><strong>59 %<\/strong> des Canadiens s&#8217;opposent \u00e0 l&#8217;interdiction,<\/li>\n<p><\/p>\n<li><strong>29 %<\/strong> la soutiennent,<\/li>\n<p><\/p>\n<li><strong>12 %<\/strong> sont ind\u00e9cis.<\/li>\n<p>\n<\/ul>\n<p><\/p>\n<h3><strong>Une fracture g\u00e9n\u00e9rationnelle et g\u00e9ographique<\/strong><\/h3>\n<p>\nL&#8217;opposition au mandat est particuli\u00e8rement marqu\u00e9e chez les Canadiens \u00e2g\u00e9s de 35 ans et plus, avec un taux de d\u00e9sapprobation de <strong>63 %<\/strong>. Dans l\u2019Ouest canadien, o\u00f9 les ventes de camions dominent, cette opposition monte \u00e0 <strong>66 %<\/strong>, et atteint m\u00eame <strong>72 %<\/strong> parmi les r\u00e9sidents des zones rurales. Ces derniers sont notamment pr\u00e9occup\u00e9s par l&#8217;infrastructure de recharge limit\u00e9e et l&#8217;angoisse li\u00e9e \u00e0 l&#8217;autonomie des v\u00e9hicules \u00e9lectriques.<\/p>\n<p>En revanche, le soutien au mandat est plus \u00e9lev\u00e9 chez les jeunes de 18 \u00e0 34 ans et les r\u00e9sidents urbains, avec <strong>37 %<\/strong> d&#8217;approbation dans ces groupes.<\/p>\n<h3><strong>Les Canadiens h\u00e9sitent face aux v\u00e9hicules \u00e9lectriques<\/strong><\/h3>\n<p>\nCe sondage L\u00e9ger fait suite \u00e0 une \u00e9tude publi\u00e9e en mai par J.D. Power Canada, qui montre que l&#8217;int\u00e9r\u00eat pour les v\u00e9hicules \u00e9lectriques (VE) est en d\u00e9clin au Canada. Seulement un peu plus d&#8217;un quart des acheteurs potentiels de v\u00e9hicules envisageraient un VE pour leur prochain achat. Parmi eux, <strong>10,9 %<\/strong> se disent \u00ab tr\u00e8s susceptibles \u00bb d&#8217;envisager un VE, tandis que <strong>17,6 %<\/strong> sont \u00ab quelque peu susceptibles \u00bb de le faire. Cependant, une majorit\u00e9 de <strong>52 %<\/strong> se disent \u00ab tr\u00e8s peu susceptibles \u00bb d&#8217;envisager un VE, citant des inqui\u00e9tudes concernant l&#8217;autonomie, l&#8217;infrastructure de recharge limit\u00e9e et le co\u00fbt des VE.<\/p>\n<h3><strong>Des cons\u00e9quences financi\u00e8res pour les constructeurs<\/strong><\/h3>\n<p>\nAvec cette l\u00e9gislation, les constructeurs automobiles devront atteindre des objectifs de ventes de VZE, sous peine de sanctions financi\u00e8res dont le co\u00fbt reste \u00e0 d\u00e9terminer. Les constructeurs qui d\u00e9passent leurs objectifs pourront accumuler des cr\u00e9dits \u00e9changeables. Ceux qui n&#8217;atteignent pas leurs objectifs devront compenser ce d\u00e9ficit dans un d\u00e9lai de trois ans, ou acheter des cr\u00e9dits aupr\u00e8s d&#8217;autres constructeurs. Une autre option est d&#8217;investir dans l&#8217;infrastructure de recharge, chaque tranche de 20 000 $ investis donnant droit \u00e0 un cr\u00e9dit.<\/p>\n<h3><strong>Des co\u00fbts pour les consommateurs ?<\/strong><\/h3>\n<p>\nFranco Terrazzano tire la sonnette d&#8217;alarme quant aux r\u00e9percussions financi\u00e8res de cette politique. Selon lui, \u00ab Le premier ministre Justin Trudeau va \u00e0 fond avec son interdiction des v\u00e9hicules \u00e0 essence et diesel sans parler des co\u00fbts \u00e9normes que cela imposera aux contribuables. Les Canadiens ont toutes les raisons de s\u2019inqui\u00e9ter de l&#8217;augmentation de leurs factures de taxes et d&#8217;\u00e9lectricit\u00e9 pour financer les subventions, les bornes de recharge, les centrales \u00e9lectriques et les lignes de transmission n\u00e9cessaires \u00e0 cette interdiction. \u00bb<\/p>\n<p>Le sondage L\u00e9ger, r\u00e9alis\u00e9 en ligne du 20 au 22 septembre 2024, a interrog\u00e9 1 612 Canadiens de 18 ans et plus. La marge d&#8217;erreur est de \u00b1 2,4 %, 19 fois sur 20.<\/p>\n<p>Avec des renseignements d\u2019Automotive News Canada<\/p>\n<p>Le texte <a rel=\"nofollow\" href=\"https:\/\/annuelauto.ca\/59-des-canadiens-ne-croient-pas-a-la-fin-des-vehicules-a-essence-en-2035\/\">59 % des Canadiens ne croient pas \u00e0 la fin des v\u00e9hicules \u00e0 essence en 2035<\/a> provient de <a rel=\"nofollow\" href=\"https:\/\/annuelauto.ca\">L&#8217;annuel de l&#8217;automobile &#8211; Actualit\u00e9 automobile<\/a><\/p>\n<p><\/p>\n","protected":false},"excerpt":{"rendered":"<p>Un r\u00e9cent sondage r\u00e9alis\u00e9 par la firme L\u00e9ger a r\u00e9v\u00e9l\u00e9 que 59 % des Canadiens s&#8217;opposent \u00e0 la l\u00e9gislation f\u00e9d\u00e9rale exigeant que tous les v\u00e9hicules l\u00e9gers vendus d&#8217;ici 2035 soient des v\u00e9hicules \u00e0 z\u00e9ro \u00e9mission (VZE). Ce mandat, introduit sous la norme de disponibilit\u00e9 des v\u00e9hicules \u00e9lectriques, impose que les VZE repr\u00e9sentent un pourcentage croissant [&hellip;]<\/p>\n","protected":false},"author":8,"featured_media":175591,"comment_status":"close","ping_status":"closed","sticky":false,"template":"","format":"standard","meta":{"_monsterinsights_skip_tracking":false,"_monsterinsights_sitenote_active":false,"_monsterinsights_sitenote_note":"","_monsterinsights_sitenote_category":0,"footnotes":""},"categories":[101],"tags":[],"yoast_head":"<!-- This site is optimized with the Yoast SEO plugin v23.2 - https:\/\/yoast.com\/wordpress\/plugins\/seo\/ -->\n<title>59 % des Canadiens ne croient pas \u00e0 la fin des v\u00e9hicules \u00e0 essence en 2035 - CanadaMotorJobs.com<\/title>\n<meta name=\"description\" content=\"59 % des Canadiens ne croient pas \u00e0 la fin des v\u00e9hicules \u00e0 essence en 2035 - Benoit Charette - Annuel automobile - CanadaMotorJobs.com.\" \/>\n<meta name=\"robots\" content=\"index, follow, max-snippet:-1, max-image-preview:large, max-video-preview:-1\" \/>\n<meta property=\"og:locale\" content=\"fr_CA\" \/>\n<meta property=\"og:type\" content=\"article\" \/>\n<meta property=\"og:title\" content=\"59 % des Canadiens ne croient pas \u00e0 la fin des v\u00e9hicules \u00e0 essence en 2035 - CanadaMotorJobs.com\" \/>\n<meta property=\"og:description\" content=\"59 % des Canadiens ne croient pas \u00e0 la fin des v\u00e9hicules \u00e0 essence en 2035 - Benoit Charette - Annuel automobile - CanadaMotorJobs.com.\" \/>\n<meta property=\"og:url\" content=\"https:\/\/news.canadamotorjobs.com\/fr\/59-des-canadiens-ne-croient-pas-a-la-fin-des-vehicules-a-essence-en-2035\/\" \/>\n<meta property=\"og:site_name\" content=\"CanadaMotorJobs.com\" \/>\n<meta property=\"article:publisher\" content=\"https:\/\/www.facebook.com\/canadamotorjobs\/\" \/>\n<meta property=\"article:published_time\" content=\"2024-10-03T10:54:06+00:00\" \/>\n<meta property=\"article:modified_time\" content=\"2024-10-03T11:00:48+00:00\" \/>\n<meta property=\"og:image\" content=\"https:\/\/news.canadamotorjobs.com\/wp-content\/uploads\/2024\/10\/1-av-scaled-1.jpg\" \/>\n\t<meta property=\"og:image:width\" content=\"2560\" \/>\n\t<meta property=\"og:image:height\" content=\"1654\" \/>\n\t<meta property=\"og:image:type\" content=\"image\/jpeg\" \/>\n<meta name=\"author\" content=\"Benoit Charette\" \/>\n<meta name=\"twitter:card\" content=\"summary_large_image\" \/>\n<meta name=\"twitter:creator\" content=\"@canadamotorjobs\" \/>\n<meta name=\"twitter:site\" content=\"@canadamotorjobs\" \/>\n<meta name=\"twitter:label1\" content=\"\u00c9crit par\" \/>\n\t<meta name=\"twitter:data1\" content=\"Benoit Charette\" \/>\n\t<meta name=\"twitter:label2\" content=\"Estimation du temps de lecture\" \/>\n\t<meta name=\"twitter:data2\" content=\"3 minutes\" \/>\n<!-- \/ Yoast SEO plugin. -->","yoast_head_json":{"title":"59 % des Canadiens ne croient pas \u00e0 la fin des v\u00e9hicules \u00e0 essence en 2035 - CanadaMotorJobs.com","description":"59 % des Canadiens ne croient pas \u00e0 la fin des v\u00e9hicules \u00e0 essence en 2035 - Benoit Charette - Annuel automobile - CanadaMotorJobs.com.","robots":{"index":"index","follow":"follow","max-snippet":"max-snippet:-1","max-image-preview":"max-image-preview:large","max-video-preview":"max-video-preview:-1"},"og_locale":"fr_CA","og_type":"article","og_title":"59 % des Canadiens ne croient pas \u00e0 la fin des v\u00e9hicules \u00e0 essence en 2035 - CanadaMotorJobs.com","og_description":"59 % des Canadiens ne croient pas \u00e0 la fin des v\u00e9hicules \u00e0 essence en 2035 - Benoit Charette - Annuel automobile - CanadaMotorJobs.com.","og_url":"https:\/\/news.canadamotorjobs.com\/fr\/59-des-canadiens-ne-croient-pas-a-la-fin-des-vehicules-a-essence-en-2035\/","og_site_name":"CanadaMotorJobs.com","article_publisher":"https:\/\/www.facebook.com\/canadamotorjobs\/","article_published_time":"2024-10-03T10:54:06+00:00","article_modified_time":"2024-10-03T11:00:48+00:00","og_image":[{"width":2560,"height":1654,"url":"https:\/\/news.canadamotorjobs.com\/wp-content\/uploads\/2024\/10\/1-av-scaled-1.jpg","type":"image\/jpeg"}],"author":"Benoit Charette","twitter_card":"summary_large_image","twitter_creator":"@canadamotorjobs","twitter_site":"@canadamotorjobs","twitter_misc":{"\u00c9crit par":"Benoit Charette","Estimation du temps de lecture":"3 minutes"},"schema":{"@context":"https:\/\/schema.org","@graph":[{"@type":"Article","@id":"https:\/\/news.canadamotorjobs.com\/fr\/59-des-canadiens-ne-croient-pas-a-la-fin-des-vehicules-a-essence-en-2035\/#article","isPartOf":{"@id":"https:\/\/news.canadamotorjobs.com\/fr\/59-des-canadiens-ne-croient-pas-a-la-fin-des-vehicules-a-essence-en-2035\/"},"author":{"name":"Benoit Charette","@id":"https:\/\/news.canadamotorjobs.com\/#\/schema\/person\/51793d1f87d44011d7bcc2ed99269a90"},"headline":"59 % des Canadiens ne croient pas \u00e0 la fin des v\u00e9hicules \u00e0 essence en 2035","datePublished":"2024-10-03T10:54:06+00:00","dateModified":"2024-10-03T11:00:48+00:00","mainEntityOfPage":{"@id":"https:\/\/news.canadamotorjobs.com\/fr\/59-des-canadiens-ne-croient-pas-a-la-fin-des-vehicules-a-essence-en-2035\/"},"wordCount":685,"publisher":{"@id":"https:\/\/news.canadamotorjobs.com\/#organization"},"image":{"@id":"https:\/\/news.canadamotorjobs.com\/fr\/59-des-canadiens-ne-croient-pas-a-la-fin-des-vehicules-a-essence-en-2035\/#primaryimage"},"thumbnailUrl":"https:\/\/news.canadamotorjobs.com\/wp-content\/uploads\/2024\/10\/1-av-scaled-1.jpg","articleSection":["Annuel automobile"],"inLanguage":"fr-CA"},{"@type":"WebPage","@id":"https:\/\/news.canadamotorjobs.com\/fr\/59-des-canadiens-ne-croient-pas-a-la-fin-des-vehicules-a-essence-en-2035\/","url":"https:\/\/news.canadamotorjobs.com\/fr\/59-des-canadiens-ne-croient-pas-a-la-fin-des-vehicules-a-essence-en-2035\/","name":"59 % des Canadiens ne croient pas \u00e0 la fin des v\u00e9hicules \u00e0 essence en 2035 - CanadaMotorJobs.com","isPartOf":{"@id":"https:\/\/news.canadamotorjobs.com\/#website"},"primaryImageOfPage":{"@id":"https:\/\/news.canadamotorjobs.com\/fr\/59-des-canadiens-ne-croient-pas-a-la-fin-des-vehicules-a-essence-en-2035\/#primaryimage"},"image":{"@id":"https:\/\/news.canadamotorjobs.com\/fr\/59-des-canadiens-ne-croient-pas-a-la-fin-des-vehicules-a-essence-en-2035\/#primaryimage"},"thumbnailUrl":"https:\/\/news.canadamotorjobs.com\/wp-content\/uploads\/2024\/10\/1-av-scaled-1.jpg","datePublished":"2024-10-03T10:54:06+00:00","dateModified":"2024-10-03T11:00:48+00:00","description":"59 % des Canadiens ne croient pas \u00e0 la fin des v\u00e9hicules \u00e0 essence en 2035 - Benoit Charette - Annuel automobile - CanadaMotorJobs.com.","breadcrumb":{"@id":"https:\/\/news.canadamotorjobs.com\/fr\/59-des-canadiens-ne-croient-pas-a-la-fin-des-vehicules-a-essence-en-2035\/#breadcrumb"},"inLanguage":"fr-CA","potentialAction":[{"@type":"ReadAction","target":["https:\/\/news.canadamotorjobs.com\/fr\/59-des-canadiens-ne-croient-pas-a-la-fin-des-vehicules-a-essence-en-2035\/"]}]},{"@type":"ImageObject","inLanguage":"fr-CA","@id":"https:\/\/news.canadamotorjobs.com\/fr\/59-des-canadiens-ne-croient-pas-a-la-fin-des-vehicules-a-essence-en-2035\/#primaryimage","url":"https:\/\/news.canadamotorjobs.com\/wp-content\/uploads\/2024\/10\/1-av-scaled-1.jpg","contentUrl":"https:\/\/news.canadamotorjobs.com\/wp-content\/uploads\/2024\/10\/1-av-scaled-1.jpg","width":2560,"height":1654},{"@type":"BreadcrumbList","@id":"https:\/\/news.canadamotorjobs.com\/fr\/59-des-canadiens-ne-croient-pas-a-la-fin-des-vehicules-a-essence-en-2035\/#breadcrumb","itemListElement":[{"@type":"ListItem","position":1,"name":"Home","item":"https:\/\/news.canadamotorjobs.com\/fr\/blog\/"},{"@type":"ListItem","position":2,"name":"59 % des Canadiens ne croient pas \u00e0 la fin des v\u00e9hicules \u00e0 essence en 2035"}]},{"@type":"WebSite","@id":"https:\/\/news.canadamotorjobs.com\/#website","url":"https:\/\/news.canadamotorjobs.com\/","name":"CanadaMotorJobs.com","description":"Automotive Jobs","publisher":{"@id":"https:\/\/news.canadamotorjobs.com\/#organization"},"potentialAction":[{"@type":"SearchAction","target":{"@type":"EntryPoint","urlTemplate":"https:\/\/news.canadamotorjobs.com\/?s={search_term_string}"},"query-input":"required name=search_term_string"}],"inLanguage":"fr-CA"},{"@type":"Organization","@id":"https:\/\/news.canadamotorjobs.com\/#organization","name":"Canada Motor Jobs","url":"https:\/\/news.canadamotorjobs.com\/","logo":{"@type":"ImageObject","inLanguage":"fr-CA","@id":"https:\/\/news.canadamotorjobs.com\/#\/schema\/logo\/image\/","url":"https:\/\/news.canadamotorjobs.com\/wp-content\/uploads\/2022\/10\/logo-canada-motor-jobs-1.png","contentUrl":"https:\/\/news.canadamotorjobs.com\/wp-content\/uploads\/2022\/10\/logo-canada-motor-jobs-1.png","width":800,"height":400,"caption":"Canada Motor Jobs"},"image":{"@id":"https:\/\/news.canadamotorjobs.com\/#\/schema\/logo\/image\/"},"sameAs":["https:\/\/www.facebook.com\/canadamotorjobs\/","https:\/\/x.com\/canadamotorjobs","https:\/\/www.instagram.com\/canadamotorjobs\/","https:\/\/www.linkedin.com\/company\/canadamotorjobs"]},{"@type":"Person","@id":"https:\/\/news.canadamotorjobs.com\/#\/schema\/person\/51793d1f87d44011d7bcc2ed99269a90","name":"Benoit Charette","image":{"@type":"ImageObject","inLanguage":"fr-CA","@id":"https:\/\/news.canadamotorjobs.com\/#\/schema\/person\/image\/","url":"https:\/\/secure.gravatar.com\/avatar\/45f3d2eebcccd909668d7ce7ea7267b6?s=96&d=mm&r=g","contentUrl":"https:\/\/secure.gravatar.com\/avatar\/45f3d2eebcccd909668d7ce7ea7267b6?s=96&d=mm&r=g","caption":"Benoit Charette"},"description":"Benoit Charette \/ Propri\u00e9taire et r\u00e9dacteur en chef Benoit Charette pratique le journalisme automobile depuis bient\u00f4t 30 ans. Il a fait ses classes au c\u00f4t\u00e9 de Daniel H\u00e9raud et au Carnet de route de 1992 \u00e0 2001. Il est fondateur, copropri\u00e9taire et r\u00e9dacteur en chef de L\u2019Annuel de l\u2019automobile, qu\u2019il publie depuis 2001. Il a anim\u00e9 les \u00e9missions RPM et RPM+ sur V et les L\u00e9gendes de la route sur Historia. \u00c0 la radio depuis 1986, il reprend l\u2019antenne cette ann\u00e9e sur les ondes de Cogeco et participe pour la deuxi\u00e8me ann\u00e9e \u00e0 l\u2019\u00e9mission Passion Auto sur RDS en plus de mettre en ligne le site Web officiel de L\u2019Annuel de l\u2019automobile sur annuelauto.ca.","sameAs":["https:\/\/annuelauto.ca\/"],"url":"https:\/\/news.canadamotorjobs.com\/fr\/author\/benoit-charette\/"}]}},"_links":{"self":[{"href":"https:\/\/news.canadamotorjobs.com\/fr\/wp-json\/wp\/v2\/posts\/175589"}],"collection":[{"href":"https:\/\/news.canadamotorjobs.com\/fr\/wp-json\/wp\/v2\/posts"}],"about":[{"href":"https:\/\/news.canadamotorjobs.com\/fr\/wp-json\/wp\/v2\/types\/post"}],"author":[{"embeddable":true,"href":"https:\/\/news.canadamotorjobs.com\/fr\/wp-json\/wp\/v2\/users\/8"}],"replies":[{"embeddable":true,"href":"https:\/\/news.canadamotorjobs.com\/fr\/wp-json\/wp\/v2\/comments?post=175589"}],"version-history":[{"count":2,"href":"https:\/\/news.canadamotorjobs.com\/fr\/wp-json\/wp\/v2\/posts\/175589\/revisions"}],"predecessor-version":[{"id":175593,"href":"https:\/\/news.canadamotorjobs.com\/fr\/wp-json\/wp\/v2\/posts\/175589\/revisions\/175593"}],"wp:featuredmedia":[{"embeddable":true,"href":"https:\/\/news.canadamotorjobs.com\/fr\/wp-json\/wp\/v2\/media\/175591"}],"wp:attachment":[{"href":"https:\/\/news.canadamotorjobs.com\/fr\/wp-json\/wp\/v2\/media?parent=175589"}],"wp:term":[{"taxonomy":"category","embeddable":true,"href":"https:\/\/news.canadamotorjobs.com\/fr\/wp-json\/wp\/v2\/categories?post=175589"},{"taxonomy":"post_tag","embeddable":true,"href":"https:\/\/news.canadamotorjobs.com\/fr\/wp-json\/wp\/v2\/tags?post=175589"}],"curies":[{"name":"wp","href":"https:\/\/api.w.org\/{rel}","templated":true}]}}