{"id":175494,"date":"2024-10-02T08:04:45","date_gmt":"2024-10-02T12:04:45","guid":{"rendered":"https:\/\/news.canadamotorjobs.com\/?p=175494"},"modified":"2024-10-02T08:14:26","modified_gmt":"2024-10-02T12:14:26","slug":"une-greve-des-ports-americain-va-nuire-a-lindustrie-automobile","status":"publish","type":"post","link":"https:\/\/news.canadamotorjobs.com\/fr\/une-greve-des-ports-americain-va-nuire-a-lindustrie-automobile\/","title":{"rendered":"Une gr\u00e8ve des ports am\u00e9ricain va nuire \u00e0 l\u2019industrie automobile"},"content":{"rendered":"<\/p>\n<p>Mardi matin, les travailleurs des ports de la c\u00f4te Est et du Golfe des \u00c9tats-Unis ont d\u00e9clench\u00e9 une gr\u00e8ve, malgr\u00e9 des propositions salariales \u00e9chang\u00e9es entre l&#8217;alliance des op\u00e9rateurs portuaires et le syndicat, r\u00e9duisant \u00e0 n\u00e9ant les espoirs de parvenir \u00e0 un accord avant l&#8217;arr\u00eat du trafic conteneuris\u00e9 de la r\u00e9gion allant du Maine au Texas.<\/p>\n<h3>Les impacts sur la cha\u00eene d&#8217;approvisionnement automobile<\/h3>\n<p>\nCette gr\u00e8ve pourrait avoir des r\u00e9percussions significatives sur la cha\u00eene d&#8217;approvisionnement automobile. Les ports concern\u00e9s ont trait\u00e9 des importations de v\u00e9hicules d&#8217;une valeur de 37,8 milliards de dollars au cours des 12 mois se terminant le 30 juin 2024, selon S&amp;P Global Market Intelligence. Ce chiffre n&#8217;inclut pas les exp\u00e9ditions de pi\u00e8ces automobiles, dont la p\u00e9nurie pourrait entra\u00eener des arr\u00eats de production si la gr\u00e8ve se prolonge, comme l\u2019a soulign\u00e9 Bill Long, PDG de MEMA (Motor &amp; Equipment Manufacturers Association), qui repr\u00e9sente les entreprises de la cha\u00eene d&#8217;approvisionnement automobile.<\/p>\n<h3>N\u00e9gociations au point mort<\/h3>\n<p>\nLe contrat de travail entre le syndicat International Longshoremen&#8217;s Association (ILA), repr\u00e9sentant 45 000 dockers, et le groupe patronal United States Maritime Alliance (USMX) a expir\u00e9 lundi soir. Les n\u00e9gociations ont achopp\u00e9 sur la question des salaires. L&#8217;USMX a propos\u00e9 une augmentation des salaires de pr\u00e8s de 50 %, tout en demandant une prolongation du contrat actuel. Cependant, le syndicat a rejet\u00e9 cette proposition, qualifiant l\u2019offre de \u00ab paquet salarial inacceptable \u00bb.<\/p>\n<h3>Cons\u00e9quences \u00e9conomiques<\/h3>\n<p>\nSelon les analystes de JP Morgan, la gr\u00e8ve pourrait co\u00fbter environ 5 milliards de dollars par jour \u00e0 l&#8217;\u00e9conomie am\u00e9ricaine, perturbant les exp\u00e9ditions de voitures, de camions l\u00e9gers, de produits alimentaires, de biens de consommation et d\u2019autres marchandises en provenance de ports tr\u00e8s fr\u00e9quent\u00e9s comme New York, Baltimore et Houston. Le port de Baltimore, qui est le plus grand port am\u00e9ricain pour les importations automobiles, a trait\u00e9 847 158 v\u00e9hicules en 2023, pour la treizi\u00e8me ann\u00e9e cons\u00e9cutive.<\/p>\n<p>Plusieurs constructeurs automobiles, dont Toyota Motor North America, Hyundai Motor America, General Motors, et Ford, surveillent de pr\u00e8s la situation et ont d\u00e9j\u00e0 mis en place des plans de contingence pour att\u00e9nuer les impacts potentiels. Barclays a estim\u00e9 que les constructeurs europ\u00e9ens comme BMW, Mercedes, Volkswagen et Volvo pourraient \u00eatre affect\u00e9s, bien que leurs niveaux de stocks relativement \u00e9lev\u00e9s permettent d&#8217;att\u00e9nuer les effets imm\u00e9diats.<\/p>\n<h3>Appel \u00e0 l&#8217;action du gouvernement<\/h3>\n<p>\nFace \u00e0 cette crise, MEMA a appel\u00e9 l&#8217;administration Biden \u00e0 intervenir pour contrer l&#8217;impact potentiel sur la cha\u00eene d&#8217;approvisionnement. Le 1er octobre, l&#8217;organisation a \u00e9t\u00e9 convi\u00e9e \u00e0 une r\u00e9union d&#8217;information \u00e0 la Maison-Blanche. Toutefois, le pr\u00e9sident Biden a indiqu\u00e9 qu&#8217;il n&#8217;envisageait pas d&#8217;intervenir directement, et la Maison-Blanche a r\u00e9it\u00e9r\u00e9 son refus d&#8217;utiliser le Taft-Hartley Act, qui forcerait les travailleurs \u00e0 reprendre le travail pendant que les n\u00e9gociations se poursuivent.<\/p>\n<p>La situation reste incertaine, avec des cons\u00e9quences \u00e9conomiques qui pourraient devenir s\u00e9v\u00e8res si la gr\u00e8ve se prolonge, mettant en p\u00e9ril l&#8217;approvisionnement en biens critiques et risquant d\u2019aggraver l&#8217;inflation \u00e0 quelques semaines de l&#8217;\u00e9lection pr\u00e9sidentielle am\u00e9ricaine.<\/p>\n<p>Avec des renseignements d&#8217;Automotive News<\/p>\n<p>Le texte <a rel=\"nofollow\" href=\"https:\/\/annuelauto.ca\/une-greve-des-ports-americain-va-nuire-a-lindustrie-automobile\/\">Une gr\u00e8ve des ports am\u00e9ricain va nuire \u00e0 l\u2019industrie automobile<\/a> provient de <a rel=\"nofollow\" href=\"https:\/\/annuelauto.ca\">L&#8217;annuel de l&#8217;automobile &#8211; Actualit\u00e9 automobile<\/a><\/p>\n<p><\/p>\n","protected":false},"excerpt":{"rendered":"<p>Mardi matin, les travailleurs des ports de la c\u00f4te Est et du Golfe des \u00c9tats-Unis ont d\u00e9clench\u00e9 une gr\u00e8ve, malgr\u00e9 des propositions salariales \u00e9chang\u00e9es entre l&#8217;alliance des op\u00e9rateurs portuaires et le syndicat, r\u00e9duisant \u00e0 n\u00e9ant les espoirs de parvenir \u00e0 un accord avant l&#8217;arr\u00eat du trafic conteneuris\u00e9 de la r\u00e9gion allant du Maine au Texas. [&hellip;]<\/p>\n","protected":false},"author":8,"featured_media":175496,"comment_status":"close","ping_status":"closed","sticky":false,"template":"","format":"standard","meta":{"_monsterinsights_skip_tracking":false,"_monsterinsights_sitenote_active":false,"_monsterinsights_sitenote_note":"","_monsterinsights_sitenote_category":0,"footnotes":""},"categories":[101],"tags":[],"yoast_head":"<!-- This site is optimized with the Yoast SEO plugin v23.2 - https:\/\/yoast.com\/wordpress\/plugins\/seo\/ -->\n<title>Une gr\u00e8ve des ports am\u00e9ricain va nuire \u00e0 l\u2019industrie automobile - CanadaMotorJobs.com<\/title>\n<meta name=\"description\" content=\"Une gr\u00e8ve des ports am\u00e9ricain va nuire \u00e0 l\u2019industrie automobile - Benoit Charette - Annuel automobile - CanadaMotorJobs.com.\" \/>\n<meta name=\"robots\" content=\"index, follow, max-snippet:-1, max-image-preview:large, max-video-preview:-1\" \/>\n<meta property=\"og:locale\" content=\"fr_CA\" \/>\n<meta property=\"og:type\" content=\"article\" \/>\n<meta property=\"og:title\" content=\"Une gr\u00e8ve des ports am\u00e9ricain va nuire \u00e0 l\u2019industrie automobile - CanadaMotorJobs.com\" \/>\n<meta property=\"og:description\" content=\"Une gr\u00e8ve des ports am\u00e9ricain va nuire \u00e0 l\u2019industrie automobile - Benoit Charette - Annuel automobile - CanadaMotorJobs.com.\" \/>\n<meta property=\"og:url\" content=\"https:\/\/news.canadamotorjobs.com\/fr\/une-greve-des-ports-americain-va-nuire-a-lindustrie-automobile\/\" \/>\n<meta property=\"og:site_name\" content=\"CanadaMotorJobs.com\" \/>\n<meta property=\"article:publisher\" content=\"https:\/\/www.facebook.com\/canadamotorjobs\/\" \/>\n<meta property=\"article:published_time\" content=\"2024-10-02T12:04:45+00:00\" \/>\n<meta property=\"article:modified_time\" content=\"2024-10-02T12:14:26+00:00\" \/>\n<meta property=\"og:image\" content=\"https:\/\/news.canadamotorjobs.com\/wp-content\/uploads\/2024\/10\/img_0426.jpg\" \/>\n\t<meta property=\"og:image:width\" content=\"1874\" \/>\n\t<meta property=\"og:image:height\" content=\"1168\" \/>\n\t<meta property=\"og:image:type\" content=\"image\/jpeg\" \/>\n<meta name=\"author\" content=\"Benoit Charette\" \/>\n<meta name=\"twitter:card\" content=\"summary_large_image\" \/>\n<meta name=\"twitter:creator\" content=\"@canadamotorjobs\" \/>\n<meta name=\"twitter:site\" content=\"@canadamotorjobs\" \/>\n<meta name=\"twitter:label1\" content=\"\u00c9crit par\" \/>\n\t<meta name=\"twitter:data1\" content=\"Benoit Charette\" \/>\n\t<meta name=\"twitter:label2\" content=\"Estimation du temps de lecture\" \/>\n\t<meta name=\"twitter:data2\" content=\"3 minutes\" \/>\n<!-- \/ Yoast SEO plugin. -->","yoast_head_json":{"title":"Une gr\u00e8ve des ports am\u00e9ricain va nuire \u00e0 l\u2019industrie automobile - CanadaMotorJobs.com","description":"Une gr\u00e8ve des ports am\u00e9ricain va nuire \u00e0 l\u2019industrie automobile - Benoit Charette - Annuel automobile - CanadaMotorJobs.com.","robots":{"index":"index","follow":"follow","max-snippet":"max-snippet:-1","max-image-preview":"max-image-preview:large","max-video-preview":"max-video-preview:-1"},"og_locale":"fr_CA","og_type":"article","og_title":"Une gr\u00e8ve des ports am\u00e9ricain va nuire \u00e0 l\u2019industrie automobile - CanadaMotorJobs.com","og_description":"Une gr\u00e8ve des ports am\u00e9ricain va nuire \u00e0 l\u2019industrie automobile - Benoit Charette - Annuel automobile - CanadaMotorJobs.com.","og_url":"https:\/\/news.canadamotorjobs.com\/fr\/une-greve-des-ports-americain-va-nuire-a-lindustrie-automobile\/","og_site_name":"CanadaMotorJobs.com","article_publisher":"https:\/\/www.facebook.com\/canadamotorjobs\/","article_published_time":"2024-10-02T12:04:45+00:00","article_modified_time":"2024-10-02T12:14:26+00:00","og_image":[{"width":1874,"height":1168,"url":"https:\/\/news.canadamotorjobs.com\/wp-content\/uploads\/2024\/10\/img_0426.jpg","type":"image\/jpeg"}],"author":"Benoit Charette","twitter_card":"summary_large_image","twitter_creator":"@canadamotorjobs","twitter_site":"@canadamotorjobs","twitter_misc":{"\u00c9crit par":"Benoit Charette","Estimation du temps de lecture":"3 minutes"},"schema":{"@context":"https:\/\/schema.org","@graph":[{"@type":"Article","@id":"https:\/\/news.canadamotorjobs.com\/fr\/une-greve-des-ports-americain-va-nuire-a-lindustrie-automobile\/#article","isPartOf":{"@id":"https:\/\/news.canadamotorjobs.com\/fr\/une-greve-des-ports-americain-va-nuire-a-lindustrie-automobile\/"},"author":{"name":"Benoit Charette","@id":"https:\/\/news.canadamotorjobs.com\/#\/schema\/person\/51793d1f87d44011d7bcc2ed99269a90"},"headline":"Une gr\u00e8ve des ports am\u00e9ricain va nuire \u00e0 l\u2019industrie automobile","datePublished":"2024-10-02T12:04:45+00:00","dateModified":"2024-10-02T12:14:26+00:00","mainEntityOfPage":{"@id":"https:\/\/news.canadamotorjobs.com\/fr\/une-greve-des-ports-americain-va-nuire-a-lindustrie-automobile\/"},"wordCount":589,"publisher":{"@id":"https:\/\/news.canadamotorjobs.com\/#organization"},"image":{"@id":"https:\/\/news.canadamotorjobs.com\/fr\/une-greve-des-ports-americain-va-nuire-a-lindustrie-automobile\/#primaryimage"},"thumbnailUrl":"https:\/\/news.canadamotorjobs.com\/wp-content\/uploads\/2024\/10\/img_0426.jpg","articleSection":["Annuel automobile"],"inLanguage":"fr-CA"},{"@type":"WebPage","@id":"https:\/\/news.canadamotorjobs.com\/fr\/une-greve-des-ports-americain-va-nuire-a-lindustrie-automobile\/","url":"https:\/\/news.canadamotorjobs.com\/fr\/une-greve-des-ports-americain-va-nuire-a-lindustrie-automobile\/","name":"Une gr\u00e8ve des ports am\u00e9ricain va nuire \u00e0 l\u2019industrie automobile - CanadaMotorJobs.com","isPartOf":{"@id":"https:\/\/news.canadamotorjobs.com\/#website"},"primaryImageOfPage":{"@id":"https:\/\/news.canadamotorjobs.com\/fr\/une-greve-des-ports-americain-va-nuire-a-lindustrie-automobile\/#primaryimage"},"image":{"@id":"https:\/\/news.canadamotorjobs.com\/fr\/une-greve-des-ports-americain-va-nuire-a-lindustrie-automobile\/#primaryimage"},"thumbnailUrl":"https:\/\/news.canadamotorjobs.com\/wp-content\/uploads\/2024\/10\/img_0426.jpg","datePublished":"2024-10-02T12:04:45+00:00","dateModified":"2024-10-02T12:14:26+00:00","description":"Une gr\u00e8ve des ports am\u00e9ricain va nuire \u00e0 l\u2019industrie automobile - Benoit Charette - Annuel automobile - CanadaMotorJobs.com.","breadcrumb":{"@id":"https:\/\/news.canadamotorjobs.com\/fr\/une-greve-des-ports-americain-va-nuire-a-lindustrie-automobile\/#breadcrumb"},"inLanguage":"fr-CA","potentialAction":[{"@type":"ReadAction","target":["https:\/\/news.canadamotorjobs.com\/fr\/une-greve-des-ports-americain-va-nuire-a-lindustrie-automobile\/"]}]},{"@type":"ImageObject","inLanguage":"fr-CA","@id":"https:\/\/news.canadamotorjobs.com\/fr\/une-greve-des-ports-americain-va-nuire-a-lindustrie-automobile\/#primaryimage","url":"https:\/\/news.canadamotorjobs.com\/wp-content\/uploads\/2024\/10\/img_0426.jpg","contentUrl":"https:\/\/news.canadamotorjobs.com\/wp-content\/uploads\/2024\/10\/img_0426.jpg","width":1874,"height":1168},{"@type":"BreadcrumbList","@id":"https:\/\/news.canadamotorjobs.com\/fr\/une-greve-des-ports-americain-va-nuire-a-lindustrie-automobile\/#breadcrumb","itemListElement":[{"@type":"ListItem","position":1,"name":"Home","item":"https:\/\/news.canadamotorjobs.com\/fr\/blog\/"},{"@type":"ListItem","position":2,"name":"Une gr\u00e8ve des ports am\u00e9ricain va nuire \u00e0 l\u2019industrie automobile"}]},{"@type":"WebSite","@id":"https:\/\/news.canadamotorjobs.com\/#website","url":"https:\/\/news.canadamotorjobs.com\/","name":"CanadaMotorJobs.com","description":"Automotive Jobs","publisher":{"@id":"https:\/\/news.canadamotorjobs.com\/#organization"},"potentialAction":[{"@type":"SearchAction","target":{"@type":"EntryPoint","urlTemplate":"https:\/\/news.canadamotorjobs.com\/?s={search_term_string}"},"query-input":"required name=search_term_string"}],"inLanguage":"fr-CA"},{"@type":"Organization","@id":"https:\/\/news.canadamotorjobs.com\/#organization","name":"Canada Motor Jobs","url":"https:\/\/news.canadamotorjobs.com\/","logo":{"@type":"ImageObject","inLanguage":"fr-CA","@id":"https:\/\/news.canadamotorjobs.com\/#\/schema\/logo\/image\/","url":"https:\/\/news.canadamotorjobs.com\/wp-content\/uploads\/2022\/10\/logo-canada-motor-jobs-1.png","contentUrl":"https:\/\/news.canadamotorjobs.com\/wp-content\/uploads\/2022\/10\/logo-canada-motor-jobs-1.png","width":800,"height":400,"caption":"Canada Motor Jobs"},"image":{"@id":"https:\/\/news.canadamotorjobs.com\/#\/schema\/logo\/image\/"},"sameAs":["https:\/\/www.facebook.com\/canadamotorjobs\/","https:\/\/x.com\/canadamotorjobs","https:\/\/www.instagram.com\/canadamotorjobs\/","https:\/\/www.linkedin.com\/company\/canadamotorjobs"]},{"@type":"Person","@id":"https:\/\/news.canadamotorjobs.com\/#\/schema\/person\/51793d1f87d44011d7bcc2ed99269a90","name":"Benoit Charette","image":{"@type":"ImageObject","inLanguage":"fr-CA","@id":"https:\/\/news.canadamotorjobs.com\/#\/schema\/person\/image\/","url":"https:\/\/secure.gravatar.com\/avatar\/45f3d2eebcccd909668d7ce7ea7267b6?s=96&d=mm&r=g","contentUrl":"https:\/\/secure.gravatar.com\/avatar\/45f3d2eebcccd909668d7ce7ea7267b6?s=96&d=mm&r=g","caption":"Benoit Charette"},"description":"Benoit Charette \/ Propri\u00e9taire et r\u00e9dacteur en chef Benoit Charette pratique le journalisme automobile depuis bient\u00f4t 30 ans. Il a fait ses classes au c\u00f4t\u00e9 de Daniel H\u00e9raud et au Carnet de route de 1992 \u00e0 2001. Il est fondateur, copropri\u00e9taire et r\u00e9dacteur en chef de L\u2019Annuel de l\u2019automobile, qu\u2019il publie depuis 2001. Il a anim\u00e9 les \u00e9missions RPM et RPM+ sur V et les L\u00e9gendes de la route sur Historia. \u00c0 la radio depuis 1986, il reprend l\u2019antenne cette ann\u00e9e sur les ondes de Cogeco et participe pour la deuxi\u00e8me ann\u00e9e \u00e0 l\u2019\u00e9mission Passion Auto sur RDS en plus de mettre en ligne le site Web officiel de L\u2019Annuel de l\u2019automobile sur annuelauto.ca.","sameAs":["https:\/\/annuelauto.ca\/"],"url":"https:\/\/news.canadamotorjobs.com\/fr\/author\/benoit-charette\/"}]}},"_links":{"self":[{"href":"https:\/\/news.canadamotorjobs.com\/fr\/wp-json\/wp\/v2\/posts\/175494"}],"collection":[{"href":"https:\/\/news.canadamotorjobs.com\/fr\/wp-json\/wp\/v2\/posts"}],"about":[{"href":"https:\/\/news.canadamotorjobs.com\/fr\/wp-json\/wp\/v2\/types\/post"}],"author":[{"embeddable":true,"href":"https:\/\/news.canadamotorjobs.com\/fr\/wp-json\/wp\/v2\/users\/8"}],"replies":[{"embeddable":true,"href":"https:\/\/news.canadamotorjobs.com\/fr\/wp-json\/wp\/v2\/comments?post=175494"}],"version-history":[{"count":2,"href":"https:\/\/news.canadamotorjobs.com\/fr\/wp-json\/wp\/v2\/posts\/175494\/revisions"}],"predecessor-version":[{"id":175498,"href":"https:\/\/news.canadamotorjobs.com\/fr\/wp-json\/wp\/v2\/posts\/175494\/revisions\/175498"}],"wp:featuredmedia":[{"embeddable":true,"href":"https:\/\/news.canadamotorjobs.com\/fr\/wp-json\/wp\/v2\/media\/175496"}],"wp:attachment":[{"href":"https:\/\/news.canadamotorjobs.com\/fr\/wp-json\/wp\/v2\/media?parent=175494"}],"wp:term":[{"taxonomy":"category","embeddable":true,"href":"https:\/\/news.canadamotorjobs.com\/fr\/wp-json\/wp\/v2\/categories?post=175494"},{"taxonomy":"post_tag","embeddable":true,"href":"https:\/\/news.canadamotorjobs.com\/fr\/wp-json\/wp\/v2\/tags?post=175494"}],"curies":[{"name":"wp","href":"https:\/\/api.w.org\/{rel}","templated":true}]}}