{"id":175467,"date":"2024-10-02T07:49:38","date_gmt":"2024-10-02T11:49:38","guid":{"rendered":"https:\/\/news.canadamotorjobs.com\/?p=175467"},"modified":"2024-10-02T07:59:21","modified_gmt":"2024-10-02T11:59:21","slug":"les-demandes-de-subventions-zev-federal-atteignent-un-sommet-en-2024","status":"publish","type":"post","link":"https:\/\/news.canadamotorjobs.com\/fr\/les-demandes-de-subventions-zev-federal-atteignent-un-sommet-en-2024\/","title":{"rendered":"Les demandes de subventions ZEV f\u00e9d\u00e9ral atteignent un sommet en 2024"},"content":{"rendered":"<\/p>\n<p>Les concessionnaires Chevrolet ont soumis 1 853 demandes de subventions pour l&#8217;Equinox EV arriv\u00e9 chez les concessionnaires ce printemps. Cela lui a permis de devancer la Tesla Model 3, avec ses 1 833 demandes.<\/p>\n<h3>La demande de v\u00e9hicules z\u00e9ro \u00e9mission au plus haut en 2024, port\u00e9e par le Qu\u00e9bec<\/h3>\n<p>\nEn ao\u00fbt 2024, les demandes de rabais pour v\u00e9hicules z\u00e9ro \u00e9mission (ZEV) ont atteint un sommet, aliment\u00e9es par une forte demande au Qu\u00e9bec. Le programme f\u00e9d\u00e9ral \u00ab Incitatifs pour les v\u00e9hicules \u00e0 \u00e9missions nulles \u00bb (iZEV) a enregistr\u00e9 un total de 20 801 demandes, selon les donn\u00e9es de Transports Canada. Le Qu\u00e9bec a repr\u00e9sent\u00e9 six demandes sur dix, bien qu&#8217;il ne compte que pour environ un quart de la population canadienne.<\/p>\n<h3>Tesla domine le march\u00e9, mais Chevrolet fait une perc\u00e9e<\/h3>\n<p>\nTesla a men\u00e9 le bal avec 3 323 r\u00e9clamations pour ses deux mod\u00e8les \u00e9ligibles, d\u00e9passant Toyota et Hyundai qui ont respectivement enregistr\u00e9 2 818 et 2 628 demandes.<\/p>\n<p><strong>Demandes d&#8217;incitatifs iZEV par marque :<\/strong><\/p>\n<table><\/p>\n<thead><\/p>\n<tr><\/p>\n<td><strong>Marque<\/strong><\/td>\n<p><\/p>\n<td><strong>Ao\u00fbt<\/strong><\/td>\n<p><\/p>\n<td><strong>Juillet<\/strong><\/td>\n<p><\/p>\n<td><strong>2024 cumulatif<\/strong><\/td>\n<p>\n<\/tr>\n<p>\n<\/thead>\n<p><\/p>\n<tbody><\/p>\n<tr><\/p>\n<td>Tesla<\/td>\n<p><\/p>\n<td>3 323<\/td>\n<p><\/p>\n<td>3 528<\/td>\n<p><\/p>\n<td>28 678<\/td>\n<p>\n<\/tr>\n<p><\/p>\n<tr><\/p>\n<td>Toyota<\/td>\n<p><\/p>\n<td>2 818<\/td>\n<p><\/p>\n<td>1 555<\/td>\n<p><\/p>\n<td>13 662<\/td>\n<p>\n<\/tr>\n<p><\/p>\n<tr><\/p>\n<td>Hyundai<\/td>\n<p><\/p>\n<td>2 628<\/td>\n<p><\/p>\n<td>2 579<\/td>\n<p><\/p>\n<td>17 290<\/td>\n<p>\n<\/tr>\n<p><\/p>\n<tr><\/p>\n<td>Chevrolet<\/td>\n<p><\/p>\n<td>2 408<\/td>\n<p><\/p>\n<td>2 160<\/td>\n<p><\/p>\n<td>8 948<\/td>\n<p>\n<\/tr>\n<p><\/p>\n<tr><\/p>\n<td>Ford<\/td>\n<p><\/p>\n<td>2 085<\/td>\n<p><\/p>\n<td>2 093<\/td>\n<p><\/p>\n<td>13 620<\/td>\n<p>\n<\/tr>\n<p><\/p>\n<tr><\/p>\n<td>Kia<\/td>\n<p><\/p>\n<td>1 799<\/td>\n<p><\/p>\n<td>1 616<\/td>\n<p><\/p>\n<td>11 612<\/td>\n<p>\n<\/tr>\n<p><\/p>\n<tr><\/p>\n<td>Mitsubishi<\/td>\n<p><\/p>\n<td>1 261<\/td>\n<p><\/p>\n<td>1 262<\/td>\n<p><\/p>\n<td>8 518<\/td>\n<p>\n<\/tr>\n<p><\/p>\n<tr><\/p>\n<td>Volkswagen<\/td>\n<p><\/p>\n<td>1 133<\/td>\n<p><\/p>\n<td>1 071<\/td>\n<p><\/p>\n<td>7 259<\/td>\n<p>\n<\/tr>\n<p><\/p>\n<tr><\/p>\n<td>Mazda<\/td>\n<p><\/p>\n<td>549<\/td>\n<p><\/p>\n<td>517<\/td>\n<p><\/p>\n<td>2 879<\/td>\n<p>\n<\/tr>\n<p><\/p>\n<tr><\/p>\n<td>Nissan<\/td>\n<p><\/p>\n<td>484<\/td>\n<p><\/p>\n<td>396<\/td>\n<p><\/p>\n<td>3 173<\/td>\n<p>\n<\/tr>\n<p><\/p>\n<tr><\/p>\n<td>Audi<\/td>\n<p><\/p>\n<td>370<\/td>\n<p><\/p>\n<td>339<\/td>\n<p><\/p>\n<td>2 686<\/td>\n<p>\n<\/tr>\n<p><\/p>\n<tr><\/p>\n<td>Vinfast<\/td>\n<p><\/p>\n<td>284<\/td>\n<p><\/p>\n<td>268<\/td>\n<p><\/p>\n<td>1 409<\/td>\n<p>\n<\/tr>\n<p><\/p>\n<tr><\/p>\n<td>Volvo<\/td>\n<p><\/p>\n<td>249<\/td>\n<p><\/p>\n<td>246<\/td>\n<p><\/p>\n<td>2 266<\/td>\n<p>\n<\/tr>\n<p><\/p>\n<tr><\/p>\n<td>Jeep<\/td>\n<p><\/p>\n<td>239<\/td>\n<p><\/p>\n<td>204<\/td>\n<p><\/p>\n<td>1 922<\/td>\n<p>\n<\/tr>\n<p><\/p>\n<tr><\/p>\n<td>Polestar<\/td>\n<p><\/p>\n<td>230<\/td>\n<p><\/p>\n<td>388<\/td>\n<p><\/p>\n<td>1 782<\/td>\n<p>\n<\/tr>\n<p><\/p>\n<tr><\/p>\n<td>\u00a0<\/td>\n<p><\/p>\n<td>\u00a0<\/td>\n<p><\/p>\n<td>\u00a0<\/td>\n<p><\/p>\n<td>\u00a0<\/td>\n<p>\n<\/tr>\n<p>\n<\/tbody>\n<p>\n<\/table>\n<p><\/p>\n<h3>L&#8217;Equinox EV prend la t\u00eate des v\u00e9hicules \u00e9lectriques \u00e0 batterie (BEV)<\/h3>\n<p>\nEn ao\u00fbt, l&#8217;Equinox EV a d\u00e9pass\u00e9 les Tesla Model Y et Model 3, marquant la premi\u00e8re fois cette ann\u00e9e qu&#8217;un mod\u00e8le non-Tesla occupe la premi\u00e8re place dans la cat\u00e9gorie des v\u00e9hicules \u00e9lectriques \u00e0 batterie. Chevrolet a enregistr\u00e9 1 853 demandes pour ce mod\u00e8le, contre 1 833 pour la Model 3.<\/p>\n<p><strong>Demandes d&#8217;incitatifs iZEV par BEV :<\/strong><\/p>\n<table><\/p>\n<thead><\/p>\n<tr><\/p>\n<td><strong>Mod\u00e8le<\/strong><\/td>\n<p><\/p>\n<td><strong>Ao\u00fbt<\/strong><\/td>\n<p><\/p>\n<td><strong>Juillet<\/strong><\/td>\n<p><\/p>\n<td><strong>2024 cumulatif<\/strong><\/td>\n<p>\n<\/tr>\n<p>\n<\/thead>\n<p><\/p>\n<tbody><\/p>\n<tr><\/p>\n<td>Chevrolet Equinox EV<\/td>\n<p><\/p>\n<td>1 853<\/td>\n<p><\/p>\n<td>1 500<\/td>\n<p><\/p>\n<td>3 815<\/td>\n<p>\n<\/tr>\n<p><\/p>\n<tr><\/p>\n<td>Tesla Model 3<\/td>\n<p><\/p>\n<td>1 833<\/td>\n<p><\/p>\n<td>1 650<\/td>\n<p><\/p>\n<td>9 490<\/td>\n<p>\n<\/tr>\n<p><\/p>\n<tr><\/p>\n<td>Tesla Model Y<\/td>\n<p><\/p>\n<td>1 490<\/td>\n<p><\/p>\n<td>1 878<\/td>\n<p><\/p>\n<td>19 188<\/td>\n<p>\n<\/tr>\n<p><\/p>\n<tr><\/p>\n<td>Hyundai Ioniq 5<\/td>\n<p><\/p>\n<td>1 199<\/td>\n<p><\/p>\n<td>1 133<\/td>\n<p><\/p>\n<td>6 361<\/td>\n<p>\n<\/tr>\n<p><\/p>\n<tr><\/p>\n<td>Volkswagen ID.4<\/td>\n<p><\/p>\n<td>1 133<\/td>\n<p><\/p>\n<td>1 071<\/td>\n<p><\/p>\n<td>7 259<\/td>\n<p>\n<\/tr>\n<p><\/p>\n<tr><\/p>\n<td>Hyundai Kona EV<\/td>\n<p><\/p>\n<td>926<\/td>\n<p><\/p>\n<td>779<\/td>\n<p><\/p>\n<td>6 504<\/td>\n<p>\n<\/tr>\n<p><\/p>\n<tr><\/p>\n<td>Toyota bZ4X<\/td>\n<p><\/p>\n<td>924<\/td>\n<p><\/p>\n<td>533<\/td>\n<p><\/p>\n<td>4 070<\/td>\n<p>\n<\/tr>\n<p><\/p>\n<tr><\/p>\n<td>Ford Mach e<\/td>\n<p><\/p>\n<td>693<\/td>\n<p><\/p>\n<td>803<\/td>\n<p><\/p>\n<td>6 813<\/td>\n<p>\n<\/tr>\n<p><\/p>\n<tr><\/p>\n<td>Ford F-150 Lightning<\/td>\n<p><\/p>\n<td>580<\/td>\n<p><\/p>\n<td>543<\/td>\n<p><\/p>\n<td>1 928<\/td>\n<p>\n<\/tr>\n<p><\/p>\n<tr><\/p>\n<td>Kia EV6<\/td>\n<p><\/p>\n<td>572<\/td>\n<p><\/p>\n<td>590<\/td>\n<p><\/p>\n<td>4 209<\/td>\n<p>\n<\/tr>\n<p>\n<\/tbody>\n<p>\n<\/table>\n<p><\/p>\n<h3>Les v\u00e9hicules hybrides rechargeables (PHEV) restent stables<\/h3>\n<p>\nLe classement des v\u00e9hicules hybrides rechargeables n&#8217;a pas chang\u00e9 en ao\u00fbt. Mitsubishi a soumis 1 261 demandes pour l&#8217;Outlander PHEV, suivi par Toyota avec 1 164 demandes pour le Rav4 PHEV, et Ford avec 794 demandes pour l&#8217;Escape PHEV.<\/p>\n<p><strong>Demandes d&#8217;incitatifs iZEV par PHEV :<\/strong><\/p>\n<table><\/p>\n<thead><\/p>\n<tr><\/p>\n<td><strong>Mod\u00e8le<\/strong><\/td>\n<p><\/p>\n<td><strong>Ao\u00fbt<\/strong><\/td>\n<p><\/p>\n<td><strong>Juillet<\/strong><\/td>\n<p><\/p>\n<td><strong>2024 cumulatif<\/strong><\/td>\n<p>\n<\/tr>\n<p>\n<\/thead>\n<p><\/p>\n<tbody><\/p>\n<tr><\/p>\n<td>Mitsubishi Outlander PHEV<\/td>\n<p><\/p>\n<td>1 261<\/td>\n<p><\/p>\n<td>1 262<\/td>\n<p><\/p>\n<td>8 518<\/td>\n<p>\n<\/tr>\n<p><\/p>\n<tr><\/p>\n<td>Toyota Rav4 PHEV<\/td>\n<p><\/p>\n<td>1 164<\/td>\n<p><\/p>\n<td>851<\/td>\n<p><\/p>\n<td>6 676<\/td>\n<p>\n<\/tr>\n<p><\/p>\n<tr><\/p>\n<td>Ford Escape PHEV<\/td>\n<p><\/p>\n<td>794<\/td>\n<p><\/p>\n<td>734<\/td>\n<p><\/p>\n<td>4 592<\/td>\n<p>\n<\/tr>\n<p><\/p>\n<tr><\/p>\n<td>Toyota Prius Prime PHEV<\/td>\n<p><\/p>\n<td>730<\/td>\n<p><\/p>\n<td>170<\/td>\n<p><\/p>\n<td>2 914<\/td>\n<p>\n<\/tr>\n<p><\/p>\n<tr><\/p>\n<td>Mazda CX-90<\/td>\n<p><\/p>\n<td>418<\/td>\n<p><\/p>\n<td>362<\/td>\n<p><\/p>\n<td>2 195<\/td>\n<p>\n<\/tr>\n<p><\/p>\n<tr><\/p>\n<td>Hyundai Tucson PHEV<\/td>\n<p><\/p>\n<td>239<\/td>\n<p><\/p>\n<td>360<\/td>\n<p><\/p>\n<td>2 084<\/td>\n<p>\n<\/tr>\n<p><\/p>\n<tr><\/p>\n<td>Jeep Wrangler 4xe PHEV<\/td>\n<p><\/p>\n<td>238<\/td>\n<p><\/p>\n<td>203<\/td>\n<p><\/p>\n<td>1 920<\/td>\n<p>\n<\/tr>\n<p><\/p>\n<tr><\/p>\n<td>Kia Niro PHEV<\/td>\n<p><\/p>\n<td>200<\/td>\n<p><\/p>\n<td>197<\/td>\n<p><\/p>\n<td>866<\/td>\n<p>\n<\/tr>\n<p><\/p>\n<tr><\/p>\n<td>Kia Sorento PHEV<\/td>\n<p><\/p>\n<td>160<\/td>\n<p><\/p>\n<td>138<\/td>\n<p><\/p>\n<td>338<\/td>\n<p>\n<\/tr>\n<p><\/p>\n<tr><\/p>\n<td>Kia Sportage PHEV<\/td>\n<p><\/p>\n<td>137<\/td>\n<p><\/p>\n<td>89<\/td>\n<p><\/p>\n<td>1 058<\/td>\n<p>\n<\/tr>\n<p>\n<\/tbody>\n<p>\n<\/table>\n<p><\/p>\n<h3><\/h3>\n<p><\/p>\n<h3>Le Qu\u00e9bec domine le march\u00e9 des ZEV avec des politiques incitatives<\/h3>\n<p>\nLes demandes de rabais sont rest\u00e9es relativement stables dans la plupart des provinces en ao\u00fbt, \u00e0 l&#8217;exception du Qu\u00e9bec o\u00f9 12 528 r\u00e9clamations ont \u00e9t\u00e9 enregistr\u00e9es, soit pr\u00e8s de 2 000 de plus qu&#8217;en juillet. Le Qu\u00e9bec est historiquement leader dans les volumes de ZEV, repr\u00e9sentant g\u00e9n\u00e9ralement entre 50 et 55 % des demandes mensuelles. La forte demande en ao\u00fbt pourrait \u00eatre attribu\u00e9e aux changements \u00e0 venir dans les politiques provinciales : \u00e0 partir de 2025, le rabais maximal offert par le gouvernement qu\u00e9b\u00e9cois passera de 7 000 $ \u00e0 4 000 $, ce qui a probablement incit\u00e9 de nombreux acheteurs \u00e0 avancer leurs achats.<\/p>\n<p><strong>Demandes d&#8217;incitatifs iZEV par province :<\/strong><\/p>\n<table><\/p>\n<thead><\/p>\n<tr><\/p>\n<td><strong>Province<\/strong><\/td>\n<p><\/p>\n<td><strong>Ao\u00fbt<\/strong><\/td>\n<p><\/p>\n<td><strong>Juillet<\/strong><\/td>\n<p><\/p>\n<td><strong>2024 cumulatif<\/strong><\/td>\n<p>\n<\/tr>\n<p>\n<\/thead>\n<p><\/p>\n<tbody><\/p>\n<tr><\/p>\n<td>Canada<\/td>\n<p><\/p>\n<td>20 801<\/td>\n<p><\/p>\n<td>19 007<\/td>\n<p><\/p>\n<td>131 426<\/td>\n<p>\n<\/tr>\n<p><\/p>\n<tr><\/p>\n<td>Qu\u00e9bec<\/td>\n<p><\/p>\n<td>12 528<\/td>\n<p><\/p>\n<td>10 697<\/td>\n<p><\/p>\n<td>73 462<\/td>\n<p>\n<\/tr>\n<p><\/p>\n<tr><\/p>\n<td>Colombie-Britannique<\/td>\n<p><\/p>\n<td>3 454<\/td>\n<p><\/p>\n<td>3 529<\/td>\n<p><\/p>\n<td>24 259<\/td>\n<p>\n<\/tr>\n<p><\/p>\n<tr><\/p>\n<td>Ontario<\/td>\n<p><\/p>\n<td>3 369<\/td>\n<p><\/p>\n<td>3 287<\/td>\n<p><\/p>\n<td>24 253<\/td>\n<p>\n<\/tr>\n<p><\/p>\n<tr><\/p>\n<td>Alberta<\/td>\n<p><\/p>\n<td>542<\/td>\n<p><\/p>\n<td>541<\/td>\n<p><\/p>\n<td>3 693<\/td>\n<p>\n<\/tr>\n<p><\/p>\n<tr><\/p>\n<td>Nouveau-Brunswick<\/td>\n<p><\/p>\n<td>245<\/td>\n<p><\/p>\n<td>228<\/td>\n<p><\/p>\n<td>1 512<\/td>\n<p>\n<\/tr>\n<p><\/p>\n<tr><\/p>\n<td>Nouvelle-\u00c9cosse<\/td>\n<p><\/p>\n<td>211<\/td>\n<p><\/p>\n<td>207<\/td>\n<p><\/p>\n<td>1 348<\/td>\n<p>\n<\/tr>\n<p><\/p>\n<tr><\/p>\n<td>Manitoba<\/td>\n<p><\/p>\n<td>199<\/td>\n<p><\/p>\n<td>241<\/td>\n<p><\/p>\n<td>1 234<\/td>\n<p>\n<\/tr>\n<p><\/p>\n<tr><\/p>\n<td>Saskatchewan<\/td>\n<p><\/p>\n<td>93<\/td>\n<p><\/p>\n<td>97<\/td>\n<p><\/p>\n<td>605<\/td>\n<p>\n<\/tr>\n<p><\/p>\n<tr><\/p>\n<td>Terre-Neuve-et-Labrador<\/td>\n<p><\/p>\n<td>74<\/td>\n<p><\/p>\n<td>79<\/td>\n<p><\/p>\n<td>485<\/td>\n<p>\n<\/tr>\n<p><\/p>\n<tr><\/p>\n<td>\u00cele-du-Prince-\u00c9douard<\/td>\n<p><\/p>\n<td>70<\/td>\n<p><\/p>\n<td>78<\/td>\n<p><\/p>\n<td>437<\/td>\n<p>\n<\/tr>\n<p><\/p>\n<tr><\/p>\n<td>Yukon<\/td>\n<p><\/p>\n<td>12<\/td>\n<p><\/p>\n<td>16<\/td>\n<p><\/p>\n<td>114<\/td>\n<p>\n<\/tr>\n<p><\/p>\n<tr><\/p>\n<td>Territoires du Nord-Ouest<\/td>\n<p><\/p>\n<td>4<\/td>\n<p><\/p>\n<td>7<\/td>\n<p><\/p>\n<td>23<\/td>\n<p>\n<\/tr>\n<p><\/p>\n<tr><\/p>\n<td>Nunavut<\/td>\n<p><\/p>\n<td>0<\/td>\n<p><\/p>\n<td>0<\/td>\n<p><\/p>\n<td>1<\/td>\n<p>\n<\/tr>\n<p>\n<\/tbody>\n<p>\n<\/table>\n<p>\n<em>Source : Transports Canada<\/em><\/p>\n<p>\u00a0<\/p>\n<p>Le texte <a rel=\"nofollow\" href=\"https:\/\/annuelauto.ca\/les-demandes-de-subventions-zev-federal-atteignent-un-sommet-en-2024\/\">Les demandes de subventions ZEV f\u00e9d\u00e9ral atteignent un sommet en 2024<\/a> provient de <a rel=\"nofollow\" href=\"https:\/\/annuelauto.ca\">L&#8217;annuel de l&#8217;automobile &#8211; Actualit\u00e9 automobile<\/a><\/p>\n<p><\/p>\n","protected":false},"excerpt":{"rendered":"<p>Les concessionnaires Chevrolet ont soumis 1 853 demandes de subventions pour l&#8217;Equinox EV arriv\u00e9 chez les concessionnaires ce printemps. Cela lui a permis de devancer la Tesla Model 3, avec ses 1 833 demandes. La demande de v\u00e9hicules z\u00e9ro \u00e9mission au plus haut en 2024, port\u00e9e par le Qu\u00e9bec En ao\u00fbt 2024, les demandes de [&hellip;]<\/p>\n","protected":false},"author":8,"featured_media":175469,"comment_status":"close","ping_status":"closed","sticky":false,"template":"","format":"standard","meta":{"_monsterinsights_skip_tracking":false,"_monsterinsights_sitenote_active":false,"_monsterinsights_sitenote_note":"","_monsterinsights_sitenote_category":0,"footnotes":""},"categories":[101],"tags":[],"yoast_head":"<!-- This site is optimized with the Yoast SEO plugin v23.2 - https:\/\/yoast.com\/wordpress\/plugins\/seo\/ -->\n<title>Les demandes de subventions ZEV f\u00e9d\u00e9ral atteignent un sommet en 2024 - CanadaMotorJobs.com<\/title>\n<meta name=\"description\" content=\"Les demandes de subventions ZEV f\u00e9d\u00e9ral atteignent un sommet en 2024 - Benoit Charette - Annuel automobile - CanadaMotorJobs.com.\" \/>\n<meta name=\"robots\" content=\"index, follow, max-snippet:-1, max-image-preview:large, max-video-preview:-1\" \/>\n<meta property=\"og:locale\" content=\"fr_CA\" \/>\n<meta property=\"og:type\" content=\"article\" \/>\n<meta property=\"og:title\" content=\"Les demandes de subventions ZEV f\u00e9d\u00e9ral atteignent un sommet en 2024 - CanadaMotorJobs.com\" \/>\n<meta property=\"og:description\" content=\"Les demandes de subventions ZEV f\u00e9d\u00e9ral atteignent un sommet en 2024 - Benoit Charette - Annuel automobile - CanadaMotorJobs.com.\" \/>\n<meta property=\"og:url\" content=\"https:\/\/news.canadamotorjobs.com\/fr\/les-demandes-de-subventions-zev-federal-atteignent-un-sommet-en-2024\/\" \/>\n<meta property=\"og:site_name\" content=\"CanadaMotorJobs.com\" \/>\n<meta property=\"article:publisher\" content=\"https:\/\/www.facebook.com\/canadamotorjobs\/\" \/>\n<meta property=\"article:published_time\" content=\"2024-10-02T11:49:38+00:00\" \/>\n<meta property=\"article:modified_time\" content=\"2024-10-02T11:59:21+00:00\" \/>\n<meta property=\"og:image\" content=\"https:\/\/news.canadamotorjobs.com\/wp-content\/uploads\/2024\/10\/2024-chevrolet-equinox-ev-3lt-1171718647279463.jpg\" \/>\n\t<meta property=\"og:image:width\" content=\"1600\" \/>\n\t<meta property=\"og:image:height\" content=\"1067\" \/>\n\t<meta property=\"og:image:type\" content=\"image\/jpeg\" \/>\n<meta name=\"author\" content=\"Benoit Charette\" \/>\n<meta name=\"twitter:card\" content=\"summary_large_image\" \/>\n<meta name=\"twitter:creator\" content=\"@canadamotorjobs\" \/>\n<meta name=\"twitter:site\" content=\"@canadamotorjobs\" \/>\n<meta name=\"twitter:label1\" content=\"\u00c9crit par\" \/>\n\t<meta name=\"twitter:data1\" content=\"Benoit Charette\" \/>\n\t<meta name=\"twitter:label2\" content=\"Estimation du temps de lecture\" \/>\n\t<meta name=\"twitter:data2\" content=\"3 minutes\" \/>\n<!-- \/ Yoast SEO plugin. -->","yoast_head_json":{"title":"Les demandes de subventions ZEV f\u00e9d\u00e9ral atteignent un sommet en 2024 - CanadaMotorJobs.com","description":"Les demandes de subventions ZEV f\u00e9d\u00e9ral atteignent un sommet en 2024 - Benoit Charette - Annuel automobile - CanadaMotorJobs.com.","robots":{"index":"index","follow":"follow","max-snippet":"max-snippet:-1","max-image-preview":"max-image-preview:large","max-video-preview":"max-video-preview:-1"},"og_locale":"fr_CA","og_type":"article","og_title":"Les demandes de subventions ZEV f\u00e9d\u00e9ral atteignent un sommet en 2024 - CanadaMotorJobs.com","og_description":"Les demandes de subventions ZEV f\u00e9d\u00e9ral atteignent un sommet en 2024 - Benoit Charette - Annuel automobile - CanadaMotorJobs.com.","og_url":"https:\/\/news.canadamotorjobs.com\/fr\/les-demandes-de-subventions-zev-federal-atteignent-un-sommet-en-2024\/","og_site_name":"CanadaMotorJobs.com","article_publisher":"https:\/\/www.facebook.com\/canadamotorjobs\/","article_published_time":"2024-10-02T11:49:38+00:00","article_modified_time":"2024-10-02T11:59:21+00:00","og_image":[{"width":1600,"height":1067,"url":"https:\/\/news.canadamotorjobs.com\/wp-content\/uploads\/2024\/10\/2024-chevrolet-equinox-ev-3lt-1171718647279463.jpg","type":"image\/jpeg"}],"author":"Benoit Charette","twitter_card":"summary_large_image","twitter_creator":"@canadamotorjobs","twitter_site":"@canadamotorjobs","twitter_misc":{"\u00c9crit par":"Benoit Charette","Estimation du temps de lecture":"3 minutes"},"schema":{"@context":"https:\/\/schema.org","@graph":[{"@type":"Article","@id":"https:\/\/news.canadamotorjobs.com\/fr\/les-demandes-de-subventions-zev-federal-atteignent-un-sommet-en-2024\/#article","isPartOf":{"@id":"https:\/\/news.canadamotorjobs.com\/fr\/les-demandes-de-subventions-zev-federal-atteignent-un-sommet-en-2024\/"},"author":{"name":"Benoit Charette","@id":"https:\/\/news.canadamotorjobs.com\/#\/schema\/person\/51793d1f87d44011d7bcc2ed99269a90"},"headline":"Les demandes de subventions ZEV f\u00e9d\u00e9ral atteignent un sommet en 2024","datePublished":"2024-10-02T11:49:38+00:00","dateModified":"2024-10-02T11:59:21+00:00","mainEntityOfPage":{"@id":"https:\/\/news.canadamotorjobs.com\/fr\/les-demandes-de-subventions-zev-federal-atteignent-un-sommet-en-2024\/"},"wordCount":563,"publisher":{"@id":"https:\/\/news.canadamotorjobs.com\/#organization"},"image":{"@id":"https:\/\/news.canadamotorjobs.com\/fr\/les-demandes-de-subventions-zev-federal-atteignent-un-sommet-en-2024\/#primaryimage"},"thumbnailUrl":"https:\/\/news.canadamotorjobs.com\/wp-content\/uploads\/2024\/10\/2024-chevrolet-equinox-ev-3lt-1171718647279463.jpg","articleSection":["Annuel automobile"],"inLanguage":"fr-CA"},{"@type":"WebPage","@id":"https:\/\/news.canadamotorjobs.com\/fr\/les-demandes-de-subventions-zev-federal-atteignent-un-sommet-en-2024\/","url":"https:\/\/news.canadamotorjobs.com\/fr\/les-demandes-de-subventions-zev-federal-atteignent-un-sommet-en-2024\/","name":"Les demandes de subventions ZEV f\u00e9d\u00e9ral atteignent un sommet en 2024 - CanadaMotorJobs.com","isPartOf":{"@id":"https:\/\/news.canadamotorjobs.com\/#website"},"primaryImageOfPage":{"@id":"https:\/\/news.canadamotorjobs.com\/fr\/les-demandes-de-subventions-zev-federal-atteignent-un-sommet-en-2024\/#primaryimage"},"image":{"@id":"https:\/\/news.canadamotorjobs.com\/fr\/les-demandes-de-subventions-zev-federal-atteignent-un-sommet-en-2024\/#primaryimage"},"thumbnailUrl":"https:\/\/news.canadamotorjobs.com\/wp-content\/uploads\/2024\/10\/2024-chevrolet-equinox-ev-3lt-1171718647279463.jpg","datePublished":"2024-10-02T11:49:38+00:00","dateModified":"2024-10-02T11:59:21+00:00","description":"Les demandes de subventions ZEV f\u00e9d\u00e9ral atteignent un sommet en 2024 - Benoit Charette - Annuel automobile - CanadaMotorJobs.com.","breadcrumb":{"@id":"https:\/\/news.canadamotorjobs.com\/fr\/les-demandes-de-subventions-zev-federal-atteignent-un-sommet-en-2024\/#breadcrumb"},"inLanguage":"fr-CA","potentialAction":[{"@type":"ReadAction","target":["https:\/\/news.canadamotorjobs.com\/fr\/les-demandes-de-subventions-zev-federal-atteignent-un-sommet-en-2024\/"]}]},{"@type":"ImageObject","inLanguage":"fr-CA","@id":"https:\/\/news.canadamotorjobs.com\/fr\/les-demandes-de-subventions-zev-federal-atteignent-un-sommet-en-2024\/#primaryimage","url":"https:\/\/news.canadamotorjobs.com\/wp-content\/uploads\/2024\/10\/2024-chevrolet-equinox-ev-3lt-1171718647279463.jpg","contentUrl":"https:\/\/news.canadamotorjobs.com\/wp-content\/uploads\/2024\/10\/2024-chevrolet-equinox-ev-3lt-1171718647279463.jpg","width":1600,"height":1067},{"@type":"BreadcrumbList","@id":"https:\/\/news.canadamotorjobs.com\/fr\/les-demandes-de-subventions-zev-federal-atteignent-un-sommet-en-2024\/#breadcrumb","itemListElement":[{"@type":"ListItem","position":1,"name":"Home","item":"https:\/\/news.canadamotorjobs.com\/fr\/blog\/"},{"@type":"ListItem","position":2,"name":"Les demandes de subventions ZEV f\u00e9d\u00e9ral atteignent un sommet en 2024"}]},{"@type":"WebSite","@id":"https:\/\/news.canadamotorjobs.com\/#website","url":"https:\/\/news.canadamotorjobs.com\/","name":"CanadaMotorJobs.com","description":"Automotive Jobs","publisher":{"@id":"https:\/\/news.canadamotorjobs.com\/#organization"},"potentialAction":[{"@type":"SearchAction","target":{"@type":"EntryPoint","urlTemplate":"https:\/\/news.canadamotorjobs.com\/?s={search_term_string}"},"query-input":"required name=search_term_string"}],"inLanguage":"fr-CA"},{"@type":"Organization","@id":"https:\/\/news.canadamotorjobs.com\/#organization","name":"Canada Motor Jobs","url":"https:\/\/news.canadamotorjobs.com\/","logo":{"@type":"ImageObject","inLanguage":"fr-CA","@id":"https:\/\/news.canadamotorjobs.com\/#\/schema\/logo\/image\/","url":"https:\/\/news.canadamotorjobs.com\/wp-content\/uploads\/2022\/10\/logo-canada-motor-jobs-1.png","contentUrl":"https:\/\/news.canadamotorjobs.com\/wp-content\/uploads\/2022\/10\/logo-canada-motor-jobs-1.png","width":800,"height":400,"caption":"Canada Motor Jobs"},"image":{"@id":"https:\/\/news.canadamotorjobs.com\/#\/schema\/logo\/image\/"},"sameAs":["https:\/\/www.facebook.com\/canadamotorjobs\/","https:\/\/x.com\/canadamotorjobs","https:\/\/www.instagram.com\/canadamotorjobs\/","https:\/\/www.linkedin.com\/company\/canadamotorjobs"]},{"@type":"Person","@id":"https:\/\/news.canadamotorjobs.com\/#\/schema\/person\/51793d1f87d44011d7bcc2ed99269a90","name":"Benoit Charette","image":{"@type":"ImageObject","inLanguage":"fr-CA","@id":"https:\/\/news.canadamotorjobs.com\/#\/schema\/person\/image\/","url":"https:\/\/secure.gravatar.com\/avatar\/45f3d2eebcccd909668d7ce7ea7267b6?s=96&d=mm&r=g","contentUrl":"https:\/\/secure.gravatar.com\/avatar\/45f3d2eebcccd909668d7ce7ea7267b6?s=96&d=mm&r=g","caption":"Benoit Charette"},"description":"Benoit Charette \/ Propri\u00e9taire et r\u00e9dacteur en chef Benoit Charette pratique le journalisme automobile depuis bient\u00f4t 30 ans. Il a fait ses classes au c\u00f4t\u00e9 de Daniel H\u00e9raud et au Carnet de route de 1992 \u00e0 2001. Il est fondateur, copropri\u00e9taire et r\u00e9dacteur en chef de L\u2019Annuel de l\u2019automobile, qu\u2019il publie depuis 2001. Il a anim\u00e9 les \u00e9missions RPM et RPM+ sur V et les L\u00e9gendes de la route sur Historia. \u00c0 la radio depuis 1986, il reprend l\u2019antenne cette ann\u00e9e sur les ondes de Cogeco et participe pour la deuxi\u00e8me ann\u00e9e \u00e0 l\u2019\u00e9mission Passion Auto sur RDS en plus de mettre en ligne le site Web officiel de L\u2019Annuel de l\u2019automobile sur annuelauto.ca.","sameAs":["https:\/\/annuelauto.ca\/"],"url":"https:\/\/news.canadamotorjobs.com\/fr\/author\/benoit-charette\/"}]}},"_links":{"self":[{"href":"https:\/\/news.canadamotorjobs.com\/fr\/wp-json\/wp\/v2\/posts\/175467"}],"collection":[{"href":"https:\/\/news.canadamotorjobs.com\/fr\/wp-json\/wp\/v2\/posts"}],"about":[{"href":"https:\/\/news.canadamotorjobs.com\/fr\/wp-json\/wp\/v2\/types\/post"}],"author":[{"embeddable":true,"href":"https:\/\/news.canadamotorjobs.com\/fr\/wp-json\/wp\/v2\/users\/8"}],"replies":[{"embeddable":true,"href":"https:\/\/news.canadamotorjobs.com\/fr\/wp-json\/wp\/v2\/comments?post=175467"}],"version-history":[{"count":2,"href":"https:\/\/news.canadamotorjobs.com\/fr\/wp-json\/wp\/v2\/posts\/175467\/revisions"}],"predecessor-version":[{"id":175471,"href":"https:\/\/news.canadamotorjobs.com\/fr\/wp-json\/wp\/v2\/posts\/175467\/revisions\/175471"}],"wp:featuredmedia":[{"embeddable":true,"href":"https:\/\/news.canadamotorjobs.com\/fr\/wp-json\/wp\/v2\/media\/175469"}],"wp:attachment":[{"href":"https:\/\/news.canadamotorjobs.com\/fr\/wp-json\/wp\/v2\/media?parent=175467"}],"wp:term":[{"taxonomy":"category","embeddable":true,"href":"https:\/\/news.canadamotorjobs.com\/fr\/wp-json\/wp\/v2\/categories?post=175467"},{"taxonomy":"post_tag","embeddable":true,"href":"https:\/\/news.canadamotorjobs.com\/fr\/wp-json\/wp\/v2\/tags?post=175467"}],"curies":[{"name":"wp","href":"https:\/\/api.w.org\/{rel}","templated":true}]}}