{"id":175456,"date":"2024-10-02T07:36:08","date_gmt":"2024-10-02T11:36:08","guid":{"rendered":"https:\/\/news.canadamotorjobs.com\/?p=175456"},"modified":"2024-10-02T07:44:34","modified_gmt":"2024-10-02T11:44:34","slug":"genesis-g80-electrique-la-voiture-qui-se-conduit-comme-un-vus","status":"publish","type":"post","link":"https:\/\/news.canadamotorjobs.com\/fr\/genesis-g80-electrique-la-voiture-qui-se-conduit-comme-un-vus\/","title":{"rendered":"Genesis\u00a0G80 \u00e9lectrique\u00a0: la voiture qui se conduit comme un VUS"},"content":{"rendered":"<\/p>\n<p>Lorsqu\u2019on vous d\u00e9crit le comportement d\u2019un VUS, on mentionne souvent, lorsque ce dernier est int\u00e9ressant, qu\u2019il se conduit comme une voiture. Rarement rencontre-t-on la situation inverse.<\/p>\n<p>C\u2019est pourtant la sensation que j\u2019ai ressentie en passant une semaine au volant de la version \u00e9lectrique de la Genesis\u00a0G80. Voici quelques impressions sur une voiture \u00e9lectrique certes int\u00e9ressante, mais qui est beaucoup trop ch\u00e8re\u2026 et qui tra\u00eene un autre probl\u00e8me inh\u00e9rent aux v\u00e9hicules \u00e9lectriques actuels.<\/p>\n<p>Et le mot \u00ab\u2009beaucoup\u2009\u00bb est faible.<\/p>\n<h3><strong>La cousine de l\u2019autre<\/strong><\/h3>\n<p>\nJe ne vous apprends rien en vous disant que la Genesis\u00a0G80 \u00e9lectrique est la cousine de la\u2026 Genesis\u00a0G80. Si l\u2019on voit ailleurs des mod\u00e8les \u00e9lectriques utiliser le m\u00eame nom que leur variante \u00e0 essence, les styles sont souvent bien diff\u00e9rents. Ce n\u2019est pas le cas chez Genesis, alors qu\u2019on s\u2019est efforc\u00e9, avec les deux mod\u00e8les \u00e9lectriques actuels qui sont bas\u00e9s sur des d\u00e9clinaisons \u00e0 essence (l\u2019autre \u00e9tant le VUS\u00a0GV70 \u00e9lectrique), de conserver le style pratiquement intact.<\/p>\n<p>Pour reconna\u00eetre la variante \u00e9lectrique avec cette G80, un regard du c\u00f4t\u00e9 des jantes pourrait suffire, tout comme une analyse de la grille ferm\u00e9e \u00e0 l\u2019avant (mais qui emprunte le m\u00eame motif). Le bouclier est aussi l\u00e9g\u00e8rement distinct avec le mod\u00e8le \u00e9lectrique.<\/p>\n<p>Si vous cherchez une voiture \u00e9lectrique qui va passer inaper\u00e7ue, il est difficile de trouver mieux.<\/p>\n<p>\u00c9videmment, \u00e0 l\u2019int\u00e9rieur, on n\u2019y voit que du feu. Seul l\u2019affichage des informations relatives \u00e0 la performance \u00e9lectrique du v\u00e9hicule vend la m\u00e8che.<\/p>\n<h3><strong>La technique<\/strong><\/h3>\n<p>\nTechniquement, \u00e9videmment, c\u2019est le jour et la nuit avec cette configuration \u00e9lectrique qui met \u00e0 profit une batterie de 87,2\u00a0kWh, et qui annonce une autonomie de 454\u00a0kilom\u00e8tres. Bonne nouvelle, avec les conditions id\u00e9ales rencontr\u00e9es au mois de septembre, mes recharges se sont sold\u00e9es par des autonomies affich\u00e9es variant entre 484 et 515\u00a0km.<\/p>\n<p>Des distances atteignables, avec une conduite coul\u00e9e et pas trop agressive. M\u00eame que sur des rangs de campagne, mes r\u00e9sultats \u00e9taient 10\u00a0% sup\u00e9rieurs \u00e0 ce qui \u00e9tait affich\u00e9 (c\u2019est-\u00e0-dire moins d\u2019un kilom\u00e8tre d\u2019autonomie perdue pour un kilom\u00e8tre parcouru).<\/p>\n<p>L\u2019hiver cependant, mon exp\u00e9rience avec les produits Genesis a \u00e9t\u00e9 moins reluisante, alors que les pertes sont importantes par temps froid, notamment lors de conduite sur autoroute.<\/p>\n<h3><strong>Au volant<\/strong><\/h3>\n<p>\nAu volant, le confort r\u00e8gne aux commandes de ce mod\u00e8le. On ne peut rien lui reprocher \u00e0 ce chapitre, en fait. L\u00e0 o\u00f9 le b\u00e2t blesse, c\u2019est que l\u2019on n\u2019a pas trop l\u2019impression de conduire une berline, en raison de deux \u00e9l\u00e9ments distincts.<\/p>\n<p>D\u2019abord, un probl\u00e8me avec plusieurs produits Genesis, la position de conduite est \u00e9lev\u00e9e. Si vous aimez vous abaisser au maximum pour conduire, vous allez rester sur votre app\u00e9tit. La chose a \u00e9galement \u00e9t\u00e9 remarqu\u00e9e au volant du GV70, ainsi que du nouveau\u00a0GV80 Coupe.<\/p>\n<p>\u00c7a manque d\u2019ajustements.<\/p>\n<p>Puis, combinez \u00e0 cela le surpoids de cette version tout \u00e9lectrique. La d\u00e9clinaison \u00e0 moteur\u00a04-cylindres de la G80 fait osciller la balance \u00e0 1865\u00a0kg. Le poids de la livr\u00e9e \u00e9lectrique est de 2289\u00a0kg, soit 424\u00a0kg additionnels, ou 935\u00a0livres.<\/p>\n<p>C\u2019est \u00e9norme, et \u00e7a se ressent derri\u00e8re le volant. Une position de conduite \u00e9lev\u00e9e et le poids d\u2019un VUS\u2026 et \u00e7a nous donnent l\u2019impression de conduire un utilitaire. Ce n\u2019est pas ce que l\u2019on recherche \u00e0 l\u2019achat d\u2019une VOITURE \u00e9lectrique.<\/p>\n<p>La Ioniq\u00a06, chez la maison-m\u00e8re Hyundai, ne donne pas cette impression. \u00c0 1915\u00a0kg en configuration \u00e0 traction, ou 2024\u00a0kg avec le rouage int\u00e9gral (comme la G80 \u00e9lectrique), c\u2019est plus \u00ab\u2009raisonnable\u2009\u00bb.<\/p>\n<h3>Le prix<\/h3>\n<p>\nL\u2019autre probl\u00e8me avec cette G80 \u00e9lectrique, c\u2019est son prix. Et n\u2019allez pas croire que j\u2019attaque ici le march\u00e9 de la voiture haut de gamme. Les gens qui recherchent des v\u00e9hicules dans cette cat\u00e9gorie sont pr\u00eats \u00e0 payer.<\/p>\n<p>Cependant, la G80 \u00e9lectrique est offerte \u00e0 un prix unique de 105\u2009150\u00a0$ au pays, une facture stratosph\u00e9rique lorsqu\u2019on la compare \u00e0 celle de la version \u00e0 essence du mod\u00e8le. La variante \u00e0 moteur\u00a04-cylindres est \u00e0 70\u2009150\u00a0$, celle \u00e0 m\u00e9canique\u00a0V6, 83\u2009650\u00a0$.<\/p>\n<p>On parle de 35\u2009000\u00a0$ d\u2019\u00e9cart. Qu\u2019importe les \u00e9conomies qui seront r\u00e9alis\u00e9es \u00e0 la pompe avec la version \u00e9lectrique (qui n\u2019est pas admissible aux subventions), le jeu n\u2019en vaut pas la chandelle.<\/p>\n<p>Et Genesis le sait. Lors d\u2019un \u00e9v\u00e9nement survenu il y a 18\u00a0mois, un des dirigeants nous avait confi\u00e9, \u00e0 mots couverts, que la compagnie savait tr\u00e8s bien que sa proposition \u00e9tait trop ch\u00e8re, mais qu\u2019elle se devait quand m\u00eame de l\u2019offrir, pour des raisons \u00e9videntes reli\u00e9es aux r\u00e8gles environnementales.<\/p>\n<h3>Conclusion<\/h3>\n<p>\nCompl\u00e8te en mati\u00e8re d\u2019\u00e9quipement, et offrant une autonomie \u00e9lectrique attrayante, en plus d\u2019une douceur de roulement appr\u00e9ciable, la Genesis\u00a0G80 \u00e9lectrique n\u2019est pas inint\u00e9ressante.<\/p>\n<p>Dans la cat\u00e9gorie des berlines de luxe \u00e9lectriques, j\u2019irais cependant me chercher une BMW\u00a0i5 bien avant (10\u2009000\u00a0$ \u00e0 20\u2009000\u00a0$ de moins), et m\u00eame une BMW\u00a0i4. Bien que plus compacte, cette derni\u00e8re est offerte sous la barre des 60\u2009000\u00a0$ en configuration de base, un prix environ 40\u00a0% inf\u00e9rieur \u00e0 celui de la G80 \u00e9lectrique.<\/p>\n<p>Bref, magasinez prudemment.<\/p>\n<p>\u00a0<\/p>\n<p>\u00a0<\/p>\n<p>\u00a0<\/p>\n<p>\u00a0<\/p>\n<p>\u00a0<\/p>\n<p>\u00a0<\/p>\n<p>\u00a0<\/p>\n<p>\u00a0<\/p>\n<p>\u00a0<\/p>\n<p>Le texte <a rel=\"nofollow\" href=\"https:\/\/annuelauto.ca\/genesis-g80-electrique-la-voiture-qui-se-conduit-comme-un-vus\/\">Genesis\u00a0G80 \u00e9lectrique\u00a0: la voiture qui se conduit comme un VUS<\/a> provient de <a rel=\"nofollow\" href=\"https:\/\/annuelauto.ca\">L&#8217;annuel de l&#8217;automobile &#8211; Actualit\u00e9 automobile<\/a><\/p>\n<p><\/p>\n","protected":false},"excerpt":{"rendered":"<p>Lorsqu\u2019on vous d\u00e9crit le comportement d\u2019un VUS, on mentionne souvent, lorsque ce dernier est int\u00e9ressant, qu\u2019il se conduit comme une voiture. Rarement rencontre-t-on la situation inverse. C\u2019est pourtant la sensation que j\u2019ai ressentie en passant une semaine au volant de la version \u00e9lectrique de la Genesis\u00a0G80. Voici quelques impressions sur une voiture \u00e9lectrique certes int\u00e9ressante, [&hellip;]<\/p>\n","protected":false},"author":8,"featured_media":175458,"comment_status":"close","ping_status":"closed","sticky":false,"template":"","format":"standard","meta":{"_monsterinsights_skip_tracking":false,"_monsterinsights_sitenote_active":false,"_monsterinsights_sitenote_note":"","_monsterinsights_sitenote_category":0,"footnotes":""},"categories":[101],"tags":[],"yoast_head":"<!-- This site is optimized with the Yoast SEO plugin v23.2 - https:\/\/yoast.com\/wordpress\/plugins\/seo\/ -->\n<title>Genesis\u00a0G80 \u00e9lectrique\u00a0: la voiture qui se conduit comme un VUS - CanadaMotorJobs.com<\/title>\n<meta name=\"description\" content=\"Genesis\u00a0G80 \u00e9lectrique\u00a0: la voiture qui se conduit comme un VUS - Benoit Charette - Annuel automobile - CanadaMotorJobs.com.\" \/>\n<meta name=\"robots\" content=\"index, follow, max-snippet:-1, max-image-preview:large, max-video-preview:-1\" \/>\n<meta property=\"og:locale\" content=\"fr_CA\" \/>\n<meta property=\"og:type\" content=\"article\" \/>\n<meta property=\"og:title\" content=\"Genesis\u00a0G80 \u00e9lectrique\u00a0: la voiture qui se conduit comme un VUS - CanadaMotorJobs.com\" \/>\n<meta property=\"og:description\" content=\"Genesis\u00a0G80 \u00e9lectrique\u00a0: la voiture qui se conduit comme un VUS - Benoit Charette - Annuel automobile - CanadaMotorJobs.com.\" \/>\n<meta property=\"og:url\" content=\"https:\/\/news.canadamotorjobs.com\/fr\/genesis-g80-electrique-la-voiture-qui-se-conduit-comme-un-vus\/\" \/>\n<meta property=\"og:site_name\" content=\"CanadaMotorJobs.com\" \/>\n<meta property=\"article:publisher\" content=\"https:\/\/www.facebook.com\/canadamotorjobs\/\" \/>\n<meta property=\"article:published_time\" content=\"2024-10-02T11:36:08+00:00\" \/>\n<meta property=\"article:modified_time\" content=\"2024-10-02T11:44:34+00:00\" \/>\n<meta property=\"og:image\" content=\"https:\/\/news.canadamotorjobs.com\/wp-content\/uploads\/2024\/10\/500_210419-genesispremieresthefirstelectricvehicleatautoshanghai2021-11.jpg\" \/>\n\t<meta property=\"og:image:width\" content=\"500\" \/>\n\t<meta property=\"og:image:height\" content=\"333\" \/>\n\t<meta property=\"og:image:type\" content=\"image\/jpeg\" \/>\n<meta name=\"author\" content=\"Benoit Charette\" \/>\n<meta name=\"twitter:card\" content=\"summary_large_image\" \/>\n<meta name=\"twitter:creator\" content=\"@canadamotorjobs\" \/>\n<meta name=\"twitter:site\" content=\"@canadamotorjobs\" \/>\n<meta name=\"twitter:label1\" content=\"\u00c9crit par\" \/>\n\t<meta name=\"twitter:data1\" content=\"Benoit Charette\" \/>\n\t<meta name=\"twitter:label2\" content=\"Estimation du temps de lecture\" \/>\n\t<meta name=\"twitter:data2\" content=\"5 minutes\" \/>\n<!-- \/ Yoast SEO plugin. -->","yoast_head_json":{"title":"Genesis\u00a0G80 \u00e9lectrique\u00a0: la voiture qui se conduit comme un VUS - CanadaMotorJobs.com","description":"Genesis\u00a0G80 \u00e9lectrique\u00a0: la voiture qui se conduit comme un VUS - Benoit Charette - Annuel automobile - CanadaMotorJobs.com.","robots":{"index":"index","follow":"follow","max-snippet":"max-snippet:-1","max-image-preview":"max-image-preview:large","max-video-preview":"max-video-preview:-1"},"og_locale":"fr_CA","og_type":"article","og_title":"Genesis\u00a0G80 \u00e9lectrique\u00a0: la voiture qui se conduit comme un VUS - CanadaMotorJobs.com","og_description":"Genesis\u00a0G80 \u00e9lectrique\u00a0: la voiture qui se conduit comme un VUS - Benoit Charette - Annuel automobile - CanadaMotorJobs.com.","og_url":"https:\/\/news.canadamotorjobs.com\/fr\/genesis-g80-electrique-la-voiture-qui-se-conduit-comme-un-vus\/","og_site_name":"CanadaMotorJobs.com","article_publisher":"https:\/\/www.facebook.com\/canadamotorjobs\/","article_published_time":"2024-10-02T11:36:08+00:00","article_modified_time":"2024-10-02T11:44:34+00:00","og_image":[{"width":500,"height":333,"url":"https:\/\/news.canadamotorjobs.com\/wp-content\/uploads\/2024\/10\/500_210419-genesispremieresthefirstelectricvehicleatautoshanghai2021-11.jpg","type":"image\/jpeg"}],"author":"Benoit Charette","twitter_card":"summary_large_image","twitter_creator":"@canadamotorjobs","twitter_site":"@canadamotorjobs","twitter_misc":{"\u00c9crit par":"Benoit Charette","Estimation du temps de lecture":"5 minutes"},"schema":{"@context":"https:\/\/schema.org","@graph":[{"@type":"Article","@id":"https:\/\/news.canadamotorjobs.com\/fr\/genesis-g80-electrique-la-voiture-qui-se-conduit-comme-un-vus\/#article","isPartOf":{"@id":"https:\/\/news.canadamotorjobs.com\/fr\/genesis-g80-electrique-la-voiture-qui-se-conduit-comme-un-vus\/"},"author":{"name":"Benoit Charette","@id":"https:\/\/news.canadamotorjobs.com\/#\/schema\/person\/51793d1f87d44011d7bcc2ed99269a90"},"headline":"Genesis\u00a0G80 \u00e9lectrique\u00a0: la voiture qui se conduit comme un VUS","datePublished":"2024-10-02T11:36:08+00:00","dateModified":"2024-10-02T11:44:34+00:00","mainEntityOfPage":{"@id":"https:\/\/news.canadamotorjobs.com\/fr\/genesis-g80-electrique-la-voiture-qui-se-conduit-comme-un-vus\/"},"wordCount":931,"publisher":{"@id":"https:\/\/news.canadamotorjobs.com\/#organization"},"image":{"@id":"https:\/\/news.canadamotorjobs.com\/fr\/genesis-g80-electrique-la-voiture-qui-se-conduit-comme-un-vus\/#primaryimage"},"thumbnailUrl":"https:\/\/news.canadamotorjobs.com\/wp-content\/uploads\/2024\/10\/500_210419-genesispremieresthefirstelectricvehicleatautoshanghai2021-11.jpg","articleSection":["Annuel automobile"],"inLanguage":"fr-CA"},{"@type":"WebPage","@id":"https:\/\/news.canadamotorjobs.com\/fr\/genesis-g80-electrique-la-voiture-qui-se-conduit-comme-un-vus\/","url":"https:\/\/news.canadamotorjobs.com\/fr\/genesis-g80-electrique-la-voiture-qui-se-conduit-comme-un-vus\/","name":"Genesis\u00a0G80 \u00e9lectrique\u00a0: la voiture qui se conduit comme un VUS - CanadaMotorJobs.com","isPartOf":{"@id":"https:\/\/news.canadamotorjobs.com\/#website"},"primaryImageOfPage":{"@id":"https:\/\/news.canadamotorjobs.com\/fr\/genesis-g80-electrique-la-voiture-qui-se-conduit-comme-un-vus\/#primaryimage"},"image":{"@id":"https:\/\/news.canadamotorjobs.com\/fr\/genesis-g80-electrique-la-voiture-qui-se-conduit-comme-un-vus\/#primaryimage"},"thumbnailUrl":"https:\/\/news.canadamotorjobs.com\/wp-content\/uploads\/2024\/10\/500_210419-genesispremieresthefirstelectricvehicleatautoshanghai2021-11.jpg","datePublished":"2024-10-02T11:36:08+00:00","dateModified":"2024-10-02T11:44:34+00:00","description":"Genesis\u00a0G80 \u00e9lectrique\u00a0: la voiture qui se conduit comme un VUS - Benoit Charette - Annuel automobile - CanadaMotorJobs.com.","breadcrumb":{"@id":"https:\/\/news.canadamotorjobs.com\/fr\/genesis-g80-electrique-la-voiture-qui-se-conduit-comme-un-vus\/#breadcrumb"},"inLanguage":"fr-CA","potentialAction":[{"@type":"ReadAction","target":["https:\/\/news.canadamotorjobs.com\/fr\/genesis-g80-electrique-la-voiture-qui-se-conduit-comme-un-vus\/"]}]},{"@type":"ImageObject","inLanguage":"fr-CA","@id":"https:\/\/news.canadamotorjobs.com\/fr\/genesis-g80-electrique-la-voiture-qui-se-conduit-comme-un-vus\/#primaryimage","url":"https:\/\/news.canadamotorjobs.com\/wp-content\/uploads\/2024\/10\/500_210419-genesispremieresthefirstelectricvehicleatautoshanghai2021-11.jpg","contentUrl":"https:\/\/news.canadamotorjobs.com\/wp-content\/uploads\/2024\/10\/500_210419-genesispremieresthefirstelectricvehicleatautoshanghai2021-11.jpg","width":500,"height":333},{"@type":"BreadcrumbList","@id":"https:\/\/news.canadamotorjobs.com\/fr\/genesis-g80-electrique-la-voiture-qui-se-conduit-comme-un-vus\/#breadcrumb","itemListElement":[{"@type":"ListItem","position":1,"name":"Home","item":"https:\/\/news.canadamotorjobs.com\/fr\/blog\/"},{"@type":"ListItem","position":2,"name":"Genesis\u00a0G80 \u00e9lectrique\u00a0: la voiture qui se conduit comme un VUS"}]},{"@type":"WebSite","@id":"https:\/\/news.canadamotorjobs.com\/#website","url":"https:\/\/news.canadamotorjobs.com\/","name":"CanadaMotorJobs.com","description":"Automotive Jobs","publisher":{"@id":"https:\/\/news.canadamotorjobs.com\/#organization"},"potentialAction":[{"@type":"SearchAction","target":{"@type":"EntryPoint","urlTemplate":"https:\/\/news.canadamotorjobs.com\/?s={search_term_string}"},"query-input":"required name=search_term_string"}],"inLanguage":"fr-CA"},{"@type":"Organization","@id":"https:\/\/news.canadamotorjobs.com\/#organization","name":"Canada Motor Jobs","url":"https:\/\/news.canadamotorjobs.com\/","logo":{"@type":"ImageObject","inLanguage":"fr-CA","@id":"https:\/\/news.canadamotorjobs.com\/#\/schema\/logo\/image\/","url":"https:\/\/news.canadamotorjobs.com\/wp-content\/uploads\/2022\/10\/logo-canada-motor-jobs-1.png","contentUrl":"https:\/\/news.canadamotorjobs.com\/wp-content\/uploads\/2022\/10\/logo-canada-motor-jobs-1.png","width":800,"height":400,"caption":"Canada Motor Jobs"},"image":{"@id":"https:\/\/news.canadamotorjobs.com\/#\/schema\/logo\/image\/"},"sameAs":["https:\/\/www.facebook.com\/canadamotorjobs\/","https:\/\/x.com\/canadamotorjobs","https:\/\/www.instagram.com\/canadamotorjobs\/","https:\/\/www.linkedin.com\/company\/canadamotorjobs"]},{"@type":"Person","@id":"https:\/\/news.canadamotorjobs.com\/#\/schema\/person\/51793d1f87d44011d7bcc2ed99269a90","name":"Benoit Charette","image":{"@type":"ImageObject","inLanguage":"fr-CA","@id":"https:\/\/news.canadamotorjobs.com\/#\/schema\/person\/image\/","url":"https:\/\/secure.gravatar.com\/avatar\/45f3d2eebcccd909668d7ce7ea7267b6?s=96&d=mm&r=g","contentUrl":"https:\/\/secure.gravatar.com\/avatar\/45f3d2eebcccd909668d7ce7ea7267b6?s=96&d=mm&r=g","caption":"Benoit Charette"},"description":"Benoit Charette \/ Propri\u00e9taire et r\u00e9dacteur en chef Benoit Charette pratique le journalisme automobile depuis bient\u00f4t 30 ans. Il a fait ses classes au c\u00f4t\u00e9 de Daniel H\u00e9raud et au Carnet de route de 1992 \u00e0 2001. Il est fondateur, copropri\u00e9taire et r\u00e9dacteur en chef de L\u2019Annuel de l\u2019automobile, qu\u2019il publie depuis 2001. Il a anim\u00e9 les \u00e9missions RPM et RPM+ sur V et les L\u00e9gendes de la route sur Historia. \u00c0 la radio depuis 1986, il reprend l\u2019antenne cette ann\u00e9e sur les ondes de Cogeco et participe pour la deuxi\u00e8me ann\u00e9e \u00e0 l\u2019\u00e9mission Passion Auto sur RDS en plus de mettre en ligne le site Web officiel de L\u2019Annuel de l\u2019automobile sur annuelauto.ca.","sameAs":["https:\/\/annuelauto.ca\/"],"url":"https:\/\/news.canadamotorjobs.com\/fr\/author\/benoit-charette\/"}]}},"_links":{"self":[{"href":"https:\/\/news.canadamotorjobs.com\/fr\/wp-json\/wp\/v2\/posts\/175456"}],"collection":[{"href":"https:\/\/news.canadamotorjobs.com\/fr\/wp-json\/wp\/v2\/posts"}],"about":[{"href":"https:\/\/news.canadamotorjobs.com\/fr\/wp-json\/wp\/v2\/types\/post"}],"author":[{"embeddable":true,"href":"https:\/\/news.canadamotorjobs.com\/fr\/wp-json\/wp\/v2\/users\/8"}],"replies":[{"embeddable":true,"href":"https:\/\/news.canadamotorjobs.com\/fr\/wp-json\/wp\/v2\/comments?post=175456"}],"version-history":[{"count":2,"href":"https:\/\/news.canadamotorjobs.com\/fr\/wp-json\/wp\/v2\/posts\/175456\/revisions"}],"predecessor-version":[{"id":175460,"href":"https:\/\/news.canadamotorjobs.com\/fr\/wp-json\/wp\/v2\/posts\/175456\/revisions\/175460"}],"wp:featuredmedia":[{"embeddable":true,"href":"https:\/\/news.canadamotorjobs.com\/fr\/wp-json\/wp\/v2\/media\/175458"}],"wp:attachment":[{"href":"https:\/\/news.canadamotorjobs.com\/fr\/wp-json\/wp\/v2\/media?parent=175456"}],"wp:term":[{"taxonomy":"category","embeddable":true,"href":"https:\/\/news.canadamotorjobs.com\/fr\/wp-json\/wp\/v2\/categories?post=175456"},{"taxonomy":"post_tag","embeddable":true,"href":"https:\/\/news.canadamotorjobs.com\/fr\/wp-json\/wp\/v2\/tags?post=175456"}],"curies":[{"name":"wp","href":"https:\/\/api.w.org\/{rel}","templated":true}]}}