{"id":175428,"date":"2024-10-02T03:24:25","date_gmt":"2024-10-02T07:24:25","guid":{"rendered":"https:\/\/news.canadamotorjobs.com\/?p=175428"},"modified":"2024-10-02T03:30:18","modified_gmt":"2024-10-02T07:30:18","slug":"lancien-grand-patron-de-volkswagen-echappe-a-la-justice-temporairement","status":"publish","type":"post","link":"https:\/\/news.canadamotorjobs.com\/fr\/lancien-grand-patron-de-volkswagen-echappe-a-la-justice-temporairement\/","title":{"rendered":"L\u2019ancien grand patron de Volkswagen \u00e9chappe \u00e0 la justice\u2026 temporairement"},"content":{"rendered":"<\/p>\n<p>Martin Winterkorn, l\u2019ancien chef de la direction du groupe Volkswagen, \u00e9chappe encore \u00e0 la justice\u2026 pour des raisons de sant\u00e9.<\/p>\n<p>Le proc\u00e8s p\u00e9nal tant attendu de Martin Winterkorn, accus\u00e9 d\u2019avoir orchestr\u00e9 le tristement c\u00e9l\u00e8bre \u00ab Dieselgate \u00bb a \u00e9t\u00e9 suspendu. La raison ? Une mauvaise sant\u00e9 qui, apparemment, l\u2019emp\u00eachera de se pr\u00e9senter devant le tribunal dans les mois \u00e0 venir. Bien jou\u00e9, Martin Winterkorn ! Quand ce n\u2019est pas la loi, c\u2019est le corps qui pose probl\u00e8me.<\/p>\n<p><strong>Un proc\u00e8s qui tra\u00eene\u2026 comme un vieux diesel<\/strong><\/p>\n<p>Initialement pr\u00e9vu pour l\u2019automne, le proc\u00e8s pourrait maintenant d\u00e9buter au premier trimestre de 2025, si la sant\u00e9 de Martin Winterkorn le permet, bien entendu. Apr\u00e8s tout, ce n\u2019est pas comme si le scandale qui a secou\u00e9 l\u2019industrie automobile mondiale remonte \u00e0 presque dix ans\u2026 Non, mieux vaut prendre son temps. Et pourquoi ne pas attendre que les moteurs \u00e9lectriques remplacent compl\u00e8tement les diesels truqu\u00e9s avant de rendre justice ? Ou que l\u2019accus\u00e9 soit d\u00e9c\u00e9d\u00e9.<\/p>\n<p><strong>Fraude, manipulation de march\u00e9 et faux t\u00e9moignage\u2026 mais le grand patron est innocent, bien s\u00fbr<\/strong><\/p>\n<p>Les accusations contre l\u2019ancien dirigeant sont pourtant lourdes : fraude, manipulation de march\u00e9, et faux t\u00e9moignage devant une commission parlementaire. Mais Martin Winterkorn, via son avocat, ne se d\u00e9monte pas. Selon lui, il n\u2019a pas \u00ab fraud\u00e9 ni nui \u00e0 qui que ce soit \u00bb et il \u00ab n\u2019a pas d\u00e9lib\u00e9r\u00e9ment gard\u00e9 le march\u00e9 dans l\u2019ignorance \u00bb.<\/p>\n<p>Ah, la fameuse strat\u00e9gie de la c\u00e9cit\u00e9 involontaire, un classique des affaires de haute voltige. \u00ab Je n\u2019ai rien vu ni rien entendu, je n\u2019ai fait que diriger le plus grand constructeur automobile d\u2019Europe, sans vraiment savoir ce qui se passait. \u00bb Un mod\u00e8le de bon patron.<\/p>\n<p><\/p>\n<figure><img decoding=\"async\" src=\"https:\/\/news.canadamotorjobs.com\/wp-content\/uploads\/2024\/10\/volkswagen_golf_5-door_2012-uk-5.jpg\" alt=\"La Volkswagen Golf 2012\" \/><figcaption>La Volkswagen Golf 2012 | Auto123.com<\/figcaption><\/figure>\n<p><strong>Volkswagen : du scandale aux fermetures d\u2019usines ?<\/strong><\/p>\n<p>Pendant que Martin Winterkorn repousse les rendez-vous avec la justice, Volkswagen a ses propres soucis. Entre la concurrence chinoise qui ne cesse de cro\u00eetre et un march\u00e9 europ\u00e9en des v\u00e9hicules \u00e9lectriques qui ralentit, le groupe envisage de fermer des usines et de proc\u00e9der \u00e0 des licenciements massifs. Ironie du sort, la marque qui a mis\u00e9 sur des moteurs truqu\u00e9s pour respecter les normes \u00e9cologiques se retrouve \u00e0 batailler pour rester comp\u00e9titive dans un monde de plus en plus tourn\u00e9 vers l\u2019\u00e9lectrique.<\/p>\n<p>En somme, pendant que Volkswagen lutte pour son avenir et que l\u2019Europe cherche \u00e0 bannir le diesel, Martin Winterkorn, lui, temporise. Peut-\u00eatre que d\u2019ici le d\u00e9but du proc\u00e8s en 2025, on aura enfin une plan\u00e8te d\u00e9barrass\u00e9e du diesel\u2026 et des scandales qui l\u2019accompagnent.<\/p>\n<p><\/p>\n<p style=\"padding-top: 15px\">Contenu original de <a href=\"https:\/\/www.auto123.com\/fr\/actualites\/martin-winterkorn-volkswagen-proces-dieselgate-suspendu\/71897\/\">auto123<\/a>.<\/p>\n<p>Le texte <a rel=\"nofollow\" href=\"https:\/\/annuelauto.ca\/lancien-grand-patron-de-volkswagen-echappe-a-la-justice-temporairement\/\">L\u2019ancien grand patron de Volkswagen \u00e9chappe \u00e0 la justice\u2026 temporairement<\/a> provient de <a rel=\"nofollow\" href=\"https:\/\/annuelauto.ca\">L&#8217;annuel de l&#8217;automobile &#8211; Actualit\u00e9 automobile<\/a><\/p>\n<p><\/p>\n","protected":false},"excerpt":{"rendered":"<p>Martin Winterkorn, l\u2019ancien chef de la direction du groupe Volkswagen, \u00e9chappe encore \u00e0 la justice\u2026 pour des raisons de sant\u00e9. Le proc\u00e8s p\u00e9nal tant attendu de Martin Winterkorn, accus\u00e9 d\u2019avoir orchestr\u00e9 le tristement c\u00e9l\u00e8bre \u00ab Dieselgate \u00bb a \u00e9t\u00e9 suspendu. La raison ? Une mauvaise sant\u00e9 qui, apparemment, l\u2019emp\u00eachera de se pr\u00e9senter devant le tribunal [&hellip;]<\/p>\n","protected":false},"author":8,"featured_media":175430,"comment_status":"close","ping_status":"closed","sticky":false,"template":"","format":"standard","meta":{"_monsterinsights_skip_tracking":false,"_monsterinsights_sitenote_active":false,"_monsterinsights_sitenote_note":"","_monsterinsights_sitenote_category":0,"footnotes":""},"categories":[101],"tags":[],"yoast_head":"<!-- This site is optimized with the Yoast SEO plugin v23.2 - https:\/\/yoast.com\/wordpress\/plugins\/seo\/ -->\n<title>L\u2019ancien grand patron de Volkswagen \u00e9chappe \u00e0 la justice\u2026 temporairement - CanadaMotorJobs.com<\/title>\n<meta name=\"description\" content=\"L\u2019ancien grand patron de Volkswagen \u00e9chappe \u00e0 la justice\u2026 temporairement - Benoit Charette - Annuel automobile - CanadaMotorJobs.com.\" \/>\n<meta name=\"robots\" content=\"index, follow, max-snippet:-1, max-image-preview:large, max-video-preview:-1\" \/>\n<meta property=\"og:locale\" content=\"fr_CA\" \/>\n<meta property=\"og:type\" content=\"article\" \/>\n<meta property=\"og:title\" content=\"L\u2019ancien grand patron de Volkswagen \u00e9chappe \u00e0 la justice\u2026 temporairement - CanadaMotorJobs.com\" \/>\n<meta property=\"og:description\" content=\"L\u2019ancien grand patron de Volkswagen \u00e9chappe \u00e0 la justice\u2026 temporairement - Benoit Charette - Annuel automobile - CanadaMotorJobs.com.\" \/>\n<meta property=\"og:url\" content=\"https:\/\/news.canadamotorjobs.com\/fr\/lancien-grand-patron-de-volkswagen-echappe-a-la-justice-temporairement\/\" \/>\n<meta property=\"og:site_name\" content=\"CanadaMotorJobs.com\" \/>\n<meta property=\"article:publisher\" content=\"https:\/\/www.facebook.com\/canadamotorjobs\/\" \/>\n<meta property=\"article:published_time\" content=\"2024-10-02T07:24:25+00:00\" \/>\n<meta property=\"article:modified_time\" content=\"2024-10-02T07:30:18+00:00\" \/>\n<meta property=\"og:image\" content=\"https:\/\/news.canadamotorjobs.com\/wp-content\/uploads\/2024\/10\/volkswagen_golf_5-door_2012-uk.jpg\" \/>\n\t<meta property=\"og:image:width\" content=\"1200\" \/>\n\t<meta property=\"og:image:height\" content=\"762\" \/>\n\t<meta property=\"og:image:type\" content=\"image\/jpeg\" \/>\n<meta name=\"author\" content=\"Benoit Charette\" \/>\n<meta name=\"twitter:card\" content=\"summary_large_image\" \/>\n<meta name=\"twitter:creator\" content=\"@canadamotorjobs\" \/>\n<meta name=\"twitter:site\" content=\"@canadamotorjobs\" \/>\n<meta name=\"twitter:label1\" content=\"\u00c9crit par\" \/>\n\t<meta name=\"twitter:data1\" content=\"Benoit Charette\" \/>\n\t<meta name=\"twitter:label2\" content=\"Estimation du temps de lecture\" \/>\n\t<meta name=\"twitter:data2\" content=\"2 minutes\" \/>\n<!-- \/ Yoast SEO plugin. -->","yoast_head_json":{"title":"L\u2019ancien grand patron de Volkswagen \u00e9chappe \u00e0 la justice\u2026 temporairement - CanadaMotorJobs.com","description":"L\u2019ancien grand patron de Volkswagen \u00e9chappe \u00e0 la justice\u2026 temporairement - Benoit Charette - Annuel automobile - CanadaMotorJobs.com.","robots":{"index":"index","follow":"follow","max-snippet":"max-snippet:-1","max-image-preview":"max-image-preview:large","max-video-preview":"max-video-preview:-1"},"og_locale":"fr_CA","og_type":"article","og_title":"L\u2019ancien grand patron de Volkswagen \u00e9chappe \u00e0 la justice\u2026 temporairement - CanadaMotorJobs.com","og_description":"L\u2019ancien grand patron de Volkswagen \u00e9chappe \u00e0 la justice\u2026 temporairement - Benoit Charette - Annuel automobile - CanadaMotorJobs.com.","og_url":"https:\/\/news.canadamotorjobs.com\/fr\/lancien-grand-patron-de-volkswagen-echappe-a-la-justice-temporairement\/","og_site_name":"CanadaMotorJobs.com","article_publisher":"https:\/\/www.facebook.com\/canadamotorjobs\/","article_published_time":"2024-10-02T07:24:25+00:00","article_modified_time":"2024-10-02T07:30:18+00:00","og_image":[{"width":1200,"height":762,"url":"https:\/\/news.canadamotorjobs.com\/wp-content\/uploads\/2024\/10\/volkswagen_golf_5-door_2012-uk.jpg","type":"image\/jpeg"}],"author":"Benoit Charette","twitter_card":"summary_large_image","twitter_creator":"@canadamotorjobs","twitter_site":"@canadamotorjobs","twitter_misc":{"\u00c9crit par":"Benoit Charette","Estimation du temps de lecture":"2 minutes"},"schema":{"@context":"https:\/\/schema.org","@graph":[{"@type":"Article","@id":"https:\/\/news.canadamotorjobs.com\/fr\/lancien-grand-patron-de-volkswagen-echappe-a-la-justice-temporairement\/#article","isPartOf":{"@id":"https:\/\/news.canadamotorjobs.com\/fr\/lancien-grand-patron-de-volkswagen-echappe-a-la-justice-temporairement\/"},"author":{"name":"Benoit Charette","@id":"https:\/\/news.canadamotorjobs.com\/#\/schema\/person\/51793d1f87d44011d7bcc2ed99269a90"},"headline":"L\u2019ancien grand patron de Volkswagen \u00e9chappe \u00e0 la justice\u2026 temporairement","datePublished":"2024-10-02T07:24:25+00:00","dateModified":"2024-10-02T07:30:18+00:00","mainEntityOfPage":{"@id":"https:\/\/news.canadamotorjobs.com\/fr\/lancien-grand-patron-de-volkswagen-echappe-a-la-justice-temporairement\/"},"wordCount":488,"publisher":{"@id":"https:\/\/news.canadamotorjobs.com\/#organization"},"image":{"@id":"https:\/\/news.canadamotorjobs.com\/fr\/lancien-grand-patron-de-volkswagen-echappe-a-la-justice-temporairement\/#primaryimage"},"thumbnailUrl":"https:\/\/news.canadamotorjobs.com\/wp-content\/uploads\/2024\/10\/volkswagen_golf_5-door_2012-uk.jpg","articleSection":["Annuel automobile"],"inLanguage":"fr-CA"},{"@type":"WebPage","@id":"https:\/\/news.canadamotorjobs.com\/fr\/lancien-grand-patron-de-volkswagen-echappe-a-la-justice-temporairement\/","url":"https:\/\/news.canadamotorjobs.com\/fr\/lancien-grand-patron-de-volkswagen-echappe-a-la-justice-temporairement\/","name":"L\u2019ancien grand patron de Volkswagen \u00e9chappe \u00e0 la justice\u2026 temporairement - CanadaMotorJobs.com","isPartOf":{"@id":"https:\/\/news.canadamotorjobs.com\/#website"},"primaryImageOfPage":{"@id":"https:\/\/news.canadamotorjobs.com\/fr\/lancien-grand-patron-de-volkswagen-echappe-a-la-justice-temporairement\/#primaryimage"},"image":{"@id":"https:\/\/news.canadamotorjobs.com\/fr\/lancien-grand-patron-de-volkswagen-echappe-a-la-justice-temporairement\/#primaryimage"},"thumbnailUrl":"https:\/\/news.canadamotorjobs.com\/wp-content\/uploads\/2024\/10\/volkswagen_golf_5-door_2012-uk.jpg","datePublished":"2024-10-02T07:24:25+00:00","dateModified":"2024-10-02T07:30:18+00:00","description":"L\u2019ancien grand patron de Volkswagen \u00e9chappe \u00e0 la justice\u2026 temporairement - Benoit Charette - Annuel automobile - CanadaMotorJobs.com.","breadcrumb":{"@id":"https:\/\/news.canadamotorjobs.com\/fr\/lancien-grand-patron-de-volkswagen-echappe-a-la-justice-temporairement\/#breadcrumb"},"inLanguage":"fr-CA","potentialAction":[{"@type":"ReadAction","target":["https:\/\/news.canadamotorjobs.com\/fr\/lancien-grand-patron-de-volkswagen-echappe-a-la-justice-temporairement\/"]}]},{"@type":"ImageObject","inLanguage":"fr-CA","@id":"https:\/\/news.canadamotorjobs.com\/fr\/lancien-grand-patron-de-volkswagen-echappe-a-la-justice-temporairement\/#primaryimage","url":"https:\/\/news.canadamotorjobs.com\/wp-content\/uploads\/2024\/10\/volkswagen_golf_5-door_2012-uk.jpg","contentUrl":"https:\/\/news.canadamotorjobs.com\/wp-content\/uploads\/2024\/10\/volkswagen_golf_5-door_2012-uk.jpg","width":1200,"height":762},{"@type":"BreadcrumbList","@id":"https:\/\/news.canadamotorjobs.com\/fr\/lancien-grand-patron-de-volkswagen-echappe-a-la-justice-temporairement\/#breadcrumb","itemListElement":[{"@type":"ListItem","position":1,"name":"Home","item":"https:\/\/news.canadamotorjobs.com\/fr\/blog\/"},{"@type":"ListItem","position":2,"name":"L\u2019ancien grand patron de Volkswagen \u00e9chappe \u00e0 la justice\u2026 temporairement"}]},{"@type":"WebSite","@id":"https:\/\/news.canadamotorjobs.com\/#website","url":"https:\/\/news.canadamotorjobs.com\/","name":"CanadaMotorJobs.com","description":"Automotive Jobs","publisher":{"@id":"https:\/\/news.canadamotorjobs.com\/#organization"},"potentialAction":[{"@type":"SearchAction","target":{"@type":"EntryPoint","urlTemplate":"https:\/\/news.canadamotorjobs.com\/?s={search_term_string}"},"query-input":"required name=search_term_string"}],"inLanguage":"fr-CA"},{"@type":"Organization","@id":"https:\/\/news.canadamotorjobs.com\/#organization","name":"Canada Motor Jobs","url":"https:\/\/news.canadamotorjobs.com\/","logo":{"@type":"ImageObject","inLanguage":"fr-CA","@id":"https:\/\/news.canadamotorjobs.com\/#\/schema\/logo\/image\/","url":"https:\/\/news.canadamotorjobs.com\/wp-content\/uploads\/2022\/10\/logo-canada-motor-jobs-1.png","contentUrl":"https:\/\/news.canadamotorjobs.com\/wp-content\/uploads\/2022\/10\/logo-canada-motor-jobs-1.png","width":800,"height":400,"caption":"Canada Motor Jobs"},"image":{"@id":"https:\/\/news.canadamotorjobs.com\/#\/schema\/logo\/image\/"},"sameAs":["https:\/\/www.facebook.com\/canadamotorjobs\/","https:\/\/x.com\/canadamotorjobs","https:\/\/www.instagram.com\/canadamotorjobs\/","https:\/\/www.linkedin.com\/company\/canadamotorjobs"]},{"@type":"Person","@id":"https:\/\/news.canadamotorjobs.com\/#\/schema\/person\/51793d1f87d44011d7bcc2ed99269a90","name":"Benoit Charette","image":{"@type":"ImageObject","inLanguage":"fr-CA","@id":"https:\/\/news.canadamotorjobs.com\/#\/schema\/person\/image\/","url":"https:\/\/secure.gravatar.com\/avatar\/45f3d2eebcccd909668d7ce7ea7267b6?s=96&d=mm&r=g","contentUrl":"https:\/\/secure.gravatar.com\/avatar\/45f3d2eebcccd909668d7ce7ea7267b6?s=96&d=mm&r=g","caption":"Benoit Charette"},"description":"Benoit Charette \/ Propri\u00e9taire et r\u00e9dacteur en chef Benoit Charette pratique le journalisme automobile depuis bient\u00f4t 30 ans. Il a fait ses classes au c\u00f4t\u00e9 de Daniel H\u00e9raud et au Carnet de route de 1992 \u00e0 2001. Il est fondateur, copropri\u00e9taire et r\u00e9dacteur en chef de L\u2019Annuel de l\u2019automobile, qu\u2019il publie depuis 2001. Il a anim\u00e9 les \u00e9missions RPM et RPM+ sur V et les L\u00e9gendes de la route sur Historia. \u00c0 la radio depuis 1986, il reprend l\u2019antenne cette ann\u00e9e sur les ondes de Cogeco et participe pour la deuxi\u00e8me ann\u00e9e \u00e0 l\u2019\u00e9mission Passion Auto sur RDS en plus de mettre en ligne le site Web officiel de L\u2019Annuel de l\u2019automobile sur annuelauto.ca.","sameAs":["https:\/\/annuelauto.ca\/"],"url":"https:\/\/news.canadamotorjobs.com\/fr\/author\/benoit-charette\/"}]}},"_links":{"self":[{"href":"https:\/\/news.canadamotorjobs.com\/fr\/wp-json\/wp\/v2\/posts\/175428"}],"collection":[{"href":"https:\/\/news.canadamotorjobs.com\/fr\/wp-json\/wp\/v2\/posts"}],"about":[{"href":"https:\/\/news.canadamotorjobs.com\/fr\/wp-json\/wp\/v2\/types\/post"}],"author":[{"embeddable":true,"href":"https:\/\/news.canadamotorjobs.com\/fr\/wp-json\/wp\/v2\/users\/8"}],"replies":[{"embeddable":true,"href":"https:\/\/news.canadamotorjobs.com\/fr\/wp-json\/wp\/v2\/comments?post=175428"}],"version-history":[{"count":3,"href":"https:\/\/news.canadamotorjobs.com\/fr\/wp-json\/wp\/v2\/posts\/175428\/revisions"}],"predecessor-version":[{"id":175455,"href":"https:\/\/news.canadamotorjobs.com\/fr\/wp-json\/wp\/v2\/posts\/175428\/revisions\/175455"}],"wp:featuredmedia":[{"embeddable":true,"href":"https:\/\/news.canadamotorjobs.com\/fr\/wp-json\/wp\/v2\/media\/175430"}],"wp:attachment":[{"href":"https:\/\/news.canadamotorjobs.com\/fr\/wp-json\/wp\/v2\/media?parent=175428"}],"wp:term":[{"taxonomy":"category","embeddable":true,"href":"https:\/\/news.canadamotorjobs.com\/fr\/wp-json\/wp\/v2\/categories?post=175428"},{"taxonomy":"post_tag","embeddable":true,"href":"https:\/\/news.canadamotorjobs.com\/fr\/wp-json\/wp\/v2\/tags?post=175428"}],"curies":[{"name":"wp","href":"https:\/\/api.w.org\/{rel}","templated":true}]}}