{"id":175400,"date":"2024-10-02T03:24:25","date_gmt":"2024-10-02T07:24:25","guid":{"rendered":"https:\/\/news.canadamotorjobs.com\/?p=175400"},"modified":"2024-10-02T03:30:07","modified_gmt":"2024-10-02T07:30:07","slug":"la-volvo-240-a-eu-50-ans","status":"publish","type":"post","link":"https:\/\/news.canadamotorjobs.com\/fr\/la-volvo-240-a-eu-50-ans\/","title":{"rendered":"La Volvo 240 a eu 50 ans"},"content":{"rendered":"<\/p>\n<p>Lorsqu\u2019il est question de l\u2019histoire de Volvo, certains mod\u00e8les ayant marqu\u00e9 le parcours de la marque nous viennent en t\u00eate. C\u2019est le cas de la PV444\/544, par exemple, qui a lanc\u00e9 l\u2019aventure du constructeur su\u00e9dois chez nous, ou encore de la P1800, un coup\u00e9 aux lignes aussi diff\u00e9rentes que spectaculaires.<\/p>\n<p>Cependant, le mod\u00e8le qui a rejoint les masses et marqu\u00e9 la vie de millions de familles, c\u2019est la Volvo 240. En tout, entre 1974 et 1993, la marque en a assembl\u00e9 2,8 millions.<\/p>\n<p><\/p>\n<figure><img decoding=\"async\" src=\"https:\/\/news.canadamotorjobs.com\/wp-content\/uploads\/2024\/10\/volvo_244_1975_002-5.jpeg\" alt=\"La Volvo 244 1974, sur la route\" \/><figcaption>La Volvo 244 1974, sur la route | Auto123.com<\/figcaption><\/figure>\n<p><strong>Des innovations au niveau de la s\u00e9curit\u00e9<\/strong><\/p>\n<p>C\u2019est en fait en ao\u00fbt 1974 que Volvo a introduit la 240, \u00e0 l\u2019int\u00e9rieur de ce qui \u00e9tait alors la s\u00e9rie 200. Bas\u00e9e sur la 140, ainsi que la voiture exp\u00e9rimentale de Volvo (1972), la 240 est venue red\u00e9finir les normes en mati\u00e8re de s\u00e9curit\u00e9, notamment avec un design qui incluait des zones de d\u00e9formation pour prot\u00e9ger les occupants en cas d\u2019impact. C\u2019est sans compter les immenses appuie-t\u00eate, les ceintures de s\u00e9curit\u00e9 en trois points et quantit\u00e9 d\u2019autres dispositifs de s\u00e9curit\u00e9.<\/p>\n<p>Pour souligner l\u2019\u00e9v\u00e9nement, Volvo a publi\u00e9 une vid\u00e9o qui rappelle l\u2019histoire de la s\u00e9rie. Le coup d\u2019\u0153il en vaut la peine.<\/p>\n<p><\/p>\n<p>\u00c0 la suite de son retrait du march\u00e9, la 240 aurait pu sombrer dans l\u2019oubli, mais ce n\u2019est pas ce qui s\u2019est produit. Elle a marqu\u00e9 les gens au point o\u00f9 aujourd\u2019hui, elle est de plus en plus recherch\u00e9e par les collectionneurs, ainsi que ceux qui se sont fait trimballer \u00e0 l\u2019int\u00e9rieur d\u2019une des versions de ce mod\u00e8le alors qu\u2019ils \u00e9taient gamins.<\/p>\n<p>Et sur plusieurs march\u00e9s \u00e0 travers la plan\u00e8te, on voit encore des exemplaires d\u2019origine circuler, souvent utilis\u00e9s au quotidien par leurs propri\u00e9taires. C\u2019est notamment le cas en Californie.<\/p>\n<p>Et parce que sa qualit\u00e9 de construction \u00e9tait tr\u00e8s solide, elle repr\u00e9sente un choix int\u00e9ressant pour quiconque souhaite un mod\u00e8le durable\u2026 que ce soit au quotidien ou pour les balades du dimanche.<\/p>\n<p><\/p>\n<p style=\"padding-top: 15px\">Contenu original de <a href=\"https:\/\/www.auto123.com\/fr\/actualites\/volvo-240-fete-50-ans\/71895\/\">auto123<\/a>.<\/p>\n<p>Le texte <a rel=\"nofollow\" href=\"https:\/\/annuelauto.ca\/la-volvo-240-a-eu-50-ans\/\">La Volvo 240 a eu 50 ans<\/a> provient de <a rel=\"nofollow\" href=\"https:\/\/annuelauto.ca\">L&#8217;annuel de l&#8217;automobile &#8211; Actualit\u00e9 automobile<\/a><\/p>\n<p><\/p>\n","protected":false},"excerpt":{"rendered":"<p>Lorsqu\u2019il est question de l\u2019histoire de Volvo, certains mod\u00e8les ayant marqu\u00e9 le parcours de la marque nous viennent en t\u00eate. C\u2019est le cas de la PV444\/544, par exemple, qui a lanc\u00e9 l\u2019aventure du constructeur su\u00e9dois chez nous, ou encore de la P1800, un coup\u00e9 aux lignes aussi diff\u00e9rentes que spectaculaires. Cependant, le mod\u00e8le qui a [&hellip;]<\/p>\n","protected":false},"author":8,"featured_media":175402,"comment_status":"close","ping_status":"closed","sticky":false,"template":"","format":"standard","meta":{"_monsterinsights_skip_tracking":false,"_monsterinsights_sitenote_active":false,"_monsterinsights_sitenote_note":"","_monsterinsights_sitenote_category":0,"footnotes":""},"categories":[101],"tags":[],"yoast_head":"<!-- This site is optimized with the Yoast SEO plugin v23.2 - https:\/\/yoast.com\/wordpress\/plugins\/seo\/ -->\n<title>La Volvo 240 a eu 50 ans - CanadaMotorJobs.com<\/title>\n<meta name=\"description\" content=\"La Volvo 240 a eu 50 ans - Benoit Charette - Annuel automobile - CanadaMotorJobs.com.\" \/>\n<meta name=\"robots\" content=\"index, follow, max-snippet:-1, max-image-preview:large, max-video-preview:-1\" \/>\n<meta property=\"og:locale\" content=\"fr_CA\" \/>\n<meta property=\"og:type\" content=\"article\" \/>\n<meta property=\"og:title\" content=\"La Volvo 240 a eu 50 ans - CanadaMotorJobs.com\" \/>\n<meta property=\"og:description\" content=\"La Volvo 240 a eu 50 ans - Benoit Charette - Annuel automobile - CanadaMotorJobs.com.\" \/>\n<meta property=\"og:url\" content=\"https:\/\/news.canadamotorjobs.com\/fr\/la-volvo-240-a-eu-50-ans\/\" \/>\n<meta property=\"og:site_name\" content=\"CanadaMotorJobs.com\" \/>\n<meta property=\"article:publisher\" content=\"https:\/\/www.facebook.com\/canadamotorjobs\/\" \/>\n<meta property=\"article:published_time\" content=\"2024-10-02T07:24:25+00:00\" \/>\n<meta property=\"article:modified_time\" content=\"2024-10-02T07:30:07+00:00\" \/>\n<meta property=\"og:image\" content=\"https:\/\/news.canadamotorjobs.com\/wp-content\/uploads\/2024\/10\/volvo_244_1975_002.jpeg\" \/>\n\t<meta property=\"og:image:width\" content=\"1200\" \/>\n\t<meta property=\"og:image:height\" content=\"808\" \/>\n\t<meta property=\"og:image:type\" content=\"image\/jpeg\" \/>\n<meta name=\"author\" content=\"Benoit Charette\" \/>\n<meta name=\"twitter:card\" content=\"summary_large_image\" \/>\n<meta name=\"twitter:creator\" content=\"@canadamotorjobs\" \/>\n<meta name=\"twitter:site\" content=\"@canadamotorjobs\" \/>\n<meta name=\"twitter:label1\" content=\"\u00c9crit par\" \/>\n\t<meta name=\"twitter:data1\" content=\"Benoit Charette\" \/>\n\t<meta name=\"twitter:label2\" content=\"Estimation du temps de lecture\" \/>\n\t<meta name=\"twitter:data2\" content=\"2 minutes\" \/>\n<!-- \/ Yoast SEO plugin. -->","yoast_head_json":{"title":"La Volvo 240 a eu 50 ans - CanadaMotorJobs.com","description":"La Volvo 240 a eu 50 ans - Benoit Charette - Annuel automobile - CanadaMotorJobs.com.","robots":{"index":"index","follow":"follow","max-snippet":"max-snippet:-1","max-image-preview":"max-image-preview:large","max-video-preview":"max-video-preview:-1"},"og_locale":"fr_CA","og_type":"article","og_title":"La Volvo 240 a eu 50 ans - CanadaMotorJobs.com","og_description":"La Volvo 240 a eu 50 ans - Benoit Charette - Annuel automobile - CanadaMotorJobs.com.","og_url":"https:\/\/news.canadamotorjobs.com\/fr\/la-volvo-240-a-eu-50-ans\/","og_site_name":"CanadaMotorJobs.com","article_publisher":"https:\/\/www.facebook.com\/canadamotorjobs\/","article_published_time":"2024-10-02T07:24:25+00:00","article_modified_time":"2024-10-02T07:30:07+00:00","og_image":[{"width":1200,"height":808,"url":"https:\/\/news.canadamotorjobs.com\/wp-content\/uploads\/2024\/10\/volvo_244_1975_002.jpeg","type":"image\/jpeg"}],"author":"Benoit Charette","twitter_card":"summary_large_image","twitter_creator":"@canadamotorjobs","twitter_site":"@canadamotorjobs","twitter_misc":{"\u00c9crit par":"Benoit Charette","Estimation du temps de lecture":"2 minutes"},"schema":{"@context":"https:\/\/schema.org","@graph":[{"@type":"Article","@id":"https:\/\/news.canadamotorjobs.com\/fr\/la-volvo-240-a-eu-50-ans\/#article","isPartOf":{"@id":"https:\/\/news.canadamotorjobs.com\/fr\/la-volvo-240-a-eu-50-ans\/"},"author":{"name":"Benoit Charette","@id":"https:\/\/news.canadamotorjobs.com\/#\/schema\/person\/51793d1f87d44011d7bcc2ed99269a90"},"headline":"La Volvo 240 a eu 50 ans","datePublished":"2024-10-02T07:24:25+00:00","dateModified":"2024-10-02T07:30:07+00:00","mainEntityOfPage":{"@id":"https:\/\/news.canadamotorjobs.com\/fr\/la-volvo-240-a-eu-50-ans\/"},"wordCount":387,"publisher":{"@id":"https:\/\/news.canadamotorjobs.com\/#organization"},"image":{"@id":"https:\/\/news.canadamotorjobs.com\/fr\/la-volvo-240-a-eu-50-ans\/#primaryimage"},"thumbnailUrl":"https:\/\/news.canadamotorjobs.com\/wp-content\/uploads\/2024\/10\/volvo_244_1975_002.jpeg","articleSection":["Annuel automobile"],"inLanguage":"fr-CA"},{"@type":"WebPage","@id":"https:\/\/news.canadamotorjobs.com\/fr\/la-volvo-240-a-eu-50-ans\/","url":"https:\/\/news.canadamotorjobs.com\/fr\/la-volvo-240-a-eu-50-ans\/","name":"La Volvo 240 a eu 50 ans - CanadaMotorJobs.com","isPartOf":{"@id":"https:\/\/news.canadamotorjobs.com\/#website"},"primaryImageOfPage":{"@id":"https:\/\/news.canadamotorjobs.com\/fr\/la-volvo-240-a-eu-50-ans\/#primaryimage"},"image":{"@id":"https:\/\/news.canadamotorjobs.com\/fr\/la-volvo-240-a-eu-50-ans\/#primaryimage"},"thumbnailUrl":"https:\/\/news.canadamotorjobs.com\/wp-content\/uploads\/2024\/10\/volvo_244_1975_002.jpeg","datePublished":"2024-10-02T07:24:25+00:00","dateModified":"2024-10-02T07:30:07+00:00","description":"La Volvo 240 a eu 50 ans - Benoit Charette - Annuel automobile - CanadaMotorJobs.com.","breadcrumb":{"@id":"https:\/\/news.canadamotorjobs.com\/fr\/la-volvo-240-a-eu-50-ans\/#breadcrumb"},"inLanguage":"fr-CA","potentialAction":[{"@type":"ReadAction","target":["https:\/\/news.canadamotorjobs.com\/fr\/la-volvo-240-a-eu-50-ans\/"]}]},{"@type":"ImageObject","inLanguage":"fr-CA","@id":"https:\/\/news.canadamotorjobs.com\/fr\/la-volvo-240-a-eu-50-ans\/#primaryimage","url":"https:\/\/news.canadamotorjobs.com\/wp-content\/uploads\/2024\/10\/volvo_244_1975_002.jpeg","contentUrl":"https:\/\/news.canadamotorjobs.com\/wp-content\/uploads\/2024\/10\/volvo_244_1975_002.jpeg","width":1200,"height":808},{"@type":"BreadcrumbList","@id":"https:\/\/news.canadamotorjobs.com\/fr\/la-volvo-240-a-eu-50-ans\/#breadcrumb","itemListElement":[{"@type":"ListItem","position":1,"name":"Home","item":"https:\/\/news.canadamotorjobs.com\/fr\/blog\/"},{"@type":"ListItem","position":2,"name":"La Volvo 240 a eu 50 ans"}]},{"@type":"WebSite","@id":"https:\/\/news.canadamotorjobs.com\/#website","url":"https:\/\/news.canadamotorjobs.com\/","name":"CanadaMotorJobs.com","description":"Automotive Jobs","publisher":{"@id":"https:\/\/news.canadamotorjobs.com\/#organization"},"potentialAction":[{"@type":"SearchAction","target":{"@type":"EntryPoint","urlTemplate":"https:\/\/news.canadamotorjobs.com\/?s={search_term_string}"},"query-input":"required name=search_term_string"}],"inLanguage":"fr-CA"},{"@type":"Organization","@id":"https:\/\/news.canadamotorjobs.com\/#organization","name":"Canada Motor Jobs","url":"https:\/\/news.canadamotorjobs.com\/","logo":{"@type":"ImageObject","inLanguage":"fr-CA","@id":"https:\/\/news.canadamotorjobs.com\/#\/schema\/logo\/image\/","url":"https:\/\/news.canadamotorjobs.com\/wp-content\/uploads\/2022\/10\/logo-canada-motor-jobs-1.png","contentUrl":"https:\/\/news.canadamotorjobs.com\/wp-content\/uploads\/2022\/10\/logo-canada-motor-jobs-1.png","width":800,"height":400,"caption":"Canada Motor Jobs"},"image":{"@id":"https:\/\/news.canadamotorjobs.com\/#\/schema\/logo\/image\/"},"sameAs":["https:\/\/www.facebook.com\/canadamotorjobs\/","https:\/\/x.com\/canadamotorjobs","https:\/\/www.instagram.com\/canadamotorjobs\/","https:\/\/www.linkedin.com\/company\/canadamotorjobs"]},{"@type":"Person","@id":"https:\/\/news.canadamotorjobs.com\/#\/schema\/person\/51793d1f87d44011d7bcc2ed99269a90","name":"Benoit Charette","image":{"@type":"ImageObject","inLanguage":"fr-CA","@id":"https:\/\/news.canadamotorjobs.com\/#\/schema\/person\/image\/","url":"https:\/\/secure.gravatar.com\/avatar\/45f3d2eebcccd909668d7ce7ea7267b6?s=96&d=mm&r=g","contentUrl":"https:\/\/secure.gravatar.com\/avatar\/45f3d2eebcccd909668d7ce7ea7267b6?s=96&d=mm&r=g","caption":"Benoit Charette"},"description":"Benoit Charette \/ Propri\u00e9taire et r\u00e9dacteur en chef Benoit Charette pratique le journalisme automobile depuis bient\u00f4t 30 ans. Il a fait ses classes au c\u00f4t\u00e9 de Daniel H\u00e9raud et au Carnet de route de 1992 \u00e0 2001. Il est fondateur, copropri\u00e9taire et r\u00e9dacteur en chef de L\u2019Annuel de l\u2019automobile, qu\u2019il publie depuis 2001. Il a anim\u00e9 les \u00e9missions RPM et RPM+ sur V et les L\u00e9gendes de la route sur Historia. \u00c0 la radio depuis 1986, il reprend l\u2019antenne cette ann\u00e9e sur les ondes de Cogeco et participe pour la deuxi\u00e8me ann\u00e9e \u00e0 l\u2019\u00e9mission Passion Auto sur RDS en plus de mettre en ligne le site Web officiel de L\u2019Annuel de l\u2019automobile sur annuelauto.ca.","sameAs":["https:\/\/annuelauto.ca\/"],"url":"https:\/\/news.canadamotorjobs.com\/fr\/author\/benoit-charette\/"}]}},"_links":{"self":[{"href":"https:\/\/news.canadamotorjobs.com\/fr\/wp-json\/wp\/v2\/posts\/175400"}],"collection":[{"href":"https:\/\/news.canadamotorjobs.com\/fr\/wp-json\/wp\/v2\/posts"}],"about":[{"href":"https:\/\/news.canadamotorjobs.com\/fr\/wp-json\/wp\/v2\/types\/post"}],"author":[{"embeddable":true,"href":"https:\/\/news.canadamotorjobs.com\/fr\/wp-json\/wp\/v2\/users\/8"}],"replies":[{"embeddable":true,"href":"https:\/\/news.canadamotorjobs.com\/fr\/wp-json\/wp\/v2\/comments?post=175400"}],"version-history":[{"count":3,"href":"https:\/\/news.canadamotorjobs.com\/fr\/wp-json\/wp\/v2\/posts\/175400\/revisions"}],"predecessor-version":[{"id":175427,"href":"https:\/\/news.canadamotorjobs.com\/fr\/wp-json\/wp\/v2\/posts\/175400\/revisions\/175427"}],"wp:featuredmedia":[{"embeddable":true,"href":"https:\/\/news.canadamotorjobs.com\/fr\/wp-json\/wp\/v2\/media\/175402"}],"wp:attachment":[{"href":"https:\/\/news.canadamotorjobs.com\/fr\/wp-json\/wp\/v2\/media?parent=175400"}],"wp:term":[{"taxonomy":"category","embeddable":true,"href":"https:\/\/news.canadamotorjobs.com\/fr\/wp-json\/wp\/v2\/categories?post=175400"},{"taxonomy":"post_tag","embeddable":true,"href":"https:\/\/news.canadamotorjobs.com\/fr\/wp-json\/wp\/v2\/tags?post=175400"}],"curies":[{"name":"wp","href":"https:\/\/api.w.org\/{rel}","templated":true}]}}