{"id":175344,"date":"2024-10-02T03:24:26","date_gmt":"2024-10-02T07:24:26","guid":{"rendered":"https:\/\/news.canadamotorjobs.com\/?p=175344"},"modified":"2024-10-02T03:29:44","modified_gmt":"2024-10-02T07:29:44","slug":"toyota-rappelle-50-000-corolla-cross-hybrides-en-raison-dun-probleme-avec-les-freins","status":"publish","type":"post","link":"https:\/\/news.canadamotorjobs.com\/fr\/toyota-rappelle-50-000-corolla-cross-hybrides-en-raison-dun-probleme-avec-les-freins\/","title":{"rendered":"Toyota rappelle 50\u2009000 Corolla Cross hybrides en raison d\u2019un probl\u00e8me avec les freins"},"content":{"rendered":"<\/p>\n<p>Toyota a proc\u00e9d\u00e9 il y a quelques jours au rappel d\u2019environ 50 000 unit\u00e9s de la version hybride de son VUS Corolla Cross. Les mod\u00e8les des ann\u00e9es 2023 et 2024 sont concern\u00e9s par la campagne.<\/p>\n<p>Le probl\u00e8me est reli\u00e9 au syst\u00e8me de freinage. Sur le site de Transports Canada, la situation est d\u00e9crite de la fa\u00e7on suivante : \u00ab Sur certains v\u00e9hicules, un probl\u00e8me de logiciel pourrait entra\u00eener un changement soudain de la sensation et de la course de la p\u00e9dale de frein lorsque le conducteur freine dans un virage. Cela pourrait r\u00e9duire temporairement la capacit\u00e9 de freinage. \u00bb<\/p>\n<p>\u00c9videmment, une capacit\u00e9 de freinage r\u00e9duite entra\u00eene un risque pour la s\u00e9curit\u00e9 en augmentant les distances.<\/p>\n<p>Concernant la sensation \u00e9voqu\u00e9e pour ce qui est de la course de la p\u00e9dale de frein, on explique que les conducteurs peuvent ressentir un durcissement de celle-ci.<\/p>\n<p>Le constructeur rappelle 50 000 v\u00e9hicules en Am\u00e9rique du Nord, dont 41 000 aux \u00c9tats-Unis. Au Canada, le nombre d\u2019unit\u00e9s concern\u00e9es est de 5585.<\/p>\n<p>Toyota va aviser les propri\u00e9taires par la poste et leur demander d\u2019amener leur v\u00e9hicule chez un concessionnaire pour faire mettre \u00e0 jour le logiciel du module de commande \u00e9lectronique du syst\u00e8me antid\u00e9rapage.<\/p>\n<p>Ce rappel s\u2019ajoute \u00e0 d\u2019autres ces derniers mois chez Toyota, dont le bilan de fiabilit\u00e9 n\u2019est pas aussi reluisant qu\u2019il l\u2019\u00e9tait, du moins si l\u2019on se fie \u00e0 ce qu\u2019on voit depuis deux ou trois ann\u00e9es.<\/p>\n<p><\/p>\n<figure><img decoding=\"async\" src=\"https:\/\/news.canadamotorjobs.com\/wp-content\/uploads\/2024\/10\/toyota-corolla-cross-hybride-2023_10-5.jpg\" alt=\"Toyota Corolla Cross hybride\" \/><figcaption>Toyota Corolla Cross hybride | Auto123.com<\/figcaption><\/figure>\n<p style=\"padding-top: 15px\">Contenu original de <a href=\"https:\/\/www.auto123.com\/fr\/actualites\/rappel-toyota-corolla-cross-hybride\/71893\/\">auto123<\/a>.<\/p>\n<p>Le texte <a rel=\"nofollow\" href=\"https:\/\/annuelauto.ca\/toyota-rappelle-50%e2%80%89000-corolla-cross-hybrides-en-raison-dun-probleme-avec-les-freins\/\">Toyota rappelle 50\u2009000 Corolla Cross hybrides en raison d\u2019un probl\u00e8me avec les freins<\/a> provient de <a rel=\"nofollow\" href=\"https:\/\/annuelauto.ca\">L&#8217;annuel de l&#8217;automobile &#8211; Actualit\u00e9 automobile<\/a><\/p>\n<p><\/p>\n","protected":false},"excerpt":{"rendered":"<p>Toyota a proc\u00e9d\u00e9 il y a quelques jours au rappel d\u2019environ 50 000 unit\u00e9s de la version hybride de son VUS Corolla Cross. Les mod\u00e8les des ann\u00e9es 2023 et 2024 sont concern\u00e9s par la campagne. Le probl\u00e8me est reli\u00e9 au syst\u00e8me de freinage. Sur le site de Transports Canada, la situation est d\u00e9crite de la [&hellip;]<\/p>\n","protected":false},"author":8,"featured_media":175346,"comment_status":"close","ping_status":"closed","sticky":false,"template":"","format":"standard","meta":{"_monsterinsights_skip_tracking":false,"_monsterinsights_sitenote_active":false,"_monsterinsights_sitenote_note":"","_monsterinsights_sitenote_category":0,"footnotes":""},"categories":[101],"tags":[],"yoast_head":"<!-- This site is optimized with the Yoast SEO plugin v23.2 - https:\/\/yoast.com\/wordpress\/plugins\/seo\/ -->\n<title>Toyota rappelle 50\u2009000 Corolla Cross hybrides en raison d\u2019un probl\u00e8me avec les freins - CanadaMotorJobs.com<\/title>\n<meta name=\"description\" content=\"Toyota rappelle 50\u2009000 Corolla Cross hybrides en raison d\u2019un probl\u00e8me avec les freins - Benoit Charette - Annuel automobile - CanadaMotorJobs.com.\" \/>\n<meta name=\"robots\" content=\"index, follow, max-snippet:-1, max-image-preview:large, max-video-preview:-1\" \/>\n<meta property=\"og:locale\" content=\"fr_CA\" \/>\n<meta property=\"og:type\" content=\"article\" \/>\n<meta property=\"og:title\" content=\"Toyota rappelle 50\u2009000 Corolla Cross hybrides en raison d\u2019un probl\u00e8me avec les freins - CanadaMotorJobs.com\" \/>\n<meta property=\"og:description\" content=\"Toyota rappelle 50\u2009000 Corolla Cross hybrides en raison d\u2019un probl\u00e8me avec les freins - Benoit Charette - Annuel automobile - CanadaMotorJobs.com.\" \/>\n<meta property=\"og:url\" content=\"https:\/\/news.canadamotorjobs.com\/fr\/toyota-rappelle-50-000-corolla-cross-hybrides-en-raison-dun-probleme-avec-les-freins\/\" \/>\n<meta property=\"og:site_name\" content=\"CanadaMotorJobs.com\" \/>\n<meta property=\"article:publisher\" content=\"https:\/\/www.facebook.com\/canadamotorjobs\/\" \/>\n<meta property=\"article:published_time\" content=\"2024-10-02T07:24:26+00:00\" \/>\n<meta property=\"article:modified_time\" content=\"2024-10-02T07:29:44+00:00\" \/>\n<meta property=\"og:image\" content=\"https:\/\/news.canadamotorjobs.com\/wp-content\/uploads\/2024\/10\/toyota-corolla-cross-hybride-2023_10.jpg\" \/>\n\t<meta property=\"og:image:width\" content=\"1200\" \/>\n\t<meta property=\"og:image:height\" content=\"800\" \/>\n\t<meta property=\"og:image:type\" content=\"image\/jpeg\" \/>\n<meta name=\"author\" content=\"Benoit Charette\" \/>\n<meta name=\"twitter:card\" content=\"summary_large_image\" \/>\n<meta name=\"twitter:creator\" content=\"@canadamotorjobs\" \/>\n<meta name=\"twitter:site\" content=\"@canadamotorjobs\" \/>\n<meta name=\"twitter:label1\" content=\"\u00c9crit par\" \/>\n\t<meta name=\"twitter:data1\" content=\"Benoit Charette\" \/>\n\t<meta name=\"twitter:label2\" content=\"Estimation du temps de lecture\" \/>\n\t<meta name=\"twitter:data2\" content=\"1 minute\" \/>\n<!-- \/ Yoast SEO plugin. -->","yoast_head_json":{"title":"Toyota rappelle 50\u2009000 Corolla Cross hybrides en raison d\u2019un probl\u00e8me avec les freins - CanadaMotorJobs.com","description":"Toyota rappelle 50\u2009000 Corolla Cross hybrides en raison d\u2019un probl\u00e8me avec les freins - Benoit Charette - Annuel automobile - CanadaMotorJobs.com.","robots":{"index":"index","follow":"follow","max-snippet":"max-snippet:-1","max-image-preview":"max-image-preview:large","max-video-preview":"max-video-preview:-1"},"og_locale":"fr_CA","og_type":"article","og_title":"Toyota rappelle 50\u2009000 Corolla Cross hybrides en raison d\u2019un probl\u00e8me avec les freins - CanadaMotorJobs.com","og_description":"Toyota rappelle 50\u2009000 Corolla Cross hybrides en raison d\u2019un probl\u00e8me avec les freins - Benoit Charette - Annuel automobile - CanadaMotorJobs.com.","og_url":"https:\/\/news.canadamotorjobs.com\/fr\/toyota-rappelle-50-000-corolla-cross-hybrides-en-raison-dun-probleme-avec-les-freins\/","og_site_name":"CanadaMotorJobs.com","article_publisher":"https:\/\/www.facebook.com\/canadamotorjobs\/","article_published_time":"2024-10-02T07:24:26+00:00","article_modified_time":"2024-10-02T07:29:44+00:00","og_image":[{"width":1200,"height":800,"url":"https:\/\/news.canadamotorjobs.com\/wp-content\/uploads\/2024\/10\/toyota-corolla-cross-hybride-2023_10.jpg","type":"image\/jpeg"}],"author":"Benoit Charette","twitter_card":"summary_large_image","twitter_creator":"@canadamotorjobs","twitter_site":"@canadamotorjobs","twitter_misc":{"\u00c9crit par":"Benoit Charette","Estimation du temps de lecture":"1 minute"},"schema":{"@context":"https:\/\/schema.org","@graph":[{"@type":"Article","@id":"https:\/\/news.canadamotorjobs.com\/fr\/toyota-rappelle-50-000-corolla-cross-hybrides-en-raison-dun-probleme-avec-les-freins\/#article","isPartOf":{"@id":"https:\/\/news.canadamotorjobs.com\/fr\/toyota-rappelle-50-000-corolla-cross-hybrides-en-raison-dun-probleme-avec-les-freins\/"},"author":{"name":"Benoit Charette","@id":"https:\/\/news.canadamotorjobs.com\/#\/schema\/person\/51793d1f87d44011d7bcc2ed99269a90"},"headline":"Toyota rappelle 50\u2009000 Corolla Cross hybrides en raison d\u2019un probl\u00e8me avec les freins","datePublished":"2024-10-02T07:24:26+00:00","dateModified":"2024-10-02T07:29:44+00:00","mainEntityOfPage":{"@id":"https:\/\/news.canadamotorjobs.com\/fr\/toyota-rappelle-50-000-corolla-cross-hybrides-en-raison-dun-probleme-avec-les-freins\/"},"wordCount":307,"publisher":{"@id":"https:\/\/news.canadamotorjobs.com\/#organization"},"image":{"@id":"https:\/\/news.canadamotorjobs.com\/fr\/toyota-rappelle-50-000-corolla-cross-hybrides-en-raison-dun-probleme-avec-les-freins\/#primaryimage"},"thumbnailUrl":"https:\/\/news.canadamotorjobs.com\/wp-content\/uploads\/2024\/10\/toyota-corolla-cross-hybride-2023_10.jpg","articleSection":["Annuel automobile"],"inLanguage":"fr-CA"},{"@type":"WebPage","@id":"https:\/\/news.canadamotorjobs.com\/fr\/toyota-rappelle-50-000-corolla-cross-hybrides-en-raison-dun-probleme-avec-les-freins\/","url":"https:\/\/news.canadamotorjobs.com\/fr\/toyota-rappelle-50-000-corolla-cross-hybrides-en-raison-dun-probleme-avec-les-freins\/","name":"Toyota rappelle 50\u2009000 Corolla Cross hybrides en raison d\u2019un probl\u00e8me avec les freins - CanadaMotorJobs.com","isPartOf":{"@id":"https:\/\/news.canadamotorjobs.com\/#website"},"primaryImageOfPage":{"@id":"https:\/\/news.canadamotorjobs.com\/fr\/toyota-rappelle-50-000-corolla-cross-hybrides-en-raison-dun-probleme-avec-les-freins\/#primaryimage"},"image":{"@id":"https:\/\/news.canadamotorjobs.com\/fr\/toyota-rappelle-50-000-corolla-cross-hybrides-en-raison-dun-probleme-avec-les-freins\/#primaryimage"},"thumbnailUrl":"https:\/\/news.canadamotorjobs.com\/wp-content\/uploads\/2024\/10\/toyota-corolla-cross-hybride-2023_10.jpg","datePublished":"2024-10-02T07:24:26+00:00","dateModified":"2024-10-02T07:29:44+00:00","description":"Toyota rappelle 50\u2009000 Corolla Cross hybrides en raison d\u2019un probl\u00e8me avec les freins - Benoit Charette - Annuel automobile - CanadaMotorJobs.com.","breadcrumb":{"@id":"https:\/\/news.canadamotorjobs.com\/fr\/toyota-rappelle-50-000-corolla-cross-hybrides-en-raison-dun-probleme-avec-les-freins\/#breadcrumb"},"inLanguage":"fr-CA","potentialAction":[{"@type":"ReadAction","target":["https:\/\/news.canadamotorjobs.com\/fr\/toyota-rappelle-50-000-corolla-cross-hybrides-en-raison-dun-probleme-avec-les-freins\/"]}]},{"@type":"ImageObject","inLanguage":"fr-CA","@id":"https:\/\/news.canadamotorjobs.com\/fr\/toyota-rappelle-50-000-corolla-cross-hybrides-en-raison-dun-probleme-avec-les-freins\/#primaryimage","url":"https:\/\/news.canadamotorjobs.com\/wp-content\/uploads\/2024\/10\/toyota-corolla-cross-hybride-2023_10.jpg","contentUrl":"https:\/\/news.canadamotorjobs.com\/wp-content\/uploads\/2024\/10\/toyota-corolla-cross-hybride-2023_10.jpg","width":1200,"height":800},{"@type":"BreadcrumbList","@id":"https:\/\/news.canadamotorjobs.com\/fr\/toyota-rappelle-50-000-corolla-cross-hybrides-en-raison-dun-probleme-avec-les-freins\/#breadcrumb","itemListElement":[{"@type":"ListItem","position":1,"name":"Home","item":"https:\/\/news.canadamotorjobs.com\/fr\/blog\/"},{"@type":"ListItem","position":2,"name":"Toyota rappelle 50\u2009000 Corolla Cross hybrides en raison d\u2019un probl\u00e8me avec les freins"}]},{"@type":"WebSite","@id":"https:\/\/news.canadamotorjobs.com\/#website","url":"https:\/\/news.canadamotorjobs.com\/","name":"CanadaMotorJobs.com","description":"Automotive Jobs","publisher":{"@id":"https:\/\/news.canadamotorjobs.com\/#organization"},"potentialAction":[{"@type":"SearchAction","target":{"@type":"EntryPoint","urlTemplate":"https:\/\/news.canadamotorjobs.com\/?s={search_term_string}"},"query-input":"required name=search_term_string"}],"inLanguage":"fr-CA"},{"@type":"Organization","@id":"https:\/\/news.canadamotorjobs.com\/#organization","name":"Canada Motor Jobs","url":"https:\/\/news.canadamotorjobs.com\/","logo":{"@type":"ImageObject","inLanguage":"fr-CA","@id":"https:\/\/news.canadamotorjobs.com\/#\/schema\/logo\/image\/","url":"https:\/\/news.canadamotorjobs.com\/wp-content\/uploads\/2022\/10\/logo-canada-motor-jobs-1.png","contentUrl":"https:\/\/news.canadamotorjobs.com\/wp-content\/uploads\/2022\/10\/logo-canada-motor-jobs-1.png","width":800,"height":400,"caption":"Canada Motor Jobs"},"image":{"@id":"https:\/\/news.canadamotorjobs.com\/#\/schema\/logo\/image\/"},"sameAs":["https:\/\/www.facebook.com\/canadamotorjobs\/","https:\/\/x.com\/canadamotorjobs","https:\/\/www.instagram.com\/canadamotorjobs\/","https:\/\/www.linkedin.com\/company\/canadamotorjobs"]},{"@type":"Person","@id":"https:\/\/news.canadamotorjobs.com\/#\/schema\/person\/51793d1f87d44011d7bcc2ed99269a90","name":"Benoit Charette","image":{"@type":"ImageObject","inLanguage":"fr-CA","@id":"https:\/\/news.canadamotorjobs.com\/#\/schema\/person\/image\/","url":"https:\/\/secure.gravatar.com\/avatar\/45f3d2eebcccd909668d7ce7ea7267b6?s=96&d=mm&r=g","contentUrl":"https:\/\/secure.gravatar.com\/avatar\/45f3d2eebcccd909668d7ce7ea7267b6?s=96&d=mm&r=g","caption":"Benoit Charette"},"description":"Benoit Charette \/ Propri\u00e9taire et r\u00e9dacteur en chef Benoit Charette pratique le journalisme automobile depuis bient\u00f4t 30 ans. Il a fait ses classes au c\u00f4t\u00e9 de Daniel H\u00e9raud et au Carnet de route de 1992 \u00e0 2001. Il est fondateur, copropri\u00e9taire et r\u00e9dacteur en chef de L\u2019Annuel de l\u2019automobile, qu\u2019il publie depuis 2001. Il a anim\u00e9 les \u00e9missions RPM et RPM+ sur V et les L\u00e9gendes de la route sur Historia. \u00c0 la radio depuis 1986, il reprend l\u2019antenne cette ann\u00e9e sur les ondes de Cogeco et participe pour la deuxi\u00e8me ann\u00e9e \u00e0 l\u2019\u00e9mission Passion Auto sur RDS en plus de mettre en ligne le site Web officiel de L\u2019Annuel de l\u2019automobile sur annuelauto.ca.","sameAs":["https:\/\/annuelauto.ca\/"],"url":"https:\/\/news.canadamotorjobs.com\/fr\/author\/benoit-charette\/"}]}},"_links":{"self":[{"href":"https:\/\/news.canadamotorjobs.com\/fr\/wp-json\/wp\/v2\/posts\/175344"}],"collection":[{"href":"https:\/\/news.canadamotorjobs.com\/fr\/wp-json\/wp\/v2\/posts"}],"about":[{"href":"https:\/\/news.canadamotorjobs.com\/fr\/wp-json\/wp\/v2\/types\/post"}],"author":[{"embeddable":true,"href":"https:\/\/news.canadamotorjobs.com\/fr\/wp-json\/wp\/v2\/users\/8"}],"replies":[{"embeddable":true,"href":"https:\/\/news.canadamotorjobs.com\/fr\/wp-json\/wp\/v2\/comments?post=175344"}],"version-history":[{"count":3,"href":"https:\/\/news.canadamotorjobs.com\/fr\/wp-json\/wp\/v2\/posts\/175344\/revisions"}],"predecessor-version":[{"id":175371,"href":"https:\/\/news.canadamotorjobs.com\/fr\/wp-json\/wp\/v2\/posts\/175344\/revisions\/175371"}],"wp:featuredmedia":[{"embeddable":true,"href":"https:\/\/news.canadamotorjobs.com\/fr\/wp-json\/wp\/v2\/media\/175346"}],"wp:attachment":[{"href":"https:\/\/news.canadamotorjobs.com\/fr\/wp-json\/wp\/v2\/media?parent=175344"}],"wp:term":[{"taxonomy":"category","embeddable":true,"href":"https:\/\/news.canadamotorjobs.com\/fr\/wp-json\/wp\/v2\/categories?post=175344"},{"taxonomy":"post_tag","embeddable":true,"href":"https:\/\/news.canadamotorjobs.com\/fr\/wp-json\/wp\/v2\/tags?post=175344"}],"curies":[{"name":"wp","href":"https:\/\/api.w.org\/{rel}","templated":true}]}}